{"id":764,"date":"2009-06-08T16:22:57","date_gmt":"2009-06-08T13:22:57","guid":{"rendered":"https:\/\/suomenkuvalehti.fi\/americana\/amerikka-vastasi-lamaan-obamalla-suomi-timo-soinilla\/"},"modified":"2013-11-30T16:23:01","modified_gmt":"2013-11-30T14:23:01","slug":"amerikka-vastasi-lamaan-obamalla-suomi-timo-soinilla","status":"publish","type":"post","link":"https:\/\/suomenkuvalehti.fi\/americana\/amerikka-vastasi-lamaan-obamalla-suomi-timo-soinilla\/","title":{"rendered":"Amerikka vastasi lamaan Obamalla, Suomi Timo Soinilla"},"content":{"rendered":"\n<p>Vasemmiston veret seisahtuivat eilen ymp\u00e4ri Eurooppaa. My\u00f6s Yhdysvalloista katsottuna eurovaalien tulokset h\u00e4tk\u00e4hdyttiv\u00e4t. Amerikkalaiset k\u00e4\u00e4ntyiv\u00e4t viime vaaleissa tuntuvasti vasemmalle, mutta Eurooppa n\u00e4ytt\u00e4\u00e4 olevan oikeistolaistumassa. Mit\u00e4 tapahtuu todella?<\/p>\n\n\n\n<p>Kun Yhdysvallat vajosi lamaan, amerikkalaiset aloittivat nopeasti kiihtyv\u00e4n poliittisen marssin vasemmalle. Marraskuussa he \u00e4\u00e4nestiv\u00e4t afroamerikkalaisen demokraatin presidentiksi ja demokraatit valtaan niin edustajainhuoneessa kuin senaatissakin.<\/p>\n\n\n\n<p>Sama taantuma on kurittanut my\u00f6s Eurooppaa. Lis\u00e4ksi tulojaot ovat kasvaneet jo vuosia, hyvinvointiyhteiskuntaa on karsittu, ja keskustelu p\u00e4tk\u00e4ty\u00f6l\u00e4isist\u00e4 v\u00e4ritt\u00e4\u00e4 ty\u00f6markkinakeskustelua. Siit\u00e4 huolimatta suomalaiset, ja laajemmin eurooppalaiset, hylk\u00e4siv\u00e4t perinteisen vasemmiston.<\/p>\n\n\n\n<p>Mit\u00e4 ihmett\u00e4? Miksi laman iskiess\u00e4 amerikkalais\u00e4\u00e4nest\u00e4j\u00e4t k\u00e4\u00e4ntyiv\u00e4t vasemmalle, ja suomalaiset hylk\u00e4siv\u00e4t eilen vasemmiston sankoin parvin?<\/p>\n\n\n\n<p><strong>1. Puolueiden erot<\/strong><\/p>\n\n\n\n<p>Amerikkalainen Demokraattinen puolue eroaa luonteeltaan esimerkiksi suomalaisesta vanhasta vasemmistosta.<\/p>\n\n\n\n<p>Demokraatit ovat jakautuneet moniin siipiin. Puolueen vasemmistolainen &#8221;kampus-siipi&#8221; on kiinnostunut identiteettipolitiikasta (seksuaalisten- ja etnisten v\u00e4hemmist\u00f6jen asiat) sek\u00e4 ymp\u00e4rist\u00f6politiikasta, vastaten osittain suomalaisia vihreit\u00e4. Perinteinen ay-siipi on keskittynyt tulonjaon kaltaisiin peruskysymyksiin, suomalaisten vanhan liiton&nbsp;sosdemien tapaan.&nbsp;Demokraattien valtionhoitaja-siipi on kuin sekoitus Lippos-Niinist\u00f6m\u00e4ist\u00e4 maltillista demari-kokoomuslaisakselia.<\/p>\n\n\n\n<p>Demokraattinen puolue muodostaa siis suomalaisittain sek\u00e4 uuden- ett\u00e4 vanhan vasemmiston. Puolueen teltta on isompi, kiitos kaksipuoluej\u00e4rjestelm\u00e4n, ja se on viime vuosina kyennyt pit\u00e4m\u00e4\u00e4n hajanaisen koalitionsa yll\u00e4tt\u00e4v\u00e4n hyvin kasassa. Se ker\u00e4si viime vaaleissa menestyksekk\u00e4\u00e4sti koko &#8221;vasemmiston&#8221; \u00e4\u00e4net.<\/p>\n\n\n\n<p><strong>2. Eurooppalainen vasemmisto ei osaa kampanjoida<\/strong><\/p>\n\n\n\n<p>Ideatasolla suomalainen ja laajemminkin eurooppalainen vanha vasemmisto n\u00e4ytt\u00e4\u00e4 olevan t\u00e4ysin kaffella. Viime vaalikampanjoissa suomalainen vasemmisto on jumiutunut 1970-luvun poteroihin. Itsetehdyn vaurauden, nopean sosiaalisen liikkuvuuden, sek\u00e4 j\u00e4lkiteollisen yhteiskunnan aikakaudella mainokset m\u00e4ss\u00e4ilevist\u00e4 porvareista edustavat vanhentunutta kahtiajaon politiikkaa.<\/p>\n\n\n\n<p>Yhdysvalloissa demokraatit voittivat painottamalla kansallista yhten\u00e4isyytt\u00e4. Varsinkin <strong>Sarah Palinin<\/strong> puhuessa &#8221;oikeasta&#8221; Amerikasta maaseudun valkoisille kuulijoilleen, <strong>Obama<\/strong> ja demokraatit painottivat muutosta ja uutta solidaarisuutta kaikkien amerikkalaisten v\u00e4lill\u00e4. Obaman oma poliittinen nousu alkoi vuoden 2004 &#8221;there is no red America, there is no blue America &#8211; there is the United States of America&#8221; -puheella.<\/p>\n\n\n\n<p><strong>3. Erilaiset l\u00e4ht\u00f6tilanteet<\/strong><\/p>\n\n\n\n<p>Yhdysvalloissa s\u00e4\u00e4nn\u00f6stelyn purku ja korporaatioiden valtaoikeudet ovat paljon Eurooppaa mittavammat. Vaikka tuloerot ovat kasvaneet ja s\u00e4\u00e4nn\u00f6stely\u00e4 on ajoittain purettu, eurooppalainen kapitalismin s\u00e4\u00e4nn\u00f6stely n\u00e4ytt\u00e4\u00e4 silti amerikkalaista toimivammalta.<\/p>\n\n\n\n<p>Yhdysvallat aloitti niin kaukaa oikealta, ett\u00e4 konservatiiveina itse\u00e4\u00e4n pit\u00e4v\u00e4t maltilliset riippumattomat pystyiv\u00e4t huoletta \u00e4\u00e4nest\u00e4m\u00e4\u00e4n demokraatteja. Finanssimarkkinoiden skandaalit, huijaukset, sek\u00e4 s\u00e4\u00e4nn\u00f6stelyn ja valvonnan puute melkein kamppasivat kapitalismin.<\/p>\n\n\n\n<p>Amerikkalaiset \u00e4\u00e4nestiv\u00e4t demokraatteja uskoen heid\u00e4n kykenev\u00e4n pelastamaan kapitalismin itselt\u00e4\u00e4n. Euroopassa ei vastaavankaltaista tarvetta ilmene. Vanhan vasemmiston v\u00e4syneet sloganit eiv\u00e4t kiinnosta mantereen riippumattomia, puoliaktiivisia \u00e4\u00e4nest\u00e4ji\u00e4.<\/p>\n\n\n\n<p><strong>4. Karisma ja sen puute<\/strong><\/p>\n\n\n\n<p>Barack Obama on karismaattisin amerikkalainen politiikko miesmuistiin. My\u00f6s <strong>Timo Soini<\/strong> on ter\u00e4v\u00e4 ja kiinnostava mediahahmo. Miss\u00e4 on suomalaisen vasemmiston s\u00e4v\u00e4ytt\u00e4v\u00e4 uusi sukupolvi? Demarien koneisto n\u00e4ytt\u00e4\u00e4 tekev\u00e4n ehdokkaistaan demarimaisen tasap\u00e4isi\u00e4, klassisia &#8221;lagom \u00e4r b\u00e4st&#8221; -politiikkoja. Mannertenv\u00e4lisess\u00e4 vertailussa amerikkalainen vasemmisto on selv\u00e4sti paremmissa johtaja-asemissa.<\/p>\n\n\n\n<p>Yhdysvallat on t\u00e4ll\u00e4 hetkell\u00e4 siirtym\u00e4ss\u00e4 vasemmalle ja Eurooppa oikealle, mutta politiikassa kaikki muuttuu nopeasti. Viela viisi vuotta sitten republikaanit ja monet amerikkalaiset tarkkailijat puhuivat pysyv\u00e4st\u00e4 republikaanisesta enemmist\u00f6st\u00e4, mutta miten siin\u00e4 k\u00e4vik\u00e4\u00e4n?<\/p>\n\n\n\n<p>Eurooppalaisen vasemmiston kannattaa tehd\u00e4 opintomatka Yhdysvaltoihin. Ehk\u00e4 ensimm\u00e4ist\u00e4 kertaa sitten <em>New Dealin<\/em> heill\u00e4 olisi reilusti opittavaa uuden maailman kollegoiltaan.<\/p>\n\n\n\n<p><em>Soundtrack: The Who, Won&#8217;t Get Fooled Again.<\/em><\/p>\n\n\n","protected":false},"excerpt":{"rendered":"<p>Vasemmiston veret seisahtuivat eilen ymp\u00e4ri Eurooppaa. My\u00f6s Yhdysvalloista katsottuna eurovaalien tulokset h\u00e4tk\u00e4hdyttiv\u00e4t. Amerikkalaiset k\u00e4\u00e4ntyiv\u00e4t viime vaaleissa tuntuvasti vasemmalle, mutta Eurooppa n\u00e4ytt\u00e4\u00e4 olevan oikeistolaistumassa. Mit\u00e4 tapahtuu todella? Kun<br \/>\nYhdysvallat&hellip;<\/p>\n","protected":false},"author":158,"featured_media":0,"comment_status":"open","ping_status":"open","sticky":false,"template":"","format":"standard","meta":{"_acf_changed":false,"asauth_required_access_level":0,"asauth_cansharepaid":"","om_header_attributes":[],"footnotes":"","om_featured_image_focal_point":[],"om_primary_tag":0,"om_contributors":[],"om_co_authors":[],"beyondwords_generate_audio":"","beyondwords_project_id":"","beyondwords_content_id":"","beyondwords_preview_token":"","beyondwords_player_content":"","beyondwords_player_style":"","beyondwords_language_code":"","beyondwords_language_id":"","beyondwords_title_voice_id":"","beyondwords_body_voice_id":"","beyondwords_summary_voice_id":"","beyondwords_error_message":"","beyondwords_disabled":"","beyondwords_delete_content":"","beyondwords_podcast_id":"","beyondwords_hash":"","publish_post_to_speechkit":"","speechkit_hash":"","speechkit_generate_audio":"","speechkit_project_id":"","speechkit_podcast_id":"","speechkit_error_message":"","speechkit_disabled":"","speechkit_access_key":"","speechkit_error":"","speechkit_info":"","speechkit_response":"","speechkit_retries":"","speechkit_status":"","speechkit_updated_at":"","_speechkit_link":"","_speechkit_text":""},"categories":[1],"tags":[36,1044,1399,914,24],"class_list":["post-764","post","type-post","status-publish","format-standard","hentry","category-americana","tag-barack-obama","tag-demokraattinen-puolue","tag-eurovaalit","tag-timo-soini","tag-yhdysvallat"],"om_views":null,"acf":{"tuuma_off":false,"tuuma_kysymys":"","tuuma_vastaus":""},"asauth":{"required_access_level":1,"share_token":"","is_paid":false},"yoast_head":"<!-- This site is optimized with the Yoast SEO plugin v26.4 - https:\/\/yoast.com\/wordpress\/plugins\/seo\/ -->\n<title>Amerikka vastasi lamaan Obamalla, Suomi Timo Soinilla - Americana<\/title>\n<meta name=\"robots\" content=\"noindex, follow\" \/>\n<meta property=\"og:locale\" content=\"fi_FI\" \/>\n<meta property=\"og:type\" content=\"article\" \/>\n<meta property=\"og:title\" content=\"Amerikka vastasi lamaan Obamalla, Suomi Timo Soinilla - Americana\" \/>\n<meta property=\"og:description\" content=\"Vasemmiston veret seisahtuivat eilen ymp\u00e4ri Eurooppaa. My\u00f6s Yhdysvalloista katsottuna eurovaalien tulokset h\u00e4tk\u00e4hdyttiv\u00e4t. Amerikkalaiset k\u00e4\u00e4ntyiv\u00e4t viime vaaleissa tuntuvasti vasemmalle, mutta Eurooppa n\u00e4ytt\u00e4\u00e4 olevan oikeistolaistumassa. Mit\u00e4 tapahtuu todella? Kun Yhdysvallat&hellip;\" \/>\n<meta property=\"og:url\" content=\"https:\/\/suomenkuvalehti.fi\/americana\/amerikka-vastasi-lamaan-obamalla-suomi-timo-soinilla\/\" \/>\n<meta property=\"og:site_name\" content=\"Americana\" \/>\n<meta property=\"article:published_time\" content=\"2009-06-08T13:22:57+00:00\" \/>\n<meta property=\"article:modified_time\" content=\"2013-11-30T14:23:01+00:00\" \/>\n<meta property=\"og:image\" content=\"https:\/\/suomenkuvalehti.fi\/americana\/wp-content\/uploads\/sites\/10\/2022\/04\/americana_maunula-scaled.jpg\" \/>\n\t<meta property=\"og:image:width\" content=\"2560\" \/>\n\t<meta property=\"og:image:height\" content=\"1706\" \/>\n\t<meta property=\"og:image:type\" content=\"image\/jpeg\" \/>\n<meta name=\"author\" content=\"Marko Maunula\" \/>\n<meta name=\"twitter:card\" content=\"summary_large_image\" \/>\n<meta name=\"twitter:label1\" content=\"Written by\" \/>\n\t<meta name=\"twitter:data1\" content=\"Marko Maunula\" \/>\n\t<meta name=\"twitter:label2\" content=\"Est. reading time\" \/>\n\t<meta name=\"twitter:data2\" content=\"3 minuuttia\" \/>\n<script type=\"application\/ld+json\" class=\"yoast-schema-graph\">{\"@context\":\"https:\/\/schema.org\",\"@graph\":[{\"@type\":\"WebPage\",\"@id\":\"https:\/\/suomenkuvalehti.fi\/americana\/amerikka-vastasi-lamaan-obamalla-suomi-timo-soinilla\/\",\"url\":\"https:\/\/suomenkuvalehti.fi\/americana\/amerikka-vastasi-lamaan-obamalla-suomi-timo-soinilla\/\",\"name\":\"Amerikka vastasi lamaan Obamalla, Suomi Timo Soinilla - Americana\",\"isPartOf\":{\"@id\":\"https:\/\/suomenkuvalehti.fi\/americana\/#website\"},\"datePublished\":\"2009-06-08T13:22:57+00:00\",\"dateModified\":\"2013-11-30T14:23:01+00:00\",\"author\":{\"@id\":\"https:\/\/suomenkuvalehti.fi\/americana\/#\/schema\/person\/12d514491cb37506bc39c8e10176c3ec\"},\"breadcrumb\":{\"@id\":\"https:\/\/suomenkuvalehti.fi\/americana\/amerikka-vastasi-lamaan-obamalla-suomi-timo-soinilla\/#breadcrumb\"},\"inLanguage\":\"fi\",\"potentialAction\":[{\"@type\":\"ReadAction\",\"target\":[\"https:\/\/suomenkuvalehti.fi\/americana\/amerikka-vastasi-lamaan-obamalla-suomi-timo-soinilla\/\"]}]},{\"@type\":\"BreadcrumbList\",\"@id\":\"https:\/\/suomenkuvalehti.fi\/americana\/amerikka-vastasi-lamaan-obamalla-suomi-timo-soinilla\/#breadcrumb\",\"itemListElement\":[{\"@type\":\"ListItem\",\"position\":1,\"name\":\"Home\",\"item\":\"https:\/\/suomenkuvalehti.fi\/americana\/\"},{\"@type\":\"ListItem\",\"position\":2,\"name\":\"Amerikka vastasi lamaan Obamalla, Suomi Timo Soinilla\"}]},{\"@type\":\"WebSite\",\"@id\":\"https:\/\/suomenkuvalehti.fi\/americana\/#website\",\"url\":\"https:\/\/suomenkuvalehti.fi\/americana\/\",\"name\":\"Americana\",\"description\":\"Professori Marko Maunula seuraa USA:n politiikkaa ja populaarikulttuuria\",\"potentialAction\":[{\"@type\":\"SearchAction\",\"target\":{\"@type\":\"EntryPoint\",\"urlTemplate\":\"https:\/\/suomenkuvalehti.fi\/haku\/?q={search_term_string}\"},\"query-input\":{\"@type\":\"PropertyValueSpecification\",\"valueRequired\":true,\"valueName\":\"search_term_string\"}}],\"inLanguage\":\"fi\"},{\"@type\":\"Person\",\"@id\":\"https:\/\/suomenkuvalehti.fi\/americana\/#\/schema\/person\/12d514491cb37506bc39c8e10176c3ec\",\"name\":\"Marko Maunula\",\"image\":{\"@type\":\"ImageObject\",\"inLanguage\":\"fi\",\"@id\":\"https:\/\/suomenkuvalehti.fi\/americana\/#\/schema\/person\/image\/\",\"url\":\"https:\/\/suomenkuvalehti.fi\/americana\/wp-content\/uploads\/sites\/10\/2022\/04\/americana_maunula-150x150.jpg\",\"contentUrl\":\"https:\/\/suomenkuvalehti.fi\/americana\/wp-content\/uploads\/sites\/10\/2022\/04\/americana_maunula-150x150.jpg\",\"caption\":\"Marko Maunula\"},\"description\":\"Kirjoittaja on Yhdysvaltain historian professori Atlantassa.\"}]}<\/script>\n<!-- \/ Yoast SEO plugin. -->","yoast_head_json":{"title":"Amerikka vastasi lamaan Obamalla, Suomi Timo Soinilla - Americana","robots":{"index":"noindex","follow":"follow"},"og_locale":"fi_FI","og_type":"article","og_title":"Amerikka vastasi lamaan Obamalla, Suomi Timo Soinilla - Americana","og_description":"Vasemmiston veret seisahtuivat eilen ymp\u00e4ri Eurooppaa. My\u00f6s Yhdysvalloista katsottuna eurovaalien tulokset h\u00e4tk\u00e4hdyttiv\u00e4t. Amerikkalaiset k\u00e4\u00e4ntyiv\u00e4t viime vaaleissa tuntuvasti vasemmalle, mutta Eurooppa n\u00e4ytt\u00e4\u00e4 olevan oikeistolaistumassa. Mit\u00e4 tapahtuu todella? Kun Yhdysvallat&hellip;","og_url":"https:\/\/suomenkuvalehti.fi\/americana\/amerikka-vastasi-lamaan-obamalla-suomi-timo-soinilla\/","og_site_name":"Americana","article_published_time":"2009-06-08T13:22:57+00:00","article_modified_time":"2013-11-30T14:23:01+00:00","og_image":[{"width":2560,"height":1706,"url":"https:\/\/suomenkuvalehti.fi\/americana\/wp-content\/uploads\/sites\/10\/2022\/04\/americana_maunula-scaled.jpg","type":"image\/jpeg"}],"author":"Marko Maunula","twitter_card":"summary_large_image","twitter_misc":{"Written by":"Marko Maunula","Est. reading time":"3 minuuttia"},"schema":{"@context":"https:\/\/schema.org","@graph":[{"@type":"WebPage","@id":"https:\/\/suomenkuvalehti.fi\/americana\/amerikka-vastasi-lamaan-obamalla-suomi-timo-soinilla\/","url":"https:\/\/suomenkuvalehti.fi\/americana\/amerikka-vastasi-lamaan-obamalla-suomi-timo-soinilla\/","name":"Amerikka vastasi lamaan Obamalla, Suomi Timo Soinilla - Americana","isPartOf":{"@id":"https:\/\/suomenkuvalehti.fi\/americana\/#website"},"datePublished":"2009-06-08T13:22:57+00:00","dateModified":"2013-11-30T14:23:01+00:00","author":{"@id":"https:\/\/suomenkuvalehti.fi\/americana\/#\/schema\/person\/12d514491cb37506bc39c8e10176c3ec"},"breadcrumb":{"@id":"https:\/\/suomenkuvalehti.fi\/americana\/amerikka-vastasi-lamaan-obamalla-suomi-timo-soinilla\/#breadcrumb"},"inLanguage":"fi","potentialAction":[{"@type":"ReadAction","target":["https:\/\/suomenkuvalehti.fi\/americana\/amerikka-vastasi-lamaan-obamalla-suomi-timo-soinilla\/"]}]},{"@type":"BreadcrumbList","@id":"https:\/\/suomenkuvalehti.fi\/americana\/amerikka-vastasi-lamaan-obamalla-suomi-timo-soinilla\/#breadcrumb","itemListElement":[{"@type":"ListItem","position":1,"name":"Home","item":"https:\/\/suomenkuvalehti.fi\/americana\/"},{"@type":"ListItem","position":2,"name":"Amerikka vastasi lamaan Obamalla, Suomi Timo Soinilla"}]},{"@type":"WebSite","@id":"https:\/\/suomenkuvalehti.fi\/americana\/#website","url":"https:\/\/suomenkuvalehti.fi\/americana\/","name":"Americana","description":"Professori Marko Maunula seuraa USA:n politiikkaa ja populaarikulttuuria","potentialAction":[{"@type":"SearchAction","target":{"@type":"EntryPoint","urlTemplate":"https:\/\/suomenkuvalehti.fi\/haku\/?q={search_term_string}"},"query-input":{"@type":"PropertyValueSpecification","valueRequired":true,"valueName":"search_term_string"}}],"inLanguage":"fi"},{"@type":"Person","@id":"https:\/\/suomenkuvalehti.fi\/americana\/#\/schema\/person\/12d514491cb37506bc39c8e10176c3ec","name":"Marko Maunula","image":{"@type":"ImageObject","inLanguage":"fi","@id":"https:\/\/suomenkuvalehti.fi\/americana\/#\/schema\/person\/image\/","url":"https:\/\/suomenkuvalehti.fi\/americana\/wp-content\/uploads\/sites\/10\/2022\/04\/americana_maunula-150x150.jpg","contentUrl":"https:\/\/suomenkuvalehti.fi\/americana\/wp-content\/uploads\/sites\/10\/2022\/04\/americana_maunula-150x150.jpg","caption":"Marko Maunula"},"description":"Kirjoittaja on Yhdysvaltain historian professori Atlantassa."}]}},"_links":{"self":[{"href":"https:\/\/suomenkuvalehti.fi\/americana\/wp-json\/wp\/v2\/posts\/764","targetHints":{"allow":["GET"]}}],"collection":[{"href":"https:\/\/suomenkuvalehti.fi\/americana\/wp-json\/wp\/v2\/posts"}],"about":[{"href":"https:\/\/suomenkuvalehti.fi\/americana\/wp-json\/wp\/v2\/types\/post"}],"author":[{"embeddable":true,"href":"https:\/\/suomenkuvalehti.fi\/americana\/wp-json\/wp\/v2\/users\/158"}],"replies":[{"embeddable":true,"href":"https:\/\/suomenkuvalehti.fi\/americana\/wp-json\/wp\/v2\/comments?post=764"}],"version-history":[{"count":1,"href":"https:\/\/suomenkuvalehti.fi\/americana\/wp-json\/wp\/v2\/posts\/764\/revisions"}],"predecessor-version":[{"id":1369,"href":"https:\/\/suomenkuvalehti.fi\/americana\/wp-json\/wp\/v2\/posts\/764\/revisions\/1369"}],"wp:attachment":[{"href":"https:\/\/suomenkuvalehti.fi\/americana\/wp-json\/wp\/v2\/media?parent=764"}],"wp:term":[{"taxonomy":"category","embeddable":true,"href":"https:\/\/suomenkuvalehti.fi\/americana\/wp-json\/wp\/v2\/categories?post=764"},{"taxonomy":"post_tag","embeddable":true,"href":"https:\/\/suomenkuvalehti.fi\/americana\/wp-json\/wp\/v2\/tags?post=764"}],"curies":[{"name":"wp","href":"https:\/\/api.w.org\/{rel}","templated":true}]}}