{"id":7504,"date":"2024-07-22T19:54:24","date_gmt":"2024-07-22T16:54:24","guid":{"rendered":"https:\/\/suomenkuvalehti.fi\/americana\/?p=7504"},"modified":"2024-07-22T19:54:26","modified_gmt":"2024-07-22T16:54:26","slug":"kaksi-virkaan-sopimatonta-ehdokasta-kaksi-reaktiota-tahan-kiteytyy-demokraattien-ja-republikaanien-ero","status":"publish","type":"post","link":"https:\/\/suomenkuvalehti.fi\/americana\/kaksi-virkaan-sopimatonta-ehdokasta-kaksi-reaktiota-tahan-kiteytyy-demokraattien-ja-republikaanien-ero\/","title":{"rendered":"Kaksi virkaan sopimatonta ehdokasta, kaksi reaktiota: t\u00e4h\u00e4n kiteytyy demokraattien ja republikaanien ero"},"content":{"rendered":"\n<p><span class=\"capitalized\">Joe Bidenin<\/span> luopuminen presidenttikisasta kertoo merkitt\u00e4vist\u00e4 eroavaisuuksista demokraattisen ja republikaanisen puolueen v\u00e4lill\u00e4.<\/p>\n\n\n\n<p>Molemmat puolueet valitsivat ehdokkaat, joiden sopivuus maailman vaativimpaan virkaan on kyseenalainen. Demokraatit p\u00e4\u00e4stiv\u00e4t oman ehdokkaansa vapaaksi muutaman viikon v\u00e4ittelyn ja poliittisen v\u00e4\u00e4nn\u00f6n j\u00e4lkeen. Republikaanit sitoutuivat omaan ehdokkuuteensa kiihkolla, joka muistuttaa uskonnollista kulttia.<\/p>\n\n\n\n<p><\/p>\n\n\n\n<p><span class=\"capitalized\">Demokraattista<\/span> puoluetta on aina leimannut vahva sis\u00e4inen debatti ja ideologiset eroavaisuudet. Liike on t\u00e4ynn\u00e4 miehi\u00e4 ja naisia, jotka asettavat omat arvonsa puolueen yl\u00e4puolelle eiv\u00e4tk\u00e4 ep\u00e4r\u00f6i ottaa et\u00e4isyytt\u00e4 puolueensa ehdokkaaseen tai enemmist\u00f6n linjaan.<\/p>\n\n\n\n<p>Joskus kiistat puolueen sis\u00e4ll\u00e4 jatkuvat aina vaaleihin saakka ja tekev\u00e4t demokraateista haavoittuvan ja kriiseille alttiin organisaation. Sen vaalimenestys ei aina heijasta puolueen ajamien ideoiden suosiota amerikkalaisten parissa.<\/p>\n\n\n\n<p><\/p>\n\n\n\n<p><span class=\"capitalized\">Republikaanipuolue<\/span> on \u00e4\u00e4rimm\u00e4isen kurinalainen organisaatio. Sen johtajat ovat usein oikeusoppineita tai juristeja tai tulevat liike-el\u00e4m\u00e4n parista. He ovat tottuneet hierarkioihin sek\u00e4 komentoketjuihin. Heid\u00e4n kykyns\u00e4 totella valittua linjaa ja ehdokasta tekee republikaaneista eritt\u00e4in tehokkaan organisaation.<\/p>\n\n\n\n<p>Republikaanien omistautuminen puolueen linjalle on ulkopuoliselle paikoitellen h\u00e4tk\u00e4hdytt\u00e4v\u00e4\u00e4. Er\u00e4s tuttavani on elinik\u00e4inen republikaani, joka 1990-luvulla vaahtosuisesti tuomitsi <strong>Bill Clintonin<\/strong> aviorikokset ja sanoi Clintonin olevan moraalisesti kelvoton presidentiksi. T\u00e4n\u00e4\u00e4n presidentin yksityisel\u00e4m\u00e4 on h\u00e4nest\u00e4 presidentin oma asia. <strong>Donald Trumpin<\/strong> moraali tai sen puute eiv\u00e4t h\u00e4nt\u00e4 kiinnosta.<\/p>\n\n\n\n<p><\/p>\n\n\n\n<p><span class=\"capitalized\">Kun<\/span> demokraatit n\u00e4kiv\u00e4t Bidenin katastrofaalisen esiintymisen tv-v\u00e4ittelyss\u00e4, he ryhtyiv\u00e4t v\u00e4litt\u00f6m\u00e4sti v\u00e4ittelem\u00e4\u00e4n jatkosta ja Bidenin ehdokkuudesta. Alle kuukautta my\u00f6hemmin Biden luopui ehdokkuudesta.<\/p>\n\n\n\n<p>T\u00e4n\u00e4 vuonna siviilioikeus totesi Trumpin syylliseksi raiskaukseen ja rikosoikeus syylliseksi kirjanpitorikokseen. Republikaanit reagoivat tiivist\u00e4m\u00e4ll\u00e4 rivins\u00e4 entist\u00e4kin tiukemmin Trumpin taakse.<\/p>\n\n\n\n<p>Kun oman puolueen kriitikot kyseenalaistivat Trumpin kelvollisuuden toimia presidenttin\u00e4, republikaanit savustivat heid\u00e4t ulos puolueesta. Viime viikon puoluekokous oli kuin yliannostuksen Viagraa ottaneiden henkil\u00f6npalvojien kultti olisi kokoontunut.<\/p>\n\n\n\n<p>Demokraatit tappelevat sek\u00e4 ennen virallisen linjan l\u00f6ytymist\u00e4 ett\u00e4 sen j\u00e4lkeen. Republikaanit tappelevat ennen virallisen linjan l\u00f6ytymist\u00e4 ja astuvat sen j\u00e4lkeen tiukkaan riviin. Kuten <strong>Ronald Reagan<\/strong> sanoi, 11. k\u00e4sky on: \u201d\u00c4l\u00e4 sano pahaa sanaa toisesta republikaanista.\u201d<\/p>\n\n\n\n<p><\/p>\n\n\n\n<p><span class=\"capitalized\">Republikaanien<\/span> kurinalaisuus on vavahduttavaa, erityisesti kun ottaa huomioon puolueen t\u00e4ysk\u00e4\u00e4nn\u00f6kset suhtautumisessa ehdokkaiden moraaliin sek\u00e4 ulko- ja talouspolitiikkaan.<\/p>\n\n\n\n<p>Viel\u00e4 2000-luvun alussa republikaanit puhuivat moraalisesta johtamisesta, Yhdysvaltojen teht\u00e4v\u00e4st\u00e4 globaalin turvallisuuden ja demokratian takaajana sek\u00e4 vapaakaupasta ja kapitalismista. Nyt Trump johtaa puoluetta kohti erist\u00e4ytymist\u00e4 ja uusia tuontitulleja samalla, kun h\u00e4nen varapresidenttiehdokkaansa arvostelee korporaatiokapitalismia.<\/p>\n\n\n\n<p>T\u00e4m\u00e4 on samanaikaisesti sek\u00e4 vaikuttavaa ett\u00e4 hieman pelottavaa. Onko republikaanipuolue t\u00e4n\u00e4\u00e4n johdonmukainen puolue vai pelkk\u00e4 liike etsim\u00e4ss\u00e4 ideologiaa? Oli miten oli, he marssivat edelleen tahdissa samaan suuntaan \u2013 oli suunta mik\u00e4 tahansa.<\/p>\n\n\n\n<p><\/p>\n\n\n\n<p><em>Soundtrack: Moby, This Wild Darkness<\/em><\/p>\n\n\n\n<figure class=\"wp-block-embed is-type-video is-provider-youtube wp-block-embed-youtube wp-embed-aspect-16-9 wp-has-aspect-ratio\"><div class=\"wp-block-embed__wrapper\">\n<iframe loading=\"lazy\" title=\"Moby - This Wild Darkness (Official Video)\" width=\"630\" height=\"354\" src=\"https:\/\/www.youtube.com\/embed\/81wBu2RzVsI?feature=oembed\" frameborder=\"0\" allow=\"accelerometer; autoplay; clipboard-write; encrypted-media; gyroscope; picture-in-picture; web-share\" referrerpolicy=\"strict-origin-when-cross-origin\" allowfullscreen><\/iframe>\n<\/div><\/figure>\n","protected":false},"excerpt":{"rendered":"<p>Republikaanien kurinalaisuus on vavahduttavaa, Yhdysvaltain historian professori Marko Maunula kirjoittaa.<\/p>\n","protected":false},"author":158,"featured_media":0,"comment_status":"open","ping_status":"open","sticky":false,"template":"","format":"standard","meta":{"_acf_changed":false,"asauth_required_access_level":3,"asauth_cansharepaid":"true","om_header_attributes":[],"footnotes":"","om_featured_image_focal_point":[],"om_primary_tag":515,"om_contributors":[],"om_co_authors":[],"beyondwords_generate_audio":"","beyondwords_project_id":"","beyondwords_content_id":"","beyondwords_preview_token":"","beyondwords_player_content":"","beyondwords_player_style":"","beyondwords_language_code":"","beyondwords_language_id":"","beyondwords_title_voice_id":"","beyondwords_body_voice_id":"","beyondwords_summary_voice_id":"","beyondwords_error_message":"","beyondwords_disabled":"","beyondwords_delete_content":"","beyondwords_podcast_id":"","beyondwords_hash":"","publish_post_to_speechkit":"","speechkit_hash":"","speechkit_generate_audio":"","speechkit_project_id":"","speechkit_podcast_id":"","speechkit_error_message":"","speechkit_disabled":"","speechkit_access_key":"","speechkit_error":"","speechkit_info":"","speechkit_response":"","speechkit_retries":"","speechkit_status":"","speechkit_updated_at":"","_speechkit_link":"","_speechkit_text":""},"categories":[1],"tags":[1044,586,350,148,515,24],"class_list":["post-7504","post","type-post","status-publish","format-standard","hentry","category-americana","tag-demokraattinen-puolue","tag-donald-trump","tag-joe-biden","tag-politiikka","tag-republikaaninen-puolue","tag-yhdysvallat"],"om_views":null,"acf":{"tuuma_off":false,"tuuma_kysymys":"","tuuma_vastaus":""},"asauth":{"required_access_level":1,"share_token":"","is_paid":false},"yoast_head":"<!-- This site is optimized with the Yoast SEO plugin v26.4 - https:\/\/yoast.com\/wordpress\/plugins\/seo\/ -->\n<title>Kaksi virkaan sopimatonta ehdokasta, kaksi reaktiota: t\u00e4h\u00e4n kiteytyy demokraattien ja republikaanien ero - Americana<\/title>\n<meta name=\"description\" content=\"Kun demokraatit n\u00e4kiv\u00e4t Bidenin katastrofaalisen esiintymisen tv-v\u00e4ittelyss\u00e4, he ryhtyiv\u00e4t v\u00e4litt\u00f6m\u00e4sti v\u00e4ittelem\u00e4\u00e4n jatkosta ja Bidenin ehdokkuudesta. Kun siviilioikeus totesi Trumpin syylliseksi raiskaukseen ja rikosoikeus syylliseksi kirjanpitorikokseen, republikaanit reagoivat tiivist\u00e4m\u00e4ll\u00e4 rivins\u00e4 entist\u00e4kin tiukemmin t\u00e4m\u00e4n taakse.\" \/>\n<meta name=\"robots\" content=\"noindex, follow\" \/>\n<meta property=\"og:locale\" content=\"fi_FI\" \/>\n<meta property=\"og:type\" content=\"article\" \/>\n<meta property=\"og:title\" content=\"Kaksi virkaan sopimatonta ehdokasta, kaksi reaktiota: t\u00e4h\u00e4n kiteytyy demokraattien ja republikaanien ero - Americana\" \/>\n<meta property=\"og:description\" content=\"Kun demokraatit n\u00e4kiv\u00e4t Bidenin katastrofaalisen esiintymisen tv-v\u00e4ittelyss\u00e4, he ryhtyiv\u00e4t v\u00e4litt\u00f6m\u00e4sti v\u00e4ittelem\u00e4\u00e4n jatkosta ja Bidenin ehdokkuudesta. Kun siviilioikeus totesi Trumpin syylliseksi raiskaukseen ja rikosoikeus syylliseksi kirjanpitorikokseen, republikaanit reagoivat tiivist\u00e4m\u00e4ll\u00e4 rivins\u00e4 entist\u00e4kin tiukemmin t\u00e4m\u00e4n taakse.\" \/>\n<meta property=\"og:url\" content=\"https:\/\/suomenkuvalehti.fi\/americana\/kaksi-virkaan-sopimatonta-ehdokasta-kaksi-reaktiota-tahan-kiteytyy-demokraattien-ja-republikaanien-ero\/\" \/>\n<meta property=\"og:site_name\" content=\"Americana\" \/>\n<meta property=\"article:published_time\" content=\"2024-07-22T16:54:24+00:00\" \/>\n<meta property=\"article:modified_time\" content=\"2024-07-22T16:54:26+00:00\" \/>\n<meta property=\"og:image\" content=\"https:\/\/suomenkuvalehti.fi\/americana\/wp-content\/uploads\/sites\/10\/2022\/04\/americana_maunula-scaled.jpg\" \/>\n\t<meta property=\"og:image:width\" content=\"2560\" \/>\n\t<meta property=\"og:image:height\" content=\"1706\" \/>\n\t<meta property=\"og:image:type\" content=\"image\/jpeg\" \/>\n<meta name=\"author\" content=\"Marko Maunula\" \/>\n<meta name=\"twitter:card\" content=\"summary_large_image\" \/>\n<meta name=\"twitter:label1\" content=\"Written by\" \/>\n\t<meta name=\"twitter:data1\" content=\"Marko Maunula\" \/>\n\t<meta name=\"twitter:label2\" content=\"Est. reading time\" \/>\n\t<meta name=\"twitter:data2\" content=\"3 minuuttia\" \/>\n<script type=\"application\/ld+json\" class=\"yoast-schema-graph\">{\"@context\":\"https:\/\/schema.org\",\"@graph\":[{\"@type\":\"WebPage\",\"@id\":\"https:\/\/suomenkuvalehti.fi\/americana\/kaksi-virkaan-sopimatonta-ehdokasta-kaksi-reaktiota-tahan-kiteytyy-demokraattien-ja-republikaanien-ero\/\",\"url\":\"https:\/\/suomenkuvalehti.fi\/americana\/kaksi-virkaan-sopimatonta-ehdokasta-kaksi-reaktiota-tahan-kiteytyy-demokraattien-ja-republikaanien-ero\/\",\"name\":\"Kaksi virkaan sopimatonta ehdokasta, kaksi reaktiota: t\u00e4h\u00e4n kiteytyy demokraattien ja republikaanien ero - Americana\",\"isPartOf\":{\"@id\":\"https:\/\/suomenkuvalehti.fi\/americana\/#website\"},\"datePublished\":\"2024-07-22T16:54:24+00:00\",\"dateModified\":\"2024-07-22T16:54:26+00:00\",\"author\":{\"@id\":\"https:\/\/suomenkuvalehti.fi\/americana\/#\/schema\/person\/12d514491cb37506bc39c8e10176c3ec\"},\"description\":\"Kun demokraatit n\u00e4kiv\u00e4t Bidenin katastrofaalisen esiintymisen tv-v\u00e4ittelyss\u00e4, he ryhtyiv\u00e4t v\u00e4litt\u00f6m\u00e4sti v\u00e4ittelem\u00e4\u00e4n jatkosta ja Bidenin ehdokkuudesta. Kun siviilioikeus totesi Trumpin syylliseksi raiskaukseen ja rikosoikeus syylliseksi kirjanpitorikokseen, republikaanit reagoivat tiivist\u00e4m\u00e4ll\u00e4 rivins\u00e4 entist\u00e4kin tiukemmin t\u00e4m\u00e4n taakse.\",\"breadcrumb\":{\"@id\":\"https:\/\/suomenkuvalehti.fi\/americana\/kaksi-virkaan-sopimatonta-ehdokasta-kaksi-reaktiota-tahan-kiteytyy-demokraattien-ja-republikaanien-ero\/#breadcrumb\"},\"inLanguage\":\"fi\",\"potentialAction\":[{\"@type\":\"ReadAction\",\"target\":[\"https:\/\/suomenkuvalehti.fi\/americana\/kaksi-virkaan-sopimatonta-ehdokasta-kaksi-reaktiota-tahan-kiteytyy-demokraattien-ja-republikaanien-ero\/\"]}]},{\"@type\":\"BreadcrumbList\",\"@id\":\"https:\/\/suomenkuvalehti.fi\/americana\/kaksi-virkaan-sopimatonta-ehdokasta-kaksi-reaktiota-tahan-kiteytyy-demokraattien-ja-republikaanien-ero\/#breadcrumb\",\"itemListElement\":[{\"@type\":\"ListItem\",\"position\":1,\"name\":\"Home\",\"item\":\"https:\/\/suomenkuvalehti.fi\/americana\/\"},{\"@type\":\"ListItem\",\"position\":2,\"name\":\"Kaksi virkaan sopimatonta ehdokasta, kaksi reaktiota: t\u00e4h\u00e4n kiteytyy demokraattien ja republikaanien ero\"}]},{\"@type\":\"WebSite\",\"@id\":\"https:\/\/suomenkuvalehti.fi\/americana\/#website\",\"url\":\"https:\/\/suomenkuvalehti.fi\/americana\/\",\"name\":\"Americana\",\"description\":\"Professori Marko Maunula seuraa USA:n politiikkaa ja populaarikulttuuria\",\"potentialAction\":[{\"@type\":\"SearchAction\",\"target\":{\"@type\":\"EntryPoint\",\"urlTemplate\":\"https:\/\/suomenkuvalehti.fi\/haku\/?q={search_term_string}\"},\"query-input\":{\"@type\":\"PropertyValueSpecification\",\"valueRequired\":true,\"valueName\":\"search_term_string\"}}],\"inLanguage\":\"fi\"},{\"@type\":\"Person\",\"@id\":\"https:\/\/suomenkuvalehti.fi\/americana\/#\/schema\/person\/12d514491cb37506bc39c8e10176c3ec\",\"name\":\"Marko Maunula\",\"image\":{\"@type\":\"ImageObject\",\"inLanguage\":\"fi\",\"@id\":\"https:\/\/suomenkuvalehti.fi\/americana\/#\/schema\/person\/image\/\",\"url\":\"https:\/\/suomenkuvalehti.fi\/americana\/wp-content\/uploads\/sites\/10\/2022\/04\/americana_maunula-150x150.jpg\",\"contentUrl\":\"https:\/\/suomenkuvalehti.fi\/americana\/wp-content\/uploads\/sites\/10\/2022\/04\/americana_maunula-150x150.jpg\",\"caption\":\"Marko Maunula\"},\"description\":\"Kirjoittaja on Yhdysvaltain historian professori Atlantassa.\"}]}<\/script>\n<!-- \/ Yoast SEO plugin. -->","yoast_head_json":{"title":"Kaksi virkaan sopimatonta ehdokasta, kaksi reaktiota: t\u00e4h\u00e4n kiteytyy demokraattien ja republikaanien ero - Americana","description":"Kun demokraatit n\u00e4kiv\u00e4t Bidenin katastrofaalisen esiintymisen tv-v\u00e4ittelyss\u00e4, he ryhtyiv\u00e4t v\u00e4litt\u00f6m\u00e4sti v\u00e4ittelem\u00e4\u00e4n jatkosta ja Bidenin ehdokkuudesta. Kun siviilioikeus totesi Trumpin syylliseksi raiskaukseen ja rikosoikeus syylliseksi kirjanpitorikokseen, republikaanit reagoivat tiivist\u00e4m\u00e4ll\u00e4 rivins\u00e4 entist\u00e4kin tiukemmin t\u00e4m\u00e4n taakse.","robots":{"index":"noindex","follow":"follow"},"og_locale":"fi_FI","og_type":"article","og_title":"Kaksi virkaan sopimatonta ehdokasta, kaksi reaktiota: t\u00e4h\u00e4n kiteytyy demokraattien ja republikaanien ero - Americana","og_description":"Kun demokraatit n\u00e4kiv\u00e4t Bidenin katastrofaalisen esiintymisen tv-v\u00e4ittelyss\u00e4, he ryhtyiv\u00e4t v\u00e4litt\u00f6m\u00e4sti v\u00e4ittelem\u00e4\u00e4n jatkosta ja Bidenin ehdokkuudesta. Kun siviilioikeus totesi Trumpin syylliseksi raiskaukseen ja rikosoikeus syylliseksi kirjanpitorikokseen, republikaanit reagoivat tiivist\u00e4m\u00e4ll\u00e4 rivins\u00e4 entist\u00e4kin tiukemmin t\u00e4m\u00e4n taakse.","og_url":"https:\/\/suomenkuvalehti.fi\/americana\/kaksi-virkaan-sopimatonta-ehdokasta-kaksi-reaktiota-tahan-kiteytyy-demokraattien-ja-republikaanien-ero\/","og_site_name":"Americana","article_published_time":"2024-07-22T16:54:24+00:00","article_modified_time":"2024-07-22T16:54:26+00:00","og_image":[{"width":2560,"height":1706,"url":"https:\/\/suomenkuvalehti.fi\/americana\/wp-content\/uploads\/sites\/10\/2022\/04\/americana_maunula-scaled.jpg","type":"image\/jpeg"}],"author":"Marko Maunula","twitter_card":"summary_large_image","twitter_misc":{"Written by":"Marko Maunula","Est. reading time":"3 minuuttia"},"schema":{"@context":"https:\/\/schema.org","@graph":[{"@type":"WebPage","@id":"https:\/\/suomenkuvalehti.fi\/americana\/kaksi-virkaan-sopimatonta-ehdokasta-kaksi-reaktiota-tahan-kiteytyy-demokraattien-ja-republikaanien-ero\/","url":"https:\/\/suomenkuvalehti.fi\/americana\/kaksi-virkaan-sopimatonta-ehdokasta-kaksi-reaktiota-tahan-kiteytyy-demokraattien-ja-republikaanien-ero\/","name":"Kaksi virkaan sopimatonta ehdokasta, kaksi reaktiota: t\u00e4h\u00e4n kiteytyy demokraattien ja republikaanien ero - Americana","isPartOf":{"@id":"https:\/\/suomenkuvalehti.fi\/americana\/#website"},"datePublished":"2024-07-22T16:54:24+00:00","dateModified":"2024-07-22T16:54:26+00:00","author":{"@id":"https:\/\/suomenkuvalehti.fi\/americana\/#\/schema\/person\/12d514491cb37506bc39c8e10176c3ec"},"description":"Kun demokraatit n\u00e4kiv\u00e4t Bidenin katastrofaalisen esiintymisen tv-v\u00e4ittelyss\u00e4, he ryhtyiv\u00e4t v\u00e4litt\u00f6m\u00e4sti v\u00e4ittelem\u00e4\u00e4n jatkosta ja Bidenin ehdokkuudesta. Kun siviilioikeus totesi Trumpin syylliseksi raiskaukseen ja rikosoikeus syylliseksi kirjanpitorikokseen, republikaanit reagoivat tiivist\u00e4m\u00e4ll\u00e4 rivins\u00e4 entist\u00e4kin tiukemmin t\u00e4m\u00e4n taakse.","breadcrumb":{"@id":"https:\/\/suomenkuvalehti.fi\/americana\/kaksi-virkaan-sopimatonta-ehdokasta-kaksi-reaktiota-tahan-kiteytyy-demokraattien-ja-republikaanien-ero\/#breadcrumb"},"inLanguage":"fi","potentialAction":[{"@type":"ReadAction","target":["https:\/\/suomenkuvalehti.fi\/americana\/kaksi-virkaan-sopimatonta-ehdokasta-kaksi-reaktiota-tahan-kiteytyy-demokraattien-ja-republikaanien-ero\/"]}]},{"@type":"BreadcrumbList","@id":"https:\/\/suomenkuvalehti.fi\/americana\/kaksi-virkaan-sopimatonta-ehdokasta-kaksi-reaktiota-tahan-kiteytyy-demokraattien-ja-republikaanien-ero\/#breadcrumb","itemListElement":[{"@type":"ListItem","position":1,"name":"Home","item":"https:\/\/suomenkuvalehti.fi\/americana\/"},{"@type":"ListItem","position":2,"name":"Kaksi virkaan sopimatonta ehdokasta, kaksi reaktiota: t\u00e4h\u00e4n kiteytyy demokraattien ja republikaanien ero"}]},{"@type":"WebSite","@id":"https:\/\/suomenkuvalehti.fi\/americana\/#website","url":"https:\/\/suomenkuvalehti.fi\/americana\/","name":"Americana","description":"Professori Marko Maunula seuraa USA:n politiikkaa ja populaarikulttuuria","potentialAction":[{"@type":"SearchAction","target":{"@type":"EntryPoint","urlTemplate":"https:\/\/suomenkuvalehti.fi\/haku\/?q={search_term_string}"},"query-input":{"@type":"PropertyValueSpecification","valueRequired":true,"valueName":"search_term_string"}}],"inLanguage":"fi"},{"@type":"Person","@id":"https:\/\/suomenkuvalehti.fi\/americana\/#\/schema\/person\/12d514491cb37506bc39c8e10176c3ec","name":"Marko Maunula","image":{"@type":"ImageObject","inLanguage":"fi","@id":"https:\/\/suomenkuvalehti.fi\/americana\/#\/schema\/person\/image\/","url":"https:\/\/suomenkuvalehti.fi\/americana\/wp-content\/uploads\/sites\/10\/2022\/04\/americana_maunula-150x150.jpg","contentUrl":"https:\/\/suomenkuvalehti.fi\/americana\/wp-content\/uploads\/sites\/10\/2022\/04\/americana_maunula-150x150.jpg","caption":"Marko Maunula"},"description":"Kirjoittaja on Yhdysvaltain historian professori Atlantassa."}]}},"_links":{"self":[{"href":"https:\/\/suomenkuvalehti.fi\/americana\/wp-json\/wp\/v2\/posts\/7504","targetHints":{"allow":["GET"]}}],"collection":[{"href":"https:\/\/suomenkuvalehti.fi\/americana\/wp-json\/wp\/v2\/posts"}],"about":[{"href":"https:\/\/suomenkuvalehti.fi\/americana\/wp-json\/wp\/v2\/types\/post"}],"author":[{"embeddable":true,"href":"https:\/\/suomenkuvalehti.fi\/americana\/wp-json\/wp\/v2\/users\/158"}],"replies":[{"embeddable":true,"href":"https:\/\/suomenkuvalehti.fi\/americana\/wp-json\/wp\/v2\/comments?post=7504"}],"version-history":[{"count":3,"href":"https:\/\/suomenkuvalehti.fi\/americana\/wp-json\/wp\/v2\/posts\/7504\/revisions"}],"predecessor-version":[{"id":7509,"href":"https:\/\/suomenkuvalehti.fi\/americana\/wp-json\/wp\/v2\/posts\/7504\/revisions\/7509"}],"wp:attachment":[{"href":"https:\/\/suomenkuvalehti.fi\/americana\/wp-json\/wp\/v2\/media?parent=7504"}],"wp:term":[{"taxonomy":"category","embeddable":true,"href":"https:\/\/suomenkuvalehti.fi\/americana\/wp-json\/wp\/v2\/categories?post=7504"},{"taxonomy":"post_tag","embeddable":true,"href":"https:\/\/suomenkuvalehti.fi\/americana\/wp-json\/wp\/v2\/tags?post=7504"}],"curies":[{"name":"wp","href":"https:\/\/api.w.org\/{rel}","templated":true}]}}