{"id":7481,"date":"2024-07-08T14:33:15","date_gmt":"2024-07-08T11:33:15","guid":{"rendered":"https:\/\/suomenkuvalehti.fi\/americana\/?p=7481"},"modified":"2024-07-08T14:33:16","modified_gmt":"2024-07-08T11:33:16","slug":"joe-biden-on-amerikkalaisen-politiikan-muhammad-ali-mutta-vuoden-1980-versio","status":"publish","type":"post","link":"https:\/\/suomenkuvalehti.fi\/americana\/joe-biden-on-amerikkalaisen-politiikan-muhammad-ali-mutta-vuoden-1980-versio\/","title":{"rendered":"Joe Biden on amerikkalaisen politiikan Muhammad Ali \u2013 mutta vuoden 1980 versio"},"content":{"rendered":"\n<p><span class=\"capitalized\">Ammattinyrkkeilyn<\/span> yst\u00e4v\u00e4t tuntevat sanonnan \u201dIt rarely ends pretty\u201d.<\/p>\n\n\n\n<p>Liian usein vanhat mestarit pysyv\u00e4t keh\u00e4ss\u00e4 liian kauan. Ahneus, voitonhalu ja tarve pysytell\u00e4 huomion keskipisteess\u00e4 ruokkivat ep\u00e4realistista ymm\u00e4rryst\u00e4 omista kyvyist\u00e4 ja t\u00e4rkeydest\u00e4. Pahimmillaan pugilistin dementia vahvistaa v\u00e4\u00e4ristynytt\u00e4 omakuvaa entisest\u00e4\u00e4n.<\/p>\n\n\n\n<p>Nyt historia kirjoittaa <strong>Joe Bidenin<\/strong> tarinaan rumaa loppua. Vanha taistelija tuo mieleen <strong>Muhammad Alin<\/strong> vuosimallia 1980. Hidastunut, vanha, v\u00e4synyt ja sairas mies raahaa itsens\u00e4 keh\u00e4\u00e4n, jossa h\u00e4nen voitonmahdollisuutensa ovat minimaaliset.<\/p>\n\n\n\n<p>Idolinsa pauloissa olevat fanit sek\u00e4 ihmiset, joiden tulot sek\u00e4 asema ovat riippuvaisia ik\u00e4\u00e4ntyneen mestarin jatkamisesta, puskevat h\u00e4nt\u00e4 pysym\u00e4\u00e4n keh\u00e4ss\u00e4, vaikka jopa he sisimm\u00e4ss\u00e4\u00e4n tiet\u00e4v\u00e4t asioiden todellisen laidan. Useimmat ulkopuoliset katsovat spektaakkelia sekoituksella kauhua ja s\u00e4\u00e4li\u00e4.<\/p>\n\n\n\n<p><\/p>\n\n\n\n<p><span class=\"capitalized\">Bidenin<\/span> taistelussa panokset ovat kovemmat. Kitsch-koristellun vy\u00f6n sijasta peliss\u00e4 on amerikkalaisen demokratian sek\u00e4 l\u00e4ntisen taloudellisen ja turvallisuuspoliittisen j\u00e4rjestelm\u00e4n tulevaisuus.<\/p>\n\n\n\n<p>Kyseess\u00e4 on my\u00f6s Bidenin el\u00e4m\u00e4nty\u00f6. Vuonna 2020 Biden pelasti amerikkalaisen demokratian <strong>Donald Trumpilta<\/strong>, joka kirjaimellisesti puhui perustuslain sivuuttamisesta sek\u00e4 yritti kumota laillisten ja rehellisten vaalien tuloksen.<\/p>\n\n\n\n<p>Nyt Biden, fyysisesti sek\u00e4 henkisesti pahoin ik\u00e4\u00e4ntynyt mies, on asettanut oman vallanhalunsa sek\u00e4 egonsa maan edun yl\u00e4puolelle. H\u00e4nen l\u00e4hipiirins\u00e4 on jo kauan yritt\u00e4nyt suojella ja tukea presidentti\u00e4, vaikka heid\u00e4n on t\u00e4ytynyt tiet\u00e4\u00e4 miehen todellinen kunto.<\/p>\n\n\n\n<p><\/p>\n\n\n\n<p><span class=\"capitalized\">Bidenin<\/span> jatkaminen demokraattien presidenttiehdokkaana merkitsee republikaanien sek\u00e4 Trumpin miltei varmaa vaalivoittoa. On tietenkin mahdollista, ett\u00e4 Biden voittaa demokratian tulevaisuudesta huolestuneiden amerikkalaisten \u00e4\u00e4nill\u00e4, mutta se on datan valossa eritt\u00e4in ep\u00e4todenn\u00e4k\u00f6ist\u00e4.<\/p>\n\n\n\n<p>Jos Biden jollain ilveell\u00e4 voittaa, voimme my\u00f6s kysy\u00e4, kuka valtaa lopulta k\u00e4ytt\u00e4\u00e4? Ensimm\u00e4isess\u00e4 vaaliv\u00e4ittelyss\u00e4 n\u00e4hty Biden ei ole kykenev\u00e4inen rationaaliseen p\u00e4\u00e4t\u00f6ksentekoon tai datan k\u00e4sittelyyn.<\/p>\n\n\n\n<p>Demokraattien vastuulla on amerikkalaisen demokratian sek\u00e4 l\u00e4ntisen liittoutuman tulevaisuuden turvaaminen. Valitettavasti he ovat nyt, republikaanien tavoin, valinneet ehdokkaan, joka vaarantaa molemmat \u2013 joskin eri tavoin.<\/p>\n\n\n\n<p><\/p>\n\n\n\n<p><em>Soundtrack: The Band, Rockin\u2019 Chair<\/em><\/p>\n\n\n\n<figure class=\"wp-block-embed is-type-video is-provider-youtube wp-block-embed-youtube wp-embed-aspect-4-3 wp-has-aspect-ratio\"><div class=\"wp-block-embed__wrapper\">\n<iframe loading=\"lazy\" title=\"Rockin&#039; Chair - The Band (The Band 8 of 12)\" width=\"472\" height=\"354\" src=\"https:\/\/www.youtube.com\/embed\/Hg-ILjqbKT4?feature=oembed\" frameborder=\"0\" allow=\"accelerometer; autoplay; clipboard-write; encrypted-media; gyroscope; picture-in-picture; web-share\" referrerpolicy=\"strict-origin-when-cross-origin\" allowfullscreen><\/iframe>\n<\/div><\/figure>\n","protected":false},"excerpt":{"rendered":"<p>Liian usein vanhat mestarit pysyv\u00e4t keh\u00e4ss\u00e4 liian kauan.<\/p>\n","protected":false},"author":158,"featured_media":0,"comment_status":"open","ping_status":"open","sticky":false,"template":"","format":"standard","meta":{"_acf_changed":false,"asauth_required_access_level":3,"asauth_cansharepaid":"true","om_header_attributes":[],"footnotes":"","om_featured_image_focal_point":[],"om_primary_tag":24,"om_contributors":[],"om_co_authors":[],"beyondwords_generate_audio":"","beyondwords_project_id":"","beyondwords_content_id":"","beyondwords_preview_token":"","beyondwords_player_content":"","beyondwords_player_style":"","beyondwords_language_code":"","beyondwords_language_id":"","beyondwords_title_voice_id":"","beyondwords_body_voice_id":"","beyondwords_summary_voice_id":"","beyondwords_error_message":"","beyondwords_disabled":"","beyondwords_delete_content":"","beyondwords_podcast_id":"","beyondwords_hash":"","publish_post_to_speechkit":"","speechkit_hash":"","speechkit_generate_audio":"","speechkit_project_id":"","speechkit_podcast_id":"","speechkit_error_message":"","speechkit_disabled":"","speechkit_access_key":"","speechkit_error":"","speechkit_info":"","speechkit_response":"","speechkit_retries":"","speechkit_status":"","speechkit_updated_at":"","_speechkit_link":"","_speechkit_text":""},"categories":[1],"tags":[350,702,24,630],"class_list":["post-7481","post","type-post","status-publish","format-standard","hentry","category-americana","tag-joe-biden","tag-muhammad-ali","tag-yhdysvallat","tag-yhdysvaltain-presidentinvaalit"],"om_views":null,"acf":{"tuuma_off":false,"tuuma_kysymys":"","tuuma_vastaus":""},"asauth":{"required_access_level":1,"share_token":"","is_paid":false},"yoast_head":"<!-- This site is optimized with the Yoast SEO plugin v26.4 - https:\/\/yoast.com\/wordpress\/plugins\/seo\/ -->\n<title>Joe Biden on amerikkalaisen politiikan Muhammad Ali \u2013 mutta vuoden 1980 versio - Americana<\/title>\n<meta name=\"description\" content=\"Liian usein vanhat mestarit pysyv\u00e4t keh\u00e4ss\u00e4 liian kauan, kirjoittaa professori Marko Maunula.\" \/>\n<meta name=\"robots\" content=\"noindex, follow\" \/>\n<meta property=\"og:locale\" content=\"fi_FI\" \/>\n<meta property=\"og:type\" content=\"article\" \/>\n<meta property=\"og:title\" content=\"Joe Biden on amerikkalaisen politiikan Muhammad Ali \u2013 mutta vuoden 1980 versio - Americana\" \/>\n<meta property=\"og:description\" content=\"Liian usein vanhat mestarit pysyv\u00e4t keh\u00e4ss\u00e4 liian kauan, kirjoittaa professori Marko Maunula.\" \/>\n<meta property=\"og:url\" content=\"https:\/\/suomenkuvalehti.fi\/americana\/joe-biden-on-amerikkalaisen-politiikan-muhammad-ali-mutta-vuoden-1980-versio\/\" \/>\n<meta property=\"og:site_name\" content=\"Americana\" \/>\n<meta property=\"article:published_time\" content=\"2024-07-08T11:33:15+00:00\" \/>\n<meta property=\"article:modified_time\" content=\"2024-07-08T11:33:16+00:00\" \/>\n<meta property=\"og:image\" content=\"https:\/\/suomenkuvalehti.fi\/americana\/wp-content\/uploads\/sites\/10\/2022\/04\/americana_maunula-scaled.jpg\" \/>\n\t<meta property=\"og:image:width\" content=\"2560\" \/>\n\t<meta property=\"og:image:height\" content=\"1706\" \/>\n\t<meta property=\"og:image:type\" content=\"image\/jpeg\" \/>\n<meta name=\"author\" content=\"Marko Maunula\" \/>\n<meta name=\"twitter:card\" content=\"summary_large_image\" \/>\n<meta name=\"twitter:label1\" content=\"Written by\" \/>\n\t<meta name=\"twitter:data1\" content=\"Marko Maunula\" \/>\n\t<meta name=\"twitter:label2\" content=\"Est. reading time\" \/>\n\t<meta name=\"twitter:data2\" content=\"2 minuuttia\" \/>\n<script type=\"application\/ld+json\" class=\"yoast-schema-graph\">{\"@context\":\"https:\/\/schema.org\",\"@graph\":[{\"@type\":\"WebPage\",\"@id\":\"https:\/\/suomenkuvalehti.fi\/americana\/joe-biden-on-amerikkalaisen-politiikan-muhammad-ali-mutta-vuoden-1980-versio\/\",\"url\":\"https:\/\/suomenkuvalehti.fi\/americana\/joe-biden-on-amerikkalaisen-politiikan-muhammad-ali-mutta-vuoden-1980-versio\/\",\"name\":\"Joe Biden on amerikkalaisen politiikan Muhammad Ali \u2013 mutta vuoden 1980 versio - Americana\",\"isPartOf\":{\"@id\":\"https:\/\/suomenkuvalehti.fi\/americana\/#website\"},\"datePublished\":\"2024-07-08T11:33:15+00:00\",\"dateModified\":\"2024-07-08T11:33:16+00:00\",\"author\":{\"@id\":\"https:\/\/suomenkuvalehti.fi\/americana\/#\/schema\/person\/12d514491cb37506bc39c8e10176c3ec\"},\"description\":\"Liian usein vanhat mestarit pysyv\u00e4t keh\u00e4ss\u00e4 liian kauan, kirjoittaa professori Marko Maunula.\",\"breadcrumb\":{\"@id\":\"https:\/\/suomenkuvalehti.fi\/americana\/joe-biden-on-amerikkalaisen-politiikan-muhammad-ali-mutta-vuoden-1980-versio\/#breadcrumb\"},\"inLanguage\":\"fi\",\"potentialAction\":[{\"@type\":\"ReadAction\",\"target\":[\"https:\/\/suomenkuvalehti.fi\/americana\/joe-biden-on-amerikkalaisen-politiikan-muhammad-ali-mutta-vuoden-1980-versio\/\"]}]},{\"@type\":\"BreadcrumbList\",\"@id\":\"https:\/\/suomenkuvalehti.fi\/americana\/joe-biden-on-amerikkalaisen-politiikan-muhammad-ali-mutta-vuoden-1980-versio\/#breadcrumb\",\"itemListElement\":[{\"@type\":\"ListItem\",\"position\":1,\"name\":\"Home\",\"item\":\"https:\/\/suomenkuvalehti.fi\/americana\/\"},{\"@type\":\"ListItem\",\"position\":2,\"name\":\"Joe Biden on amerikkalaisen politiikan Muhammad Ali \u2013 mutta vuoden 1980 versio\"}]},{\"@type\":\"WebSite\",\"@id\":\"https:\/\/suomenkuvalehti.fi\/americana\/#website\",\"url\":\"https:\/\/suomenkuvalehti.fi\/americana\/\",\"name\":\"Americana\",\"description\":\"Professori Marko Maunula seuraa USA:n politiikkaa ja populaarikulttuuria\",\"potentialAction\":[{\"@type\":\"SearchAction\",\"target\":{\"@type\":\"EntryPoint\",\"urlTemplate\":\"https:\/\/suomenkuvalehti.fi\/haku\/?q={search_term_string}\"},\"query-input\":{\"@type\":\"PropertyValueSpecification\",\"valueRequired\":true,\"valueName\":\"search_term_string\"}}],\"inLanguage\":\"fi\"},{\"@type\":\"Person\",\"@id\":\"https:\/\/suomenkuvalehti.fi\/americana\/#\/schema\/person\/12d514491cb37506bc39c8e10176c3ec\",\"name\":\"Marko Maunula\",\"image\":{\"@type\":\"ImageObject\",\"inLanguage\":\"fi\",\"@id\":\"https:\/\/suomenkuvalehti.fi\/americana\/#\/schema\/person\/image\/\",\"url\":\"https:\/\/suomenkuvalehti.fi\/americana\/wp-content\/uploads\/sites\/10\/2022\/04\/americana_maunula-150x150.jpg\",\"contentUrl\":\"https:\/\/suomenkuvalehti.fi\/americana\/wp-content\/uploads\/sites\/10\/2022\/04\/americana_maunula-150x150.jpg\",\"caption\":\"Marko Maunula\"},\"description\":\"Kirjoittaja on Yhdysvaltain historian professori Atlantassa.\"}]}<\/script>\n<!-- \/ Yoast SEO plugin. -->","yoast_head_json":{"title":"Joe Biden on amerikkalaisen politiikan Muhammad Ali \u2013 mutta vuoden 1980 versio - Americana","description":"Liian usein vanhat mestarit pysyv\u00e4t keh\u00e4ss\u00e4 liian kauan, kirjoittaa professori Marko Maunula.","robots":{"index":"noindex","follow":"follow"},"og_locale":"fi_FI","og_type":"article","og_title":"Joe Biden on amerikkalaisen politiikan Muhammad Ali \u2013 mutta vuoden 1980 versio - Americana","og_description":"Liian usein vanhat mestarit pysyv\u00e4t keh\u00e4ss\u00e4 liian kauan, kirjoittaa professori Marko Maunula.","og_url":"https:\/\/suomenkuvalehti.fi\/americana\/joe-biden-on-amerikkalaisen-politiikan-muhammad-ali-mutta-vuoden-1980-versio\/","og_site_name":"Americana","article_published_time":"2024-07-08T11:33:15+00:00","article_modified_time":"2024-07-08T11:33:16+00:00","og_image":[{"width":2560,"height":1706,"url":"https:\/\/suomenkuvalehti.fi\/americana\/wp-content\/uploads\/sites\/10\/2022\/04\/americana_maunula-scaled.jpg","type":"image\/jpeg"}],"author":"Marko Maunula","twitter_card":"summary_large_image","twitter_misc":{"Written by":"Marko Maunula","Est. reading time":"2 minuuttia"},"schema":{"@context":"https:\/\/schema.org","@graph":[{"@type":"WebPage","@id":"https:\/\/suomenkuvalehti.fi\/americana\/joe-biden-on-amerikkalaisen-politiikan-muhammad-ali-mutta-vuoden-1980-versio\/","url":"https:\/\/suomenkuvalehti.fi\/americana\/joe-biden-on-amerikkalaisen-politiikan-muhammad-ali-mutta-vuoden-1980-versio\/","name":"Joe Biden on amerikkalaisen politiikan Muhammad Ali \u2013 mutta vuoden 1980 versio - Americana","isPartOf":{"@id":"https:\/\/suomenkuvalehti.fi\/americana\/#website"},"datePublished":"2024-07-08T11:33:15+00:00","dateModified":"2024-07-08T11:33:16+00:00","author":{"@id":"https:\/\/suomenkuvalehti.fi\/americana\/#\/schema\/person\/12d514491cb37506bc39c8e10176c3ec"},"description":"Liian usein vanhat mestarit pysyv\u00e4t keh\u00e4ss\u00e4 liian kauan, kirjoittaa professori Marko Maunula.","breadcrumb":{"@id":"https:\/\/suomenkuvalehti.fi\/americana\/joe-biden-on-amerikkalaisen-politiikan-muhammad-ali-mutta-vuoden-1980-versio\/#breadcrumb"},"inLanguage":"fi","potentialAction":[{"@type":"ReadAction","target":["https:\/\/suomenkuvalehti.fi\/americana\/joe-biden-on-amerikkalaisen-politiikan-muhammad-ali-mutta-vuoden-1980-versio\/"]}]},{"@type":"BreadcrumbList","@id":"https:\/\/suomenkuvalehti.fi\/americana\/joe-biden-on-amerikkalaisen-politiikan-muhammad-ali-mutta-vuoden-1980-versio\/#breadcrumb","itemListElement":[{"@type":"ListItem","position":1,"name":"Home","item":"https:\/\/suomenkuvalehti.fi\/americana\/"},{"@type":"ListItem","position":2,"name":"Joe Biden on amerikkalaisen politiikan Muhammad Ali \u2013 mutta vuoden 1980 versio"}]},{"@type":"WebSite","@id":"https:\/\/suomenkuvalehti.fi\/americana\/#website","url":"https:\/\/suomenkuvalehti.fi\/americana\/","name":"Americana","description":"Professori Marko Maunula seuraa USA:n politiikkaa ja populaarikulttuuria","potentialAction":[{"@type":"SearchAction","target":{"@type":"EntryPoint","urlTemplate":"https:\/\/suomenkuvalehti.fi\/haku\/?q={search_term_string}"},"query-input":{"@type":"PropertyValueSpecification","valueRequired":true,"valueName":"search_term_string"}}],"inLanguage":"fi"},{"@type":"Person","@id":"https:\/\/suomenkuvalehti.fi\/americana\/#\/schema\/person\/12d514491cb37506bc39c8e10176c3ec","name":"Marko Maunula","image":{"@type":"ImageObject","inLanguage":"fi","@id":"https:\/\/suomenkuvalehti.fi\/americana\/#\/schema\/person\/image\/","url":"https:\/\/suomenkuvalehti.fi\/americana\/wp-content\/uploads\/sites\/10\/2022\/04\/americana_maunula-150x150.jpg","contentUrl":"https:\/\/suomenkuvalehti.fi\/americana\/wp-content\/uploads\/sites\/10\/2022\/04\/americana_maunula-150x150.jpg","caption":"Marko Maunula"},"description":"Kirjoittaja on Yhdysvaltain historian professori Atlantassa."}]}},"_links":{"self":[{"href":"https:\/\/suomenkuvalehti.fi\/americana\/wp-json\/wp\/v2\/posts\/7481","targetHints":{"allow":["GET"]}}],"collection":[{"href":"https:\/\/suomenkuvalehti.fi\/americana\/wp-json\/wp\/v2\/posts"}],"about":[{"href":"https:\/\/suomenkuvalehti.fi\/americana\/wp-json\/wp\/v2\/types\/post"}],"author":[{"embeddable":true,"href":"https:\/\/suomenkuvalehti.fi\/americana\/wp-json\/wp\/v2\/users\/158"}],"replies":[{"embeddable":true,"href":"https:\/\/suomenkuvalehti.fi\/americana\/wp-json\/wp\/v2\/comments?post=7481"}],"version-history":[{"count":2,"href":"https:\/\/suomenkuvalehti.fi\/americana\/wp-json\/wp\/v2\/posts\/7481\/revisions"}],"predecessor-version":[{"id":7485,"href":"https:\/\/suomenkuvalehti.fi\/americana\/wp-json\/wp\/v2\/posts\/7481\/revisions\/7485"}],"wp:attachment":[{"href":"https:\/\/suomenkuvalehti.fi\/americana\/wp-json\/wp\/v2\/media?parent=7481"}],"wp:term":[{"taxonomy":"category","embeddable":true,"href":"https:\/\/suomenkuvalehti.fi\/americana\/wp-json\/wp\/v2\/categories?post=7481"},{"taxonomy":"post_tag","embeddable":true,"href":"https:\/\/suomenkuvalehti.fi\/americana\/wp-json\/wp\/v2\/tags?post=7481"}],"curies":[{"name":"wp","href":"https:\/\/api.w.org\/{rel}","templated":true}]}}