{"id":74,"date":"2013-03-16T17:37:01","date_gmt":"2013-03-16T15:37:01","guid":{"rendered":"https:\/\/suomenkuvalehti.fi\/americana\/rotu-ja-republikaanit-oops\/"},"modified":"2013-11-30T16:22:01","modified_gmt":"2013-11-30T14:22:01","slug":"rotu-ja-republikaanit-oops","status":"publish","type":"post","link":"https:\/\/suomenkuvalehti.fi\/americana\/rotu-ja-republikaanit-oops\/","title":{"rendered":"Rotu ja republikaanit: oops!"},"content":{"rendered":"\n<p>Jos republikaanit haluavat houkutella afroamerikkalaisia \u00e4\u00e4nest\u00e4ji\u00e4, heid\u00e4n ei ehk\u00e4 kannattaisi p\u00e4\u00e4st\u00e4\u00e4 rasisteja kaappaamaan keskustelua v\u00e4hemmist\u00f6jen rekrytoinnista.<\/p>\n\n\n\n<p>Viime vaalien ehk\u00e4 keskeisin tarina liittyi <a href=\"http:\/\/www.foxnews.com\/politics\/2012\/11\/07\/fox-news-exit-poll-summary\/\">rotuun ja amerikkalaiseen puoluekentt\u00e4\u00e4n<\/a>. Marraskuussa 93 prosenttia afroamerikkalaisista, 71 prosenttia latinoista ja 76 prosenttia aasialaisper\u00e4isist\u00e4 amerikkalaisista \u00e4\u00e4nestiv\u00e4t Obamaa. Demokraateista on kehittynyt kirjava sateenkaaripuolue, kun taas republikaanit edustavat kutistuvaa valkoista kansanosaa.<\/p>\n\n\n\n<p>Viisaat republikaanit n\u00e4kiv\u00e4t ongelman ja tiedostivat tarpeen muokata viesti\u00e4\u00e4n sek\u00e4 vedota ei-valkoiseen v\u00e4est\u00f6nosaan. Ilman muutoksia liki vitivalkoinen republikaaninen puolue on tuomittu ikuiseen oppositioon.<\/p>\n\n\n\n<p>Parhaillaan k\u00e4ynniss\u00e4 oleva Conservative Politial Action Conference (CPAC) on republikaanien ehk\u00e4 t\u00e4rkein vuosittainen tapahtuma, jossa presidenttikokelaat ja nousevat kyvyt esitt\u00e4ytyv\u00e4t tukijoille, ja jossa puolueen kentt\u00e4 ja strategistit luovat yhdess\u00e4 suunnitelmia tulevaisuuden varalle.<\/p>\n\n\n\n<p>CPAC j\u00e4rjesti paneelin, jossa puolue pohti keinoja tavoittaa rodulliset v\u00e4hemmist\u00f6t. Tapahtuma ei mennyt aivan nuottien mukaan. Er\u00e4s paikalle saapuneista keskustelijoista nousi <a href=\"http:\/\/thinkprogress.org\/justice\/2013\/03\/15\/1729331\/cpac-slavery-minority-outreach\/\">puolustamaan orjuutta sek\u00e4 kannattamaan rotuerottelua<\/a>:<\/p>\n\n\n\n<p><em>The exchange occurred after an audience member from North Carolina, 30-year-old Scott Terry, asked whether Republicans could endorse races remaining separate but equal. After the presenter, K. Carl Smith of Frederick Douglass Republicans, answered by referencing a letter by Frederick Douglass forgiving his former master, the audience member said &#8221;For what? For feeding him and housing him?&#8221; Several people in the audience cheered and applauded Terry&#8217;s outburst.<\/em><\/p>\n\n\n\n<p><em>After the exchange, Terry muttered under his breath, &#8221;why can&#8217;t we just have segregation?&#8221; noting the Constitution&#8217;s protections for freedom of association.<\/em><\/p>\n\n\n\n<p>Pahoitteluni, republikaanit. Teill\u00e4 on viel\u00e4 hieman ty\u00f6sarkaa j\u00e4ljell\u00e4.<\/p>\n\n\n\n<p><em>Soundtrack: Gil Scott-Heron, <a href=\"https:\/\/www.youtube.com\/watch?v=qGaoXAwl9kw\">The Revolution Will Not Be Televised<\/a>.<\/em><\/p>\n\n\n","protected":false},"excerpt":{"rendered":"<p>Jos republikaanit haluavat houkutella afroamerikkalaisia \u00e4\u00e4nest\u00e4ji\u00e4, heid\u00e4n ei ehk\u00e4 kannattaisi p\u00e4\u00e4st\u00e4\u00e4 rasisteja kaappaamaan keskustelua v\u00e4hemmist\u00f6jen rekrytoinnista. Viime vaalien ehk\u00e4 keskeisin tarina liittyi rotuun ja amerikkalaiseen puoluekentt\u00e4\u00e4n. Marraskuussa 93 prosenttia<br \/>\nafroamerikkala&hellip;<\/p>\n","protected":false},"author":158,"featured_media":0,"comment_status":"open","ping_status":"open","sticky":false,"template":"","format":"standard","meta":{"_acf_changed":false,"asauth_required_access_level":0,"asauth_cansharepaid":"","om_header_attributes":[],"footnotes":"","om_featured_image_focal_point":[],"om_primary_tag":0,"om_contributors":[],"om_co_authors":[],"beyondwords_generate_audio":"","beyondwords_project_id":"","beyondwords_content_id":"","beyondwords_preview_token":"","beyondwords_player_content":"","beyondwords_player_style":"","beyondwords_language_code":"","beyondwords_language_id":"","beyondwords_title_voice_id":"","beyondwords_body_voice_id":"","beyondwords_summary_voice_id":"","beyondwords_error_message":"","beyondwords_disabled":"","beyondwords_delete_content":"","beyondwords_podcast_id":"","beyondwords_hash":"","publish_post_to_speechkit":"","speechkit_hash":"","speechkit_generate_audio":"","speechkit_project_id":"","speechkit_podcast_id":"","speechkit_error_message":"","speechkit_disabled":"","speechkit_access_key":"","speechkit_error":"","speechkit_info":"","speechkit_response":"","speechkit_retries":"","speechkit_status":"","speechkit_updated_at":"","_speechkit_link":"","_speechkit_text":""},"categories":[1],"tags":[92,279,280,30,281],"class_list":["post-74","post","type-post","status-publish","format-standard","hentry","category-americana","tag-afroamerikkalaiset","tag-cpac","tag-rasismi","tag-republikaanit","tag-rotu"],"om_views":null,"acf":{"tuuma_off":false,"tuuma_kysymys":"","tuuma_vastaus":""},"asauth":{"required_access_level":1,"share_token":"","is_paid":false},"yoast_head":"<!-- This site is optimized with the Yoast SEO plugin v26.4 - https:\/\/yoast.com\/wordpress\/plugins\/seo\/ -->\n<title>Rotu ja republikaanit: oops! - Americana<\/title>\n<meta name=\"robots\" content=\"noindex, follow\" \/>\n<meta property=\"og:locale\" content=\"fi_FI\" \/>\n<meta property=\"og:type\" content=\"article\" \/>\n<meta property=\"og:title\" content=\"Rotu ja republikaanit: oops! - Americana\" \/>\n<meta property=\"og:description\" content=\"Jos republikaanit haluavat houkutella afroamerikkalaisia \u00e4\u00e4nest\u00e4ji\u00e4, heid\u00e4n ei ehk\u00e4 kannattaisi p\u00e4\u00e4st\u00e4\u00e4 rasisteja kaappaamaan keskustelua v\u00e4hemmist\u00f6jen rekrytoinnista. Viime vaalien ehk\u00e4 keskeisin tarina liittyi rotuun ja amerikkalaiseen puoluekentt\u00e4\u00e4n. Marraskuussa 93 prosenttia afroamerikkala&hellip;\" \/>\n<meta property=\"og:url\" content=\"https:\/\/suomenkuvalehti.fi\/americana\/rotu-ja-republikaanit-oops\/\" \/>\n<meta property=\"og:site_name\" content=\"Americana\" \/>\n<meta property=\"article:published_time\" content=\"2013-03-16T15:37:01+00:00\" \/>\n<meta property=\"article:modified_time\" content=\"2013-11-30T14:22:01+00:00\" \/>\n<meta property=\"og:image\" content=\"https:\/\/suomenkuvalehti.fi\/americana\/wp-content\/uploads\/sites\/10\/2022\/04\/americana_maunula-scaled.jpg\" \/>\n\t<meta property=\"og:image:width\" content=\"2560\" \/>\n\t<meta property=\"og:image:height\" content=\"1706\" \/>\n\t<meta property=\"og:image:type\" content=\"image\/jpeg\" \/>\n<meta name=\"author\" content=\"Marko Maunula\" \/>\n<meta name=\"twitter:card\" content=\"summary_large_image\" \/>\n<meta name=\"twitter:label1\" content=\"Written by\" \/>\n\t<meta name=\"twitter:data1\" content=\"Marko Maunula\" \/>\n\t<meta name=\"twitter:label2\" content=\"Est. reading time\" \/>\n\t<meta name=\"twitter:data2\" content=\"1 minuutti\" \/>\n<script type=\"application\/ld+json\" class=\"yoast-schema-graph\">{\"@context\":\"https:\/\/schema.org\",\"@graph\":[{\"@type\":\"WebPage\",\"@id\":\"https:\/\/suomenkuvalehti.fi\/americana\/rotu-ja-republikaanit-oops\/\",\"url\":\"https:\/\/suomenkuvalehti.fi\/americana\/rotu-ja-republikaanit-oops\/\",\"name\":\"Rotu ja republikaanit: oops! - Americana\",\"isPartOf\":{\"@id\":\"https:\/\/suomenkuvalehti.fi\/americana\/#website\"},\"datePublished\":\"2013-03-16T15:37:01+00:00\",\"dateModified\":\"2013-11-30T14:22:01+00:00\",\"author\":{\"@id\":\"https:\/\/suomenkuvalehti.fi\/americana\/#\/schema\/person\/12d514491cb37506bc39c8e10176c3ec\"},\"breadcrumb\":{\"@id\":\"https:\/\/suomenkuvalehti.fi\/americana\/rotu-ja-republikaanit-oops\/#breadcrumb\"},\"inLanguage\":\"fi\",\"potentialAction\":[{\"@type\":\"ReadAction\",\"target\":[\"https:\/\/suomenkuvalehti.fi\/americana\/rotu-ja-republikaanit-oops\/\"]}]},{\"@type\":\"BreadcrumbList\",\"@id\":\"https:\/\/suomenkuvalehti.fi\/americana\/rotu-ja-republikaanit-oops\/#breadcrumb\",\"itemListElement\":[{\"@type\":\"ListItem\",\"position\":1,\"name\":\"Home\",\"item\":\"https:\/\/suomenkuvalehti.fi\/americana\/\"},{\"@type\":\"ListItem\",\"position\":2,\"name\":\"Rotu ja republikaanit: oops!\"}]},{\"@type\":\"WebSite\",\"@id\":\"https:\/\/suomenkuvalehti.fi\/americana\/#website\",\"url\":\"https:\/\/suomenkuvalehti.fi\/americana\/\",\"name\":\"Americana\",\"description\":\"Professori Marko Maunula seuraa USA:n politiikkaa ja populaarikulttuuria\",\"potentialAction\":[{\"@type\":\"SearchAction\",\"target\":{\"@type\":\"EntryPoint\",\"urlTemplate\":\"https:\/\/suomenkuvalehti.fi\/haku\/?q={search_term_string}\"},\"query-input\":{\"@type\":\"PropertyValueSpecification\",\"valueRequired\":true,\"valueName\":\"search_term_string\"}}],\"inLanguage\":\"fi\"},{\"@type\":\"Person\",\"@id\":\"https:\/\/suomenkuvalehti.fi\/americana\/#\/schema\/person\/12d514491cb37506bc39c8e10176c3ec\",\"name\":\"Marko Maunula\",\"image\":{\"@type\":\"ImageObject\",\"inLanguage\":\"fi\",\"@id\":\"https:\/\/suomenkuvalehti.fi\/americana\/#\/schema\/person\/image\/\",\"url\":\"https:\/\/suomenkuvalehti.fi\/americana\/wp-content\/uploads\/sites\/10\/2022\/04\/americana_maunula-150x150.jpg\",\"contentUrl\":\"https:\/\/suomenkuvalehti.fi\/americana\/wp-content\/uploads\/sites\/10\/2022\/04\/americana_maunula-150x150.jpg\",\"caption\":\"Marko Maunula\"},\"description\":\"Kirjoittaja on Yhdysvaltain historian professori Atlantassa.\"}]}<\/script>\n<!-- \/ Yoast SEO plugin. -->","yoast_head_json":{"title":"Rotu ja republikaanit: oops! - Americana","robots":{"index":"noindex","follow":"follow"},"og_locale":"fi_FI","og_type":"article","og_title":"Rotu ja republikaanit: oops! - Americana","og_description":"Jos republikaanit haluavat houkutella afroamerikkalaisia \u00e4\u00e4nest\u00e4ji\u00e4, heid\u00e4n ei ehk\u00e4 kannattaisi p\u00e4\u00e4st\u00e4\u00e4 rasisteja kaappaamaan keskustelua v\u00e4hemmist\u00f6jen rekrytoinnista. Viime vaalien ehk\u00e4 keskeisin tarina liittyi rotuun ja amerikkalaiseen puoluekentt\u00e4\u00e4n. Marraskuussa 93 prosenttia afroamerikkala&hellip;","og_url":"https:\/\/suomenkuvalehti.fi\/americana\/rotu-ja-republikaanit-oops\/","og_site_name":"Americana","article_published_time":"2013-03-16T15:37:01+00:00","article_modified_time":"2013-11-30T14:22:01+00:00","og_image":[{"width":2560,"height":1706,"url":"https:\/\/suomenkuvalehti.fi\/americana\/wp-content\/uploads\/sites\/10\/2022\/04\/americana_maunula-scaled.jpg","type":"image\/jpeg"}],"author":"Marko Maunula","twitter_card":"summary_large_image","twitter_misc":{"Written by":"Marko Maunula","Est. reading time":"1 minuutti"},"schema":{"@context":"https:\/\/schema.org","@graph":[{"@type":"WebPage","@id":"https:\/\/suomenkuvalehti.fi\/americana\/rotu-ja-republikaanit-oops\/","url":"https:\/\/suomenkuvalehti.fi\/americana\/rotu-ja-republikaanit-oops\/","name":"Rotu ja republikaanit: oops! - Americana","isPartOf":{"@id":"https:\/\/suomenkuvalehti.fi\/americana\/#website"},"datePublished":"2013-03-16T15:37:01+00:00","dateModified":"2013-11-30T14:22:01+00:00","author":{"@id":"https:\/\/suomenkuvalehti.fi\/americana\/#\/schema\/person\/12d514491cb37506bc39c8e10176c3ec"},"breadcrumb":{"@id":"https:\/\/suomenkuvalehti.fi\/americana\/rotu-ja-republikaanit-oops\/#breadcrumb"},"inLanguage":"fi","potentialAction":[{"@type":"ReadAction","target":["https:\/\/suomenkuvalehti.fi\/americana\/rotu-ja-republikaanit-oops\/"]}]},{"@type":"BreadcrumbList","@id":"https:\/\/suomenkuvalehti.fi\/americana\/rotu-ja-republikaanit-oops\/#breadcrumb","itemListElement":[{"@type":"ListItem","position":1,"name":"Home","item":"https:\/\/suomenkuvalehti.fi\/americana\/"},{"@type":"ListItem","position":2,"name":"Rotu ja republikaanit: oops!"}]},{"@type":"WebSite","@id":"https:\/\/suomenkuvalehti.fi\/americana\/#website","url":"https:\/\/suomenkuvalehti.fi\/americana\/","name":"Americana","description":"Professori Marko Maunula seuraa USA:n politiikkaa ja populaarikulttuuria","potentialAction":[{"@type":"SearchAction","target":{"@type":"EntryPoint","urlTemplate":"https:\/\/suomenkuvalehti.fi\/haku\/?q={search_term_string}"},"query-input":{"@type":"PropertyValueSpecification","valueRequired":true,"valueName":"search_term_string"}}],"inLanguage":"fi"},{"@type":"Person","@id":"https:\/\/suomenkuvalehti.fi\/americana\/#\/schema\/person\/12d514491cb37506bc39c8e10176c3ec","name":"Marko Maunula","image":{"@type":"ImageObject","inLanguage":"fi","@id":"https:\/\/suomenkuvalehti.fi\/americana\/#\/schema\/person\/image\/","url":"https:\/\/suomenkuvalehti.fi\/americana\/wp-content\/uploads\/sites\/10\/2022\/04\/americana_maunula-150x150.jpg","contentUrl":"https:\/\/suomenkuvalehti.fi\/americana\/wp-content\/uploads\/sites\/10\/2022\/04\/americana_maunula-150x150.jpg","caption":"Marko Maunula"},"description":"Kirjoittaja on Yhdysvaltain historian professori Atlantassa."}]}},"_links":{"self":[{"href":"https:\/\/suomenkuvalehti.fi\/americana\/wp-json\/wp\/v2\/posts\/74","targetHints":{"allow":["GET"]}}],"collection":[{"href":"https:\/\/suomenkuvalehti.fi\/americana\/wp-json\/wp\/v2\/posts"}],"about":[{"href":"https:\/\/suomenkuvalehti.fi\/americana\/wp-json\/wp\/v2\/types\/post"}],"author":[{"embeddable":true,"href":"https:\/\/suomenkuvalehti.fi\/americana\/wp-json\/wp\/v2\/users\/158"}],"replies":[{"embeddable":true,"href":"https:\/\/suomenkuvalehti.fi\/americana\/wp-json\/wp\/v2\/comments?post=74"}],"version-history":[{"count":1,"href":"https:\/\/suomenkuvalehti.fi\/americana\/wp-json\/wp\/v2\/posts\/74\/revisions"}],"predecessor-version":[{"id":206,"href":"https:\/\/suomenkuvalehti.fi\/americana\/wp-json\/wp\/v2\/posts\/74\/revisions\/206"}],"wp:attachment":[{"href":"https:\/\/suomenkuvalehti.fi\/americana\/wp-json\/wp\/v2\/media?parent=74"}],"wp:term":[{"taxonomy":"category","embeddable":true,"href":"https:\/\/suomenkuvalehti.fi\/americana\/wp-json\/wp\/v2\/categories?post=74"},{"taxonomy":"post_tag","embeddable":true,"href":"https:\/\/suomenkuvalehti.fi\/americana\/wp-json\/wp\/v2\/tags?post=74"}],"curies":[{"name":"wp","href":"https:\/\/api.w.org\/{rel}","templated":true}]}}