{"id":7310,"date":"2024-03-27T17:41:13","date_gmt":"2024-03-27T15:41:13","guid":{"rendered":"https:\/\/suomenkuvalehti.fi\/americana\/?p=7310"},"modified":"2024-03-27T17:41:15","modified_gmt":"2024-03-27T15:41:15","slug":"uutiskanavan-rekrytointi-aiheutti-mediamyrskyn-paatos-peruttiin-alle-viikossa","status":"publish","type":"post","link":"https:\/\/suomenkuvalehti.fi\/americana\/uutiskanavan-rekrytointi-aiheutti-mediamyrskyn-paatos-peruttiin-alle-viikossa\/","title":{"rendered":"Uutiskanavan rekrytointi aiheutti mediamyrskyn \u2013 p\u00e4\u00e4t\u00f6s peruttiin alle viikossa"},"content":{"rendered":"\n<p><span class=\"capitalized\">NBC News<\/span> ilmoitti perjantaina 22. maaliskuuta palkanneensa republikaanisen puolueen hiljattain eronneen kansallisen komitean johtaja <strong>Ronna McDanielin<\/strong> poliittiseksi kommentaattorikseen. P\u00e4\u00e4t\u00f6s johti myrskyyn niin talon sis\u00e4ll\u00e4 kuin laajemmissakin mediapiireiss\u00e4.<\/p>\n\n\n\n<p>Monet NBC-perheen politiikan toimittajat <a href=\"https:\/\/apnews.com\/article\/nbc-news-mcdaniel-todd-election-fraud-683aa560f0824725023dacde0f504ad6\">kritisoivat p\u00e4\u00e4t\u00f6st\u00e4 k\u00e4rkev\u00e4sti<\/a>. Kanavan kirkkaimmat t\u00e4hdet eiv\u00e4t halunneet vuoden 2020 vaalituloksen kielt\u00e4neen ja sen kumoamista aktiivisesti yritt\u00e4neen operoijan liittyv\u00e4n heid\u00e4n riveihins\u00e4.<\/p>\n\n\n\n<p>McDaniel ei kest\u00e4nyt edes koko viikkoa. Tiistaina 26. maaliskuuta NBC News ilmoitti <a href=\"https:\/\/www.cnn.com\/2024\/03\/26\/media\/nbc-news-ousts-ronna-mcdaniel\/index.html\">peruvansa McDanielin palkkaamisen<\/a>.<\/p>\n\n\n\n<p><\/p>\n\n\n\n<p><span class=\"capitalized\">Amerikkalainen<\/span> media kaipaa uskottavia, \u00e4lykk\u00e4it\u00e4, faktoihin pohjautuvassa maailmassa asuvia konservatiivisia kommentaattoreita. <strong>Jonah Goldbergin<\/strong> ja <strong>Reihan Salamin<\/strong> kaltaiset hyvin informoidut sek\u00e4 sivistyneet politiikan tarkkailijat rikastavat mediaa sek\u00e4 julkista keskustelua.<\/p>\n\n\n\n<p>NBC Newsin johto todenn\u00e4k\u00f6isesti halusi saada riveihins\u00e4 salonkikelpoisen trumpistin valistamaan katsojia t\u00e4m\u00e4n maailmankuvan sis\u00e4isest\u00e4 logiikasta sek\u00e4 trumpistien strategisesta ajattelusta. McDaniel oli avainasemassa puolueen muokkaamisessa <strong>Donald Trumpin<\/strong> k\u00e4sikassaraksi.<\/p>\n\n\n\n<p><\/p>\n\n\n\n<p><span class=\"capitalized\">Nyt<\/span> NBC Newsin johto n\u00e4ytt\u00e4\u00e4 heikolta, ja kanava sai mustan silm\u00e4n. Olisin yll\u00e4ttynyt, jos McDaniel ei keskustelisi jupakasta asianajajiensa kanssa.<\/p>\n\n\n\n<p>Tapaus McDaniel osoittaa j\u00e4lleen kuinka hienovarainen ero ymm\u00e4rt\u00e4misen ja hyv\u00e4ksymisen v\u00e4lill\u00e4 oikeasti on. McDaniel oli er\u00e4s trumpilaisen vallankaappausyrityksen keskeisi\u00e4 operaattoreita. NBC Newsin toimittajat n\u00e4kiv\u00e4t McDanielsin palkkaamisen demokratian vastaisen toiminnan normalisointina ja jopa palkitsemisena.<\/p>\n\n\n\n<p><\/p>\n\n\n\n<p><em>Soundtrack: The Who, Let\u2019s See Action<\/em><\/p>\n\n\n\n<figure class=\"wp-block-embed is-type-video is-provider-youtube wp-block-embed-youtube wp-embed-aspect-4-3 wp-has-aspect-ratio\"><div class=\"wp-block-embed__wrapper\">\n<iframe loading=\"lazy\" title=\"The Who - Let&#039;s See Action\" width=\"472\" height=\"354\" src=\"https:\/\/www.youtube.com\/embed\/5yGLB9fvu3w?feature=oembed\" frameborder=\"0\" allow=\"accelerometer; autoplay; clipboard-write; encrypted-media; gyroscope; picture-in-picture; web-share\" referrerpolicy=\"strict-origin-when-cross-origin\" allowfullscreen><\/iframe>\n<\/div><\/figure>\n","protected":false},"excerpt":{"rendered":"<p>Ronna McDanielin tapaus testaa trumpismin normalisoinnin rajoja.<\/p>\n","protected":false},"author":158,"featured_media":0,"comment_status":"open","ping_status":"open","sticky":false,"template":"","format":"standard","meta":{"_acf_changed":false,"asauth_required_access_level":3,"asauth_cansharepaid":"true","om_header_attributes":[],"footnotes":"","om_featured_image_focal_point":[],"om_primary_tag":2240,"om_contributors":[{"id":"author-override","type":"fixed","role":"Kirjoittajan yliajo","name":""},{"id":"photographer","type":"fixed","role":"Kuvat","name":""}],"om_co_authors":[],"beyondwords_generate_audio":"","beyondwords_project_id":"","beyondwords_content_id":"","beyondwords_preview_token":"","beyondwords_player_content":"","beyondwords_player_style":"","beyondwords_language_code":"","beyondwords_language_id":"","beyondwords_title_voice_id":"","beyondwords_body_voice_id":"","beyondwords_summary_voice_id":"","beyondwords_error_message":"","beyondwords_disabled":"","beyondwords_delete_content":"","beyondwords_podcast_id":"","beyondwords_hash":"","publish_post_to_speechkit":"","speechkit_hash":"","speechkit_generate_audio":"","speechkit_project_id":"","speechkit_podcast_id":"","speechkit_error_message":"","speechkit_disabled":"","speechkit_access_key":"","speechkit_error":"","speechkit_info":"","speechkit_response":"","speechkit_retries":"","speechkit_status":"","speechkit_updated_at":"","_speechkit_link":"","_speechkit_text":""},"categories":[1],"tags":[2442,2441,2240],"class_list":["post-7310","post","type-post","status-publish","format-standard","hentry","category-americana","tag-nbc-news","tag-ronna-mcdaniel","tag-trumpismi"],"om_views":null,"acf":{"tuuma_off":false,"tuuma_kysymys":"","tuuma_vastaus":""},"asauth":{"required_access_level":1,"share_token":"","is_paid":false},"yoast_head":"<!-- This site is optimized with the Yoast SEO plugin v26.4 - https:\/\/yoast.com\/wordpress\/plugins\/seo\/ -->\n<title>Uutiskanavan rekrytointi aiheutti mediamyrskyn \u2013 p\u00e4\u00e4t\u00f6s peruttiin alle viikossa - Americana<\/title>\n<meta name=\"description\" content=\"Ronna McDanielin tapaus testaa trumpismin normalisoinnin rajoja, kirjoittaa Yhdysvaltain historian professori Marko Maunula.\" \/>\n<meta name=\"robots\" content=\"noindex, follow\" \/>\n<meta property=\"og:locale\" content=\"fi_FI\" \/>\n<meta property=\"og:type\" content=\"article\" \/>\n<meta property=\"og:title\" content=\"Uutiskanavan rekrytointi aiheutti mediamyrskyn \u2013 p\u00e4\u00e4t\u00f6s peruttiin alle viikossa - Americana\" \/>\n<meta property=\"og:description\" content=\"Ronna McDanielin tapaus testaa trumpismin normalisoinnin rajoja, kirjoittaa Yhdysvaltain historian professori Marko Maunula.\" \/>\n<meta property=\"og:url\" content=\"https:\/\/suomenkuvalehti.fi\/americana\/uutiskanavan-rekrytointi-aiheutti-mediamyrskyn-paatos-peruttiin-alle-viikossa\/\" \/>\n<meta property=\"og:site_name\" content=\"Americana\" \/>\n<meta property=\"article:published_time\" content=\"2024-03-27T15:41:13+00:00\" \/>\n<meta property=\"article:modified_time\" content=\"2024-03-27T15:41:15+00:00\" \/>\n<meta property=\"og:image\" content=\"https:\/\/suomenkuvalehti.fi\/americana\/wp-content\/uploads\/sites\/10\/2022\/04\/americana_maunula-scaled.jpg\" \/>\n\t<meta property=\"og:image:width\" content=\"2560\" \/>\n\t<meta property=\"og:image:height\" content=\"1706\" \/>\n\t<meta property=\"og:image:type\" content=\"image\/jpeg\" \/>\n<meta name=\"author\" content=\"Marko Maunula\" \/>\n<meta name=\"twitter:card\" content=\"summary_large_image\" \/>\n<meta name=\"twitter:label1\" content=\"Written by\" \/>\n\t<meta name=\"twitter:data1\" content=\"Marko Maunula\" \/>\n\t<meta name=\"twitter:label2\" content=\"Est. reading time\" \/>\n\t<meta name=\"twitter:data2\" content=\"2 minuuttia\" \/>\n<script type=\"application\/ld+json\" class=\"yoast-schema-graph\">{\"@context\":\"https:\/\/schema.org\",\"@graph\":[{\"@type\":\"WebPage\",\"@id\":\"https:\/\/suomenkuvalehti.fi\/americana\/uutiskanavan-rekrytointi-aiheutti-mediamyrskyn-paatos-peruttiin-alle-viikossa\/\",\"url\":\"https:\/\/suomenkuvalehti.fi\/americana\/uutiskanavan-rekrytointi-aiheutti-mediamyrskyn-paatos-peruttiin-alle-viikossa\/\",\"name\":\"Uutiskanavan rekrytointi aiheutti mediamyrskyn \u2013 p\u00e4\u00e4t\u00f6s peruttiin alle viikossa - Americana\",\"isPartOf\":{\"@id\":\"https:\/\/suomenkuvalehti.fi\/americana\/#website\"},\"datePublished\":\"2024-03-27T15:41:13+00:00\",\"dateModified\":\"2024-03-27T15:41:15+00:00\",\"author\":{\"@id\":\"https:\/\/suomenkuvalehti.fi\/americana\/#\/schema\/person\/12d514491cb37506bc39c8e10176c3ec\"},\"description\":\"Ronna McDanielin tapaus testaa trumpismin normalisoinnin rajoja, kirjoittaa Yhdysvaltain historian professori Marko Maunula.\",\"breadcrumb\":{\"@id\":\"https:\/\/suomenkuvalehti.fi\/americana\/uutiskanavan-rekrytointi-aiheutti-mediamyrskyn-paatos-peruttiin-alle-viikossa\/#breadcrumb\"},\"inLanguage\":\"fi\",\"potentialAction\":[{\"@type\":\"ReadAction\",\"target\":[\"https:\/\/suomenkuvalehti.fi\/americana\/uutiskanavan-rekrytointi-aiheutti-mediamyrskyn-paatos-peruttiin-alle-viikossa\/\"]}]},{\"@type\":\"BreadcrumbList\",\"@id\":\"https:\/\/suomenkuvalehti.fi\/americana\/uutiskanavan-rekrytointi-aiheutti-mediamyrskyn-paatos-peruttiin-alle-viikossa\/#breadcrumb\",\"itemListElement\":[{\"@type\":\"ListItem\",\"position\":1,\"name\":\"Home\",\"item\":\"https:\/\/suomenkuvalehti.fi\/americana\/\"},{\"@type\":\"ListItem\",\"position\":2,\"name\":\"Uutiskanavan rekrytointi aiheutti mediamyrskyn \u2013 p\u00e4\u00e4t\u00f6s peruttiin alle viikossa\"}]},{\"@type\":\"WebSite\",\"@id\":\"https:\/\/suomenkuvalehti.fi\/americana\/#website\",\"url\":\"https:\/\/suomenkuvalehti.fi\/americana\/\",\"name\":\"Americana\",\"description\":\"Professori Marko Maunula seuraa USA:n politiikkaa ja populaarikulttuuria\",\"potentialAction\":[{\"@type\":\"SearchAction\",\"target\":{\"@type\":\"EntryPoint\",\"urlTemplate\":\"https:\/\/suomenkuvalehti.fi\/haku\/?q={search_term_string}\"},\"query-input\":{\"@type\":\"PropertyValueSpecification\",\"valueRequired\":true,\"valueName\":\"search_term_string\"}}],\"inLanguage\":\"fi\"},{\"@type\":\"Person\",\"@id\":\"https:\/\/suomenkuvalehti.fi\/americana\/#\/schema\/person\/12d514491cb37506bc39c8e10176c3ec\",\"name\":\"Marko Maunula\",\"image\":{\"@type\":\"ImageObject\",\"inLanguage\":\"fi\",\"@id\":\"https:\/\/suomenkuvalehti.fi\/americana\/#\/schema\/person\/image\/\",\"url\":\"https:\/\/suomenkuvalehti.fi\/americana\/wp-content\/uploads\/sites\/10\/2022\/04\/americana_maunula-150x150.jpg\",\"contentUrl\":\"https:\/\/suomenkuvalehti.fi\/americana\/wp-content\/uploads\/sites\/10\/2022\/04\/americana_maunula-150x150.jpg\",\"caption\":\"Marko Maunula\"},\"description\":\"Kirjoittaja on Yhdysvaltain historian professori Atlantassa.\"}]}<\/script>\n<!-- \/ Yoast SEO plugin. -->","yoast_head_json":{"title":"Uutiskanavan rekrytointi aiheutti mediamyrskyn \u2013 p\u00e4\u00e4t\u00f6s peruttiin alle viikossa - Americana","description":"Ronna McDanielin tapaus testaa trumpismin normalisoinnin rajoja, kirjoittaa Yhdysvaltain historian professori Marko Maunula.","robots":{"index":"noindex","follow":"follow"},"og_locale":"fi_FI","og_type":"article","og_title":"Uutiskanavan rekrytointi aiheutti mediamyrskyn \u2013 p\u00e4\u00e4t\u00f6s peruttiin alle viikossa - Americana","og_description":"Ronna McDanielin tapaus testaa trumpismin normalisoinnin rajoja, kirjoittaa Yhdysvaltain historian professori Marko Maunula.","og_url":"https:\/\/suomenkuvalehti.fi\/americana\/uutiskanavan-rekrytointi-aiheutti-mediamyrskyn-paatos-peruttiin-alle-viikossa\/","og_site_name":"Americana","article_published_time":"2024-03-27T15:41:13+00:00","article_modified_time":"2024-03-27T15:41:15+00:00","og_image":[{"width":2560,"height":1706,"url":"https:\/\/suomenkuvalehti.fi\/americana\/wp-content\/uploads\/sites\/10\/2022\/04\/americana_maunula-scaled.jpg","type":"image\/jpeg"}],"author":"Marko Maunula","twitter_card":"summary_large_image","twitter_misc":{"Written by":"Marko Maunula","Est. reading time":"2 minuuttia"},"schema":{"@context":"https:\/\/schema.org","@graph":[{"@type":"WebPage","@id":"https:\/\/suomenkuvalehti.fi\/americana\/uutiskanavan-rekrytointi-aiheutti-mediamyrskyn-paatos-peruttiin-alle-viikossa\/","url":"https:\/\/suomenkuvalehti.fi\/americana\/uutiskanavan-rekrytointi-aiheutti-mediamyrskyn-paatos-peruttiin-alle-viikossa\/","name":"Uutiskanavan rekrytointi aiheutti mediamyrskyn \u2013 p\u00e4\u00e4t\u00f6s peruttiin alle viikossa - Americana","isPartOf":{"@id":"https:\/\/suomenkuvalehti.fi\/americana\/#website"},"datePublished":"2024-03-27T15:41:13+00:00","dateModified":"2024-03-27T15:41:15+00:00","author":{"@id":"https:\/\/suomenkuvalehti.fi\/americana\/#\/schema\/person\/12d514491cb37506bc39c8e10176c3ec"},"description":"Ronna McDanielin tapaus testaa trumpismin normalisoinnin rajoja, kirjoittaa Yhdysvaltain historian professori Marko Maunula.","breadcrumb":{"@id":"https:\/\/suomenkuvalehti.fi\/americana\/uutiskanavan-rekrytointi-aiheutti-mediamyrskyn-paatos-peruttiin-alle-viikossa\/#breadcrumb"},"inLanguage":"fi","potentialAction":[{"@type":"ReadAction","target":["https:\/\/suomenkuvalehti.fi\/americana\/uutiskanavan-rekrytointi-aiheutti-mediamyrskyn-paatos-peruttiin-alle-viikossa\/"]}]},{"@type":"BreadcrumbList","@id":"https:\/\/suomenkuvalehti.fi\/americana\/uutiskanavan-rekrytointi-aiheutti-mediamyrskyn-paatos-peruttiin-alle-viikossa\/#breadcrumb","itemListElement":[{"@type":"ListItem","position":1,"name":"Home","item":"https:\/\/suomenkuvalehti.fi\/americana\/"},{"@type":"ListItem","position":2,"name":"Uutiskanavan rekrytointi aiheutti mediamyrskyn \u2013 p\u00e4\u00e4t\u00f6s peruttiin alle viikossa"}]},{"@type":"WebSite","@id":"https:\/\/suomenkuvalehti.fi\/americana\/#website","url":"https:\/\/suomenkuvalehti.fi\/americana\/","name":"Americana","description":"Professori Marko Maunula seuraa USA:n politiikkaa ja populaarikulttuuria","potentialAction":[{"@type":"SearchAction","target":{"@type":"EntryPoint","urlTemplate":"https:\/\/suomenkuvalehti.fi\/haku\/?q={search_term_string}"},"query-input":{"@type":"PropertyValueSpecification","valueRequired":true,"valueName":"search_term_string"}}],"inLanguage":"fi"},{"@type":"Person","@id":"https:\/\/suomenkuvalehti.fi\/americana\/#\/schema\/person\/12d514491cb37506bc39c8e10176c3ec","name":"Marko Maunula","image":{"@type":"ImageObject","inLanguage":"fi","@id":"https:\/\/suomenkuvalehti.fi\/americana\/#\/schema\/person\/image\/","url":"https:\/\/suomenkuvalehti.fi\/americana\/wp-content\/uploads\/sites\/10\/2022\/04\/americana_maunula-150x150.jpg","contentUrl":"https:\/\/suomenkuvalehti.fi\/americana\/wp-content\/uploads\/sites\/10\/2022\/04\/americana_maunula-150x150.jpg","caption":"Marko Maunula"},"description":"Kirjoittaja on Yhdysvaltain historian professori Atlantassa."}]}},"_links":{"self":[{"href":"https:\/\/suomenkuvalehti.fi\/americana\/wp-json\/wp\/v2\/posts\/7310","targetHints":{"allow":["GET"]}}],"collection":[{"href":"https:\/\/suomenkuvalehti.fi\/americana\/wp-json\/wp\/v2\/posts"}],"about":[{"href":"https:\/\/suomenkuvalehti.fi\/americana\/wp-json\/wp\/v2\/types\/post"}],"author":[{"embeddable":true,"href":"https:\/\/suomenkuvalehti.fi\/americana\/wp-json\/wp\/v2\/users\/158"}],"replies":[{"embeddable":true,"href":"https:\/\/suomenkuvalehti.fi\/americana\/wp-json\/wp\/v2\/comments?post=7310"}],"version-history":[{"count":2,"href":"https:\/\/suomenkuvalehti.fi\/americana\/wp-json\/wp\/v2\/posts\/7310\/revisions"}],"predecessor-version":[{"id":7314,"href":"https:\/\/suomenkuvalehti.fi\/americana\/wp-json\/wp\/v2\/posts\/7310\/revisions\/7314"}],"wp:attachment":[{"href":"https:\/\/suomenkuvalehti.fi\/americana\/wp-json\/wp\/v2\/media?parent=7310"}],"wp:term":[{"taxonomy":"category","embeddable":true,"href":"https:\/\/suomenkuvalehti.fi\/americana\/wp-json\/wp\/v2\/categories?post=7310"},{"taxonomy":"post_tag","embeddable":true,"href":"https:\/\/suomenkuvalehti.fi\/americana\/wp-json\/wp\/v2\/tags?post=7310"}],"curies":[{"name":"wp","href":"https:\/\/api.w.org\/{rel}","templated":true}]}}