{"id":73,"date":"2013-03-18T18:31:20","date_gmt":"2013-03-18T16:31:20","guid":{"rendered":"https:\/\/suomenkuvalehti.fi\/americana\/katastrofi-nimelta-irakin-sota\/"},"modified":"2013-11-30T16:22:01","modified_gmt":"2013-11-30T14:22:01","slug":"katastrofi-nimelta-irakin-sota","status":"publish","type":"post","link":"https:\/\/suomenkuvalehti.fi\/americana\/katastrofi-nimelta-irakin-sota\/","title":{"rendered":"Katastrofi nimelt\u00e4 Irakin sota"},"content":{"rendered":"\n<p>Irakin sodan alkamisesta on kymmenen vuotta. Katastrofin vaikutukset tuntuvat Yhdysvaltojen politiikassa viel\u00e4 kauan.<\/p>\n\n\n\n<p>Kuten kaikki amerikkalaiset, muistan syyskuun 11. p\u00e4iv\u00e4n tapahtumat loppuik\u00e4ni. Muistan pelottavan&nbsp;hiljaisen p\u00e4\u00e4kaupungin p\u00e4iv\u00e4 iskujen j\u00e4lkeen,&nbsp;lentokoneettoman taivaan, ja savupilven Etel\u00e4-Manhattanilla, kun ajoin New Jersey turnpike\u00e4 pitkin kaupunkiin kaksi p\u00e4iv\u00e4\u00e4 tornien romahtamisen j\u00e4lkeen.<\/p>\n\n\n\n<p>Muistan my\u00f6s kansakunnan uskomattoman yhten\u00e4isyyden sek\u00e4 kansainv\u00e4lisen hyv\u00e4n tahdon Yhdysvaltoja kohtaan. Tragediassa oli, kaiken surun ja raivon takana, my\u00f6s lupaus paremmasta. T\u00e4m\u00e4 oli tilaisuus tarkastella maan ulkopolitiikkaa rakentavan kriittisesti, mahdollisuus yhdist\u00e4\u00e4 maailma kamppailuun sek\u00e4 islamisteja ett\u00e4 heit\u00e4 synnytt\u00e4v\u00e4\u00e4 politiikkaa vastaan. Nuoret ihmiset niin Yhdysvalloissa kuin kautta maailman kysyiv\u00e4t, ett\u00e4 mit\u00e4 he voisivat tehd\u00e4 Yhdysvaltojen puolesta.<\/p>\n\n\n\n<p>Pian alkoi sota Afganistanin talibaneja vastaan. Sota oli valitettava, mutta ymm\u00e4rrett\u00e4v\u00e4 operaatio, joka nautti mittavaa tukea niin Yhdysvalloissa kuin ulkomaillakin. Se tarjosi mahdollisuuden <strong>Osama bin Ladenin<\/strong> vangitsemiseen tai eliminointiin ja totalitaarisen talibanin puskemiseen vallasta. Sota syttyi, kun taliban ei suostunut luovuttamaan bin Ladenia ja muita teurastajia oikeuden eteen.<\/p>\n\n\n\n<p>Afganistan unohtui, sill\u00e4 pian <strong>George W. Bushin<\/strong> hallinto ryhtyi propagoimaan sotaa Irakia vastaan. Heti syyskuun 11. p\u00e4iv\u00e4n iskujen j\u00e4lkeen jotkut hallinnossa vaativat tiedustelua etsim\u00e4\u00e4n todisteita Saddamin osallisuudesta terrori-iskuihin. Kun n\u00e4it\u00e4 ei l\u00f6ytynyt, Bush ja h\u00e4nen l\u00e4hipiirins\u00e4 ryhtyiv\u00e4t puhumaan Saddamin joukkotuhoaseista. Sodan vastustajat ja surkean &#8221;todistusaineiston&#8221; kriitikot saivat jatkuvaa lokaa niskaansa. He eiv\u00e4t olleet is\u00e4nmaallisia eiv\u00e4tk\u00e4 v\u00e4litt\u00e4neet Yhdysvaltain turvallisuudesta. Sodan vastustajista tuli moderneja Neville Chamberlaineja ja <strong>Saddam Husseinista<\/strong> uusi <strong>Hitler<\/strong>, joka kaavaili l\u00e4nnen tuhoa.<\/p>\n\n\n\n<p>Lopputulos on valitettavan tuttua tarinaa. Kymmenet tuhannet menettiv\u00e4t henkens\u00e4 sodassa sek\u00e4 sit\u00e4 seuranneessa terrorin aallossa. Irak romahti. Amerikkalaisten me-henki katosi sotaa edelt\u00e4v\u00e4ss\u00e4 poliittisessa tappelussa. Maailman sympatia Yhdysvaltoja kohtaan muuttui sotaisten jenkkien halveksimiseksi. Hallinnon levitt\u00e4m\u00e4t valeet, vankien kidutus sek\u00e4 irakilaisten siviilien ja amerikkalaisten sotilaiden j\u00e4rjett\u00f6m\u00e4t kuolemat tekiv\u00e4t pitk\u00e4\u00e4n kest\u00e4v\u00e4\u00e4 vahinkoa amerikkalaisten maineelle sek\u00e4 sielulle. Edistys Afganistanissa haihtui, kun amerikkalaiset siirsiv\u00e4t joukkonsa ja resurssinsa Irakiin.<\/p>\n\n\n\n<p>Sodan alkamisesta on vasta kymmenen vuotta, ja sodan lopullista historiaa ei ole viel\u00e4 kirjoitettu. Silti, on vaikea n\u00e4hd\u00e4 mit\u00e4\u00e4n tekij\u00f6it\u00e4 l\u00e4hitulevaisuudessa, jotka muuttaisivat sodan t\u00e4m\u00e4nhetkist\u00e4 arviointia. Kyseess\u00e4 on Yhdysvaltain historian traagisin ulkopoliittinen virhe sitten Vietnamin sodan.<\/p>\n\n\n\n<p><em>Soundtrack: Hiljainen hetki Irakin sodassa kuolleiden muistolle.<\/em><\/p>\n\n\n","protected":false},"excerpt":{"rendered":"<p>Irakin sodan alkamisesta on kymmenen vuotta. Katastrofin vaikutukset tuntuvat Yhdysvaltojen politiikassa viel\u00e4 kauan. Kuten kaikki amerikkalaiset, muistan syyskuun 11. p\u00e4iv\u00e4n tapahtumat loppuik\u00e4ni. Muistan pelottavan&nbsp;hiljaisen p\u00e4\u00e4kaupungin p\u00e4iv\u00e4 iskujen j\u00e4lkeen,&nbsp;lentokoneettoman<br \/>\ntaivaan,&hellip;<\/p>\n","protected":false},"author":158,"featured_media":0,"comment_status":"open","ping_status":"open","sticky":false,"template":"","format":"standard","meta":{"_acf_changed":false,"asauth_required_access_level":0,"asauth_cansharepaid":"","om_header_attributes":[],"footnotes":"","om_featured_image_focal_point":[],"om_primary_tag":0,"om_contributors":[],"om_co_authors":[],"beyondwords_generate_audio":"","beyondwords_project_id":"","beyondwords_content_id":"","beyondwords_preview_token":"","beyondwords_player_content":"","beyondwords_player_style":"","beyondwords_language_code":"","beyondwords_language_id":"","beyondwords_title_voice_id":"","beyondwords_body_voice_id":"","beyondwords_summary_voice_id":"","beyondwords_error_message":"","beyondwords_disabled":"","beyondwords_delete_content":"","beyondwords_podcast_id":"","beyondwords_hash":"","publish_post_to_speechkit":"","speechkit_hash":"","speechkit_generate_audio":"","speechkit_project_id":"","speechkit_podcast_id":"","speechkit_error_message":"","speechkit_disabled":"","speechkit_access_key":"","speechkit_error":"","speechkit_info":"","speechkit_response":"","speechkit_retries":"","speechkit_status":"","speechkit_updated_at":"","_speechkit_link":"","_speechkit_text":""},"categories":[1],"tags":[192,278,208,90,24],"class_list":["post-73","post","type-post","status-publish","format-standard","hentry","category-americana","tag-george-w-bush","tag-irak","tag-irakin-sota","tag-vuosipaiva","tag-yhdysvallat"],"om_views":null,"acf":{"tuuma_off":false,"tuuma_kysymys":"","tuuma_vastaus":""},"asauth":{"required_access_level":1,"share_token":"","is_paid":false},"yoast_head":"<!-- This site is optimized with the Yoast SEO plugin v26.4 - https:\/\/yoast.com\/wordpress\/plugins\/seo\/ -->\n<title>Katastrofi nimelt\u00e4 Irakin sota - Americana<\/title>\n<meta name=\"robots\" content=\"noindex, follow\" \/>\n<meta property=\"og:locale\" content=\"fi_FI\" \/>\n<meta property=\"og:type\" content=\"article\" \/>\n<meta property=\"og:title\" content=\"Katastrofi nimelt\u00e4 Irakin sota - Americana\" \/>\n<meta property=\"og:description\" content=\"Irakin sodan alkamisesta on kymmenen vuotta. Katastrofin vaikutukset tuntuvat Yhdysvaltojen politiikassa viel\u00e4 kauan. Kuten kaikki amerikkalaiset, muistan syyskuun 11. p\u00e4iv\u00e4n tapahtumat loppuik\u00e4ni. Muistan pelottavan&nbsp;hiljaisen p\u00e4\u00e4kaupungin p\u00e4iv\u00e4 iskujen j\u00e4lkeen,&nbsp;lentokoneettoman taivaan,&hellip;\" \/>\n<meta property=\"og:url\" content=\"https:\/\/suomenkuvalehti.fi\/americana\/katastrofi-nimelta-irakin-sota\/\" \/>\n<meta property=\"og:site_name\" content=\"Americana\" \/>\n<meta property=\"article:published_time\" content=\"2013-03-18T16:31:20+00:00\" \/>\n<meta property=\"article:modified_time\" content=\"2013-11-30T14:22:01+00:00\" \/>\n<meta property=\"og:image\" content=\"https:\/\/suomenkuvalehti.fi\/americana\/wp-content\/uploads\/sites\/10\/2022\/04\/americana_maunula-scaled.jpg\" \/>\n\t<meta property=\"og:image:width\" content=\"2560\" \/>\n\t<meta property=\"og:image:height\" content=\"1706\" \/>\n\t<meta property=\"og:image:type\" content=\"image\/jpeg\" \/>\n<meta name=\"author\" content=\"Marko Maunula\" \/>\n<meta name=\"twitter:card\" content=\"summary_large_image\" \/>\n<meta name=\"twitter:label1\" content=\"Written by\" \/>\n\t<meta name=\"twitter:data1\" content=\"Marko Maunula\" \/>\n\t<meta name=\"twitter:label2\" content=\"Est. reading time\" \/>\n\t<meta name=\"twitter:data2\" content=\"2 minuuttia\" \/>\n<script type=\"application\/ld+json\" class=\"yoast-schema-graph\">{\"@context\":\"https:\/\/schema.org\",\"@graph\":[{\"@type\":\"WebPage\",\"@id\":\"https:\/\/suomenkuvalehti.fi\/americana\/katastrofi-nimelta-irakin-sota\/\",\"url\":\"https:\/\/suomenkuvalehti.fi\/americana\/katastrofi-nimelta-irakin-sota\/\",\"name\":\"Katastrofi nimelt\u00e4 Irakin sota - Americana\",\"isPartOf\":{\"@id\":\"https:\/\/suomenkuvalehti.fi\/americana\/#website\"},\"datePublished\":\"2013-03-18T16:31:20+00:00\",\"dateModified\":\"2013-11-30T14:22:01+00:00\",\"author\":{\"@id\":\"https:\/\/suomenkuvalehti.fi\/americana\/#\/schema\/person\/12d514491cb37506bc39c8e10176c3ec\"},\"breadcrumb\":{\"@id\":\"https:\/\/suomenkuvalehti.fi\/americana\/katastrofi-nimelta-irakin-sota\/#breadcrumb\"},\"inLanguage\":\"fi\",\"potentialAction\":[{\"@type\":\"ReadAction\",\"target\":[\"https:\/\/suomenkuvalehti.fi\/americana\/katastrofi-nimelta-irakin-sota\/\"]}]},{\"@type\":\"BreadcrumbList\",\"@id\":\"https:\/\/suomenkuvalehti.fi\/americana\/katastrofi-nimelta-irakin-sota\/#breadcrumb\",\"itemListElement\":[{\"@type\":\"ListItem\",\"position\":1,\"name\":\"Home\",\"item\":\"https:\/\/suomenkuvalehti.fi\/americana\/\"},{\"@type\":\"ListItem\",\"position\":2,\"name\":\"Katastrofi nimelt\u00e4 Irakin sota\"}]},{\"@type\":\"WebSite\",\"@id\":\"https:\/\/suomenkuvalehti.fi\/americana\/#website\",\"url\":\"https:\/\/suomenkuvalehti.fi\/americana\/\",\"name\":\"Americana\",\"description\":\"Professori Marko Maunula seuraa USA:n politiikkaa ja populaarikulttuuria\",\"potentialAction\":[{\"@type\":\"SearchAction\",\"target\":{\"@type\":\"EntryPoint\",\"urlTemplate\":\"https:\/\/suomenkuvalehti.fi\/haku\/?q={search_term_string}\"},\"query-input\":{\"@type\":\"PropertyValueSpecification\",\"valueRequired\":true,\"valueName\":\"search_term_string\"}}],\"inLanguage\":\"fi\"},{\"@type\":\"Person\",\"@id\":\"https:\/\/suomenkuvalehti.fi\/americana\/#\/schema\/person\/12d514491cb37506bc39c8e10176c3ec\",\"name\":\"Marko Maunula\",\"image\":{\"@type\":\"ImageObject\",\"inLanguage\":\"fi\",\"@id\":\"https:\/\/suomenkuvalehti.fi\/americana\/#\/schema\/person\/image\/\",\"url\":\"https:\/\/suomenkuvalehti.fi\/americana\/wp-content\/uploads\/sites\/10\/2022\/04\/americana_maunula-150x150.jpg\",\"contentUrl\":\"https:\/\/suomenkuvalehti.fi\/americana\/wp-content\/uploads\/sites\/10\/2022\/04\/americana_maunula-150x150.jpg\",\"caption\":\"Marko Maunula\"},\"description\":\"Kirjoittaja on Yhdysvaltain historian professori Atlantassa.\"}]}<\/script>\n<!-- \/ Yoast SEO plugin. -->","yoast_head_json":{"title":"Katastrofi nimelt\u00e4 Irakin sota - Americana","robots":{"index":"noindex","follow":"follow"},"og_locale":"fi_FI","og_type":"article","og_title":"Katastrofi nimelt\u00e4 Irakin sota - Americana","og_description":"Irakin sodan alkamisesta on kymmenen vuotta. Katastrofin vaikutukset tuntuvat Yhdysvaltojen politiikassa viel\u00e4 kauan. Kuten kaikki amerikkalaiset, muistan syyskuun 11. p\u00e4iv\u00e4n tapahtumat loppuik\u00e4ni. Muistan pelottavan&nbsp;hiljaisen p\u00e4\u00e4kaupungin p\u00e4iv\u00e4 iskujen j\u00e4lkeen,&nbsp;lentokoneettoman taivaan,&hellip;","og_url":"https:\/\/suomenkuvalehti.fi\/americana\/katastrofi-nimelta-irakin-sota\/","og_site_name":"Americana","article_published_time":"2013-03-18T16:31:20+00:00","article_modified_time":"2013-11-30T14:22:01+00:00","og_image":[{"width":2560,"height":1706,"url":"https:\/\/suomenkuvalehti.fi\/americana\/wp-content\/uploads\/sites\/10\/2022\/04\/americana_maunula-scaled.jpg","type":"image\/jpeg"}],"author":"Marko Maunula","twitter_card":"summary_large_image","twitter_misc":{"Written by":"Marko Maunula","Est. reading time":"2 minuuttia"},"schema":{"@context":"https:\/\/schema.org","@graph":[{"@type":"WebPage","@id":"https:\/\/suomenkuvalehti.fi\/americana\/katastrofi-nimelta-irakin-sota\/","url":"https:\/\/suomenkuvalehti.fi\/americana\/katastrofi-nimelta-irakin-sota\/","name":"Katastrofi nimelt\u00e4 Irakin sota - Americana","isPartOf":{"@id":"https:\/\/suomenkuvalehti.fi\/americana\/#website"},"datePublished":"2013-03-18T16:31:20+00:00","dateModified":"2013-11-30T14:22:01+00:00","author":{"@id":"https:\/\/suomenkuvalehti.fi\/americana\/#\/schema\/person\/12d514491cb37506bc39c8e10176c3ec"},"breadcrumb":{"@id":"https:\/\/suomenkuvalehti.fi\/americana\/katastrofi-nimelta-irakin-sota\/#breadcrumb"},"inLanguage":"fi","potentialAction":[{"@type":"ReadAction","target":["https:\/\/suomenkuvalehti.fi\/americana\/katastrofi-nimelta-irakin-sota\/"]}]},{"@type":"BreadcrumbList","@id":"https:\/\/suomenkuvalehti.fi\/americana\/katastrofi-nimelta-irakin-sota\/#breadcrumb","itemListElement":[{"@type":"ListItem","position":1,"name":"Home","item":"https:\/\/suomenkuvalehti.fi\/americana\/"},{"@type":"ListItem","position":2,"name":"Katastrofi nimelt\u00e4 Irakin sota"}]},{"@type":"WebSite","@id":"https:\/\/suomenkuvalehti.fi\/americana\/#website","url":"https:\/\/suomenkuvalehti.fi\/americana\/","name":"Americana","description":"Professori Marko Maunula seuraa USA:n politiikkaa ja populaarikulttuuria","potentialAction":[{"@type":"SearchAction","target":{"@type":"EntryPoint","urlTemplate":"https:\/\/suomenkuvalehti.fi\/haku\/?q={search_term_string}"},"query-input":{"@type":"PropertyValueSpecification","valueRequired":true,"valueName":"search_term_string"}}],"inLanguage":"fi"},{"@type":"Person","@id":"https:\/\/suomenkuvalehti.fi\/americana\/#\/schema\/person\/12d514491cb37506bc39c8e10176c3ec","name":"Marko Maunula","image":{"@type":"ImageObject","inLanguage":"fi","@id":"https:\/\/suomenkuvalehti.fi\/americana\/#\/schema\/person\/image\/","url":"https:\/\/suomenkuvalehti.fi\/americana\/wp-content\/uploads\/sites\/10\/2022\/04\/americana_maunula-150x150.jpg","contentUrl":"https:\/\/suomenkuvalehti.fi\/americana\/wp-content\/uploads\/sites\/10\/2022\/04\/americana_maunula-150x150.jpg","caption":"Marko Maunula"},"description":"Kirjoittaja on Yhdysvaltain historian professori Atlantassa."}]}},"_links":{"self":[{"href":"https:\/\/suomenkuvalehti.fi\/americana\/wp-json\/wp\/v2\/posts\/73","targetHints":{"allow":["GET"]}}],"collection":[{"href":"https:\/\/suomenkuvalehti.fi\/americana\/wp-json\/wp\/v2\/posts"}],"about":[{"href":"https:\/\/suomenkuvalehti.fi\/americana\/wp-json\/wp\/v2\/types\/post"}],"author":[{"embeddable":true,"href":"https:\/\/suomenkuvalehti.fi\/americana\/wp-json\/wp\/v2\/users\/158"}],"replies":[{"embeddable":true,"href":"https:\/\/suomenkuvalehti.fi\/americana\/wp-json\/wp\/v2\/comments?post=73"}],"version-history":[{"count":1,"href":"https:\/\/suomenkuvalehti.fi\/americana\/wp-json\/wp\/v2\/posts\/73\/revisions"}],"predecessor-version":[{"id":205,"href":"https:\/\/suomenkuvalehti.fi\/americana\/wp-json\/wp\/v2\/posts\/73\/revisions\/205"}],"wp:attachment":[{"href":"https:\/\/suomenkuvalehti.fi\/americana\/wp-json\/wp\/v2\/media?parent=73"}],"wp:term":[{"taxonomy":"category","embeddable":true,"href":"https:\/\/suomenkuvalehti.fi\/americana\/wp-json\/wp\/v2\/categories?post=73"},{"taxonomy":"post_tag","embeddable":true,"href":"https:\/\/suomenkuvalehti.fi\/americana\/wp-json\/wp\/v2\/tags?post=73"}],"curies":[{"name":"wp","href":"https:\/\/api.w.org\/{rel}","templated":true}]}}