{"id":729,"date":"2009-08-21T20:14:43","date_gmt":"2009-08-21T17:14:43","guid":{"rendered":"https:\/\/suomenkuvalehti.fi\/americana\/taloustieteilijoiden-puolustuspuhe\/"},"modified":"2013-11-30T16:22:38","modified_gmt":"2013-11-30T14:22:38","slug":"taloustieteilijoiden-puolustuspuhe","status":"publish","type":"post","link":"https:\/\/suomenkuvalehti.fi\/americana\/taloustieteilijoiden-puolustuspuhe\/","title":{"rendered":"Taloustieteilij\u00f6iden puolustuspuhe"},"content":{"rendered":"\n<p>Fed-pomo <strong>Ben Bernanke<\/strong> ennusti taas laman taittumista. Jackson Holen vuosittaisessa taloussymposiumissa puhunut Bernanke povasi, ett\u00e4 l\u00e4hitulevaisuus <a href=\"http:\/\/online.wsj.com\/article\/SB125085771862849199.html\">lupaa varovaa kasvua<\/a>.<\/p>\n\n\n\n<p>Bernanke on varovainen ja kiistattoman <a href=\"http:\/\/en.wikipedia.org\/wiki\/Ben_Bernanke\">nerokas talousmies<\/a>, eli annan itseni varovasti uskoa h\u00e4nen ennustuksiinsa. Itse uskon, ett\u00e4 talousnousu tulee olemaan alueellisesti kirjavaa &#8211; niin <a href=\"http:\/\/www.latimes.com\/business\/la-fi-economy22-2009aug22,0,1933819.story\">Yhdysvaltojen sis\u00e4isesti<\/a> kuin <a href=\"http:\/\/www.isa.org\/InTechTemplate.cfm?Section=Automation_Update1&amp;template=\/ContentManagement\/ContentDisplay.cfm&amp;ContentID=78226\">globaalisestikin<\/a>.<\/p>\n\n\n\n<p>Jos lama todellakin taittuu loppuvuodesta, mit\u00e4 se kertoo nykyisten taloustieteilij\u00f6iden viisaudesta?<\/p>\n\n\n\n<p>Noin kuukausi sitten <em>The Economist <\/em><a href=\"http:\/\/www.economist.com\/displayStory.cfm?story_id=14031376\">valitti kansikuvajutussaan<\/a> taloustieteiden huonoa tasoa. Heid\u00e4n oppinsa veiv\u00e4t maailman ojaan, lehti sanoi. Silti, monetarististen taloustieteilij\u00f6iden virheist\u00e4 huolimatta heid\u00e4n perimm\u00e4inen uskonkappaleensa on virheet\u00f6n.<\/p>\n\n\n\n<p>&#8221;Liian monet, erityisesti Euroopassa, vet\u00e4vat yht\u00e4l\u00e4isyysmerkit taloustieteilij\u00f6iden virheiden ja vapaiden markkinoiden v\u00e4lille. Heid\u00e4n logiikkansa uskoo, ett\u00e4 jos taloustieteilij\u00e4t tekiv\u00e4t virheit\u00e4, politiikot tulevat toimimaan paremmin. T\u00e4m\u00e4 on v\u00e4\u00e4r\u00e4 ja vaarallinen johtop\u00e4\u00e4t\u00f6s.&#8221;<\/p>\n\n\n\n<p>Tyylilleen uskollisesti The Economist (kokonaisuudessaan er\u00e4s maailman parhaita julkaisuja, bloggaajan mielest\u00e4) julisti maailmankuvaansa pomp\u00f6\u00f6sill\u00e4 itsevarmuudella. Mutta ovatko taloustieteilij\u00e4t ammattikuntana todellakin erehtyneet? Ehk\u00e4 kyse on vain <a href=\"http:\/\/en.wikipedia.org\/wiki\/Chicago_School_of_Economics\">Chicagon koulukunnan<\/a> virheist\u00e4?<\/p>\n\n\n\n<p>Mik\u00e4li talous todellakin aloittaa toipumisen jo loppuvuodesta, kyseess\u00e4 on mielest\u00e4ni komea modernin talousj\u00e4rjen saavutus. Keynesil\u00e4inen, valtiovetoinen stimulointi yhdistyneen\u00e4 monetaristiseen korkopolitiikkaan n\u00e4ytt\u00e4\u00e4 toimineen. Jos pahin taantuma sitten 1930-luvun osoittautuu vain reilun vuoden mittaiseksi tuskalliseksi rupeamaksi, Bernanken ja <strong>Obaman<\/strong> taloustiimi ansaitsee mielest\u00e4ni raikuvat aplodit.<\/p>\n\n\n\n<p><em>Soundtrack: H\u00fcsker Du, Afraid of Being Wrong.<\/em><\/p>\n\n\n","protected":false},"excerpt":{"rendered":"<p>Fed-pomo Ben Bernanke ennusti taas laman taittumista. Jackson Holen vuosittaisessa taloussymposiumissa puhunut Bernanke povasi, ett\u00e4 l\u00e4hitulevaisuus lupaa varovaa kasvua. Bernanke on varovainen ja kiistattoman nerokas talousmies, eli annan itseni varovasti uskoa h\u00e4nen ennustuksiinsa. Itse<br \/>\nus&hellip;<\/p>\n","protected":false},"author":158,"featured_media":0,"comment_status":"open","ping_status":"open","sticky":false,"template":"","format":"standard","meta":{"_acf_changed":false,"asauth_required_access_level":0,"asauth_cansharepaid":"","om_header_attributes":[],"footnotes":"","om_featured_image_focal_point":[],"om_primary_tag":0,"om_contributors":[],"om_co_authors":[],"beyondwords_generate_audio":"","beyondwords_project_id":"","beyondwords_content_id":"","beyondwords_preview_token":"","beyondwords_player_content":"","beyondwords_player_style":"","beyondwords_language_code":"","beyondwords_language_id":"","beyondwords_title_voice_id":"","beyondwords_body_voice_id":"","beyondwords_summary_voice_id":"","beyondwords_error_message":"","beyondwords_disabled":"","beyondwords_delete_content":"","beyondwords_podcast_id":"","beyondwords_hash":"","publish_post_to_speechkit":"","speechkit_hash":"","speechkit_generate_audio":"","speechkit_project_id":"","speechkit_podcast_id":"","speechkit_error_message":"","speechkit_disabled":"","speechkit_access_key":"","speechkit_error":"","speechkit_info":"","speechkit_response":"","speechkit_retries":"","speechkit_status":"","speechkit_updated_at":"","_speechkit_link":"","_speechkit_text":""},"categories":[1],"tags":[1277,1344,1192,1269,983,1358,1359],"class_list":["post-729","post","type-post","status-publish","format-standard","hentry","category-americana","tag-ben-bernanke","tag-keynesilaisyys","tag-lama","tag-monetarismi","tag-taloustiede","tag-the-economist","tag-toipuminen"],"om_views":null,"acf":{"tuuma_off":false,"tuuma_kysymys":"","tuuma_vastaus":""},"asauth":{"required_access_level":1,"share_token":"","is_paid":false},"yoast_head":"<!-- This site is optimized with the Yoast SEO plugin v26.4 - https:\/\/yoast.com\/wordpress\/plugins\/seo\/ -->\n<title>Taloustieteilij\u00f6iden puolustuspuhe - Americana<\/title>\n<meta name=\"robots\" content=\"noindex, follow\" \/>\n<meta property=\"og:locale\" content=\"fi_FI\" \/>\n<meta property=\"og:type\" content=\"article\" \/>\n<meta property=\"og:title\" content=\"Taloustieteilij\u00f6iden puolustuspuhe - Americana\" \/>\n<meta property=\"og:description\" content=\"Fed-pomo Ben Bernanke ennusti taas laman taittumista. Jackson Holen vuosittaisessa taloussymposiumissa puhunut Bernanke povasi, ett\u00e4 l\u00e4hitulevaisuus lupaa varovaa kasvua. Bernanke on varovainen ja kiistattoman nerokas talousmies, eli annan itseni varovasti uskoa h\u00e4nen ennustuksiinsa. Itse us&hellip;\" \/>\n<meta property=\"og:url\" content=\"https:\/\/suomenkuvalehti.fi\/americana\/taloustieteilijoiden-puolustuspuhe\/\" \/>\n<meta property=\"og:site_name\" content=\"Americana\" \/>\n<meta property=\"article:published_time\" content=\"2009-08-21T17:14:43+00:00\" \/>\n<meta property=\"article:modified_time\" content=\"2013-11-30T14:22:38+00:00\" \/>\n<meta property=\"og:image\" content=\"https:\/\/suomenkuvalehti.fi\/americana\/wp-content\/uploads\/sites\/10\/2022\/04\/americana_maunula-scaled.jpg\" \/>\n\t<meta property=\"og:image:width\" content=\"2560\" \/>\n\t<meta property=\"og:image:height\" content=\"1706\" \/>\n\t<meta property=\"og:image:type\" content=\"image\/jpeg\" \/>\n<meta name=\"author\" content=\"Marko Maunula\" \/>\n<meta name=\"twitter:card\" content=\"summary_large_image\" \/>\n<meta name=\"twitter:label1\" content=\"Written by\" \/>\n\t<meta name=\"twitter:data1\" content=\"Marko Maunula\" \/>\n\t<meta name=\"twitter:label2\" content=\"Est. reading time\" \/>\n\t<meta name=\"twitter:data2\" content=\"1 minuutti\" \/>\n<script type=\"application\/ld+json\" class=\"yoast-schema-graph\">{\"@context\":\"https:\/\/schema.org\",\"@graph\":[{\"@type\":\"WebPage\",\"@id\":\"https:\/\/suomenkuvalehti.fi\/americana\/taloustieteilijoiden-puolustuspuhe\/\",\"url\":\"https:\/\/suomenkuvalehti.fi\/americana\/taloustieteilijoiden-puolustuspuhe\/\",\"name\":\"Taloustieteilij\u00f6iden puolustuspuhe - Americana\",\"isPartOf\":{\"@id\":\"https:\/\/suomenkuvalehti.fi\/americana\/#website\"},\"datePublished\":\"2009-08-21T17:14:43+00:00\",\"dateModified\":\"2013-11-30T14:22:38+00:00\",\"author\":{\"@id\":\"https:\/\/suomenkuvalehti.fi\/americana\/#\/schema\/person\/12d514491cb37506bc39c8e10176c3ec\"},\"breadcrumb\":{\"@id\":\"https:\/\/suomenkuvalehti.fi\/americana\/taloustieteilijoiden-puolustuspuhe\/#breadcrumb\"},\"inLanguage\":\"fi\",\"potentialAction\":[{\"@type\":\"ReadAction\",\"target\":[\"https:\/\/suomenkuvalehti.fi\/americana\/taloustieteilijoiden-puolustuspuhe\/\"]}]},{\"@type\":\"BreadcrumbList\",\"@id\":\"https:\/\/suomenkuvalehti.fi\/americana\/taloustieteilijoiden-puolustuspuhe\/#breadcrumb\",\"itemListElement\":[{\"@type\":\"ListItem\",\"position\":1,\"name\":\"Home\",\"item\":\"https:\/\/suomenkuvalehti.fi\/americana\/\"},{\"@type\":\"ListItem\",\"position\":2,\"name\":\"Taloustieteilij\u00f6iden puolustuspuhe\"}]},{\"@type\":\"WebSite\",\"@id\":\"https:\/\/suomenkuvalehti.fi\/americana\/#website\",\"url\":\"https:\/\/suomenkuvalehti.fi\/americana\/\",\"name\":\"Americana\",\"description\":\"Professori Marko Maunula seuraa USA:n politiikkaa ja populaarikulttuuria\",\"potentialAction\":[{\"@type\":\"SearchAction\",\"target\":{\"@type\":\"EntryPoint\",\"urlTemplate\":\"https:\/\/suomenkuvalehti.fi\/haku\/?q={search_term_string}\"},\"query-input\":{\"@type\":\"PropertyValueSpecification\",\"valueRequired\":true,\"valueName\":\"search_term_string\"}}],\"inLanguage\":\"fi\"},{\"@type\":\"Person\",\"@id\":\"https:\/\/suomenkuvalehti.fi\/americana\/#\/schema\/person\/12d514491cb37506bc39c8e10176c3ec\",\"name\":\"Marko Maunula\",\"image\":{\"@type\":\"ImageObject\",\"inLanguage\":\"fi\",\"@id\":\"https:\/\/suomenkuvalehti.fi\/americana\/#\/schema\/person\/image\/\",\"url\":\"https:\/\/suomenkuvalehti.fi\/americana\/wp-content\/uploads\/sites\/10\/2022\/04\/americana_maunula-150x150.jpg\",\"contentUrl\":\"https:\/\/suomenkuvalehti.fi\/americana\/wp-content\/uploads\/sites\/10\/2022\/04\/americana_maunula-150x150.jpg\",\"caption\":\"Marko Maunula\"},\"description\":\"Kirjoittaja on Yhdysvaltain historian professori Atlantassa.\"}]}<\/script>\n<!-- \/ Yoast SEO plugin. -->","yoast_head_json":{"title":"Taloustieteilij\u00f6iden puolustuspuhe - Americana","robots":{"index":"noindex","follow":"follow"},"og_locale":"fi_FI","og_type":"article","og_title":"Taloustieteilij\u00f6iden puolustuspuhe - Americana","og_description":"Fed-pomo Ben Bernanke ennusti taas laman taittumista. Jackson Holen vuosittaisessa taloussymposiumissa puhunut Bernanke povasi, ett\u00e4 l\u00e4hitulevaisuus lupaa varovaa kasvua. Bernanke on varovainen ja kiistattoman nerokas talousmies, eli annan itseni varovasti uskoa h\u00e4nen ennustuksiinsa. Itse us&hellip;","og_url":"https:\/\/suomenkuvalehti.fi\/americana\/taloustieteilijoiden-puolustuspuhe\/","og_site_name":"Americana","article_published_time":"2009-08-21T17:14:43+00:00","article_modified_time":"2013-11-30T14:22:38+00:00","og_image":[{"width":2560,"height":1706,"url":"https:\/\/suomenkuvalehti.fi\/americana\/wp-content\/uploads\/sites\/10\/2022\/04\/americana_maunula-scaled.jpg","type":"image\/jpeg"}],"author":"Marko Maunula","twitter_card":"summary_large_image","twitter_misc":{"Written by":"Marko Maunula","Est. reading time":"1 minuutti"},"schema":{"@context":"https:\/\/schema.org","@graph":[{"@type":"WebPage","@id":"https:\/\/suomenkuvalehti.fi\/americana\/taloustieteilijoiden-puolustuspuhe\/","url":"https:\/\/suomenkuvalehti.fi\/americana\/taloustieteilijoiden-puolustuspuhe\/","name":"Taloustieteilij\u00f6iden puolustuspuhe - Americana","isPartOf":{"@id":"https:\/\/suomenkuvalehti.fi\/americana\/#website"},"datePublished":"2009-08-21T17:14:43+00:00","dateModified":"2013-11-30T14:22:38+00:00","author":{"@id":"https:\/\/suomenkuvalehti.fi\/americana\/#\/schema\/person\/12d514491cb37506bc39c8e10176c3ec"},"breadcrumb":{"@id":"https:\/\/suomenkuvalehti.fi\/americana\/taloustieteilijoiden-puolustuspuhe\/#breadcrumb"},"inLanguage":"fi","potentialAction":[{"@type":"ReadAction","target":["https:\/\/suomenkuvalehti.fi\/americana\/taloustieteilijoiden-puolustuspuhe\/"]}]},{"@type":"BreadcrumbList","@id":"https:\/\/suomenkuvalehti.fi\/americana\/taloustieteilijoiden-puolustuspuhe\/#breadcrumb","itemListElement":[{"@type":"ListItem","position":1,"name":"Home","item":"https:\/\/suomenkuvalehti.fi\/americana\/"},{"@type":"ListItem","position":2,"name":"Taloustieteilij\u00f6iden puolustuspuhe"}]},{"@type":"WebSite","@id":"https:\/\/suomenkuvalehti.fi\/americana\/#website","url":"https:\/\/suomenkuvalehti.fi\/americana\/","name":"Americana","description":"Professori Marko Maunula seuraa USA:n politiikkaa ja populaarikulttuuria","potentialAction":[{"@type":"SearchAction","target":{"@type":"EntryPoint","urlTemplate":"https:\/\/suomenkuvalehti.fi\/haku\/?q={search_term_string}"},"query-input":{"@type":"PropertyValueSpecification","valueRequired":true,"valueName":"search_term_string"}}],"inLanguage":"fi"},{"@type":"Person","@id":"https:\/\/suomenkuvalehti.fi\/americana\/#\/schema\/person\/12d514491cb37506bc39c8e10176c3ec","name":"Marko Maunula","image":{"@type":"ImageObject","inLanguage":"fi","@id":"https:\/\/suomenkuvalehti.fi\/americana\/#\/schema\/person\/image\/","url":"https:\/\/suomenkuvalehti.fi\/americana\/wp-content\/uploads\/sites\/10\/2022\/04\/americana_maunula-150x150.jpg","contentUrl":"https:\/\/suomenkuvalehti.fi\/americana\/wp-content\/uploads\/sites\/10\/2022\/04\/americana_maunula-150x150.jpg","caption":"Marko Maunula"},"description":"Kirjoittaja on Yhdysvaltain historian professori Atlantassa."}]}},"_links":{"self":[{"href":"https:\/\/suomenkuvalehti.fi\/americana\/wp-json\/wp\/v2\/posts\/729","targetHints":{"allow":["GET"]}}],"collection":[{"href":"https:\/\/suomenkuvalehti.fi\/americana\/wp-json\/wp\/v2\/posts"}],"about":[{"href":"https:\/\/suomenkuvalehti.fi\/americana\/wp-json\/wp\/v2\/types\/post"}],"author":[{"embeddable":true,"href":"https:\/\/suomenkuvalehti.fi\/americana\/wp-json\/wp\/v2\/users\/158"}],"replies":[{"embeddable":true,"href":"https:\/\/suomenkuvalehti.fi\/americana\/wp-json\/wp\/v2\/comments?post=729"}],"version-history":[{"count":1,"href":"https:\/\/suomenkuvalehti.fi\/americana\/wp-json\/wp\/v2\/posts\/729\/revisions"}],"predecessor-version":[{"id":1336,"href":"https:\/\/suomenkuvalehti.fi\/americana\/wp-json\/wp\/v2\/posts\/729\/revisions\/1336"}],"wp:attachment":[{"href":"https:\/\/suomenkuvalehti.fi\/americana\/wp-json\/wp\/v2\/media?parent=729"}],"wp:term":[{"taxonomy":"category","embeddable":true,"href":"https:\/\/suomenkuvalehti.fi\/americana\/wp-json\/wp\/v2\/categories?post=729"},{"taxonomy":"post_tag","embeddable":true,"href":"https:\/\/suomenkuvalehti.fi\/americana\/wp-json\/wp\/v2\/tags?post=729"}],"curies":[{"name":"wp","href":"https:\/\/api.w.org\/{rel}","templated":true}]}}