{"id":7207,"date":"2024-01-10T21:06:27","date_gmt":"2024-01-10T19:06:27","guid":{"rendered":"https:\/\/suomenkuvalehti.fi\/americana\/?p=7207"},"modified":"2024-01-10T21:06:29","modified_gmt":"2024-01-10T19:06:29","slug":"historioitsijat-povaavat-vaikeita-aikoja-yhdysvalloille-ja-maailmalle-uhkakuvien-alta-loytyy-syy-optimismiin","status":"publish","type":"post","link":"https:\/\/suomenkuvalehti.fi\/americana\/historioitsijat-povaavat-vaikeita-aikoja-yhdysvalloille-ja-maailmalle-uhkakuvien-alta-loytyy-syy-optimismiin\/","title":{"rendered":"Historioitsijat povaavat vaikeita aikoja Yhdysvalloille ja maailmalle \u2013 uhkakuvien alta l\u00f6ytyy syy optimismiin"},"content":{"rendered":"\n<p><span class=\"capitalized\">Vuodenvaiheessa<\/span> <strong>Mitch Daniels<\/strong> varoitti <em>Washington Postin<\/em> sivuilla <a href=\"https:\/\/www.washingtonpost.com\/opinions\/2024\/01\/02\/crisis-looms-united-states\/\">amerikkalaisen yhteiskunnan kytev\u00e4st\u00e4 kriisist\u00e4<\/a>. Teksti ei ole varsinaisesti syv\u00e4luotaava, mutta Daniels nosti esiin mielenkiintoisia pointteja ja kirjoituksia Yhdysvaltojen kriisin historiallisesta kontekstista.<\/p>\n\n\n\n<p>Daniels edustaa vanhan kaartin tarkan dollarin republikaanista ajattelua. Nyttemmin el\u00e4k\u00f6itynyt mies jakoi uransa politiikan, liike-el\u00e4m\u00e4n ja akatemian v\u00e4lill\u00e4. H\u00e4nen viimeinen virkansa oli Purduen yliopiston presidentti.<\/p>\n\n\n\n<p>Daniels sanoi luovuttavansa. Yhdysvallat on menossa kohti v\u00e4ist\u00e4m\u00e4t\u00f6nt\u00e4 ja syv\u00e4\u00e4 sosiaalista sek\u00e4 taloudellista kriisi\u00e4. Kriisin takana piilee silti lupaus paremmasta.<\/p>\n\n\n\n<p><\/p>\n\n\n\n<p><span class=\"capitalized\">Daniels<\/span> siteeraa yhteiskuntatieteilij\u00e4 <strong>James Pieresonin<\/strong> kirjaa <em>Shattered Consensus: The Rise and Fall of America\u2019s Postwar Political Order<\/em> (2015). Kasvava valtionvelka, hidastunut talouskasvu, levenev\u00e4 kuilu puolueiden v\u00e4lill\u00e4 yhdistyneen\u00e4 eturyhmien kasvavaan vaikutusvaltaan luovat kriisin ainekset. Suurten ik\u00e4luokkien el\u00e4kkeelle siirtyminen vaikeuttaa tilannetta entisest\u00e4\u00e4n.<\/p>\n\n\n\n<p>Piereson povaa Yhdysvaltojen olevan historiansa nelj\u00e4nnen rajun muutoksen kynnyksell\u00e4. Aikaisemmat myllerryksen vuodet olivat 1800-luvun alun <a href=\"https:\/\/en.wikipedia.org\/wiki\/Jeffersonian_democracy\">jeffersonilaisen demokratian<\/a> valtakausi, 1850-luvun <a href=\"https:\/\/www.britannica.com\/study\/path-to-american-civil-war\">sis\u00e4llissotaan johtanut poliittinen kriisi<\/a> sek\u00e4 1930\u201340 lukujen <a href=\"https:\/\/en.wikipedia.org\/wiki\/New_Deal\">New Deal <\/a>ja toinen maailmansota.<\/p>\n\n\n\n<p>Jokainen n\u00e4ist\u00e4 aikakausista merkitsi vallankumouksellista muutosta amerikkalaisten suhteessa valtioon, ja ne syntyiv\u00e4t mittavien demograafisten ja taloudellisten muutosten ristivedossa. Samat voimat ravistelevat amerikkalaista yhteiskuntaa, ja ne ovat n\u00e4kyviss\u00e4 jokaiselle, jolla on silm\u00e4t katsoa.<\/p>\n\n\n\n<p><\/p>\n\n\n\n<p><span class=\"capitalized\">Toinen<\/span> Danielsin viittaama teos on tuoreempi. Neil Howen <em>The Fourth Turning is Here: What the Seasons of History Tell Us About How and When This Crisis Will End<\/em> (2023). Howe soveltaa edesmenneen <strong>William Straussin<\/strong> kanssa kehitt\u00e4m\u00e4\u00e4ns\u00e4 syklist\u00e4 teoriaa Yhdysvaltojen historiaan.<\/p>\n\n\n\n<p>Howen syklit kest\u00e4v\u00e4t yhden ihmisel\u00e4m\u00e4n, eli noin 80 vuotta. H\u00e4nen esiin nostamiensa syklien kriisikohdat ovat Yhdysvaltojen vallankumousta edelt\u00e4v\u00e4 aikakausi, sis\u00e4llissotaa ymp\u00e4r\u00f6iv\u00e4t vuodet, suuri lama sek\u00e4 toinen maailmansota ja parhaillaan maata muokkaava poliittis-kulturaalinen rappio sek\u00e4 paranoia.<\/p>\n\n\n\n<p>Uhkakuvat ovat selke\u00e4t eik\u00e4 rotkon pohjaa ole viel\u00e4 saavutettu. Howe povaa kriisin kulminoituvan 2030-luvulla. Sis\u00e4isen kriisin ja globaalin sodan riskit ovat konkreettisia.<\/p>\n\n\n\n<p><\/p>\n\n\n\n<p><span class=\"capitalized\">Kaaoksen<\/span> ja uhkakuvien alta l\u00f6ytyy syy optimismiin. Yhdysvallat on noussut jokaisesta kriisist\u00e4\u00e4n aikaisempaa ehompana. Vallankumous johti itsen\u00e4isyyteen ja tasavaltaan. Jeffersonin aikakausi laajensi amerikkalaista demokratiaa. Sis\u00e4llissota tuhosi orjuuden. New Deal loi uuden ja taloudellisesti tasa-arvoisemman Amerikan, joka kukisti natsi-Saksan ja haastoi kommunismin.<\/p>\n\n\n\n<p>Optimismi on asenteista ehk\u00e4 amerikkalaisin, ja maan historia osoittaa siihen olevan varovaa aihetta. Toisaalta harva imperiumi romahtaa kertarys\u00e4yksell\u00e4. Kysy vaikkapa Roomalta, Bysantilta, tai It\u00e4valta-Unkarilta.<\/p>\n\n\n\n<p><\/p>\n\n\n\n<p><span class=\"capitalized\">Demokratiat<\/span> ovat totalitaaristen valtioiden koordinoidun hy\u00f6kk\u00e4yksen kohteena. Pohjois-Korea, Ven\u00e4j\u00e4, Kiina, Iran sek\u00e4 heid\u00e4n tukemansa terroristiryhm\u00e4t ja l\u00e4ntiset totalitarismin komppaajat pyrkiv\u00e4t rapauttamaan uskoa demokratiaan, vapauteen ja totuuteen.<\/p>\n\n\n\n<p>Yhdysvallat on vapaan l\u00e4ntisen maailman taloudellinen ja sotilaallinen veturi. Maan kriisi rohkaisee totalitaarisia valtioita ruokkimaan eripuraa, pullistelemaan lihaksiaan ja hy\u00f6kk\u00e4\u00e4m\u00e4\u00e4n monella rintamalla naapureittensa ja ideologisten vihollistensa kimppuun.<\/p>\n\n\n\n<p>Euroopan on tiedostettava kriisin syvyys ja varauduttava pahimpaan. Pohjimmiltaan jaan Danielsin siteeraamien kirjoittajien pohjimmaisen optimismin, mutta toivomus ei ole strategia. Jos Yhdysvallat ei selvi\u00e4 kriisist\u00e4\u00e4n, vapaa maailma on pulassa kaikkialla.<\/p>\n\n\n\n<p><\/p>\n\n\n\n<p><em>Soundtrack: Neil Young, Looking for a Leader<\/em><\/p>\n\n\n\n<figure class=\"wp-block-embed is-type-video is-provider-youtube wp-block-embed-youtube wp-embed-aspect-4-3 wp-has-aspect-ratio\"><div class=\"wp-block-embed__wrapper\">\n<iframe loading=\"lazy\" title=\"Lookin&#039; for a Leader\" width=\"472\" height=\"354\" src=\"https:\/\/www.youtube.com\/embed\/rczrmtNNHjw?feature=oembed\" frameborder=\"0\" allow=\"accelerometer; autoplay; clipboard-write; encrypted-media; gyroscope; picture-in-picture; web-share\" allowfullscreen><\/iframe>\n<\/div><\/figure>\n","protected":false},"excerpt":{"rendered":"<p>Vuodenvaiheessa Mitch Daniels varoitti Washington Postin sivuilla amerikkalaisen yhteiskunnan kytev\u00e4st\u00e4 kriisist\u00e4. Teksti ei ole varsinaisesti syv\u00e4luotaava, mutta Daniels nosti esiin mielenkiintoisia pointteja ja<br \/>\nkir&hellip;<\/p>\n","protected":false},"author":158,"featured_media":0,"comment_status":"open","ping_status":"open","sticky":false,"template":"","format":"standard","meta":{"_acf_changed":false,"asauth_required_access_level":3,"asauth_cansharepaid":"true","om_header_attributes":[],"footnotes":"","om_featured_image_focal_point":[],"om_primary_tag":24,"om_contributors":[{"id":"author-override","type":"fixed","role":"Kirjoittajan yliajo","name":""},{"id":"photographer","type":"fixed","role":"Kuvat","name":""}],"om_co_authors":[],"beyondwords_generate_audio":"","beyondwords_project_id":"","beyondwords_content_id":"","beyondwords_preview_token":"","beyondwords_player_content":"","beyondwords_player_style":"","beyondwords_language_code":"","beyondwords_language_id":"","beyondwords_title_voice_id":"","beyondwords_body_voice_id":"","beyondwords_summary_voice_id":"","beyondwords_error_message":"","beyondwords_disabled":"","beyondwords_delete_content":"","beyondwords_podcast_id":"","beyondwords_hash":"","publish_post_to_speechkit":"","speechkit_hash":"","speechkit_generate_audio":"","speechkit_project_id":"","speechkit_podcast_id":"","speechkit_error_message":"","speechkit_disabled":"","speechkit_access_key":"","speechkit_error":"","speechkit_info":"","speechkit_response":"","speechkit_retries":"","speechkit_status":"","speechkit_updated_at":"","_speechkit_link":"","_speechkit_text":""},"categories":[1],"tags":[213,2433,35,544,2434,1595,24],"class_list":["post-7207","post","type-post","status-publish","format-standard","hentry","category-americana","tag-historia","tag-james-piereson","tag-kriisi","tag-mitch-daniels","tag-neil-howe","tag-washington-post","tag-yhdysvallat"],"om_views":null,"acf":{"tuuma_off":false,"tuuma_kysymys":"","tuuma_vastaus":""},"asauth":{"required_access_level":1,"share_token":"","is_paid":false},"yoast_head":"<!-- This site is optimized with the Yoast SEO plugin v26.4 - https:\/\/yoast.com\/wordpress\/plugins\/seo\/ -->\n<title>Historioitsijat povaavat vaikeita aikoja Yhdysvalloille ja maailmalle \u2013 uhkakuvien alta l\u00f6ytyy syy optimismiin - Americana<\/title>\n<meta name=\"description\" content=\"Yhdysvallat on noussut jokaisesta kriisist\u00e4\u00e4n aikaisempaa ehompana, kirjoittaa professori Marko Maunula.\" \/>\n<meta name=\"robots\" content=\"noindex, follow\" \/>\n<meta property=\"og:locale\" content=\"fi_FI\" \/>\n<meta property=\"og:type\" content=\"article\" \/>\n<meta property=\"og:title\" content=\"Historioitsijat povaavat vaikeita aikoja Yhdysvalloille ja maailmalle \u2013 uhkakuvien alta l\u00f6ytyy syy optimismiin - Americana\" \/>\n<meta property=\"og:description\" content=\"Yhdysvallat on noussut jokaisesta kriisist\u00e4\u00e4n aikaisempaa ehompana, kirjoittaa professori Marko Maunula.\" \/>\n<meta property=\"og:url\" content=\"https:\/\/suomenkuvalehti.fi\/americana\/historioitsijat-povaavat-vaikeita-aikoja-yhdysvalloille-ja-maailmalle-uhkakuvien-alta-loytyy-syy-optimismiin\/\" \/>\n<meta property=\"og:site_name\" content=\"Americana\" \/>\n<meta property=\"article:published_time\" content=\"2024-01-10T19:06:27+00:00\" \/>\n<meta property=\"article:modified_time\" content=\"2024-01-10T19:06:29+00:00\" \/>\n<meta property=\"og:image\" content=\"https:\/\/suomenkuvalehti.fi\/americana\/wp-content\/uploads\/sites\/10\/2022\/04\/americana_maunula-scaled.jpg\" \/>\n\t<meta property=\"og:image:width\" content=\"2560\" \/>\n\t<meta property=\"og:image:height\" content=\"1706\" \/>\n\t<meta property=\"og:image:type\" content=\"image\/jpeg\" \/>\n<meta name=\"author\" content=\"Marko Maunula\" \/>\n<meta name=\"twitter:card\" content=\"summary_large_image\" \/>\n<meta name=\"twitter:label1\" content=\"Written by\" \/>\n\t<meta name=\"twitter:data1\" content=\"Marko Maunula\" \/>\n\t<meta name=\"twitter:label2\" content=\"Est. reading time\" \/>\n\t<meta name=\"twitter:data2\" content=\"3 minuuttia\" \/>\n<script type=\"application\/ld+json\" class=\"yoast-schema-graph\">{\"@context\":\"https:\/\/schema.org\",\"@graph\":[{\"@type\":\"WebPage\",\"@id\":\"https:\/\/suomenkuvalehti.fi\/americana\/historioitsijat-povaavat-vaikeita-aikoja-yhdysvalloille-ja-maailmalle-uhkakuvien-alta-loytyy-syy-optimismiin\/\",\"url\":\"https:\/\/suomenkuvalehti.fi\/americana\/historioitsijat-povaavat-vaikeita-aikoja-yhdysvalloille-ja-maailmalle-uhkakuvien-alta-loytyy-syy-optimismiin\/\",\"name\":\"Historioitsijat povaavat vaikeita aikoja Yhdysvalloille ja maailmalle \u2013 uhkakuvien alta l\u00f6ytyy syy optimismiin - Americana\",\"isPartOf\":{\"@id\":\"https:\/\/suomenkuvalehti.fi\/americana\/#website\"},\"datePublished\":\"2024-01-10T19:06:27+00:00\",\"dateModified\":\"2024-01-10T19:06:29+00:00\",\"author\":{\"@id\":\"https:\/\/suomenkuvalehti.fi\/americana\/#\/schema\/person\/12d514491cb37506bc39c8e10176c3ec\"},\"description\":\"Yhdysvallat on noussut jokaisesta kriisist\u00e4\u00e4n aikaisempaa ehompana, kirjoittaa professori Marko Maunula.\",\"breadcrumb\":{\"@id\":\"https:\/\/suomenkuvalehti.fi\/americana\/historioitsijat-povaavat-vaikeita-aikoja-yhdysvalloille-ja-maailmalle-uhkakuvien-alta-loytyy-syy-optimismiin\/#breadcrumb\"},\"inLanguage\":\"fi\",\"potentialAction\":[{\"@type\":\"ReadAction\",\"target\":[\"https:\/\/suomenkuvalehti.fi\/americana\/historioitsijat-povaavat-vaikeita-aikoja-yhdysvalloille-ja-maailmalle-uhkakuvien-alta-loytyy-syy-optimismiin\/\"]}]},{\"@type\":\"BreadcrumbList\",\"@id\":\"https:\/\/suomenkuvalehti.fi\/americana\/historioitsijat-povaavat-vaikeita-aikoja-yhdysvalloille-ja-maailmalle-uhkakuvien-alta-loytyy-syy-optimismiin\/#breadcrumb\",\"itemListElement\":[{\"@type\":\"ListItem\",\"position\":1,\"name\":\"Home\",\"item\":\"https:\/\/suomenkuvalehti.fi\/americana\/\"},{\"@type\":\"ListItem\",\"position\":2,\"name\":\"Historioitsijat povaavat vaikeita aikoja Yhdysvalloille ja maailmalle \u2013 uhkakuvien alta l\u00f6ytyy syy optimismiin\"}]},{\"@type\":\"WebSite\",\"@id\":\"https:\/\/suomenkuvalehti.fi\/americana\/#website\",\"url\":\"https:\/\/suomenkuvalehti.fi\/americana\/\",\"name\":\"Americana\",\"description\":\"Professori Marko Maunula seuraa USA:n politiikkaa ja populaarikulttuuria\",\"potentialAction\":[{\"@type\":\"SearchAction\",\"target\":{\"@type\":\"EntryPoint\",\"urlTemplate\":\"https:\/\/suomenkuvalehti.fi\/haku\/?q={search_term_string}\"},\"query-input\":{\"@type\":\"PropertyValueSpecification\",\"valueRequired\":true,\"valueName\":\"search_term_string\"}}],\"inLanguage\":\"fi\"},{\"@type\":\"Person\",\"@id\":\"https:\/\/suomenkuvalehti.fi\/americana\/#\/schema\/person\/12d514491cb37506bc39c8e10176c3ec\",\"name\":\"Marko Maunula\",\"image\":{\"@type\":\"ImageObject\",\"inLanguage\":\"fi\",\"@id\":\"https:\/\/suomenkuvalehti.fi\/americana\/#\/schema\/person\/image\/\",\"url\":\"https:\/\/suomenkuvalehti.fi\/americana\/wp-content\/uploads\/sites\/10\/2022\/04\/americana_maunula-150x150.jpg\",\"contentUrl\":\"https:\/\/suomenkuvalehti.fi\/americana\/wp-content\/uploads\/sites\/10\/2022\/04\/americana_maunula-150x150.jpg\",\"caption\":\"Marko Maunula\"},\"description\":\"Kirjoittaja on Yhdysvaltain historian professori Atlantassa.\"}]}<\/script>\n<!-- \/ Yoast SEO plugin. -->","yoast_head_json":{"title":"Historioitsijat povaavat vaikeita aikoja Yhdysvalloille ja maailmalle \u2013 uhkakuvien alta l\u00f6ytyy syy optimismiin - Americana","description":"Yhdysvallat on noussut jokaisesta kriisist\u00e4\u00e4n aikaisempaa ehompana, kirjoittaa professori Marko Maunula.","robots":{"index":"noindex","follow":"follow"},"og_locale":"fi_FI","og_type":"article","og_title":"Historioitsijat povaavat vaikeita aikoja Yhdysvalloille ja maailmalle \u2013 uhkakuvien alta l\u00f6ytyy syy optimismiin - Americana","og_description":"Yhdysvallat on noussut jokaisesta kriisist\u00e4\u00e4n aikaisempaa ehompana, kirjoittaa professori Marko Maunula.","og_url":"https:\/\/suomenkuvalehti.fi\/americana\/historioitsijat-povaavat-vaikeita-aikoja-yhdysvalloille-ja-maailmalle-uhkakuvien-alta-loytyy-syy-optimismiin\/","og_site_name":"Americana","article_published_time":"2024-01-10T19:06:27+00:00","article_modified_time":"2024-01-10T19:06:29+00:00","og_image":[{"width":2560,"height":1706,"url":"https:\/\/suomenkuvalehti.fi\/americana\/wp-content\/uploads\/sites\/10\/2022\/04\/americana_maunula-scaled.jpg","type":"image\/jpeg"}],"author":"Marko Maunula","twitter_card":"summary_large_image","twitter_misc":{"Written by":"Marko Maunula","Est. reading time":"3 minuuttia"},"schema":{"@context":"https:\/\/schema.org","@graph":[{"@type":"WebPage","@id":"https:\/\/suomenkuvalehti.fi\/americana\/historioitsijat-povaavat-vaikeita-aikoja-yhdysvalloille-ja-maailmalle-uhkakuvien-alta-loytyy-syy-optimismiin\/","url":"https:\/\/suomenkuvalehti.fi\/americana\/historioitsijat-povaavat-vaikeita-aikoja-yhdysvalloille-ja-maailmalle-uhkakuvien-alta-loytyy-syy-optimismiin\/","name":"Historioitsijat povaavat vaikeita aikoja Yhdysvalloille ja maailmalle \u2013 uhkakuvien alta l\u00f6ytyy syy optimismiin - Americana","isPartOf":{"@id":"https:\/\/suomenkuvalehti.fi\/americana\/#website"},"datePublished":"2024-01-10T19:06:27+00:00","dateModified":"2024-01-10T19:06:29+00:00","author":{"@id":"https:\/\/suomenkuvalehti.fi\/americana\/#\/schema\/person\/12d514491cb37506bc39c8e10176c3ec"},"description":"Yhdysvallat on noussut jokaisesta kriisist\u00e4\u00e4n aikaisempaa ehompana, kirjoittaa professori Marko Maunula.","breadcrumb":{"@id":"https:\/\/suomenkuvalehti.fi\/americana\/historioitsijat-povaavat-vaikeita-aikoja-yhdysvalloille-ja-maailmalle-uhkakuvien-alta-loytyy-syy-optimismiin\/#breadcrumb"},"inLanguage":"fi","potentialAction":[{"@type":"ReadAction","target":["https:\/\/suomenkuvalehti.fi\/americana\/historioitsijat-povaavat-vaikeita-aikoja-yhdysvalloille-ja-maailmalle-uhkakuvien-alta-loytyy-syy-optimismiin\/"]}]},{"@type":"BreadcrumbList","@id":"https:\/\/suomenkuvalehti.fi\/americana\/historioitsijat-povaavat-vaikeita-aikoja-yhdysvalloille-ja-maailmalle-uhkakuvien-alta-loytyy-syy-optimismiin\/#breadcrumb","itemListElement":[{"@type":"ListItem","position":1,"name":"Home","item":"https:\/\/suomenkuvalehti.fi\/americana\/"},{"@type":"ListItem","position":2,"name":"Historioitsijat povaavat vaikeita aikoja Yhdysvalloille ja maailmalle \u2013 uhkakuvien alta l\u00f6ytyy syy optimismiin"}]},{"@type":"WebSite","@id":"https:\/\/suomenkuvalehti.fi\/americana\/#website","url":"https:\/\/suomenkuvalehti.fi\/americana\/","name":"Americana","description":"Professori Marko Maunula seuraa USA:n politiikkaa ja populaarikulttuuria","potentialAction":[{"@type":"SearchAction","target":{"@type":"EntryPoint","urlTemplate":"https:\/\/suomenkuvalehti.fi\/haku\/?q={search_term_string}"},"query-input":{"@type":"PropertyValueSpecification","valueRequired":true,"valueName":"search_term_string"}}],"inLanguage":"fi"},{"@type":"Person","@id":"https:\/\/suomenkuvalehti.fi\/americana\/#\/schema\/person\/12d514491cb37506bc39c8e10176c3ec","name":"Marko Maunula","image":{"@type":"ImageObject","inLanguage":"fi","@id":"https:\/\/suomenkuvalehti.fi\/americana\/#\/schema\/person\/image\/","url":"https:\/\/suomenkuvalehti.fi\/americana\/wp-content\/uploads\/sites\/10\/2022\/04\/americana_maunula-150x150.jpg","contentUrl":"https:\/\/suomenkuvalehti.fi\/americana\/wp-content\/uploads\/sites\/10\/2022\/04\/americana_maunula-150x150.jpg","caption":"Marko Maunula"},"description":"Kirjoittaja on Yhdysvaltain historian professori Atlantassa."}]}},"_links":{"self":[{"href":"https:\/\/suomenkuvalehti.fi\/americana\/wp-json\/wp\/v2\/posts\/7207","targetHints":{"allow":["GET"]}}],"collection":[{"href":"https:\/\/suomenkuvalehti.fi\/americana\/wp-json\/wp\/v2\/posts"}],"about":[{"href":"https:\/\/suomenkuvalehti.fi\/americana\/wp-json\/wp\/v2\/types\/post"}],"author":[{"embeddable":true,"href":"https:\/\/suomenkuvalehti.fi\/americana\/wp-json\/wp\/v2\/users\/158"}],"replies":[{"embeddable":true,"href":"https:\/\/suomenkuvalehti.fi\/americana\/wp-json\/wp\/v2\/comments?post=7207"}],"version-history":[{"count":6,"href":"https:\/\/suomenkuvalehti.fi\/americana\/wp-json\/wp\/v2\/posts\/7207\/revisions"}],"predecessor-version":[{"id":7216,"href":"https:\/\/suomenkuvalehti.fi\/americana\/wp-json\/wp\/v2\/posts\/7207\/revisions\/7216"}],"wp:attachment":[{"href":"https:\/\/suomenkuvalehti.fi\/americana\/wp-json\/wp\/v2\/media?parent=7207"}],"wp:term":[{"taxonomy":"category","embeddable":true,"href":"https:\/\/suomenkuvalehti.fi\/americana\/wp-json\/wp\/v2\/categories?post=7207"},{"taxonomy":"post_tag","embeddable":true,"href":"https:\/\/suomenkuvalehti.fi\/americana\/wp-json\/wp\/v2\/tags?post=7207"}],"curies":[{"name":"wp","href":"https:\/\/api.w.org\/{rel}","templated":true}]}}