{"id":716,"date":"2009-09-15T20:47:33","date_gmt":"2009-09-15T17:47:33","guid":{"rendered":"https:\/\/suomenkuvalehti.fi\/americana\/rasismi-palaa-politiikkaan\/"},"modified":"2013-11-30T16:22:38","modified_gmt":"2013-11-30T14:22:38","slug":"rasismi-palaa-politiikkaan","status":"publish","type":"post","link":"https:\/\/suomenkuvalehti.fi\/americana\/rasismi-palaa-politiikkaan\/","title":{"rendered":"Rasismi palaa politiikkaan"},"content":{"rendered":"\n<p><strong>Obaman<\/strong> valinnan j\u00e4lkeen Yhdysvallat eli aikansa rodullisen harmonian hurmosta. Nyt rasismi on palannut rymisten politiikkaan &#8211; my\u00f6s afroamerikkalaisten toimesta.<\/p>\n\n\n\n<p>Viime viikkojen kysymys on ollut, ett\u00e4 miten suuri osa Obaman vastustusta on rodullisesti motivoitunutta. Rasismi on tuskin t\u00e4rkein tekij\u00e4 opposition uhossa, mutta <a href=\"http:\/\/c.h.waters.home.att.net\/obama-witch-doctor_resize1.jpg\">se soittaa<\/a> v\u00e4hint\u00e4\u00e4nkin <a href=\"http:\/\/www.talkingpointsmemo.com\/gallery\/2009\/09\/hearses-nazi-dogs-and-crucified-liberty-scenes-from-the-912-march.php?img=30\">komppikitaraa<\/a>.<\/p>\n\n\n\n<p>Mutta osataan sit\u00e4 aidan toisellakin puolella.<\/p>\n\n\n\n<p>Atlanta on keskell\u00e4 tiukkaa vaalikampanjaa pormestarin virasta. Viimeiset 35 vuotta Atlantan pormestari on ollut afroamerikkalainen; ei yll\u00e4tys kaupungissa, joka on ollut jo vuosikymmeni\u00e4 valtaosin afroamerikkalainen sek\u00e4 poliittisesti liberaali. T\u00e4n\u00e4 vuonna <strong>Mary Norwood<\/strong>, maltillinen ja valkoihoinen ehdokas, on p\u00e4rj\u00e4nnyt gallupeissa hyvin.<\/p>\n\n\n\n<p>Ajatus valkoisesta pormestarista ei miellyt\u00e4 kaikkia. Elokuussa kaupunkia kiersi paikallisen afroamerikkalaisen poliittisen taustavaikuttajan kirje, joka kehoitti afroamerikkalaisia \u00e4\u00e4nest\u00e4ji\u00e4 yhdist\u00e4m\u00e4\u00e4n voimansa yhden <a href=\"http:\/\/www.ajc.com\/news\/atlanta\/black-agenda-125014.html\">mustaihoisen kandidaatin taakse<\/a>. Kirje painotti, ett\u00e4 pormestarin viran pysyminen afroamerikkalaisissa k\u00e4siss\u00e4 on itsess\u00e4\u00e4n t\u00e4rke\u00e4\u00e4. Afroamerikkalaiset ehdokkaat onneksi vetiv\u00e4t v\u00e4litt\u00f6m\u00e4sti pes\u00e4eron kirjeen viestiin ja kirjoittajiin.<\/p>\n\n\n\n<p>Memphisin piirin demokraatit ovat matkalla kohti rumaa ja rodun s\u00e4vytt\u00e4m\u00e4\u00e4 esivaalia. Viimeiset kaksi kautta valtaosin afroamerikkalaista Memphisi\u00e4 on edustanut <strong>Steve Cohen<\/strong>, <a href=\"http:\/\/cohen.house.gov\/\">ultraliberaali juutalainen<\/a>. Cohenin mustat \u00e4\u00e4nest\u00e4j\u00e4t arvostavat edustajaansa, ja h\u00e4nen agendansa on saanut kansalaisoikeusj\u00e4rjest\u00f6jen t\u00e4ydellisen tuen. Mies jopa harkitsi liittymist\u00e4 kongressin mustien edustajien kerhoon.<\/p>\n\n\n\n<p>Nyt Memphisin afroamerikkalainen ex-pormestari <strong>Willie Herenton<\/strong> on aloittanut kampanjoinnin Cohenia vastaan. H\u00e4nen kampanjap\u00e4\u00e4llikk\u00f6ns\u00e4 ei kritisoi Cohenin toimia, mutta sanoo miehen <a href=\"http:\/\/www.nytimes.com\/2009\/09\/14\/us\/14memphis.html?_r=2&amp;adxnnl=1&amp;adxnnlx=1252926667-sNdVVpuuvzIt\/6HPLJbZ4g\">olevan v\u00e4\u00e4r\u00e4n v\u00e4rinen<\/a>: &#8221;T\u00e4m\u00e4 edustajanpaikka on luotu ihmisille jotka muistuttavat meik\u00e4l\u00e4ist\u00e4&#8230; Sit\u00e4 ei tehty juutalaiselle tai kristitylle; se on mustien ihmisten edustamista varten.&#8221;<\/p>\n\n\n\n<p>Rotu on edelleen t\u00e4rke\u00e4 kortti. Onneksi ei en\u00e4\u00e4 \u00e4ss\u00e4, mutta valttikortti kumminkin.<\/p>\n\n\n\n<p><em>Soundtrack: Bob Marley, Redemption Song.<\/em><\/p>\n\n\n","protected":false},"excerpt":{"rendered":"<p>Obaman valinnan j\u00e4lkeen Yhdysvallat eli aikansa rodullisen harmonian hurmosta. Nyt rasismi on palannut rymisten politiikkaan &#8211; my\u00f6s afroamerikkalaisten toimesta. Viime viikkojen kysymys on ollut, ett\u00e4 miten suuri osa Obaman vastustusta on rodullisesti motivoitunutta. Rasismi on tuskin t\u00e4rkein<br \/>\ntek&hellip;<\/p>\n","protected":false},"author":158,"featured_media":0,"comment_status":"open","ping_status":"open","sticky":false,"template":"","format":"standard","meta":{"_acf_changed":false,"asauth_required_access_level":0,"asauth_cansharepaid":"","om_header_attributes":[],"footnotes":"","om_featured_image_focal_point":[],"om_primary_tag":0,"om_contributors":[],"om_co_authors":[],"beyondwords_generate_audio":"","beyondwords_project_id":"","beyondwords_content_id":"","beyondwords_preview_token":"","beyondwords_player_content":"","beyondwords_player_style":"","beyondwords_language_code":"","beyondwords_language_id":"","beyondwords_title_voice_id":"","beyondwords_body_voice_id":"","beyondwords_summary_voice_id":"","beyondwords_error_message":"","beyondwords_disabled":"","beyondwords_delete_content":"","beyondwords_podcast_id":"","beyondwords_hash":"","publish_post_to_speechkit":"","speechkit_hash":"","speechkit_generate_audio":"","speechkit_project_id":"","speechkit_podcast_id":"","speechkit_error_message":"","speechkit_disabled":"","speechkit_access_key":"","speechkit_error":"","speechkit_info":"","speechkit_response":"","speechkit_retries":"","speechkit_status":"","speechkit_updated_at":"","_speechkit_link":"","_speechkit_text":""},"categories":[1],"tags":[263,31,1191,148,280,375],"class_list":["post-716","post","type-post","status-publish","format-standard","hentry","category-americana","tag-atlanta","tag-demokraatit","tag-memphis","tag-politiikka","tag-rasismi","tag-vaalit"],"om_views":null,"acf":{"tuuma_off":false,"tuuma_kysymys":"","tuuma_vastaus":""},"asauth":{"required_access_level":1,"share_token":"","is_paid":false},"yoast_head":"<!-- This site is optimized with the Yoast SEO plugin v26.4 - https:\/\/yoast.com\/wordpress\/plugins\/seo\/ -->\n<title>Rasismi palaa politiikkaan - Americana<\/title>\n<meta name=\"robots\" content=\"noindex, follow\" \/>\n<meta property=\"og:locale\" content=\"fi_FI\" \/>\n<meta property=\"og:type\" content=\"article\" \/>\n<meta property=\"og:title\" content=\"Rasismi palaa politiikkaan - Americana\" \/>\n<meta property=\"og:description\" content=\"Obaman valinnan j\u00e4lkeen Yhdysvallat eli aikansa rodullisen harmonian hurmosta. Nyt rasismi on palannut rymisten politiikkaan &#8211; my\u00f6s afroamerikkalaisten toimesta. Viime viikkojen kysymys on ollut, ett\u00e4 miten suuri osa Obaman vastustusta on rodullisesti motivoitunutta. Rasismi on tuskin t\u00e4rkein tek&hellip;\" \/>\n<meta property=\"og:url\" content=\"https:\/\/suomenkuvalehti.fi\/americana\/rasismi-palaa-politiikkaan\/\" \/>\n<meta property=\"og:site_name\" content=\"Americana\" \/>\n<meta property=\"article:published_time\" content=\"2009-09-15T17:47:33+00:00\" \/>\n<meta property=\"article:modified_time\" content=\"2013-11-30T14:22:38+00:00\" \/>\n<meta property=\"og:image\" content=\"https:\/\/suomenkuvalehti.fi\/americana\/wp-content\/uploads\/sites\/10\/2022\/04\/americana_maunula-scaled.jpg\" \/>\n\t<meta property=\"og:image:width\" content=\"2560\" \/>\n\t<meta property=\"og:image:height\" content=\"1706\" \/>\n\t<meta property=\"og:image:type\" content=\"image\/jpeg\" \/>\n<meta name=\"author\" content=\"Marko Maunula\" \/>\n<meta name=\"twitter:card\" content=\"summary_large_image\" \/>\n<meta name=\"twitter:label1\" content=\"Written by\" \/>\n\t<meta name=\"twitter:data1\" content=\"Marko Maunula\" \/>\n\t<meta name=\"twitter:label2\" content=\"Est. reading time\" \/>\n\t<meta name=\"twitter:data2\" content=\"1 minuutti\" \/>\n<script type=\"application\/ld+json\" class=\"yoast-schema-graph\">{\"@context\":\"https:\/\/schema.org\",\"@graph\":[{\"@type\":\"WebPage\",\"@id\":\"https:\/\/suomenkuvalehti.fi\/americana\/rasismi-palaa-politiikkaan\/\",\"url\":\"https:\/\/suomenkuvalehti.fi\/americana\/rasismi-palaa-politiikkaan\/\",\"name\":\"Rasismi palaa politiikkaan - Americana\",\"isPartOf\":{\"@id\":\"https:\/\/suomenkuvalehti.fi\/americana\/#website\"},\"datePublished\":\"2009-09-15T17:47:33+00:00\",\"dateModified\":\"2013-11-30T14:22:38+00:00\",\"author\":{\"@id\":\"https:\/\/suomenkuvalehti.fi\/americana\/#\/schema\/person\/12d514491cb37506bc39c8e10176c3ec\"},\"breadcrumb\":{\"@id\":\"https:\/\/suomenkuvalehti.fi\/americana\/rasismi-palaa-politiikkaan\/#breadcrumb\"},\"inLanguage\":\"fi\",\"potentialAction\":[{\"@type\":\"ReadAction\",\"target\":[\"https:\/\/suomenkuvalehti.fi\/americana\/rasismi-palaa-politiikkaan\/\"]}]},{\"@type\":\"BreadcrumbList\",\"@id\":\"https:\/\/suomenkuvalehti.fi\/americana\/rasismi-palaa-politiikkaan\/#breadcrumb\",\"itemListElement\":[{\"@type\":\"ListItem\",\"position\":1,\"name\":\"Home\",\"item\":\"https:\/\/suomenkuvalehti.fi\/americana\/\"},{\"@type\":\"ListItem\",\"position\":2,\"name\":\"Rasismi palaa politiikkaan\"}]},{\"@type\":\"WebSite\",\"@id\":\"https:\/\/suomenkuvalehti.fi\/americana\/#website\",\"url\":\"https:\/\/suomenkuvalehti.fi\/americana\/\",\"name\":\"Americana\",\"description\":\"Professori Marko Maunula seuraa USA:n politiikkaa ja populaarikulttuuria\",\"potentialAction\":[{\"@type\":\"SearchAction\",\"target\":{\"@type\":\"EntryPoint\",\"urlTemplate\":\"https:\/\/suomenkuvalehti.fi\/haku\/?q={search_term_string}\"},\"query-input\":{\"@type\":\"PropertyValueSpecification\",\"valueRequired\":true,\"valueName\":\"search_term_string\"}}],\"inLanguage\":\"fi\"},{\"@type\":\"Person\",\"@id\":\"https:\/\/suomenkuvalehti.fi\/americana\/#\/schema\/person\/12d514491cb37506bc39c8e10176c3ec\",\"name\":\"Marko Maunula\",\"image\":{\"@type\":\"ImageObject\",\"inLanguage\":\"fi\",\"@id\":\"https:\/\/suomenkuvalehti.fi\/americana\/#\/schema\/person\/image\/\",\"url\":\"https:\/\/suomenkuvalehti.fi\/americana\/wp-content\/uploads\/sites\/10\/2022\/04\/americana_maunula-150x150.jpg\",\"contentUrl\":\"https:\/\/suomenkuvalehti.fi\/americana\/wp-content\/uploads\/sites\/10\/2022\/04\/americana_maunula-150x150.jpg\",\"caption\":\"Marko Maunula\"},\"description\":\"Kirjoittaja on Yhdysvaltain historian professori Atlantassa.\"}]}<\/script>\n<!-- \/ Yoast SEO plugin. -->","yoast_head_json":{"title":"Rasismi palaa politiikkaan - Americana","robots":{"index":"noindex","follow":"follow"},"og_locale":"fi_FI","og_type":"article","og_title":"Rasismi palaa politiikkaan - Americana","og_description":"Obaman valinnan j\u00e4lkeen Yhdysvallat eli aikansa rodullisen harmonian hurmosta. Nyt rasismi on palannut rymisten politiikkaan &#8211; my\u00f6s afroamerikkalaisten toimesta. Viime viikkojen kysymys on ollut, ett\u00e4 miten suuri osa Obaman vastustusta on rodullisesti motivoitunutta. Rasismi on tuskin t\u00e4rkein tek&hellip;","og_url":"https:\/\/suomenkuvalehti.fi\/americana\/rasismi-palaa-politiikkaan\/","og_site_name":"Americana","article_published_time":"2009-09-15T17:47:33+00:00","article_modified_time":"2013-11-30T14:22:38+00:00","og_image":[{"width":2560,"height":1706,"url":"https:\/\/suomenkuvalehti.fi\/americana\/wp-content\/uploads\/sites\/10\/2022\/04\/americana_maunula-scaled.jpg","type":"image\/jpeg"}],"author":"Marko Maunula","twitter_card":"summary_large_image","twitter_misc":{"Written by":"Marko Maunula","Est. reading time":"1 minuutti"},"schema":{"@context":"https:\/\/schema.org","@graph":[{"@type":"WebPage","@id":"https:\/\/suomenkuvalehti.fi\/americana\/rasismi-palaa-politiikkaan\/","url":"https:\/\/suomenkuvalehti.fi\/americana\/rasismi-palaa-politiikkaan\/","name":"Rasismi palaa politiikkaan - Americana","isPartOf":{"@id":"https:\/\/suomenkuvalehti.fi\/americana\/#website"},"datePublished":"2009-09-15T17:47:33+00:00","dateModified":"2013-11-30T14:22:38+00:00","author":{"@id":"https:\/\/suomenkuvalehti.fi\/americana\/#\/schema\/person\/12d514491cb37506bc39c8e10176c3ec"},"breadcrumb":{"@id":"https:\/\/suomenkuvalehti.fi\/americana\/rasismi-palaa-politiikkaan\/#breadcrumb"},"inLanguage":"fi","potentialAction":[{"@type":"ReadAction","target":["https:\/\/suomenkuvalehti.fi\/americana\/rasismi-palaa-politiikkaan\/"]}]},{"@type":"BreadcrumbList","@id":"https:\/\/suomenkuvalehti.fi\/americana\/rasismi-palaa-politiikkaan\/#breadcrumb","itemListElement":[{"@type":"ListItem","position":1,"name":"Home","item":"https:\/\/suomenkuvalehti.fi\/americana\/"},{"@type":"ListItem","position":2,"name":"Rasismi palaa politiikkaan"}]},{"@type":"WebSite","@id":"https:\/\/suomenkuvalehti.fi\/americana\/#website","url":"https:\/\/suomenkuvalehti.fi\/americana\/","name":"Americana","description":"Professori Marko Maunula seuraa USA:n politiikkaa ja populaarikulttuuria","potentialAction":[{"@type":"SearchAction","target":{"@type":"EntryPoint","urlTemplate":"https:\/\/suomenkuvalehti.fi\/haku\/?q={search_term_string}"},"query-input":{"@type":"PropertyValueSpecification","valueRequired":true,"valueName":"search_term_string"}}],"inLanguage":"fi"},{"@type":"Person","@id":"https:\/\/suomenkuvalehti.fi\/americana\/#\/schema\/person\/12d514491cb37506bc39c8e10176c3ec","name":"Marko Maunula","image":{"@type":"ImageObject","inLanguage":"fi","@id":"https:\/\/suomenkuvalehti.fi\/americana\/#\/schema\/person\/image\/","url":"https:\/\/suomenkuvalehti.fi\/americana\/wp-content\/uploads\/sites\/10\/2022\/04\/americana_maunula-150x150.jpg","contentUrl":"https:\/\/suomenkuvalehti.fi\/americana\/wp-content\/uploads\/sites\/10\/2022\/04\/americana_maunula-150x150.jpg","caption":"Marko Maunula"},"description":"Kirjoittaja on Yhdysvaltain historian professori Atlantassa."}]}},"_links":{"self":[{"href":"https:\/\/suomenkuvalehti.fi\/americana\/wp-json\/wp\/v2\/posts\/716","targetHints":{"allow":["GET"]}}],"collection":[{"href":"https:\/\/suomenkuvalehti.fi\/americana\/wp-json\/wp\/v2\/posts"}],"about":[{"href":"https:\/\/suomenkuvalehti.fi\/americana\/wp-json\/wp\/v2\/types\/post"}],"author":[{"embeddable":true,"href":"https:\/\/suomenkuvalehti.fi\/americana\/wp-json\/wp\/v2\/users\/158"}],"replies":[{"embeddable":true,"href":"https:\/\/suomenkuvalehti.fi\/americana\/wp-json\/wp\/v2\/comments?post=716"}],"version-history":[{"count":1,"href":"https:\/\/suomenkuvalehti.fi\/americana\/wp-json\/wp\/v2\/posts\/716\/revisions"}],"predecessor-version":[{"id":1324,"href":"https:\/\/suomenkuvalehti.fi\/americana\/wp-json\/wp\/v2\/posts\/716\/revisions\/1324"}],"wp:attachment":[{"href":"https:\/\/suomenkuvalehti.fi\/americana\/wp-json\/wp\/v2\/media?parent=716"}],"wp:term":[{"taxonomy":"category","embeddable":true,"href":"https:\/\/suomenkuvalehti.fi\/americana\/wp-json\/wp\/v2\/categories?post=716"},{"taxonomy":"post_tag","embeddable":true,"href":"https:\/\/suomenkuvalehti.fi\/americana\/wp-json\/wp\/v2\/tags?post=716"}],"curies":[{"name":"wp","href":"https:\/\/api.w.org\/{rel}","templated":true}]}}