{"id":71,"date":"2013-03-23T20:31:28","date_gmt":"2013-03-23T18:31:28","guid":{"rendered":"https:\/\/suomenkuvalehti.fi\/americana\/ase-taskussa-luennolle\/"},"modified":"2013-11-30T16:22:01","modified_gmt":"2013-11-30T14:22:01","slug":"ase-taskussa-luennolle","status":"publish","type":"post","link":"https:\/\/suomenkuvalehti.fi\/americana\/ase-taskussa-luennolle\/","title":{"rendered":"Ase taskussa luennolle"},"content":{"rendered":"\n<p>Georgian osavaltion kongressi reagoi viime aikojen joukkoampumisiin: se&nbsp;haluaa laajentaa kansalaisten aseoikeuksia. T\u00e4m\u00e4 vaikuttaa minuun henkil\u00f6kohtaisesti. Mik\u00e4li lakiehdotus menee l\u00e4pi, opiskelijat ja professorit saavat tuoda aseensa valtion yliopistojen kampuksille.<\/p>\n\n\n\n<p>Georgian <a href=\"http:\/\/www.ajc.com\/news\/news\/state-regional-govt-politics\/gun-bill-continues-toward-final-passage\/nW2Jk\/\">senaatin lakialoite 101 <\/a>antaisi kirkkojen p\u00e4\u00e4tt\u00e4\u00e4, josko heid\u00e4n j\u00e4senens\u00e4 saavat tuoda aseensa palveluksiin. Sama aloite my\u00f6s laillistaisi aseiden kantamisen yliopistojen kampuksilla, luentosalit mukaanlukien.<\/p>\n\n\n\n<p>Mik\u00e4li aloite l\u00e4p\u00e4isee osavaltion kongressin ja kuvern\u00f6\u00f6ri allekirjoittaa sen, min\u00e4 ja kollegani joudumme pohtimaan turvallisuusstrategiamme jossain m\u00e4\u00e4rin uusiksi.<\/p>\n\n\n\n<p>Saapuminen yliopistoon on monelle ensimm\u00e4isen vuoden opiskelijalle ravisteleva kokemus. Useimmat asuvat ensimm\u00e4ist\u00e4 kertaa poissa kotoaan. Uudet haasteet, kokemukset, aikuistuminen, opiskelun lieveilmi\u00f6t, nuoria ravistelevat ihmissuhteet, onnistumiset ja pettymykset tekev\u00e4t opiskelun alkuvuosista rajuja kokemuksia monille my\u00f6h\u00e4isteineille sek\u00e4 parikymppisille. Pienelle prosentille kokemus on joskus liian rankka.<\/p>\n\n\n\n<p>Varmaankin valtaosa opettajista, professoreista sek\u00e4 muista kouluttajista muistaa uraltaan v\u00e4hint\u00e4\u00e4nkin yhden oppilaan, jonka k\u00e4yt\u00f6s ja olemus hieman huolestuttivat, ehk\u00e4 jopa pelottivat. Ajatus, ett\u00e4 opiskelijat saavat nyt lain lupauksen kantaa k\u00e4siasetta repussaan tai taskussaan ei lis\u00e4\u00e4 ainakaan allekirjoittaneen tunnetta turvallisuudesta.<\/p>\n\n\n\n<p>Georgian yliopistolaitoksesta vastaava Board of Regents on ollut jyrk\u00e4sti lakia vastaan, ja osavaltion kuvern\u00f6\u00f6ri <strong>Nathan Deal<\/strong> (R) ei my\u00f6sk\u00e4\u00e4n kuulu aloitteen kannattajiin. Georgian senaatti ja edustajainhuone tinkaavat viel\u00e4 lain lopullisesta muodosta. Veikkaan, etta reilusti yli 90 prosenttia professoreista toivoo, ett\u00e4 laki kaatuu viimeist\u00e4\u00e4n kuvern\u00f6\u00f6ri Dealin vetoon.<\/p>\n\n\n\n<p><em>The Allman Brothers Band, Dreams.<\/em><\/p>\n\n\n","protected":false},"excerpt":{"rendered":"<p>Georgian osavaltion kongressi reagoi viime aikojen joukkoampumisiin: se&nbsp;haluaa laajentaa kansalaisten aseoikeuksia. T\u00e4m\u00e4 vaikuttaa minuun henkil\u00f6kohtaisesti. Mik\u00e4li lakiehdotus menee l\u00e4pi, opiskelijat ja professorit saavat tuoda aseensa valtion yliopistojen kampuksille. Georgian senaatin<br \/>\nlaki&hellip;<\/p>\n","protected":false},"author":158,"featured_media":0,"comment_status":"open","ping_status":"open","sticky":false,"template":"","format":"standard","meta":{"_acf_changed":false,"asauth_required_access_level":0,"asauth_cansharepaid":"","om_header_attributes":[],"footnotes":"","om_featured_image_focal_point":[],"om_primary_tag":0,"om_contributors":[],"om_co_authors":[],"beyondwords_generate_audio":"","beyondwords_project_id":"","beyondwords_content_id":"","beyondwords_preview_token":"","beyondwords_player_content":"","beyondwords_player_style":"","beyondwords_language_code":"","beyondwords_language_id":"","beyondwords_title_voice_id":"","beyondwords_body_voice_id":"","beyondwords_summary_voice_id":"","beyondwords_error_message":"","beyondwords_disabled":"","beyondwords_delete_content":"","beyondwords_podcast_id":"","beyondwords_hash":"","publish_post_to_speechkit":"","speechkit_hash":"","speechkit_generate_audio":"","speechkit_project_id":"","speechkit_podcast_id":"","speechkit_error_message":"","speechkit_disabled":"","speechkit_access_key":"","speechkit_error":"","speechkit_info":"","speechkit_response":"","speechkit_retries":"","speechkit_status":"","speechkit_updated_at":"","_speechkit_link":"","_speechkit_text":""},"categories":[1],"tags":[166,226,273,23,272],"class_list":["post-71","post","type-post","status-publish","format-standard","hentry","category-americana","tag-aseet","tag-georgia","tag-kampus","tag-kongressi","tag-yliopistot"],"om_views":null,"acf":{"tuuma_off":false,"tuuma_kysymys":"","tuuma_vastaus":""},"asauth":{"required_access_level":1,"share_token":"","is_paid":false},"yoast_head":"<!-- This site is optimized with the Yoast SEO plugin v26.4 - https:\/\/yoast.com\/wordpress\/plugins\/seo\/ -->\n<title>Ase taskussa luennolle - Americana<\/title>\n<meta name=\"robots\" content=\"noindex, follow\" \/>\n<meta property=\"og:locale\" content=\"fi_FI\" \/>\n<meta property=\"og:type\" content=\"article\" \/>\n<meta property=\"og:title\" content=\"Ase taskussa luennolle - Americana\" \/>\n<meta property=\"og:description\" content=\"Georgian osavaltion kongressi reagoi viime aikojen joukkoampumisiin: se&nbsp;haluaa laajentaa kansalaisten aseoikeuksia. T\u00e4m\u00e4 vaikuttaa minuun henkil\u00f6kohtaisesti. Mik\u00e4li lakiehdotus menee l\u00e4pi, opiskelijat ja professorit saavat tuoda aseensa valtion yliopistojen kampuksille. Georgian senaatin laki&hellip;\" \/>\n<meta property=\"og:url\" content=\"https:\/\/suomenkuvalehti.fi\/americana\/ase-taskussa-luennolle\/\" \/>\n<meta property=\"og:site_name\" content=\"Americana\" \/>\n<meta property=\"article:published_time\" content=\"2013-03-23T18:31:28+00:00\" \/>\n<meta property=\"article:modified_time\" content=\"2013-11-30T14:22:01+00:00\" \/>\n<meta property=\"og:image\" content=\"https:\/\/suomenkuvalehti.fi\/americana\/wp-content\/uploads\/sites\/10\/2022\/04\/americana_maunula-scaled.jpg\" \/>\n\t<meta property=\"og:image:width\" content=\"2560\" \/>\n\t<meta property=\"og:image:height\" content=\"1706\" \/>\n\t<meta property=\"og:image:type\" content=\"image\/jpeg\" \/>\n<meta name=\"author\" content=\"Marko Maunula\" \/>\n<meta name=\"twitter:card\" content=\"summary_large_image\" \/>\n<meta name=\"twitter:label1\" content=\"Written by\" \/>\n\t<meta name=\"twitter:data1\" content=\"Marko Maunula\" \/>\n\t<meta name=\"twitter:label2\" content=\"Est. reading time\" \/>\n\t<meta name=\"twitter:data2\" content=\"1 minuutti\" \/>\n<script type=\"application\/ld+json\" class=\"yoast-schema-graph\">{\"@context\":\"https:\/\/schema.org\",\"@graph\":[{\"@type\":\"WebPage\",\"@id\":\"https:\/\/suomenkuvalehti.fi\/americana\/ase-taskussa-luennolle\/\",\"url\":\"https:\/\/suomenkuvalehti.fi\/americana\/ase-taskussa-luennolle\/\",\"name\":\"Ase taskussa luennolle - Americana\",\"isPartOf\":{\"@id\":\"https:\/\/suomenkuvalehti.fi\/americana\/#website\"},\"datePublished\":\"2013-03-23T18:31:28+00:00\",\"dateModified\":\"2013-11-30T14:22:01+00:00\",\"author\":{\"@id\":\"https:\/\/suomenkuvalehti.fi\/americana\/#\/schema\/person\/12d514491cb37506bc39c8e10176c3ec\"},\"breadcrumb\":{\"@id\":\"https:\/\/suomenkuvalehti.fi\/americana\/ase-taskussa-luennolle\/#breadcrumb\"},\"inLanguage\":\"fi\",\"potentialAction\":[{\"@type\":\"ReadAction\",\"target\":[\"https:\/\/suomenkuvalehti.fi\/americana\/ase-taskussa-luennolle\/\"]}]},{\"@type\":\"BreadcrumbList\",\"@id\":\"https:\/\/suomenkuvalehti.fi\/americana\/ase-taskussa-luennolle\/#breadcrumb\",\"itemListElement\":[{\"@type\":\"ListItem\",\"position\":1,\"name\":\"Home\",\"item\":\"https:\/\/suomenkuvalehti.fi\/americana\/\"},{\"@type\":\"ListItem\",\"position\":2,\"name\":\"Ase taskussa luennolle\"}]},{\"@type\":\"WebSite\",\"@id\":\"https:\/\/suomenkuvalehti.fi\/americana\/#website\",\"url\":\"https:\/\/suomenkuvalehti.fi\/americana\/\",\"name\":\"Americana\",\"description\":\"Professori Marko Maunula seuraa USA:n politiikkaa ja populaarikulttuuria\",\"potentialAction\":[{\"@type\":\"SearchAction\",\"target\":{\"@type\":\"EntryPoint\",\"urlTemplate\":\"https:\/\/suomenkuvalehti.fi\/haku\/?q={search_term_string}\"},\"query-input\":{\"@type\":\"PropertyValueSpecification\",\"valueRequired\":true,\"valueName\":\"search_term_string\"}}],\"inLanguage\":\"fi\"},{\"@type\":\"Person\",\"@id\":\"https:\/\/suomenkuvalehti.fi\/americana\/#\/schema\/person\/12d514491cb37506bc39c8e10176c3ec\",\"name\":\"Marko Maunula\",\"image\":{\"@type\":\"ImageObject\",\"inLanguage\":\"fi\",\"@id\":\"https:\/\/suomenkuvalehti.fi\/americana\/#\/schema\/person\/image\/\",\"url\":\"https:\/\/suomenkuvalehti.fi\/americana\/wp-content\/uploads\/sites\/10\/2022\/04\/americana_maunula-150x150.jpg\",\"contentUrl\":\"https:\/\/suomenkuvalehti.fi\/americana\/wp-content\/uploads\/sites\/10\/2022\/04\/americana_maunula-150x150.jpg\",\"caption\":\"Marko Maunula\"},\"description\":\"Kirjoittaja on Yhdysvaltain historian professori Atlantassa.\"}]}<\/script>\n<!-- \/ Yoast SEO plugin. -->","yoast_head_json":{"title":"Ase taskussa luennolle - Americana","robots":{"index":"noindex","follow":"follow"},"og_locale":"fi_FI","og_type":"article","og_title":"Ase taskussa luennolle - Americana","og_description":"Georgian osavaltion kongressi reagoi viime aikojen joukkoampumisiin: se&nbsp;haluaa laajentaa kansalaisten aseoikeuksia. T\u00e4m\u00e4 vaikuttaa minuun henkil\u00f6kohtaisesti. Mik\u00e4li lakiehdotus menee l\u00e4pi, opiskelijat ja professorit saavat tuoda aseensa valtion yliopistojen kampuksille. Georgian senaatin laki&hellip;","og_url":"https:\/\/suomenkuvalehti.fi\/americana\/ase-taskussa-luennolle\/","og_site_name":"Americana","article_published_time":"2013-03-23T18:31:28+00:00","article_modified_time":"2013-11-30T14:22:01+00:00","og_image":[{"width":2560,"height":1706,"url":"https:\/\/suomenkuvalehti.fi\/americana\/wp-content\/uploads\/sites\/10\/2022\/04\/americana_maunula-scaled.jpg","type":"image\/jpeg"}],"author":"Marko Maunula","twitter_card":"summary_large_image","twitter_misc":{"Written by":"Marko Maunula","Est. reading time":"1 minuutti"},"schema":{"@context":"https:\/\/schema.org","@graph":[{"@type":"WebPage","@id":"https:\/\/suomenkuvalehti.fi\/americana\/ase-taskussa-luennolle\/","url":"https:\/\/suomenkuvalehti.fi\/americana\/ase-taskussa-luennolle\/","name":"Ase taskussa luennolle - Americana","isPartOf":{"@id":"https:\/\/suomenkuvalehti.fi\/americana\/#website"},"datePublished":"2013-03-23T18:31:28+00:00","dateModified":"2013-11-30T14:22:01+00:00","author":{"@id":"https:\/\/suomenkuvalehti.fi\/americana\/#\/schema\/person\/12d514491cb37506bc39c8e10176c3ec"},"breadcrumb":{"@id":"https:\/\/suomenkuvalehti.fi\/americana\/ase-taskussa-luennolle\/#breadcrumb"},"inLanguage":"fi","potentialAction":[{"@type":"ReadAction","target":["https:\/\/suomenkuvalehti.fi\/americana\/ase-taskussa-luennolle\/"]}]},{"@type":"BreadcrumbList","@id":"https:\/\/suomenkuvalehti.fi\/americana\/ase-taskussa-luennolle\/#breadcrumb","itemListElement":[{"@type":"ListItem","position":1,"name":"Home","item":"https:\/\/suomenkuvalehti.fi\/americana\/"},{"@type":"ListItem","position":2,"name":"Ase taskussa luennolle"}]},{"@type":"WebSite","@id":"https:\/\/suomenkuvalehti.fi\/americana\/#website","url":"https:\/\/suomenkuvalehti.fi\/americana\/","name":"Americana","description":"Professori Marko Maunula seuraa USA:n politiikkaa ja populaarikulttuuria","potentialAction":[{"@type":"SearchAction","target":{"@type":"EntryPoint","urlTemplate":"https:\/\/suomenkuvalehti.fi\/haku\/?q={search_term_string}"},"query-input":{"@type":"PropertyValueSpecification","valueRequired":true,"valueName":"search_term_string"}}],"inLanguage":"fi"},{"@type":"Person","@id":"https:\/\/suomenkuvalehti.fi\/americana\/#\/schema\/person\/12d514491cb37506bc39c8e10176c3ec","name":"Marko Maunula","image":{"@type":"ImageObject","inLanguage":"fi","@id":"https:\/\/suomenkuvalehti.fi\/americana\/#\/schema\/person\/image\/","url":"https:\/\/suomenkuvalehti.fi\/americana\/wp-content\/uploads\/sites\/10\/2022\/04\/americana_maunula-150x150.jpg","contentUrl":"https:\/\/suomenkuvalehti.fi\/americana\/wp-content\/uploads\/sites\/10\/2022\/04\/americana_maunula-150x150.jpg","caption":"Marko Maunula"},"description":"Kirjoittaja on Yhdysvaltain historian professori Atlantassa."}]}},"_links":{"self":[{"href":"https:\/\/suomenkuvalehti.fi\/americana\/wp-json\/wp\/v2\/posts\/71","targetHints":{"allow":["GET"]}}],"collection":[{"href":"https:\/\/suomenkuvalehti.fi\/americana\/wp-json\/wp\/v2\/posts"}],"about":[{"href":"https:\/\/suomenkuvalehti.fi\/americana\/wp-json\/wp\/v2\/types\/post"}],"author":[{"embeddable":true,"href":"https:\/\/suomenkuvalehti.fi\/americana\/wp-json\/wp\/v2\/users\/158"}],"replies":[{"embeddable":true,"href":"https:\/\/suomenkuvalehti.fi\/americana\/wp-json\/wp\/v2\/comments?post=71"}],"version-history":[{"count":1,"href":"https:\/\/suomenkuvalehti.fi\/americana\/wp-json\/wp\/v2\/posts\/71\/revisions"}],"predecessor-version":[{"id":203,"href":"https:\/\/suomenkuvalehti.fi\/americana\/wp-json\/wp\/v2\/posts\/71\/revisions\/203"}],"wp:attachment":[{"href":"https:\/\/suomenkuvalehti.fi\/americana\/wp-json\/wp\/v2\/media?parent=71"}],"wp:term":[{"taxonomy":"category","embeddable":true,"href":"https:\/\/suomenkuvalehti.fi\/americana\/wp-json\/wp\/v2\/categories?post=71"},{"taxonomy":"post_tag","embeddable":true,"href":"https:\/\/suomenkuvalehti.fi\/americana\/wp-json\/wp\/v2\/tags?post=71"}],"curies":[{"name":"wp","href":"https:\/\/api.w.org\/{rel}","templated":true}]}}