{"id":703,"date":"2009-10-06T17:32:11","date_gmt":"2009-10-06T14:32:11","guid":{"rendered":"https:\/\/suomenkuvalehti.fi\/americana\/anti-amerikkalaisuus-euroopan-vika\/"},"modified":"2013-11-30T16:22:37","modified_gmt":"2013-11-30T14:22:37","slug":"anti-amerikkalaisuus-euroopan-vika","status":"publish","type":"post","link":"https:\/\/suomenkuvalehti.fi\/americana\/anti-amerikkalaisuus-euroopan-vika\/","title":{"rendered":"Anti-amerikkalaisuus: Euroopan vika?"},"content":{"rendered":"\n<p>Sunnuntain <em>New York Timesiss\u00e4<\/em> republikaaninen politiikko-tutkija <strong>John R. Miller<\/strong> julkaisi mielenkiintoisen <a href=\"http:\/\/www.nytimes.com\/2009\/10\/03\/opinion\/03miller.html?_r=1&amp;ref=todayspaper\">kirjoituksen maailman suhtautumisesta Yhdysvaltoihin<\/a>: &#8221;Maailma ei pid\u00e4 meist\u00e4,&#8221; Miller kirjoitti: &#8221;Ent\u00e4 sitten?&#8221;<\/p>\n\n\n\n<p>Miller kirjoitti, ett\u00e4 maailman suhtautuminen Yhdysvaltoihin perustuu enemm\u00e4n sen vallan vierastamiseen kuin ajankohtaisiin kansainv\u00e4lisiin tapahtumiin. Maailma on kateellinen ja ep\u00e4luuloinen vahvoja valtioita kohtaan, h\u00e4n uskoo.<\/p>\n\n\n\n<p>1920-luvulla, vain vuosia sen j\u00e4lkeen kun Yhdysvallat oli auttanut Ranskaa Ensimm\u00e4isessa maailmansodassa, ranskalaiset ilmoittivat pit\u00e4v\u00e4ns\u00e4 Saksasta enemm\u00e4n kuin Yhdysvalloista. Heti Toisen maailmansodan j\u00e4lkeen, vuonna 1945, 54 prosenttia ranskalaisista ilmoitti pettymyksens\u00e4 Yhdysvaltoihin. Eli t\u00e4ll\u00e4inen oli kiitos maan vapauttamisesta.<\/p>\n\n\n\n<p>Toisaalta, vuonna 1939, kun viel\u00e4 puolueeton Yhdysvallat piti pes\u00e4eroa Eurooppaan eik\u00e4 tehnyt paljoakaan Ison-Britannian ja Ranskan auttamiseksi Saksaa vastaan, molemmat kansat diggasivat Yhdysvaltoja vahvasti. Vuonna 1939 lama oli koetellut Yhdysvaltoja raskaalla k\u00e4dell\u00e4. Sen mahti verrattuna Neuvostoliittoon tai Saksaan ei ollut ilmiselv\u00e4, eli Yhdysvallat oli pidett\u00e4viss\u00e4.<\/p>\n\n\n\n<p>Millerin pointit ovat kiinnostavia. Voin yhty\u00e4 moniin h\u00e4nen kommenteistaan melko vahvasti.<\/p>\n\n\n\n<p>V\u00e4it\u00e4n, ett\u00e4 jopa koulutettujen eurooppalaisten suhtautuminen Yhdysvaltoihin on huomattavasti kompleksisempaa sek\u00e4 asenteellisempaa kuin koulutettujen amerikkalaisten suhtautuminen Eurooppaan. Yhdysvaltain ja sen asukkaiden homogeeninen kategorisointi sek\u00e4 reaktionomainen anti-amerikkalaisuus ovat vahvoja ja usein h\u00e4mment\u00e4v\u00e4n voimakkaita asenteita, joita meik\u00e4l\u00e4inen, henkisesti kahden mantereen v\u00e4liin jumiutunut tarkkailija, joutuu usein ihmettelem\u00e4\u00e4n.<\/p>\n\n\n\n<p>Amerikkalainen \u00e4lymyst\u00f6 on eritt\u00e4in hyv\u00e4\u00e4 arvioimaan omaa historiaansa, kulttuuriaan, sek\u00e4 toimiaan kriittisesti ja et\u00e4isesti. Joskus toivoisin enemm\u00e4n samaa asennetta my\u00f6s eurooppalaisilta ajattelijoilta. Ehk\u00e4 eurooppalaisten olisi aika k\u00e4\u00e4nt\u00e4\u00e4 vaihteeksi katse itseens\u00e4 ja etsi\u00e4 anti-amerikkalaisuuden syit\u00e4 my\u00f6s itsest\u00e4\u00e4n? Syit\u00e4 anti-amerikkalaisuuteen l\u00f6ytyy toki my\u00f6s amerikkalaisista itsest\u00e4\u00e4n, mutta ehk\u00e4 toisessakin keng\u00e4ss\u00e4 on kivi?<\/p>\n\n\n\n<p><em>Soundtrack: Prince, America.<\/em><\/p>\n\n\n","protected":false},"excerpt":{"rendered":"<p>Sunnuntain New York Timesiss\u00e4 republikaaninen politiikko-tutkija John R. Miller julkaisi mielenkiintoisen kirjoituksen maailman suhtautumisesta Yhdysvaltoihin: &#8221;Maailma ei pid\u00e4 meist\u00e4,&#8221; Miller kirjoitti: &#8221;Ent\u00e4 sitten?&#8221; Miller kirjoitti, ett\u00e4 maailman suhtautuminen<br \/>\nYhdy&hellip;<\/p>\n","protected":false},"author":158,"featured_media":0,"comment_status":"open","ping_status":"open","sticky":false,"template":"","format":"standard","meta":{"_acf_changed":false,"asauth_required_access_level":0,"asauth_cansharepaid":"","om_header_attributes":[],"footnotes":"","om_featured_image_focal_point":[],"om_primary_tag":0,"om_contributors":[],"om_co_authors":[],"beyondwords_generate_audio":"","beyondwords_project_id":"","beyondwords_content_id":"","beyondwords_preview_token":"","beyondwords_player_content":"","beyondwords_player_style":"","beyondwords_language_code":"","beyondwords_language_id":"","beyondwords_title_voice_id":"","beyondwords_body_voice_id":"","beyondwords_summary_voice_id":"","beyondwords_error_message":"","beyondwords_disabled":"","beyondwords_delete_content":"","beyondwords_podcast_id":"","beyondwords_hash":"","publish_post_to_speechkit":"","speechkit_hash":"","speechkit_generate_audio":"","speechkit_project_id":"","speechkit_podcast_id":"","speechkit_error_message":"","speechkit_disabled":"","speechkit_access_key":"","speechkit_error":"","speechkit_info":"","speechkit_response":"","speechkit_retries":"","speechkit_status":"","speechkit_updated_at":"","_speechkit_link":"","_speechkit_text":""},"categories":[1],"tags":[1325,70,1324,300],"class_list":["post-703","post","type-post","status-publish","format-standard","hentry","category-americana","tag-anti-amerikkalaisuus","tag-eurooppa","tag-john-r-miller","tag-ulkopolitiikka"],"om_views":null,"acf":{"tuuma_off":false,"tuuma_kysymys":"","tuuma_vastaus":""},"asauth":{"required_access_level":1,"share_token":"","is_paid":false},"yoast_head":"<!-- This site is optimized with the Yoast SEO plugin v26.4 - https:\/\/yoast.com\/wordpress\/plugins\/seo\/ -->\n<title>Anti-amerikkalaisuus: Euroopan vika? - Americana<\/title>\n<meta name=\"robots\" content=\"noindex, follow\" \/>\n<meta property=\"og:locale\" content=\"fi_FI\" \/>\n<meta property=\"og:type\" content=\"article\" \/>\n<meta property=\"og:title\" content=\"Anti-amerikkalaisuus: Euroopan vika? - Americana\" \/>\n<meta property=\"og:description\" content=\"Sunnuntain New York Timesiss\u00e4 republikaaninen politiikko-tutkija John R. Miller julkaisi mielenkiintoisen kirjoituksen maailman suhtautumisesta Yhdysvaltoihin: &#8221;Maailma ei pid\u00e4 meist\u00e4,&#8221; Miller kirjoitti: &#8221;Ent\u00e4 sitten?&#8221; Miller kirjoitti, ett\u00e4 maailman suhtautuminen Yhdy&hellip;\" \/>\n<meta property=\"og:url\" content=\"https:\/\/suomenkuvalehti.fi\/americana\/anti-amerikkalaisuus-euroopan-vika\/\" \/>\n<meta property=\"og:site_name\" content=\"Americana\" \/>\n<meta property=\"article:published_time\" content=\"2009-10-06T14:32:11+00:00\" \/>\n<meta property=\"article:modified_time\" content=\"2013-11-30T14:22:37+00:00\" \/>\n<meta property=\"og:image\" content=\"https:\/\/suomenkuvalehti.fi\/americana\/wp-content\/uploads\/sites\/10\/2022\/04\/americana_maunula-scaled.jpg\" \/>\n\t<meta property=\"og:image:width\" content=\"2560\" \/>\n\t<meta property=\"og:image:height\" content=\"1706\" \/>\n\t<meta property=\"og:image:type\" content=\"image\/jpeg\" \/>\n<meta name=\"author\" content=\"Marko Maunula\" \/>\n<meta name=\"twitter:card\" content=\"summary_large_image\" \/>\n<meta name=\"twitter:label1\" content=\"Written by\" \/>\n\t<meta name=\"twitter:data1\" content=\"Marko Maunula\" \/>\n\t<meta name=\"twitter:label2\" content=\"Est. reading time\" \/>\n\t<meta name=\"twitter:data2\" content=\"1 minuutti\" \/>\n<script type=\"application\/ld+json\" class=\"yoast-schema-graph\">{\"@context\":\"https:\/\/schema.org\",\"@graph\":[{\"@type\":\"WebPage\",\"@id\":\"https:\/\/suomenkuvalehti.fi\/americana\/anti-amerikkalaisuus-euroopan-vika\/\",\"url\":\"https:\/\/suomenkuvalehti.fi\/americana\/anti-amerikkalaisuus-euroopan-vika\/\",\"name\":\"Anti-amerikkalaisuus: Euroopan vika? - Americana\",\"isPartOf\":{\"@id\":\"https:\/\/suomenkuvalehti.fi\/americana\/#website\"},\"datePublished\":\"2009-10-06T14:32:11+00:00\",\"dateModified\":\"2013-11-30T14:22:37+00:00\",\"author\":{\"@id\":\"https:\/\/suomenkuvalehti.fi\/americana\/#\/schema\/person\/12d514491cb37506bc39c8e10176c3ec\"},\"breadcrumb\":{\"@id\":\"https:\/\/suomenkuvalehti.fi\/americana\/anti-amerikkalaisuus-euroopan-vika\/#breadcrumb\"},\"inLanguage\":\"fi\",\"potentialAction\":[{\"@type\":\"ReadAction\",\"target\":[\"https:\/\/suomenkuvalehti.fi\/americana\/anti-amerikkalaisuus-euroopan-vika\/\"]}]},{\"@type\":\"BreadcrumbList\",\"@id\":\"https:\/\/suomenkuvalehti.fi\/americana\/anti-amerikkalaisuus-euroopan-vika\/#breadcrumb\",\"itemListElement\":[{\"@type\":\"ListItem\",\"position\":1,\"name\":\"Home\",\"item\":\"https:\/\/suomenkuvalehti.fi\/americana\/\"},{\"@type\":\"ListItem\",\"position\":2,\"name\":\"Anti-amerikkalaisuus: Euroopan vika?\"}]},{\"@type\":\"WebSite\",\"@id\":\"https:\/\/suomenkuvalehti.fi\/americana\/#website\",\"url\":\"https:\/\/suomenkuvalehti.fi\/americana\/\",\"name\":\"Americana\",\"description\":\"Professori Marko Maunula seuraa USA:n politiikkaa ja populaarikulttuuria\",\"potentialAction\":[{\"@type\":\"SearchAction\",\"target\":{\"@type\":\"EntryPoint\",\"urlTemplate\":\"https:\/\/suomenkuvalehti.fi\/haku\/?q={search_term_string}\"},\"query-input\":{\"@type\":\"PropertyValueSpecification\",\"valueRequired\":true,\"valueName\":\"search_term_string\"}}],\"inLanguage\":\"fi\"},{\"@type\":\"Person\",\"@id\":\"https:\/\/suomenkuvalehti.fi\/americana\/#\/schema\/person\/12d514491cb37506bc39c8e10176c3ec\",\"name\":\"Marko Maunula\",\"image\":{\"@type\":\"ImageObject\",\"inLanguage\":\"fi\",\"@id\":\"https:\/\/suomenkuvalehti.fi\/americana\/#\/schema\/person\/image\/\",\"url\":\"https:\/\/suomenkuvalehti.fi\/americana\/wp-content\/uploads\/sites\/10\/2022\/04\/americana_maunula-150x150.jpg\",\"contentUrl\":\"https:\/\/suomenkuvalehti.fi\/americana\/wp-content\/uploads\/sites\/10\/2022\/04\/americana_maunula-150x150.jpg\",\"caption\":\"Marko Maunula\"},\"description\":\"Kirjoittaja on Yhdysvaltain historian professori Atlantassa.\"}]}<\/script>\n<!-- \/ Yoast SEO plugin. -->","yoast_head_json":{"title":"Anti-amerikkalaisuus: Euroopan vika? - Americana","robots":{"index":"noindex","follow":"follow"},"og_locale":"fi_FI","og_type":"article","og_title":"Anti-amerikkalaisuus: Euroopan vika? - Americana","og_description":"Sunnuntain New York Timesiss\u00e4 republikaaninen politiikko-tutkija John R. Miller julkaisi mielenkiintoisen kirjoituksen maailman suhtautumisesta Yhdysvaltoihin: &#8221;Maailma ei pid\u00e4 meist\u00e4,&#8221; Miller kirjoitti: &#8221;Ent\u00e4 sitten?&#8221; Miller kirjoitti, ett\u00e4 maailman suhtautuminen Yhdy&hellip;","og_url":"https:\/\/suomenkuvalehti.fi\/americana\/anti-amerikkalaisuus-euroopan-vika\/","og_site_name":"Americana","article_published_time":"2009-10-06T14:32:11+00:00","article_modified_time":"2013-11-30T14:22:37+00:00","og_image":[{"width":2560,"height":1706,"url":"https:\/\/suomenkuvalehti.fi\/americana\/wp-content\/uploads\/sites\/10\/2022\/04\/americana_maunula-scaled.jpg","type":"image\/jpeg"}],"author":"Marko Maunula","twitter_card":"summary_large_image","twitter_misc":{"Written by":"Marko Maunula","Est. reading time":"1 minuutti"},"schema":{"@context":"https:\/\/schema.org","@graph":[{"@type":"WebPage","@id":"https:\/\/suomenkuvalehti.fi\/americana\/anti-amerikkalaisuus-euroopan-vika\/","url":"https:\/\/suomenkuvalehti.fi\/americana\/anti-amerikkalaisuus-euroopan-vika\/","name":"Anti-amerikkalaisuus: Euroopan vika? - Americana","isPartOf":{"@id":"https:\/\/suomenkuvalehti.fi\/americana\/#website"},"datePublished":"2009-10-06T14:32:11+00:00","dateModified":"2013-11-30T14:22:37+00:00","author":{"@id":"https:\/\/suomenkuvalehti.fi\/americana\/#\/schema\/person\/12d514491cb37506bc39c8e10176c3ec"},"breadcrumb":{"@id":"https:\/\/suomenkuvalehti.fi\/americana\/anti-amerikkalaisuus-euroopan-vika\/#breadcrumb"},"inLanguage":"fi","potentialAction":[{"@type":"ReadAction","target":["https:\/\/suomenkuvalehti.fi\/americana\/anti-amerikkalaisuus-euroopan-vika\/"]}]},{"@type":"BreadcrumbList","@id":"https:\/\/suomenkuvalehti.fi\/americana\/anti-amerikkalaisuus-euroopan-vika\/#breadcrumb","itemListElement":[{"@type":"ListItem","position":1,"name":"Home","item":"https:\/\/suomenkuvalehti.fi\/americana\/"},{"@type":"ListItem","position":2,"name":"Anti-amerikkalaisuus: Euroopan vika?"}]},{"@type":"WebSite","@id":"https:\/\/suomenkuvalehti.fi\/americana\/#website","url":"https:\/\/suomenkuvalehti.fi\/americana\/","name":"Americana","description":"Professori Marko Maunula seuraa USA:n politiikkaa ja populaarikulttuuria","potentialAction":[{"@type":"SearchAction","target":{"@type":"EntryPoint","urlTemplate":"https:\/\/suomenkuvalehti.fi\/haku\/?q={search_term_string}"},"query-input":{"@type":"PropertyValueSpecification","valueRequired":true,"valueName":"search_term_string"}}],"inLanguage":"fi"},{"@type":"Person","@id":"https:\/\/suomenkuvalehti.fi\/americana\/#\/schema\/person\/12d514491cb37506bc39c8e10176c3ec","name":"Marko Maunula","image":{"@type":"ImageObject","inLanguage":"fi","@id":"https:\/\/suomenkuvalehti.fi\/americana\/#\/schema\/person\/image\/","url":"https:\/\/suomenkuvalehti.fi\/americana\/wp-content\/uploads\/sites\/10\/2022\/04\/americana_maunula-150x150.jpg","contentUrl":"https:\/\/suomenkuvalehti.fi\/americana\/wp-content\/uploads\/sites\/10\/2022\/04\/americana_maunula-150x150.jpg","caption":"Marko Maunula"},"description":"Kirjoittaja on Yhdysvaltain historian professori Atlantassa."}]}},"_links":{"self":[{"href":"https:\/\/suomenkuvalehti.fi\/americana\/wp-json\/wp\/v2\/posts\/703","targetHints":{"allow":["GET"]}}],"collection":[{"href":"https:\/\/suomenkuvalehti.fi\/americana\/wp-json\/wp\/v2\/posts"}],"about":[{"href":"https:\/\/suomenkuvalehti.fi\/americana\/wp-json\/wp\/v2\/types\/post"}],"author":[{"embeddable":true,"href":"https:\/\/suomenkuvalehti.fi\/americana\/wp-json\/wp\/v2\/users\/158"}],"replies":[{"embeddable":true,"href":"https:\/\/suomenkuvalehti.fi\/americana\/wp-json\/wp\/v2\/comments?post=703"}],"version-history":[{"count":1,"href":"https:\/\/suomenkuvalehti.fi\/americana\/wp-json\/wp\/v2\/posts\/703\/revisions"}],"predecessor-version":[{"id":1311,"href":"https:\/\/suomenkuvalehti.fi\/americana\/wp-json\/wp\/v2\/posts\/703\/revisions\/1311"}],"wp:attachment":[{"href":"https:\/\/suomenkuvalehti.fi\/americana\/wp-json\/wp\/v2\/media?parent=703"}],"wp:term":[{"taxonomy":"category","embeddable":true,"href":"https:\/\/suomenkuvalehti.fi\/americana\/wp-json\/wp\/v2\/categories?post=703"},{"taxonomy":"post_tag","embeddable":true,"href":"https:\/\/suomenkuvalehti.fi\/americana\/wp-json\/wp\/v2\/tags?post=703"}],"curies":[{"name":"wp","href":"https:\/\/api.w.org\/{rel}","templated":true}]}}