{"id":6917,"date":"2023-07-10T12:04:38","date_gmt":"2023-07-10T09:04:38","guid":{"rendered":"https:\/\/suomenkuvalehti.fi\/americana\/?p=6917"},"modified":"2023-07-10T12:04:40","modified_gmt":"2023-07-10T09:04:40","slug":"onko-eurooppa-vapaaehtoisesti-tekemassa-itsestaan-yhdysvaltojen-vasallin","status":"publish","type":"post","link":"https:\/\/suomenkuvalehti.fi\/americana\/onko-eurooppa-vapaaehtoisesti-tekemassa-itsestaan-yhdysvaltojen-vasallin\/","title":{"rendered":"Onko Eurooppa vapaaehtoisesti tekem\u00e4ss\u00e4 itsest\u00e4\u00e4n Yhdysvaltojen vasallin?"},"content":{"rendered":"\n<p><span class=\"capitalized\">Amerikkalainen<\/span> <strong><a href=\"https:\/\/en.wikipedia.org\/wiki\/Jeremy_Shapiro\">Jeremy Shapiro<\/a><\/strong> ja saksalainen <strong><a href=\"https:\/\/ecfr.eu\/profile\/jana_puglierin\/\">Jana Puglierin<\/a><\/strong>, kaksi arvostettua transatlanttisten suhteiden tutkijaa, analysoivat <a href=\"https:\/\/warontherocks.com\/2023\/06\/the-art-of-vassalization-how-russias-war-on-ukraine-has-transformed-transatlantic-relations\/\">Euroopan riippuvuutta Yhdysvalloista<\/a> turvallisuuspolitiikkaa ruotivassa <em>War on the Rocks<\/em> \u2013verkkojulkaisussa.<\/p>\n\n\n\n<p>Viime vuosina vanhan mantereen riippuvuus Yhdysvalloista on ainoastaan syventynyt, kirjoittajat argumentoivat. Syyn\u00e4 ovat kasvavat erot taloudellisessa ja sotilaallisessa voimassa yhdistettyn\u00e4 Euroopan sis\u00e4iseen kyvytt\u00f6myyteen toimia laajamittaisesti ja p\u00e4\u00e4tt\u00e4v\u00e4isesti edes kriisien hetkell\u00e4.<\/p>\n\n\n\n<p><\/p>\n\n\n\n<p><span class=\"capitalized\">Vuoden<\/span> 2008 finanssikriisin j\u00e4lkeen Yhdysvaltojen talous on <a href=\"https:\/\/www.economist.com\/leaders\/2023\/04\/13\/the-lessons-from-americas-astonishing-economic-record?utm_medium=cpc.adword.pd&amp;utm_source=google&amp;ppccampaignID=18151738051&amp;ppcadID=&amp;utm_campaign=a.22brand_pmax&amp;utm_content=conversion.direct-response.anonymous&amp;gclid=EAIaIQobChMIne6q4qeBgAMVjeKyCh0xngHpEAAYASAAEgIh1vD_BwE&amp;gclsrc=aw.ds\">dramaattisesti kasvattanut etumatkaansa Eurooppaan<\/a>. Vuonna 2008 EU:n (Iso-Britannia mukaan luettuna) talous oli suurempi kuin Yhdysvaltojen: 16,2 biljoonaa dollaria vastaan 14,7 biljoonaa dollaria. T\u00e4n\u00e4\u00e4n Yhdysvaltojen talous on kooltaan jo 25 biljoonaa dollaria, kun taas EU:n ja Iso-Britannian talous on yhteenlaskettuna 19,8 biljoonan dollarin kokoinen.<\/p>\n\n\n\n<p>Yhdysvaltojen dynaaminen talous osaltaan vahvistaa sen asemaa verrattuna Eurooppaan. Amerikkalaiset yritykset dominoivat sosiaalista mediaa ja ovat tehneet viime aikojen merkitt\u00e4vimm\u00e4t it-innovaatiot, teko\u00e4ly mukaan luettuna. Puheet, joissa Eurooppa ja euro haastaisivat Yhdysvallat ja dollarin ovat hiipuneet.<\/p>\n\n\n\n<p><\/p>\n\n\n\n<p><span class=\"capitalized\">My\u00f6s<\/span> sotilaallisessa voimassa Yhdysvallat on entisest\u00e4\u00e4n kasvattanut etumatkaansa Eurooppaan. Olipa kyse sitten puolustukseen ohjatuista m\u00e4\u00e4r\u00e4rahoista tai korkean teknologian asej\u00e4rjestelmist\u00e4, yksik\u00e4\u00e4n demokraattinen valtio tai edes EU yhdess\u00e4 ei kykene tarjoamaan vastavoimaa amerikkalaiselle sotilasmahdille.<\/p>\n\n\n\n<p>Ven\u00e4j\u00e4n kiihdytetty\u00e4 imperialistista projektiaan helmikuussa 2022, Euroopan kritiikki amerikkalaista ylivarustelua kohtaan osoittautui ontoksi r\u00e4ksytykseksi. Yhdysvalloista tuli j\u00e4lleen vapaan maailman asevarikko, jonka tuki Ukrainalle on v\u00e4ltt\u00e4m\u00e4t\u00f6nt\u00e4 Ven\u00e4j\u00e4n valloitussodan pys\u00e4ytt\u00e4miseksi \u2013 ja toivottavasti Ven\u00e4j\u00e4n ajamiseksi takaisin omien rajojensa sis\u00e4lle.<\/p>\n\n\n\n<p><\/p>\n\n\n\n<p><strong><span class=\"capitalized\">Barack Obaman<\/span><\/strong> presidenttikaudesta alkaen Yhdysvallat on hieman irrottautunut Euroopasta, rohkaissut mannerta ottamaan enemm\u00e4n vastuuta omista tapahtumistaan. Presidentti <strong>Donald Trump<\/strong> kritisoi jo avoimesti koko toisen maailmansodan j\u00e4lkeist\u00e4 turvallisuus- ja kauppaj\u00e4rjestelm\u00e4\u00e4.<\/p>\n\n\n\n<p>Euroopan johtajat ymm\u00e4rsiv\u00e4t ysk\u00e4n ja puhuivat tarpeesta varautua Yhdysvaltojen poliittisiin muutoksiin. Silti jo ensimm\u00e4isen suuren kriisin aikana Eurooppa nojautui Yhdysvaltoihin ja odotti sen johtajuutta. Malliesimerkki l\u00f6ytyy Saksasta. Liittokansleri <strong>Olaf Scholtz<\/strong> ilmoitti, ettei maa suostu luovuttamaan Ukrainalle Leopardeja, ellei Yhdysvallat sitoudu antamaan omia Abrams-tankkejaan.<\/p>\n\n\n\n<p><\/p>\n\n\n\n<p><span class=\"capitalized\">Kirjoittajat<\/span> pelk\u00e4\u00e4v\u00e4t Euroopan tekev\u00e4n itsest\u00e4\u00e4n Yhdysvaltojen vasallin, vapaaehtoisesti ja omasta aloitteestaan. EU:n j\u00e4senvaltiot tarvitsevat edelleen Yhdysvaltoja ottamaan ohjat ja sovittelemaan kansallisten erimielisyyksien kanssa painivien eurooppalaisten valtioiden v\u00e4lit.<\/p>\n\n\n\n<p>Eurooppa on j\u00e4lleen luovuttamassa pois omaa ulkopoliittista liikkumavaraansa vastineeksi Yhdysvaltojen tarjoamasta turvallisuudesta. T\u00e4m\u00e4 ei ole kirjoittajien mukaan Euroopan eik\u00e4 Yhdysvaltojen etu. Tulevaisuuden geopoliittiset haasteet vaativat vahvaa ja yhten\u00e4ist\u00e4 Eurooppaa.<\/p>\n\n\n\n<p><\/p>\n\n\n\n<p><em>Soundtrack: Kraftwerk, Trans Europa Express<\/em><\/p>\n\n\n\n<figure class=\"wp-block-embed is-type-video is-provider-youtube wp-block-embed-youtube wp-embed-aspect-4-3 wp-has-aspect-ratio\"><div class=\"wp-block-embed__wrapper\">\n<iframe loading=\"lazy\" title=\"Kraftwerk - Trans Europa Express (original)\" width=\"472\" height=\"354\" src=\"https:\/\/www.youtube.com\/embed\/XMVokT5e0zs?feature=oembed\" frameborder=\"0\" allow=\"accelerometer; autoplay; clipboard-write; encrypted-media; gyroscope; picture-in-picture; web-share\" allowfullscreen><\/iframe>\n<\/div><\/figure>\n","protected":false},"excerpt":{"rendered":"<p>Suuren kriisin aikana Eurooppa nojautui Yhdysvaltoihin ja odotti sen johtajuutta. Se ei ole Euroopan eik\u00e4 Yhdysvaltojen etu.<\/p>\n","protected":false},"author":158,"featured_media":0,"comment_status":"open","ping_status":"open","sticky":false,"template":"","format":"standard","meta":{"_acf_changed":false,"asauth_required_access_level":3,"asauth_cansharepaid":"true","om_header_attributes":[],"footnotes":"","om_featured_image_focal_point":[],"om_primary_tag":24,"om_contributors":[],"om_co_authors":[],"beyondwords_generate_audio":"","beyondwords_project_id":"","beyondwords_content_id":"","beyondwords_preview_token":"","beyondwords_player_content":"","beyondwords_player_style":"","beyondwords_language_code":"","beyondwords_language_id":"","beyondwords_title_voice_id":"","beyondwords_body_voice_id":"","beyondwords_summary_voice_id":"","beyondwords_error_message":"","beyondwords_disabled":"","beyondwords_delete_content":"","beyondwords_podcast_id":"","beyondwords_hash":"","publish_post_to_speechkit":"","speechkit_hash":"","speechkit_generate_audio":"","speechkit_project_id":"","speechkit_podcast_id":"","speechkit_error_message":"","speechkit_disabled":"","speechkit_access_key":"","speechkit_error":"","speechkit_info":"","speechkit_response":"","speechkit_retries":"","speechkit_status":"","speechkit_updated_at":"","_speechkit_link":"","_speechkit_text":""},"categories":[1],"tags":[70,2416,2415,2414,2417,24],"class_list":["post-6917","post","type-post","status-publish","format-standard","hentry","category-americana","tag-eurooppa","tag-jana-puglierin","tag-jeremy-shapiro","tag-vasalli","tag-war-on-the-rocks","tag-yhdysvallat"],"om_views":null,"acf":{"tuuma_off":false,"tuuma_kysymys":"","tuuma_vastaus":""},"asauth":{"required_access_level":1,"share_token":"","is_paid":false},"yoast_head":"<!-- This site is optimized with the Yoast SEO plugin v26.4 - https:\/\/yoast.com\/wordpress\/plugins\/seo\/ -->\n<title>Onko Eurooppa vapaaehtoisesti tekem\u00e4ss\u00e4 itsest\u00e4\u00e4n Yhdysvaltojen vasallin? - Americana<\/title>\n<meta name=\"robots\" content=\"noindex, follow\" \/>\n<meta property=\"og:locale\" content=\"fi_FI\" \/>\n<meta property=\"og:type\" content=\"article\" \/>\n<meta property=\"og:title\" content=\"Onko Eurooppa vapaaehtoisesti tekem\u00e4ss\u00e4 itsest\u00e4\u00e4n Yhdysvaltojen vasallin? - Americana\" \/>\n<meta property=\"og:description\" content=\"Suuren kriisin aikana Eurooppa nojautui Yhdysvaltoihin ja odotti sen johtajuutta. Se ei ole Euroopan eik\u00e4 Yhdysvaltojen etu.\" \/>\n<meta property=\"og:url\" content=\"https:\/\/suomenkuvalehti.fi\/americana\/onko-eurooppa-vapaaehtoisesti-tekemassa-itsestaan-yhdysvaltojen-vasallin\/\" \/>\n<meta property=\"og:site_name\" content=\"Americana\" \/>\n<meta property=\"article:published_time\" content=\"2023-07-10T09:04:38+00:00\" \/>\n<meta property=\"article:modified_time\" content=\"2023-07-10T09:04:40+00:00\" \/>\n<meta property=\"og:image\" content=\"https:\/\/suomenkuvalehti.fi\/americana\/wp-content\/uploads\/sites\/10\/2022\/04\/americana_maunula-scaled.jpg\" \/>\n\t<meta property=\"og:image:width\" content=\"2560\" \/>\n\t<meta property=\"og:image:height\" content=\"1706\" \/>\n\t<meta property=\"og:image:type\" content=\"image\/jpeg\" \/>\n<meta name=\"author\" content=\"Marko Maunula\" \/>\n<meta name=\"twitter:card\" content=\"summary_large_image\" \/>\n<meta name=\"twitter:label1\" content=\"Written by\" \/>\n\t<meta name=\"twitter:data1\" content=\"Marko Maunula\" \/>\n\t<meta name=\"twitter:label2\" content=\"Est. reading time\" \/>\n\t<meta name=\"twitter:data2\" content=\"3 minuuttia\" \/>\n<script type=\"application\/ld+json\" class=\"yoast-schema-graph\">{\"@context\":\"https:\/\/schema.org\",\"@graph\":[{\"@type\":\"WebPage\",\"@id\":\"https:\/\/suomenkuvalehti.fi\/americana\/onko-eurooppa-vapaaehtoisesti-tekemassa-itsestaan-yhdysvaltojen-vasallin\/\",\"url\":\"https:\/\/suomenkuvalehti.fi\/americana\/onko-eurooppa-vapaaehtoisesti-tekemassa-itsestaan-yhdysvaltojen-vasallin\/\",\"name\":\"Onko Eurooppa vapaaehtoisesti tekem\u00e4ss\u00e4 itsest\u00e4\u00e4n Yhdysvaltojen vasallin? - Americana\",\"isPartOf\":{\"@id\":\"https:\/\/suomenkuvalehti.fi\/americana\/#website\"},\"datePublished\":\"2023-07-10T09:04:38+00:00\",\"dateModified\":\"2023-07-10T09:04:40+00:00\",\"author\":{\"@id\":\"https:\/\/suomenkuvalehti.fi\/americana\/#\/schema\/person\/12d514491cb37506bc39c8e10176c3ec\"},\"breadcrumb\":{\"@id\":\"https:\/\/suomenkuvalehti.fi\/americana\/onko-eurooppa-vapaaehtoisesti-tekemassa-itsestaan-yhdysvaltojen-vasallin\/#breadcrumb\"},\"inLanguage\":\"fi\",\"potentialAction\":[{\"@type\":\"ReadAction\",\"target\":[\"https:\/\/suomenkuvalehti.fi\/americana\/onko-eurooppa-vapaaehtoisesti-tekemassa-itsestaan-yhdysvaltojen-vasallin\/\"]}]},{\"@type\":\"BreadcrumbList\",\"@id\":\"https:\/\/suomenkuvalehti.fi\/americana\/onko-eurooppa-vapaaehtoisesti-tekemassa-itsestaan-yhdysvaltojen-vasallin\/#breadcrumb\",\"itemListElement\":[{\"@type\":\"ListItem\",\"position\":1,\"name\":\"Home\",\"item\":\"https:\/\/suomenkuvalehti.fi\/americana\/\"},{\"@type\":\"ListItem\",\"position\":2,\"name\":\"Onko Eurooppa vapaaehtoisesti tekem\u00e4ss\u00e4 itsest\u00e4\u00e4n Yhdysvaltojen vasallin?\"}]},{\"@type\":\"WebSite\",\"@id\":\"https:\/\/suomenkuvalehti.fi\/americana\/#website\",\"url\":\"https:\/\/suomenkuvalehti.fi\/americana\/\",\"name\":\"Americana\",\"description\":\"Professori Marko Maunula seuraa USA:n politiikkaa ja populaarikulttuuria\",\"potentialAction\":[{\"@type\":\"SearchAction\",\"target\":{\"@type\":\"EntryPoint\",\"urlTemplate\":\"https:\/\/suomenkuvalehti.fi\/haku\/?q={search_term_string}\"},\"query-input\":{\"@type\":\"PropertyValueSpecification\",\"valueRequired\":true,\"valueName\":\"search_term_string\"}}],\"inLanguage\":\"fi\"},{\"@type\":\"Person\",\"@id\":\"https:\/\/suomenkuvalehti.fi\/americana\/#\/schema\/person\/12d514491cb37506bc39c8e10176c3ec\",\"name\":\"Marko Maunula\",\"image\":{\"@type\":\"ImageObject\",\"inLanguage\":\"fi\",\"@id\":\"https:\/\/suomenkuvalehti.fi\/americana\/#\/schema\/person\/image\/\",\"url\":\"https:\/\/suomenkuvalehti.fi\/americana\/wp-content\/uploads\/sites\/10\/2022\/04\/americana_maunula-150x150.jpg\",\"contentUrl\":\"https:\/\/suomenkuvalehti.fi\/americana\/wp-content\/uploads\/sites\/10\/2022\/04\/americana_maunula-150x150.jpg\",\"caption\":\"Marko Maunula\"},\"description\":\"Kirjoittaja on Yhdysvaltain historian professori Atlantassa.\"}]}<\/script>\n<!-- \/ Yoast SEO plugin. -->","yoast_head_json":{"title":"Onko Eurooppa vapaaehtoisesti tekem\u00e4ss\u00e4 itsest\u00e4\u00e4n Yhdysvaltojen vasallin? - Americana","robots":{"index":"noindex","follow":"follow"},"og_locale":"fi_FI","og_type":"article","og_title":"Onko Eurooppa vapaaehtoisesti tekem\u00e4ss\u00e4 itsest\u00e4\u00e4n Yhdysvaltojen vasallin? - Americana","og_description":"Suuren kriisin aikana Eurooppa nojautui Yhdysvaltoihin ja odotti sen johtajuutta. Se ei ole Euroopan eik\u00e4 Yhdysvaltojen etu.","og_url":"https:\/\/suomenkuvalehti.fi\/americana\/onko-eurooppa-vapaaehtoisesti-tekemassa-itsestaan-yhdysvaltojen-vasallin\/","og_site_name":"Americana","article_published_time":"2023-07-10T09:04:38+00:00","article_modified_time":"2023-07-10T09:04:40+00:00","og_image":[{"width":2560,"height":1706,"url":"https:\/\/suomenkuvalehti.fi\/americana\/wp-content\/uploads\/sites\/10\/2022\/04\/americana_maunula-scaled.jpg","type":"image\/jpeg"}],"author":"Marko Maunula","twitter_card":"summary_large_image","twitter_misc":{"Written by":"Marko Maunula","Est. reading time":"3 minuuttia"},"schema":{"@context":"https:\/\/schema.org","@graph":[{"@type":"WebPage","@id":"https:\/\/suomenkuvalehti.fi\/americana\/onko-eurooppa-vapaaehtoisesti-tekemassa-itsestaan-yhdysvaltojen-vasallin\/","url":"https:\/\/suomenkuvalehti.fi\/americana\/onko-eurooppa-vapaaehtoisesti-tekemassa-itsestaan-yhdysvaltojen-vasallin\/","name":"Onko Eurooppa vapaaehtoisesti tekem\u00e4ss\u00e4 itsest\u00e4\u00e4n Yhdysvaltojen vasallin? - Americana","isPartOf":{"@id":"https:\/\/suomenkuvalehti.fi\/americana\/#website"},"datePublished":"2023-07-10T09:04:38+00:00","dateModified":"2023-07-10T09:04:40+00:00","author":{"@id":"https:\/\/suomenkuvalehti.fi\/americana\/#\/schema\/person\/12d514491cb37506bc39c8e10176c3ec"},"breadcrumb":{"@id":"https:\/\/suomenkuvalehti.fi\/americana\/onko-eurooppa-vapaaehtoisesti-tekemassa-itsestaan-yhdysvaltojen-vasallin\/#breadcrumb"},"inLanguage":"fi","potentialAction":[{"@type":"ReadAction","target":["https:\/\/suomenkuvalehti.fi\/americana\/onko-eurooppa-vapaaehtoisesti-tekemassa-itsestaan-yhdysvaltojen-vasallin\/"]}]},{"@type":"BreadcrumbList","@id":"https:\/\/suomenkuvalehti.fi\/americana\/onko-eurooppa-vapaaehtoisesti-tekemassa-itsestaan-yhdysvaltojen-vasallin\/#breadcrumb","itemListElement":[{"@type":"ListItem","position":1,"name":"Home","item":"https:\/\/suomenkuvalehti.fi\/americana\/"},{"@type":"ListItem","position":2,"name":"Onko Eurooppa vapaaehtoisesti tekem\u00e4ss\u00e4 itsest\u00e4\u00e4n Yhdysvaltojen vasallin?"}]},{"@type":"WebSite","@id":"https:\/\/suomenkuvalehti.fi\/americana\/#website","url":"https:\/\/suomenkuvalehti.fi\/americana\/","name":"Americana","description":"Professori Marko Maunula seuraa USA:n politiikkaa ja populaarikulttuuria","potentialAction":[{"@type":"SearchAction","target":{"@type":"EntryPoint","urlTemplate":"https:\/\/suomenkuvalehti.fi\/haku\/?q={search_term_string}"},"query-input":{"@type":"PropertyValueSpecification","valueRequired":true,"valueName":"search_term_string"}}],"inLanguage":"fi"},{"@type":"Person","@id":"https:\/\/suomenkuvalehti.fi\/americana\/#\/schema\/person\/12d514491cb37506bc39c8e10176c3ec","name":"Marko Maunula","image":{"@type":"ImageObject","inLanguage":"fi","@id":"https:\/\/suomenkuvalehti.fi\/americana\/#\/schema\/person\/image\/","url":"https:\/\/suomenkuvalehti.fi\/americana\/wp-content\/uploads\/sites\/10\/2022\/04\/americana_maunula-150x150.jpg","contentUrl":"https:\/\/suomenkuvalehti.fi\/americana\/wp-content\/uploads\/sites\/10\/2022\/04\/americana_maunula-150x150.jpg","caption":"Marko Maunula"},"description":"Kirjoittaja on Yhdysvaltain historian professori Atlantassa."}]}},"_links":{"self":[{"href":"https:\/\/suomenkuvalehti.fi\/americana\/wp-json\/wp\/v2\/posts\/6917","targetHints":{"allow":["GET"]}}],"collection":[{"href":"https:\/\/suomenkuvalehti.fi\/americana\/wp-json\/wp\/v2\/posts"}],"about":[{"href":"https:\/\/suomenkuvalehti.fi\/americana\/wp-json\/wp\/v2\/types\/post"}],"author":[{"embeddable":true,"href":"https:\/\/suomenkuvalehti.fi\/americana\/wp-json\/wp\/v2\/users\/158"}],"replies":[{"embeddable":true,"href":"https:\/\/suomenkuvalehti.fi\/americana\/wp-json\/wp\/v2\/comments?post=6917"}],"version-history":[{"count":6,"href":"https:\/\/suomenkuvalehti.fi\/americana\/wp-json\/wp\/v2\/posts\/6917\/revisions"}],"predecessor-version":[{"id":6927,"href":"https:\/\/suomenkuvalehti.fi\/americana\/wp-json\/wp\/v2\/posts\/6917\/revisions\/6927"}],"wp:attachment":[{"href":"https:\/\/suomenkuvalehti.fi\/americana\/wp-json\/wp\/v2\/media?parent=6917"}],"wp:term":[{"taxonomy":"category","embeddable":true,"href":"https:\/\/suomenkuvalehti.fi\/americana\/wp-json\/wp\/v2\/categories?post=6917"},{"taxonomy":"post_tag","embeddable":true,"href":"https:\/\/suomenkuvalehti.fi\/americana\/wp-json\/wp\/v2\/tags?post=6917"}],"curies":[{"name":"wp","href":"https:\/\/api.w.org\/{rel}","templated":true}]}}