{"id":674,"date":"2009-12-02T12:20:20","date_gmt":"2009-12-02T10:20:20","guid":{"rendered":"https:\/\/suomenkuvalehti.fi\/americana\/vaikea-valinta-sota-vai-terveydenhoito\/"},"modified":"2013-11-30T16:22:36","modified_gmt":"2013-11-30T14:22:36","slug":"vaikea-valinta-sota-vai-terveydenhoito","status":"publish","type":"post","link":"https:\/\/suomenkuvalehti.fi\/americana\/vaikea-valinta-sota-vai-terveydenhoito\/","title":{"rendered":"Vaikea valinta: sota vai terveydenhoito?"},"content":{"rendered":"\n<p>Republikaanit kaapivat laatikon pohjaa l\u00f6yt\u00e4\u00e4kseen viimeisetkin argumentit terveydenhoidon uudistuksen pys\u00e4ytt\u00e4miseksi. Nyt he ovat vetoamassa patriotismiin.<\/p>\n\n\n\n<p>&#8221;Sota on eritt\u00e4in t\u00e4rke\u00e4. Ty\u00f6llisyys ja talous ovat eritt\u00e4in t\u00e4rkeit\u00e4&#8230;. Ehdotan, ett\u00e4 pist\u00e4mme terveydenhoidon uudistuksen syrj\u00e4\u00e4n vuodeksi,&#8221; senaattori <strong>Richard Luger<\/strong> (R-Indiana) <a href=\"http:\/\/www.foxnews.com\/politics\/2009\/11\/29\/senator-proposes-delaying-health-care-pay-afghanistan-war\/\">sanoi viime viikolla<\/a>: &#8221;Ehdotan, ett\u00e4 me keskitymme olennaiseen: sotaan ja rahaan.&#8221;<\/p>\n\n\n\n<p>Kertaus on opintojen \u00e4iti: politiikka on taistelua siit\u00e4, miten kakku jaetaan. Harvoin taistelu n\u00e4kyy yht\u00e4 raadollisena ja alastomana kuin viime aikojen sota vastaan terveydenhoito -keskustelussa.<\/p>\n\n\n\n<p>Yhdysvaltain talous on edelleen kuralla. Konservatiivien mielest\u00e4 maalla ei ole nyt varaa korjata terveydenhoitoa, sill\u00e4 me olemme sodassa, jonka tarkoitus on turvata amerikkalaiset terrorilta. Afganistanin sodan tarkoitus on est\u00e4\u00e4 uusien 9\/11-iskujen, Madridin junapommien, ja Lontoon r\u00e4j\u00e4hdysten tapahtuminen.<\/p>\n\n\n\n<p>Terrori-iskut ovat viimeisen vuosikymmenen aikana tappaneet ehk\u00e4 noin 4000 amerikkalaista. Samanaikaisesti tuore Harvardin <a href=\"http:\/\/www.reuters.com\/article\/healthNews\/idUSTRE58G6W520090917\">yliopiston tekem\u00e4 tutkimus<\/a> arvioi, ett\u00e4 noin 45000 amerikkalaista kuolee joka vuosi, sill\u00e4 heill\u00e4 ei ole sairasvakuutusta. Kumpi on suurempi haaste amerikkalaisten turvallisuudelle ja hyvinvoinnille?<\/p>\n\n\n\n<p>En v\u00e4h\u00e4ttele terroria. Uskon, ett\u00e4 sota Afganistanissa on valitettava mutta tarpeellinen, t\u00e4rke\u00e4 rintama taistelussa islamistista terrorismia ja fanatismia vastaan. Silti, konservatiivien ajama sodan talousmatematiikka ja logiikka eiv\u00e4t aukene meik\u00e4l\u00e4iselle.<\/p>\n\n\n\n<p>Republikaanit taputtivat <strong>Obaman<\/strong> ilmoitukselle lis\u00e4joukoista Afganistaniin, mutta h\u00e4nen lupauksensa aloittaa joukkojen kotiutus ensi vuonna k\u00e4ynnisti <a href=\"http:\/\/nationalreview.com\/\">tutun valituksen<\/a>: kotiin vain voittajina, deadlinet rohkaisevat vihollista, missio on viet\u00e4v\u00e4 loppuun, jne.<\/p>\n\n\n\n<p>En ole kuullut yht\u00e4\u00e4n laskelmaa, skenaariota, tai valitusta republikaaneilta koskien sodan kustannuksia. Voisin ehk\u00e4 ottaa Lugerin ja muut republikaanit vakavasti, jos he osoittaisivat tyly\u00e4 talousrealismia muuallakin kuin terveydenhoidon uudistuksen kustannuksien laskelmissaan.<\/p>\n\n\n\n<p><em>Soundtrack: Radiohead, Karma Police.<\/em><\/p>\n\n\n","protected":false},"excerpt":{"rendered":"<p>Republikaanit kaapivat laatikon pohjaa l\u00f6yt\u00e4\u00e4kseen viimeisetkin argumentit terveydenhoidon uudistuksen pys\u00e4ytt\u00e4miseksi. Nyt he ovat vetoamassa patriotismiin. &#8221;Sota on eritt\u00e4in t\u00e4rke\u00e4. Ty\u00f6llisyys ja talous ovat eritt\u00e4in t\u00e4rkeit\u00e4&#8230;. Ehdotan, ett\u00e4 pist\u00e4mme<br \/>\nterveydenhoid&hellip;<\/p>\n","protected":false},"author":158,"featured_media":0,"comment_status":"open","ping_status":"open","sticky":false,"template":"","format":"standard","meta":{"_acf_changed":false,"asauth_required_access_level":0,"asauth_cansharepaid":"","om_header_attributes":[],"footnotes":"","om_featured_image_focal_point":[],"om_primary_tag":0,"om_contributors":[],"om_co_authors":[],"beyondwords_generate_audio":"","beyondwords_project_id":"","beyondwords_content_id":"","beyondwords_preview_token":"","beyondwords_player_content":"","beyondwords_player_style":"","beyondwords_language_code":"","beyondwords_language_id":"","beyondwords_title_voice_id":"","beyondwords_body_voice_id":"","beyondwords_summary_voice_id":"","beyondwords_error_message":"","beyondwords_disabled":"","beyondwords_delete_content":"","beyondwords_podcast_id":"","beyondwords_hash":"","publish_post_to_speechkit":"","speechkit_hash":"","speechkit_generate_audio":"","speechkit_project_id":"","speechkit_podcast_id":"","speechkit_error_message":"","speechkit_disabled":"","speechkit_access_key":"","speechkit_error":"","speechkit_info":"","speechkit_response":"","speechkit_retries":"","speechkit_status":"","speechkit_updated_at":"","_speechkit_link":"","_speechkit_text":""},"categories":[1],"tags":[1210,36,30,1291,58],"class_list":["post-674","post","type-post","status-publish","format-standard","hentry","category-americana","tag-afganistanin-sota","tag-barack-obama","tag-republikaanit","tag-richard-luger","tag-terveydenhoidon-uudistus"],"om_views":null,"acf":{"tuuma_off":false,"tuuma_kysymys":"","tuuma_vastaus":""},"asauth":{"required_access_level":1,"share_token":"","is_paid":false},"yoast_head":"<!-- This site is optimized with the Yoast SEO plugin v26.4 - https:\/\/yoast.com\/wordpress\/plugins\/seo\/ -->\n<title>Vaikea valinta: sota vai terveydenhoito? - Americana<\/title>\n<meta name=\"robots\" content=\"noindex, follow\" \/>\n<meta property=\"og:locale\" content=\"fi_FI\" \/>\n<meta property=\"og:type\" content=\"article\" \/>\n<meta property=\"og:title\" content=\"Vaikea valinta: sota vai terveydenhoito? - Americana\" \/>\n<meta property=\"og:description\" content=\"Republikaanit kaapivat laatikon pohjaa l\u00f6yt\u00e4\u00e4kseen viimeisetkin argumentit terveydenhoidon uudistuksen pys\u00e4ytt\u00e4miseksi. Nyt he ovat vetoamassa patriotismiin. &#8221;Sota on eritt\u00e4in t\u00e4rke\u00e4. Ty\u00f6llisyys ja talous ovat eritt\u00e4in t\u00e4rkeit\u00e4&#8230;. Ehdotan, ett\u00e4 pist\u00e4mme terveydenhoid&hellip;\" \/>\n<meta property=\"og:url\" content=\"https:\/\/suomenkuvalehti.fi\/americana\/vaikea-valinta-sota-vai-terveydenhoito\/\" \/>\n<meta property=\"og:site_name\" content=\"Americana\" \/>\n<meta property=\"article:published_time\" content=\"2009-12-02T10:20:20+00:00\" \/>\n<meta property=\"article:modified_time\" content=\"2013-11-30T14:22:36+00:00\" \/>\n<meta property=\"og:image\" content=\"https:\/\/suomenkuvalehti.fi\/americana\/wp-content\/uploads\/sites\/10\/2022\/04\/americana_maunula-scaled.jpg\" \/>\n\t<meta property=\"og:image:width\" content=\"2560\" \/>\n\t<meta property=\"og:image:height\" content=\"1706\" \/>\n\t<meta property=\"og:image:type\" content=\"image\/jpeg\" \/>\n<meta name=\"author\" content=\"Marko Maunula\" \/>\n<meta name=\"twitter:card\" content=\"summary_large_image\" \/>\n<meta name=\"twitter:label1\" content=\"Written by\" \/>\n\t<meta name=\"twitter:data1\" content=\"Marko Maunula\" \/>\n\t<meta name=\"twitter:label2\" content=\"Est. reading time\" \/>\n\t<meta name=\"twitter:data2\" content=\"1 minuutti\" \/>\n<script type=\"application\/ld+json\" class=\"yoast-schema-graph\">{\"@context\":\"https:\/\/schema.org\",\"@graph\":[{\"@type\":\"WebPage\",\"@id\":\"https:\/\/suomenkuvalehti.fi\/americana\/vaikea-valinta-sota-vai-terveydenhoito\/\",\"url\":\"https:\/\/suomenkuvalehti.fi\/americana\/vaikea-valinta-sota-vai-terveydenhoito\/\",\"name\":\"Vaikea valinta: sota vai terveydenhoito? - Americana\",\"isPartOf\":{\"@id\":\"https:\/\/suomenkuvalehti.fi\/americana\/#website\"},\"datePublished\":\"2009-12-02T10:20:20+00:00\",\"dateModified\":\"2013-11-30T14:22:36+00:00\",\"author\":{\"@id\":\"https:\/\/suomenkuvalehti.fi\/americana\/#\/schema\/person\/12d514491cb37506bc39c8e10176c3ec\"},\"breadcrumb\":{\"@id\":\"https:\/\/suomenkuvalehti.fi\/americana\/vaikea-valinta-sota-vai-terveydenhoito\/#breadcrumb\"},\"inLanguage\":\"fi\",\"potentialAction\":[{\"@type\":\"ReadAction\",\"target\":[\"https:\/\/suomenkuvalehti.fi\/americana\/vaikea-valinta-sota-vai-terveydenhoito\/\"]}]},{\"@type\":\"BreadcrumbList\",\"@id\":\"https:\/\/suomenkuvalehti.fi\/americana\/vaikea-valinta-sota-vai-terveydenhoito\/#breadcrumb\",\"itemListElement\":[{\"@type\":\"ListItem\",\"position\":1,\"name\":\"Home\",\"item\":\"https:\/\/suomenkuvalehti.fi\/americana\/\"},{\"@type\":\"ListItem\",\"position\":2,\"name\":\"Vaikea valinta: sota vai terveydenhoito?\"}]},{\"@type\":\"WebSite\",\"@id\":\"https:\/\/suomenkuvalehti.fi\/americana\/#website\",\"url\":\"https:\/\/suomenkuvalehti.fi\/americana\/\",\"name\":\"Americana\",\"description\":\"Professori Marko Maunula seuraa USA:n politiikkaa ja populaarikulttuuria\",\"potentialAction\":[{\"@type\":\"SearchAction\",\"target\":{\"@type\":\"EntryPoint\",\"urlTemplate\":\"https:\/\/suomenkuvalehti.fi\/haku\/?q={search_term_string}\"},\"query-input\":{\"@type\":\"PropertyValueSpecification\",\"valueRequired\":true,\"valueName\":\"search_term_string\"}}],\"inLanguage\":\"fi\"},{\"@type\":\"Person\",\"@id\":\"https:\/\/suomenkuvalehti.fi\/americana\/#\/schema\/person\/12d514491cb37506bc39c8e10176c3ec\",\"name\":\"Marko Maunula\",\"image\":{\"@type\":\"ImageObject\",\"inLanguage\":\"fi\",\"@id\":\"https:\/\/suomenkuvalehti.fi\/americana\/#\/schema\/person\/image\/\",\"url\":\"https:\/\/suomenkuvalehti.fi\/americana\/wp-content\/uploads\/sites\/10\/2022\/04\/americana_maunula-150x150.jpg\",\"contentUrl\":\"https:\/\/suomenkuvalehti.fi\/americana\/wp-content\/uploads\/sites\/10\/2022\/04\/americana_maunula-150x150.jpg\",\"caption\":\"Marko Maunula\"},\"description\":\"Kirjoittaja on Yhdysvaltain historian professori Atlantassa.\"}]}<\/script>\n<!-- \/ Yoast SEO plugin. -->","yoast_head_json":{"title":"Vaikea valinta: sota vai terveydenhoito? - Americana","robots":{"index":"noindex","follow":"follow"},"og_locale":"fi_FI","og_type":"article","og_title":"Vaikea valinta: sota vai terveydenhoito? - Americana","og_description":"Republikaanit kaapivat laatikon pohjaa l\u00f6yt\u00e4\u00e4kseen viimeisetkin argumentit terveydenhoidon uudistuksen pys\u00e4ytt\u00e4miseksi. Nyt he ovat vetoamassa patriotismiin. &#8221;Sota on eritt\u00e4in t\u00e4rke\u00e4. Ty\u00f6llisyys ja talous ovat eritt\u00e4in t\u00e4rkeit\u00e4&#8230;. Ehdotan, ett\u00e4 pist\u00e4mme terveydenhoid&hellip;","og_url":"https:\/\/suomenkuvalehti.fi\/americana\/vaikea-valinta-sota-vai-terveydenhoito\/","og_site_name":"Americana","article_published_time":"2009-12-02T10:20:20+00:00","article_modified_time":"2013-11-30T14:22:36+00:00","og_image":[{"width":2560,"height":1706,"url":"https:\/\/suomenkuvalehti.fi\/americana\/wp-content\/uploads\/sites\/10\/2022\/04\/americana_maunula-scaled.jpg","type":"image\/jpeg"}],"author":"Marko Maunula","twitter_card":"summary_large_image","twitter_misc":{"Written by":"Marko Maunula","Est. reading time":"1 minuutti"},"schema":{"@context":"https:\/\/schema.org","@graph":[{"@type":"WebPage","@id":"https:\/\/suomenkuvalehti.fi\/americana\/vaikea-valinta-sota-vai-terveydenhoito\/","url":"https:\/\/suomenkuvalehti.fi\/americana\/vaikea-valinta-sota-vai-terveydenhoito\/","name":"Vaikea valinta: sota vai terveydenhoito? - Americana","isPartOf":{"@id":"https:\/\/suomenkuvalehti.fi\/americana\/#website"},"datePublished":"2009-12-02T10:20:20+00:00","dateModified":"2013-11-30T14:22:36+00:00","author":{"@id":"https:\/\/suomenkuvalehti.fi\/americana\/#\/schema\/person\/12d514491cb37506bc39c8e10176c3ec"},"breadcrumb":{"@id":"https:\/\/suomenkuvalehti.fi\/americana\/vaikea-valinta-sota-vai-terveydenhoito\/#breadcrumb"},"inLanguage":"fi","potentialAction":[{"@type":"ReadAction","target":["https:\/\/suomenkuvalehti.fi\/americana\/vaikea-valinta-sota-vai-terveydenhoito\/"]}]},{"@type":"BreadcrumbList","@id":"https:\/\/suomenkuvalehti.fi\/americana\/vaikea-valinta-sota-vai-terveydenhoito\/#breadcrumb","itemListElement":[{"@type":"ListItem","position":1,"name":"Home","item":"https:\/\/suomenkuvalehti.fi\/americana\/"},{"@type":"ListItem","position":2,"name":"Vaikea valinta: sota vai terveydenhoito?"}]},{"@type":"WebSite","@id":"https:\/\/suomenkuvalehti.fi\/americana\/#website","url":"https:\/\/suomenkuvalehti.fi\/americana\/","name":"Americana","description":"Professori Marko Maunula seuraa USA:n politiikkaa ja populaarikulttuuria","potentialAction":[{"@type":"SearchAction","target":{"@type":"EntryPoint","urlTemplate":"https:\/\/suomenkuvalehti.fi\/haku\/?q={search_term_string}"},"query-input":{"@type":"PropertyValueSpecification","valueRequired":true,"valueName":"search_term_string"}}],"inLanguage":"fi"},{"@type":"Person","@id":"https:\/\/suomenkuvalehti.fi\/americana\/#\/schema\/person\/12d514491cb37506bc39c8e10176c3ec","name":"Marko Maunula","image":{"@type":"ImageObject","inLanguage":"fi","@id":"https:\/\/suomenkuvalehti.fi\/americana\/#\/schema\/person\/image\/","url":"https:\/\/suomenkuvalehti.fi\/americana\/wp-content\/uploads\/sites\/10\/2022\/04\/americana_maunula-150x150.jpg","contentUrl":"https:\/\/suomenkuvalehti.fi\/americana\/wp-content\/uploads\/sites\/10\/2022\/04\/americana_maunula-150x150.jpg","caption":"Marko Maunula"},"description":"Kirjoittaja on Yhdysvaltain historian professori Atlantassa."}]}},"_links":{"self":[{"href":"https:\/\/suomenkuvalehti.fi\/americana\/wp-json\/wp\/v2\/posts\/674","targetHints":{"allow":["GET"]}}],"collection":[{"href":"https:\/\/suomenkuvalehti.fi\/americana\/wp-json\/wp\/v2\/posts"}],"about":[{"href":"https:\/\/suomenkuvalehti.fi\/americana\/wp-json\/wp\/v2\/types\/post"}],"author":[{"embeddable":true,"href":"https:\/\/suomenkuvalehti.fi\/americana\/wp-json\/wp\/v2\/users\/158"}],"replies":[{"embeddable":true,"href":"https:\/\/suomenkuvalehti.fi\/americana\/wp-json\/wp\/v2\/comments?post=674"}],"version-history":[{"count":1,"href":"https:\/\/suomenkuvalehti.fi\/americana\/wp-json\/wp\/v2\/posts\/674\/revisions"}],"predecessor-version":[{"id":1284,"href":"https:\/\/suomenkuvalehti.fi\/americana\/wp-json\/wp\/v2\/posts\/674\/revisions\/1284"}],"wp:attachment":[{"href":"https:\/\/suomenkuvalehti.fi\/americana\/wp-json\/wp\/v2\/media?parent=674"}],"wp:term":[{"taxonomy":"category","embeddable":true,"href":"https:\/\/suomenkuvalehti.fi\/americana\/wp-json\/wp\/v2\/categories?post=674"},{"taxonomy":"post_tag","embeddable":true,"href":"https:\/\/suomenkuvalehti.fi\/americana\/wp-json\/wp\/v2\/tags?post=674"}],"curies":[{"name":"wp","href":"https:\/\/api.w.org\/{rel}","templated":true}]}}