{"id":6624,"date":"2023-02-09T07:47:47","date_gmt":"2023-02-09T05:47:47","guid":{"rendered":"https:\/\/suomenkuvalehti.fi\/americana\/?p=6624"},"modified":"2023-02-09T07:47:49","modified_gmt":"2023-02-09T05:47:49","slug":"presidentti-bidenin-puhe-antoi-varoituksen-kansainvaliselle-talousjarjestelmalle","status":"publish","type":"post","link":"https:\/\/suomenkuvalehti.fi\/americana\/presidentti-bidenin-puhe-antoi-varoituksen-kansainvaliselle-talousjarjestelmalle\/","title":{"rendered":"Presidentti Bidenin puhe antoi varoituksen kansainv\u00e4liselle talousj\u00e4rjestelm\u00e4lle"},"content":{"rendered":"\n<p><span class=\"capitalized\">Vuoden<\/span> 2023 <a href=\"https:\/\/www.whitehouse.gov\/briefing-room\/speeches-remarks\/2023\/02\/07\/remarks-of-president-joe-biden-state-of-the-union-address-as-prepared-for-delivery\/\">kansakunnan tila -puheessaan<\/a> Biden esitteli itsens\u00e4 kompromisseihin kykenev\u00e4n\u00e4 kansanmiehen\u00e4. H\u00e4n painotti yhteisty\u00f6t\u00e4\u00e4n republikaanien kanssa, leventeli saavutuksillaan ja lupasi puolustaa sosiaaliturvaa. Puhe oli tyypillinen hengen kohottaja sek\u00e4 luettelo menneist\u00e4 ja tulevista saavutuksista. Ei niin tavallista oli republikaanien hihhulisiiven jatkuvat huudot ja buuaminen.<\/p>\n\n\n\n<p><\/p>\n\n\n\n<p><span class=\"capitalized\">Muun<\/span> maailman kannalta puheessa oli kaksi poikkeuksellisen t\u00e4rke\u00e4\u00e4 osiota.<\/p>\n\n\n\n<p>Ensimm\u00e4inen keskittyi Ukrainaan. Biden ylisti kansainv\u00e4list\u00e4 yhteisty\u00f6t\u00e4 ja painotti Yhdysvaltojen tukea Ukrainalle. Ukraina, Ven\u00e4j\u00e4 ja koko maailma kuulivat, kun Biden vannoi Yhdysvaltojen jatkavan Ukrainan aseistamista niin kauan kuin tarvis.<\/p>\n\n\n\n<p>Toinen viesti koski taloudellista nationalismia. Viitaten pandemian ja vihollismielisten valtioiden kaltaisiin riskitekij\u00f6ihin Biden toitotti tuotantoketjun turvaamisen t\u00e4rkeytt\u00e4. \u201dMe varmistamme, ett\u00e4 amerikkalainen tuotantoketju alkaa Amerikassa!\u201d<\/p>\n\n\n\n<p><\/p>\n\n\n\n<p><span class=\"capitalized\">Bidenin<\/span> osta amerikkalaista -linja on aina muodostanut osan h\u00e4nen sinikaulusdemarilinjaansa, ja h\u00e4nen presidenttikautensa on alusta saakka painottanut kotimaista teollisuutta. T\u00e4ss\u00e4 h\u00e4n ei juurikaan eroa edelt\u00e4j\u00e4st\u00e4\u00e4n.<\/p>\n\n\n\n<p>Yhdysvaltojen mittavat satsaukset kotimaiseen teollisuuteen, kuten satojen miljardien dollarien sijoitukset mikrosirutuotantoon sek\u00e4 vihre\u00e4\u00e4n teknologiaan, heiluttavat kansainv\u00e4list\u00e4 pelikentt\u00e4\u00e4. Yritystuet v\u00e4\u00e4rent\u00e4v\u00e4t kansainv\u00e4list\u00e4 kilpailua amerikkalaisten eduksi.<\/p>\n\n\n\n<p>Tuotantoketjun turvallisuuden, ymp\u00e4rist\u00f6politiikan sek\u00e4 amerikkalaisen politiikan ja duunareiden kannalta sijoitus on j\u00e4rkev\u00e4 satsaus maan tulevaisuuteen. Eurooppalaisesta ja aasialaisesta perspektiivist\u00e4 <a href=\"https:\/\/www.economist.com\/finance-and-economics\/2023\/01\/09\/what-americas-protectionist-turn-means-for-the-world\">t\u00e4m\u00e4 on amerikkalaista protektionismia<\/a>.<\/p>\n\n\n\n<p><\/p>\n\n\n\n<p><span class=\"capitalized\">Bidenin<\/span> talousnationalismi on kohteliaampaa kuin edelt\u00e4j\u00e4ns\u00e4, mutta mit\u00e4 amerikkalaiseen teollisuuteen tulee, heid\u00e4n ajattelutapansa pohjavireess\u00e4 ei ole suurta eroa.<\/p>\n\n\n\n<p>Turvallisuuspolitiikassa Biden on vuorenvarma demokraattisten valtioiden yhteisty\u00f6n kannattaja, joka ei ep\u00e4r\u00f6i antaa miljardeja Ukrainan puolustamiselle, mutta talousasioissa Biden on kiinnostuneempi amerikkalaisista duunareista kuin vapaan kaupan periaatteista.<\/p>\n\n\n\n<p>Ven\u00e4j\u00e4n hy\u00f6kk\u00e4ys, Kiinan uhoaminen sek\u00e4 pandemian paljastama globaalin tuotantoketjun haavoittuvuus ruokkivat muutoksia kansainv\u00e4lisess\u00e4 kauppaj\u00e4rjestelm\u00e4ss\u00e4. Yhdysvaltojen kasvava protektionismi ei ollut yhden presidentin p\u00e4\u00e4h\u00e4npisto, vaan osa laajempaa trendi\u00e4.<\/p>\n\n\n\n<p><\/p>\n\n\n\n<p><em>Soundtrack: Bruce Springsteen and the E-Street Band, The Promised Land<\/em><\/p>\n\n\n\n<figure class=\"wp-block-embed is-type-video is-provider-youtube wp-block-embed-youtube wp-embed-aspect-4-3 wp-has-aspect-ratio\"><div class=\"wp-block-embed__wrapper\">\n<iframe loading=\"lazy\" title=\"The Promised Land\" width=\"472\" height=\"354\" src=\"https:\/\/www.youtube.com\/embed\/azQY2YBUMQc?feature=oembed\" frameborder=\"0\" allow=\"accelerometer; autoplay; clipboard-write; encrypted-media; gyroscope; picture-in-picture; web-share\" allowfullscreen><\/iframe>\n<\/div><\/figure>\n","protected":false},"excerpt":{"rendered":"<p>Yhdysvaltojen kasvava protektionismi ei ollut yhden presidentin p\u00e4\u00e4h\u00e4npisto, vaan osa laajempaa trendi\u00e4.<\/p>\n","protected":false},"author":158,"featured_media":0,"comment_status":"open","ping_status":"open","sticky":false,"template":"","format":"standard","meta":{"_acf_changed":false,"asauth_required_access_level":3,"asauth_cansharepaid":"true","om_header_attributes":[],"footnotes":"","om_featured_image_focal_point":[],"om_primary_tag":2376,"om_contributors":[{"id":"author-override","type":"fixed","role":"Kirjoittajan yliajo","name":""},{"id":"photographer","type":"fixed","role":"Kuvat","name":""}],"om_co_authors":[],"beyondwords_generate_audio":"","beyondwords_project_id":"","beyondwords_content_id":"","beyondwords_preview_token":"","beyondwords_player_content":"","beyondwords_player_style":"","beyondwords_language_code":"","beyondwords_language_id":"","beyondwords_title_voice_id":"","beyondwords_body_voice_id":"","beyondwords_summary_voice_id":"","beyondwords_error_message":"","beyondwords_disabled":"","beyondwords_delete_content":"","beyondwords_podcast_id":"","beyondwords_hash":"","publish_post_to_speechkit":"","speechkit_hash":"","speechkit_generate_audio":"","speechkit_project_id":"","speechkit_podcast_id":"","speechkit_error_message":"","speechkit_disabled":"","speechkit_access_key":"","speechkit_error":"","speechkit_info":"","speechkit_response":"","speechkit_retries":"","speechkit_status":"","speechkit_updated_at":"","_speechkit_link":"","_speechkit_text":""},"categories":[1],"tags":[2377,350,316,2376,317,24],"class_list":["post-6624","post","type-post","status-publish","format-standard","hentry","category-americana","tag-2377","tag-joe-biden","tag-kansakunnan-tila","tag-protektionismi","tag-puhe","tag-yhdysvallat"],"om_views":null,"acf":{"tuuma_off":false,"tuuma_kysymys":"","tuuma_vastaus":""},"asauth":{"required_access_level":1,"share_token":"","is_paid":false},"yoast_head":"<!-- This site is optimized with the Yoast SEO plugin v26.4 - https:\/\/yoast.com\/wordpress\/plugins\/seo\/ -->\n<title>Presidentti Bidenin puhe antoi varoituksen kansainv\u00e4liselle talousj\u00e4rjestelm\u00e4lle - Americana<\/title>\n<meta name=\"description\" content=\"Yhdysvaltojen kasvava protektionismi ei ollut yhden presidentin p\u00e4\u00e4h\u00e4npisto, vaan osa laajempaa trendi\u00e4.\" \/>\n<meta name=\"robots\" content=\"noindex, follow\" \/>\n<meta property=\"og:locale\" content=\"fi_FI\" \/>\n<meta property=\"og:type\" content=\"article\" \/>\n<meta property=\"og:title\" content=\"Presidentti Bidenin puhe antoi varoituksen kansainv\u00e4liselle talousj\u00e4rjestelm\u00e4lle - Americana\" \/>\n<meta property=\"og:description\" content=\"Yhdysvaltojen kasvava protektionismi ei ollut yhden presidentin p\u00e4\u00e4h\u00e4npisto, vaan osa laajempaa trendi\u00e4.\" \/>\n<meta property=\"og:url\" content=\"https:\/\/suomenkuvalehti.fi\/americana\/presidentti-bidenin-puhe-antoi-varoituksen-kansainvaliselle-talousjarjestelmalle\/\" \/>\n<meta property=\"og:site_name\" content=\"Americana\" \/>\n<meta property=\"article:published_time\" content=\"2023-02-09T05:47:47+00:00\" \/>\n<meta property=\"article:modified_time\" content=\"2023-02-09T05:47:49+00:00\" \/>\n<meta property=\"og:image\" content=\"https:\/\/suomenkuvalehti.fi\/americana\/wp-content\/uploads\/sites\/10\/2022\/04\/americana_maunula-scaled.jpg\" \/>\n\t<meta property=\"og:image:width\" content=\"2560\" \/>\n\t<meta property=\"og:image:height\" content=\"1706\" \/>\n\t<meta property=\"og:image:type\" content=\"image\/jpeg\" \/>\n<meta name=\"author\" content=\"Marko Maunula\" \/>\n<meta name=\"twitter:card\" content=\"summary_large_image\" \/>\n<meta name=\"twitter:label1\" content=\"Written by\" \/>\n\t<meta name=\"twitter:data1\" content=\"Marko Maunula\" \/>\n\t<meta name=\"twitter:label2\" content=\"Est. reading time\" \/>\n\t<meta name=\"twitter:data2\" content=\"2 minuuttia\" \/>\n<script type=\"application\/ld+json\" class=\"yoast-schema-graph\">{\"@context\":\"https:\/\/schema.org\",\"@graph\":[{\"@type\":\"WebPage\",\"@id\":\"https:\/\/suomenkuvalehti.fi\/americana\/presidentti-bidenin-puhe-antoi-varoituksen-kansainvaliselle-talousjarjestelmalle\/\",\"url\":\"https:\/\/suomenkuvalehti.fi\/americana\/presidentti-bidenin-puhe-antoi-varoituksen-kansainvaliselle-talousjarjestelmalle\/\",\"name\":\"Presidentti Bidenin puhe antoi varoituksen kansainv\u00e4liselle talousj\u00e4rjestelm\u00e4lle - Americana\",\"isPartOf\":{\"@id\":\"https:\/\/suomenkuvalehti.fi\/americana\/#website\"},\"datePublished\":\"2023-02-09T05:47:47+00:00\",\"dateModified\":\"2023-02-09T05:47:49+00:00\",\"author\":{\"@id\":\"https:\/\/suomenkuvalehti.fi\/americana\/#\/schema\/person\/12d514491cb37506bc39c8e10176c3ec\"},\"description\":\"Yhdysvaltojen kasvava protektionismi ei ollut yhden presidentin p\u00e4\u00e4h\u00e4npisto, vaan osa laajempaa trendi\u00e4.\",\"breadcrumb\":{\"@id\":\"https:\/\/suomenkuvalehti.fi\/americana\/presidentti-bidenin-puhe-antoi-varoituksen-kansainvaliselle-talousjarjestelmalle\/#breadcrumb\"},\"inLanguage\":\"fi\",\"potentialAction\":[{\"@type\":\"ReadAction\",\"target\":[\"https:\/\/suomenkuvalehti.fi\/americana\/presidentti-bidenin-puhe-antoi-varoituksen-kansainvaliselle-talousjarjestelmalle\/\"]}]},{\"@type\":\"BreadcrumbList\",\"@id\":\"https:\/\/suomenkuvalehti.fi\/americana\/presidentti-bidenin-puhe-antoi-varoituksen-kansainvaliselle-talousjarjestelmalle\/#breadcrumb\",\"itemListElement\":[{\"@type\":\"ListItem\",\"position\":1,\"name\":\"Home\",\"item\":\"https:\/\/suomenkuvalehti.fi\/americana\/\"},{\"@type\":\"ListItem\",\"position\":2,\"name\":\"Presidentti Bidenin puhe antoi varoituksen kansainv\u00e4liselle talousj\u00e4rjestelm\u00e4lle\"}]},{\"@type\":\"WebSite\",\"@id\":\"https:\/\/suomenkuvalehti.fi\/americana\/#website\",\"url\":\"https:\/\/suomenkuvalehti.fi\/americana\/\",\"name\":\"Americana\",\"description\":\"Professori Marko Maunula seuraa USA:n politiikkaa ja populaarikulttuuria\",\"potentialAction\":[{\"@type\":\"SearchAction\",\"target\":{\"@type\":\"EntryPoint\",\"urlTemplate\":\"https:\/\/suomenkuvalehti.fi\/haku\/?q={search_term_string}\"},\"query-input\":{\"@type\":\"PropertyValueSpecification\",\"valueRequired\":true,\"valueName\":\"search_term_string\"}}],\"inLanguage\":\"fi\"},{\"@type\":\"Person\",\"@id\":\"https:\/\/suomenkuvalehti.fi\/americana\/#\/schema\/person\/12d514491cb37506bc39c8e10176c3ec\",\"name\":\"Marko Maunula\",\"image\":{\"@type\":\"ImageObject\",\"inLanguage\":\"fi\",\"@id\":\"https:\/\/suomenkuvalehti.fi\/americana\/#\/schema\/person\/image\/\",\"url\":\"https:\/\/suomenkuvalehti.fi\/americana\/wp-content\/uploads\/sites\/10\/2022\/04\/americana_maunula-150x150.jpg\",\"contentUrl\":\"https:\/\/suomenkuvalehti.fi\/americana\/wp-content\/uploads\/sites\/10\/2022\/04\/americana_maunula-150x150.jpg\",\"caption\":\"Marko Maunula\"},\"description\":\"Kirjoittaja on Yhdysvaltain historian professori Atlantassa.\"}]}<\/script>\n<!-- \/ Yoast SEO plugin. -->","yoast_head_json":{"title":"Presidentti Bidenin puhe antoi varoituksen kansainv\u00e4liselle talousj\u00e4rjestelm\u00e4lle - Americana","description":"Yhdysvaltojen kasvava protektionismi ei ollut yhden presidentin p\u00e4\u00e4h\u00e4npisto, vaan osa laajempaa trendi\u00e4.","robots":{"index":"noindex","follow":"follow"},"og_locale":"fi_FI","og_type":"article","og_title":"Presidentti Bidenin puhe antoi varoituksen kansainv\u00e4liselle talousj\u00e4rjestelm\u00e4lle - Americana","og_description":"Yhdysvaltojen kasvava protektionismi ei ollut yhden presidentin p\u00e4\u00e4h\u00e4npisto, vaan osa laajempaa trendi\u00e4.","og_url":"https:\/\/suomenkuvalehti.fi\/americana\/presidentti-bidenin-puhe-antoi-varoituksen-kansainvaliselle-talousjarjestelmalle\/","og_site_name":"Americana","article_published_time":"2023-02-09T05:47:47+00:00","article_modified_time":"2023-02-09T05:47:49+00:00","og_image":[{"width":2560,"height":1706,"url":"https:\/\/suomenkuvalehti.fi\/americana\/wp-content\/uploads\/sites\/10\/2022\/04\/americana_maunula-scaled.jpg","type":"image\/jpeg"}],"author":"Marko Maunula","twitter_card":"summary_large_image","twitter_misc":{"Written by":"Marko Maunula","Est. reading time":"2 minuuttia"},"schema":{"@context":"https:\/\/schema.org","@graph":[{"@type":"WebPage","@id":"https:\/\/suomenkuvalehti.fi\/americana\/presidentti-bidenin-puhe-antoi-varoituksen-kansainvaliselle-talousjarjestelmalle\/","url":"https:\/\/suomenkuvalehti.fi\/americana\/presidentti-bidenin-puhe-antoi-varoituksen-kansainvaliselle-talousjarjestelmalle\/","name":"Presidentti Bidenin puhe antoi varoituksen kansainv\u00e4liselle talousj\u00e4rjestelm\u00e4lle - Americana","isPartOf":{"@id":"https:\/\/suomenkuvalehti.fi\/americana\/#website"},"datePublished":"2023-02-09T05:47:47+00:00","dateModified":"2023-02-09T05:47:49+00:00","author":{"@id":"https:\/\/suomenkuvalehti.fi\/americana\/#\/schema\/person\/12d514491cb37506bc39c8e10176c3ec"},"description":"Yhdysvaltojen kasvava protektionismi ei ollut yhden presidentin p\u00e4\u00e4h\u00e4npisto, vaan osa laajempaa trendi\u00e4.","breadcrumb":{"@id":"https:\/\/suomenkuvalehti.fi\/americana\/presidentti-bidenin-puhe-antoi-varoituksen-kansainvaliselle-talousjarjestelmalle\/#breadcrumb"},"inLanguage":"fi","potentialAction":[{"@type":"ReadAction","target":["https:\/\/suomenkuvalehti.fi\/americana\/presidentti-bidenin-puhe-antoi-varoituksen-kansainvaliselle-talousjarjestelmalle\/"]}]},{"@type":"BreadcrumbList","@id":"https:\/\/suomenkuvalehti.fi\/americana\/presidentti-bidenin-puhe-antoi-varoituksen-kansainvaliselle-talousjarjestelmalle\/#breadcrumb","itemListElement":[{"@type":"ListItem","position":1,"name":"Home","item":"https:\/\/suomenkuvalehti.fi\/americana\/"},{"@type":"ListItem","position":2,"name":"Presidentti Bidenin puhe antoi varoituksen kansainv\u00e4liselle talousj\u00e4rjestelm\u00e4lle"}]},{"@type":"WebSite","@id":"https:\/\/suomenkuvalehti.fi\/americana\/#website","url":"https:\/\/suomenkuvalehti.fi\/americana\/","name":"Americana","description":"Professori Marko Maunula seuraa USA:n politiikkaa ja populaarikulttuuria","potentialAction":[{"@type":"SearchAction","target":{"@type":"EntryPoint","urlTemplate":"https:\/\/suomenkuvalehti.fi\/haku\/?q={search_term_string}"},"query-input":{"@type":"PropertyValueSpecification","valueRequired":true,"valueName":"search_term_string"}}],"inLanguage":"fi"},{"@type":"Person","@id":"https:\/\/suomenkuvalehti.fi\/americana\/#\/schema\/person\/12d514491cb37506bc39c8e10176c3ec","name":"Marko Maunula","image":{"@type":"ImageObject","inLanguage":"fi","@id":"https:\/\/suomenkuvalehti.fi\/americana\/#\/schema\/person\/image\/","url":"https:\/\/suomenkuvalehti.fi\/americana\/wp-content\/uploads\/sites\/10\/2022\/04\/americana_maunula-150x150.jpg","contentUrl":"https:\/\/suomenkuvalehti.fi\/americana\/wp-content\/uploads\/sites\/10\/2022\/04\/americana_maunula-150x150.jpg","caption":"Marko Maunula"},"description":"Kirjoittaja on Yhdysvaltain historian professori Atlantassa."}]}},"_links":{"self":[{"href":"https:\/\/suomenkuvalehti.fi\/americana\/wp-json\/wp\/v2\/posts\/6624","targetHints":{"allow":["GET"]}}],"collection":[{"href":"https:\/\/suomenkuvalehti.fi\/americana\/wp-json\/wp\/v2\/posts"}],"about":[{"href":"https:\/\/suomenkuvalehti.fi\/americana\/wp-json\/wp\/v2\/types\/post"}],"author":[{"embeddable":true,"href":"https:\/\/suomenkuvalehti.fi\/americana\/wp-json\/wp\/v2\/users\/158"}],"replies":[{"embeddable":true,"href":"https:\/\/suomenkuvalehti.fi\/americana\/wp-json\/wp\/v2\/comments?post=6624"}],"version-history":[{"count":4,"href":"https:\/\/suomenkuvalehti.fi\/americana\/wp-json\/wp\/v2\/posts\/6624\/revisions"}],"predecessor-version":[{"id":6630,"href":"https:\/\/suomenkuvalehti.fi\/americana\/wp-json\/wp\/v2\/posts\/6624\/revisions\/6630"}],"wp:attachment":[{"href":"https:\/\/suomenkuvalehti.fi\/americana\/wp-json\/wp\/v2\/media?parent=6624"}],"wp:term":[{"taxonomy":"category","embeddable":true,"href":"https:\/\/suomenkuvalehti.fi\/americana\/wp-json\/wp\/v2\/categories?post=6624"},{"taxonomy":"post_tag","embeddable":true,"href":"https:\/\/suomenkuvalehti.fi\/americana\/wp-json\/wp\/v2\/tags?post=6624"}],"curies":[{"name":"wp","href":"https:\/\/api.w.org\/{rel}","templated":true}]}}