{"id":6589,"date":"2023-01-13T15:27:25","date_gmt":"2023-01-13T13:27:25","guid":{"rendered":"https:\/\/suomenkuvalehti.fi\/americana\/?p=6589"},"modified":"2023-01-13T15:29:43","modified_gmt":"2023-01-13T13:29:43","slug":"washington-6-1-2021-brasilia-8-1-2023-onko-eurooppa-turvassa-demokratian-kriisilta","status":"publish","type":"post","link":"https:\/\/suomenkuvalehti.fi\/americana\/washington-6-1-2021-brasilia-8-1-2023-onko-eurooppa-turvassa-demokratian-kriisilta\/","title":{"rendered":"Washington 6.1.2021, Brasilia 8.1.2023 \u2013 Onko Eurooppa turvassa demokratian kriisilt\u00e4?"},"content":{"rendered":"\n<p><span class=\"capitalized\">Hy\u00f6kk\u00e4ys<\/span> Brasilian hallintorakennuksiin muistutti pelottavalla ja tragikoomisella tavalla Yhdysvaltojen vaikutusvallasta globaaliin poliittiseen kulttuuriin.<\/p>\n\n\n\n<p>Yhdysvalloista katsottuna on joskus hupaisaa seurata eurooppalaisten vasemman laidan aktivistien sek\u00e4 nykyisin my\u00f6s kansallismielisten oikeistolaisten poliittista kohkaamista. Molemmat osapuolet ovat usein omaksuneet amerikkalaiset teemat, strategiat, aktivismin kohteet ja jopa verbaliikan.<\/p>\n\n\n\n<p><\/p>\n\n\n\n<p><span class=\"capitalized\">Uusi<\/span> vasemmisto on kapinoinut amerikkalaista imperiumia vastaan oidipaalisin vivahtein. Moderni eurooppalainen antiamerikkalaisuus on pitk\u00e4lti amerikkalainen luomus, liberaalien l\u00e4nsirannikon yliopistojen kehitt\u00e4m\u00e4, 1960-luvulla syntynyt keitos sodanvastaisuutta, ymp\u00e4rist\u00f6tietoisuutta, identiteettipolitiikaa sek\u00e4 hyperindividualismia.<\/p>\n\n\n\n<p>N\u00e4m\u00e4 teemat el\u00e4v\u00e4t edelleen molemmilla mantereilla, joskin aaltomaisesti liikkuvin painotuksin. Virikkeet luonnollisesti liikkuvat molempiin suuntiin, mutta Yhdysvallat globaalin kulttuurin ja median j\u00e4ttil\u00e4isen\u00e4 pysyy hallitsevassa roolissa.<\/p>\n\n\n\n<p><\/p>\n\n\n\n<p><span class=\"capitalized\">Oikeiston<\/span> vuorovaikutus on monessa mieless\u00e4 tasapuolisempaa.<\/p>\n\n\n\n<p>Perinteisesti amerikkalainen konservatismi on fokusoitunut klassiseen liberalismiin ja 1700\u20131800-lukujen brittil\u00e4iseen sek\u00e4 1900-luvun it\u00e4valtalaiseen talousteoriaan. Kansallismielinen <em>Blut und Boden<\/em> -konservatismi on tuoreempaa ja merkitt\u00e4vin osin eurooppalaista tuontitavaraa.<\/p>\n\n\n\n<p><strong>Donald Trumpin<\/strong> ja trumpismin vahva fanitus on osaltaan amerikkalaisten jalostama eurooppalainen vientituote, joka rantautui nopeasti takaisin Eurooppaan ja levisi my\u00f6s globaalisti \u2013 katsokaa vaikka Brasiliaa.<\/p>\n\n\n\n<p>Vuorovaikutuksen my\u00f6t\u00e4 eurooppalainen nationalismi sai lis\u00e4annoksen anti-intellektualismia, eliittien ja instituutioiden vihaa sek\u00e4 uuden kiinnostuksen salaliittoteorioihin ja rokotevastaisuuden kaltaiseen pseudotieteeseen.<\/p>\n\n\n\n<p><\/p>\n\n\n\n<p><span class=\"capitalized\">Mik\u00e4<\/span> on Brasilian tapahtumien konkreettinen opetus \u2013 tai pikemminkin muistutus?<\/p>\n\n\n\n<p>Yhdysvaltojen kulttuurinen, poliittinen, teknologinen ja taloudellinen vaikutusvalta on niin suuri, ett\u00e4 muu maailma seuraa sit\u00e4 niin hyv\u00e4ss\u00e4 kuin pahassa.<\/p>\n\n\n\n<p>Muun vauraan sek\u00e4 vapaan maailman taloudellinen ja sotilaallinen riippuvuus Yhdysvalloista on selv\u00e4\u00e4 useimmille uutisia ajatuksen kanssa seuraaville. Moni ei silti tiedosta l\u00e4ntisen maailman nopeita reaktioita amerikkalaisen yhteiskunnan myllerryksiin.<\/p>\n\n\n\n<p>Vaikka puheet amerikkalaisen demokratian kuolemasta ovat ylily\u00f6ntej\u00e4, sen kriisi on selvi\u00f6. Demokraattisen Euroopan on syyt\u00e4 reagoida tapahtumiin, tai Eurooppaa hajottavat voimat iskev\u00e4t sen perusteita vastaan samalla demokratian vihollisten manipuloimalla innolla sek\u00e4 fanaattisella, lainkuuliaisuuden ylitt\u00e4v\u00e4ll\u00e4 uskolla omaan asiaansa.<\/p>\n\n\n\n<p>Tuudittautuminen turvallisuuden tunteeseen on vaarallista. Euroopan demokraattiset instituutiot ovat voimakkaat, totta, mutta historiallisesti heikommat ja nuoremmat kuin Yhdysvalloissa.<\/p>\n\n\n\n<p><\/p>\n\n\n\n<p><em>Soundtrack: Jeff Beck Group, Shapes of Things.<\/em><\/p>\n\n\n\n<figure class=\"wp-block-embed is-type-video is-provider-youtube wp-block-embed-youtube wp-embed-aspect-4-3 wp-has-aspect-ratio\"><div class=\"wp-block-embed__wrapper\">\n<iframe loading=\"lazy\" title=\"Jeff Beck - Shapes Of Things\" width=\"472\" height=\"354\" src=\"https:\/\/www.youtube.com\/embed\/-kaJIynR15s?feature=oembed\" frameborder=\"0\" allow=\"accelerometer; autoplay; clipboard-write; encrypted-media; gyroscope; picture-in-picture; web-share\" allowfullscreen><\/iframe>\n<\/div><\/figure>\n","protected":false},"excerpt":{"rendered":"<p>Euroopan demokraattiset instituutiot ovat voimakkaat, mutta historiallisesti heikommat ja nuoremmat kuin Yhdysvalloissa.<\/p>\n","protected":false},"author":158,"featured_media":0,"comment_status":"open","ping_status":"open","sticky":false,"template":"","format":"standard","meta":{"_acf_changed":false,"asauth_required_access_level":3,"asauth_cansharepaid":"true","om_header_attributes":[],"footnotes":"","om_featured_image_focal_point":[],"om_primary_tag":24,"om_contributors":[{"id":"author-override","type":"fixed","role":"Kirjoittajan yliajo","name":""},{"id":"photographer","type":"fixed","role":"Kuvat","name":""}],"om_co_authors":[],"beyondwords_generate_audio":"","beyondwords_project_id":"","beyondwords_content_id":"","beyondwords_preview_token":"","beyondwords_player_content":"","beyondwords_player_style":"","beyondwords_language_code":"","beyondwords_language_id":"","beyondwords_title_voice_id":"","beyondwords_body_voice_id":"","beyondwords_summary_voice_id":"","beyondwords_error_message":"","beyondwords_disabled":"","beyondwords_delete_content":"","beyondwords_podcast_id":"","beyondwords_hash":"","publish_post_to_speechkit":"","speechkit_hash":"","speechkit_generate_audio":"","speechkit_project_id":"","speechkit_podcast_id":"","speechkit_error_message":"","speechkit_disabled":"","speechkit_access_key":"","speechkit_error":"","speechkit_info":"","speechkit_response":"","speechkit_retries":"","speechkit_status":"","speechkit_updated_at":"","_speechkit_link":"","_speechkit_text":""},"categories":[1],"tags":[2374,815,70,35,24],"class_list":["post-6589","post","type-post","status-publish","format-standard","hentry","category-americana","tag-brasilia","tag-demokratia","tag-eurooppa","tag-kriisi","tag-yhdysvallat"],"om_views":null,"acf":{"tuuma_off":false,"tuuma_kysymys":"","tuuma_vastaus":""},"asauth":{"required_access_level":1,"share_token":"","is_paid":false},"yoast_head":"<!-- This site is optimized with the Yoast SEO plugin v26.4 - https:\/\/yoast.com\/wordpress\/plugins\/seo\/ -->\n<title>Washington 6.1.2021, Brasilia 8.1.2023 \u2013 Onko Eurooppa turvassa demokratian kriisilt\u00e4? - Americana<\/title>\n<meta name=\"description\" content=\"Euroopan demokraattiset instituutiot ovat voimakkaat, mutta historiallisesti heikommat ja nuoremmat kuin Yhdysvalloissa.\" \/>\n<meta name=\"robots\" content=\"noindex, follow\" \/>\n<meta property=\"og:locale\" content=\"fi_FI\" \/>\n<meta property=\"og:type\" content=\"article\" \/>\n<meta property=\"og:title\" content=\"Washington 6.1.2021, Brasilia 8.1.2023 \u2013 Onko Eurooppa turvassa demokratian kriisilt\u00e4? - Americana\" \/>\n<meta property=\"og:description\" content=\"Euroopan demokraattiset instituutiot ovat voimakkaat, mutta historiallisesti heikommat ja nuoremmat kuin Yhdysvalloissa.\" \/>\n<meta property=\"og:url\" content=\"https:\/\/suomenkuvalehti.fi\/americana\/washington-6-1-2021-brasilia-8-1-2023-onko-eurooppa-turvassa-demokratian-kriisilta\/\" \/>\n<meta property=\"og:site_name\" content=\"Americana\" \/>\n<meta property=\"article:published_time\" content=\"2023-01-13T13:27:25+00:00\" \/>\n<meta property=\"article:modified_time\" content=\"2023-01-13T13:29:43+00:00\" \/>\n<meta property=\"og:image\" content=\"https:\/\/suomenkuvalehti.fi\/americana\/wp-content\/uploads\/sites\/10\/2022\/04\/americana_maunula-scaled.jpg\" \/>\n\t<meta property=\"og:image:width\" content=\"2560\" \/>\n\t<meta property=\"og:image:height\" content=\"1706\" \/>\n\t<meta property=\"og:image:type\" content=\"image\/jpeg\" \/>\n<meta name=\"author\" content=\"Marko Maunula\" \/>\n<meta name=\"twitter:card\" content=\"summary_large_image\" \/>\n<meta name=\"twitter:label1\" content=\"Written by\" \/>\n\t<meta name=\"twitter:data1\" content=\"Marko Maunula\" \/>\n\t<meta name=\"twitter:label2\" content=\"Est. reading time\" \/>\n\t<meta name=\"twitter:data2\" content=\"2 minuuttia\" \/>\n<script type=\"application\/ld+json\" class=\"yoast-schema-graph\">{\"@context\":\"https:\/\/schema.org\",\"@graph\":[{\"@type\":\"WebPage\",\"@id\":\"https:\/\/suomenkuvalehti.fi\/americana\/washington-6-1-2021-brasilia-8-1-2023-onko-eurooppa-turvassa-demokratian-kriisilta\/\",\"url\":\"https:\/\/suomenkuvalehti.fi\/americana\/washington-6-1-2021-brasilia-8-1-2023-onko-eurooppa-turvassa-demokratian-kriisilta\/\",\"name\":\"Washington 6.1.2021, Brasilia 8.1.2023 \u2013 Onko Eurooppa turvassa demokratian kriisilt\u00e4? - Americana\",\"isPartOf\":{\"@id\":\"https:\/\/suomenkuvalehti.fi\/americana\/#website\"},\"datePublished\":\"2023-01-13T13:27:25+00:00\",\"dateModified\":\"2023-01-13T13:29:43+00:00\",\"author\":{\"@id\":\"https:\/\/suomenkuvalehti.fi\/americana\/#\/schema\/person\/12d514491cb37506bc39c8e10176c3ec\"},\"description\":\"Euroopan demokraattiset instituutiot ovat voimakkaat, mutta historiallisesti heikommat ja nuoremmat kuin Yhdysvalloissa.\",\"breadcrumb\":{\"@id\":\"https:\/\/suomenkuvalehti.fi\/americana\/washington-6-1-2021-brasilia-8-1-2023-onko-eurooppa-turvassa-demokratian-kriisilta\/#breadcrumb\"},\"inLanguage\":\"fi\",\"potentialAction\":[{\"@type\":\"ReadAction\",\"target\":[\"https:\/\/suomenkuvalehti.fi\/americana\/washington-6-1-2021-brasilia-8-1-2023-onko-eurooppa-turvassa-demokratian-kriisilta\/\"]}]},{\"@type\":\"BreadcrumbList\",\"@id\":\"https:\/\/suomenkuvalehti.fi\/americana\/washington-6-1-2021-brasilia-8-1-2023-onko-eurooppa-turvassa-demokratian-kriisilta\/#breadcrumb\",\"itemListElement\":[{\"@type\":\"ListItem\",\"position\":1,\"name\":\"Home\",\"item\":\"https:\/\/suomenkuvalehti.fi\/americana\/\"},{\"@type\":\"ListItem\",\"position\":2,\"name\":\"Washington 6.1.2021, Brasilia 8.1.2023 \u2013 Onko Eurooppa turvassa demokratian kriisilt\u00e4?\"}]},{\"@type\":\"WebSite\",\"@id\":\"https:\/\/suomenkuvalehti.fi\/americana\/#website\",\"url\":\"https:\/\/suomenkuvalehti.fi\/americana\/\",\"name\":\"Americana\",\"description\":\"Professori Marko Maunula seuraa USA:n politiikkaa ja populaarikulttuuria\",\"potentialAction\":[{\"@type\":\"SearchAction\",\"target\":{\"@type\":\"EntryPoint\",\"urlTemplate\":\"https:\/\/suomenkuvalehti.fi\/haku\/?q={search_term_string}\"},\"query-input\":{\"@type\":\"PropertyValueSpecification\",\"valueRequired\":true,\"valueName\":\"search_term_string\"}}],\"inLanguage\":\"fi\"},{\"@type\":\"Person\",\"@id\":\"https:\/\/suomenkuvalehti.fi\/americana\/#\/schema\/person\/12d514491cb37506bc39c8e10176c3ec\",\"name\":\"Marko Maunula\",\"image\":{\"@type\":\"ImageObject\",\"inLanguage\":\"fi\",\"@id\":\"https:\/\/suomenkuvalehti.fi\/americana\/#\/schema\/person\/image\/\",\"url\":\"https:\/\/suomenkuvalehti.fi\/americana\/wp-content\/uploads\/sites\/10\/2022\/04\/americana_maunula-150x150.jpg\",\"contentUrl\":\"https:\/\/suomenkuvalehti.fi\/americana\/wp-content\/uploads\/sites\/10\/2022\/04\/americana_maunula-150x150.jpg\",\"caption\":\"Marko Maunula\"},\"description\":\"Kirjoittaja on Yhdysvaltain historian professori Atlantassa.\"}]}<\/script>\n<!-- \/ Yoast SEO plugin. -->","yoast_head_json":{"title":"Washington 6.1.2021, Brasilia 8.1.2023 \u2013 Onko Eurooppa turvassa demokratian kriisilt\u00e4? - Americana","description":"Euroopan demokraattiset instituutiot ovat voimakkaat, mutta historiallisesti heikommat ja nuoremmat kuin Yhdysvalloissa.","robots":{"index":"noindex","follow":"follow"},"og_locale":"fi_FI","og_type":"article","og_title":"Washington 6.1.2021, Brasilia 8.1.2023 \u2013 Onko Eurooppa turvassa demokratian kriisilt\u00e4? - Americana","og_description":"Euroopan demokraattiset instituutiot ovat voimakkaat, mutta historiallisesti heikommat ja nuoremmat kuin Yhdysvalloissa.","og_url":"https:\/\/suomenkuvalehti.fi\/americana\/washington-6-1-2021-brasilia-8-1-2023-onko-eurooppa-turvassa-demokratian-kriisilta\/","og_site_name":"Americana","article_published_time":"2023-01-13T13:27:25+00:00","article_modified_time":"2023-01-13T13:29:43+00:00","og_image":[{"width":2560,"height":1706,"url":"https:\/\/suomenkuvalehti.fi\/americana\/wp-content\/uploads\/sites\/10\/2022\/04\/americana_maunula-scaled.jpg","type":"image\/jpeg"}],"author":"Marko Maunula","twitter_card":"summary_large_image","twitter_misc":{"Written by":"Marko Maunula","Est. reading time":"2 minuuttia"},"schema":{"@context":"https:\/\/schema.org","@graph":[{"@type":"WebPage","@id":"https:\/\/suomenkuvalehti.fi\/americana\/washington-6-1-2021-brasilia-8-1-2023-onko-eurooppa-turvassa-demokratian-kriisilta\/","url":"https:\/\/suomenkuvalehti.fi\/americana\/washington-6-1-2021-brasilia-8-1-2023-onko-eurooppa-turvassa-demokratian-kriisilta\/","name":"Washington 6.1.2021, Brasilia 8.1.2023 \u2013 Onko Eurooppa turvassa demokratian kriisilt\u00e4? - Americana","isPartOf":{"@id":"https:\/\/suomenkuvalehti.fi\/americana\/#website"},"datePublished":"2023-01-13T13:27:25+00:00","dateModified":"2023-01-13T13:29:43+00:00","author":{"@id":"https:\/\/suomenkuvalehti.fi\/americana\/#\/schema\/person\/12d514491cb37506bc39c8e10176c3ec"},"description":"Euroopan demokraattiset instituutiot ovat voimakkaat, mutta historiallisesti heikommat ja nuoremmat kuin Yhdysvalloissa.","breadcrumb":{"@id":"https:\/\/suomenkuvalehti.fi\/americana\/washington-6-1-2021-brasilia-8-1-2023-onko-eurooppa-turvassa-demokratian-kriisilta\/#breadcrumb"},"inLanguage":"fi","potentialAction":[{"@type":"ReadAction","target":["https:\/\/suomenkuvalehti.fi\/americana\/washington-6-1-2021-brasilia-8-1-2023-onko-eurooppa-turvassa-demokratian-kriisilta\/"]}]},{"@type":"BreadcrumbList","@id":"https:\/\/suomenkuvalehti.fi\/americana\/washington-6-1-2021-brasilia-8-1-2023-onko-eurooppa-turvassa-demokratian-kriisilta\/#breadcrumb","itemListElement":[{"@type":"ListItem","position":1,"name":"Home","item":"https:\/\/suomenkuvalehti.fi\/americana\/"},{"@type":"ListItem","position":2,"name":"Washington 6.1.2021, Brasilia 8.1.2023 \u2013 Onko Eurooppa turvassa demokratian kriisilt\u00e4?"}]},{"@type":"WebSite","@id":"https:\/\/suomenkuvalehti.fi\/americana\/#website","url":"https:\/\/suomenkuvalehti.fi\/americana\/","name":"Americana","description":"Professori Marko Maunula seuraa USA:n politiikkaa ja populaarikulttuuria","potentialAction":[{"@type":"SearchAction","target":{"@type":"EntryPoint","urlTemplate":"https:\/\/suomenkuvalehti.fi\/haku\/?q={search_term_string}"},"query-input":{"@type":"PropertyValueSpecification","valueRequired":true,"valueName":"search_term_string"}}],"inLanguage":"fi"},{"@type":"Person","@id":"https:\/\/suomenkuvalehti.fi\/americana\/#\/schema\/person\/12d514491cb37506bc39c8e10176c3ec","name":"Marko Maunula","image":{"@type":"ImageObject","inLanguage":"fi","@id":"https:\/\/suomenkuvalehti.fi\/americana\/#\/schema\/person\/image\/","url":"https:\/\/suomenkuvalehti.fi\/americana\/wp-content\/uploads\/sites\/10\/2022\/04\/americana_maunula-150x150.jpg","contentUrl":"https:\/\/suomenkuvalehti.fi\/americana\/wp-content\/uploads\/sites\/10\/2022\/04\/americana_maunula-150x150.jpg","caption":"Marko Maunula"},"description":"Kirjoittaja on Yhdysvaltain historian professori Atlantassa."}]}},"_links":{"self":[{"href":"https:\/\/suomenkuvalehti.fi\/americana\/wp-json\/wp\/v2\/posts\/6589","targetHints":{"allow":["GET"]}}],"collection":[{"href":"https:\/\/suomenkuvalehti.fi\/americana\/wp-json\/wp\/v2\/posts"}],"about":[{"href":"https:\/\/suomenkuvalehti.fi\/americana\/wp-json\/wp\/v2\/types\/post"}],"author":[{"embeddable":true,"href":"https:\/\/suomenkuvalehti.fi\/americana\/wp-json\/wp\/v2\/users\/158"}],"replies":[{"embeddable":true,"href":"https:\/\/suomenkuvalehti.fi\/americana\/wp-json\/wp\/v2\/comments?post=6589"}],"version-history":[{"count":4,"href":"https:\/\/suomenkuvalehti.fi\/americana\/wp-json\/wp\/v2\/posts\/6589\/revisions"}],"predecessor-version":[{"id":6597,"href":"https:\/\/suomenkuvalehti.fi\/americana\/wp-json\/wp\/v2\/posts\/6589\/revisions\/6597"}],"wp:attachment":[{"href":"https:\/\/suomenkuvalehti.fi\/americana\/wp-json\/wp\/v2\/media?parent=6589"}],"wp:term":[{"taxonomy":"category","embeddable":true,"href":"https:\/\/suomenkuvalehti.fi\/americana\/wp-json\/wp\/v2\/categories?post=6589"},{"taxonomy":"post_tag","embeddable":true,"href":"https:\/\/suomenkuvalehti.fi\/americana\/wp-json\/wp\/v2\/tags?post=6589"}],"curies":[{"name":"wp","href":"https:\/\/api.w.org\/{rel}","templated":true}]}}