{"id":6567,"date":"2023-01-02T09:52:56","date_gmt":"2023-01-02T07:52:56","guid":{"rendered":"https:\/\/suomenkuvalehti.fi\/americana\/?p=6567"},"modified":"2023-01-02T09:52:58","modified_gmt":"2023-01-02T07:52:58","slug":"ukrainan-tukemista-kritisoivat-republikaanit-nojaavat-menneen-maailman-tyokaluihin-eristaytymisella-on-yhdysvalloissa-pitka-historia","status":"publish","type":"post","link":"https:\/\/suomenkuvalehti.fi\/americana\/ukrainan-tukemista-kritisoivat-republikaanit-nojaavat-menneen-maailman-tyokaluihin-eristaytymisella-on-yhdysvalloissa-pitka-historia\/","title":{"rendered":"Ukrainan tukemista kritisoivat republikaanit nojaavat menneen maailman ty\u00f6kaluihin \u2013 erist\u00e4ytymisell\u00e4 on Yhdysvalloissa pitk\u00e4 historia"},"content":{"rendered":"\n<p><span class=\"capitalized\">Ukrainan<\/span> tukeminen on paitsi moraalisesti oikea ratkaisu, mutta pitk\u00e4ll\u00e4 t\u00e4ht\u00e4imell\u00e4 my\u00f6s Yhdysvaltojen oma etu. Miksi niin monet republikaanien oikeassa p\u00e4\u00e4dyss\u00e4 kielt\u00e4ytyv\u00e4t n\u00e4kem\u00e4st\u00e4 t\u00e4t\u00e4? Vastaus l\u00f6ytyy sekoituksesta nationalistisia arvoja sek\u00e4 vanhaa ulkopoliittista ajattelua.<\/p>\n\n\n\n<p>T\u00e4m\u00e4n p\u00e4iv\u00e4n nationalistisen oikeiston ajama erist\u00e4ytymispolitiikka eli isolationismi pohjautuu sen sadan vuoden takaiseen versioon.<\/p>\n\n\n\n<p>Ensimm\u00e4isess\u00e4 maailmansodassa Yhdysvallat l\u00e4hetti ensimm\u00e4ist\u00e4 kertaa sotilaitaan Eurooppaan, rikkoen vuosisataista perinnett\u00e4\u00e4n pysytell\u00e4 erossa eurooppalaisista konflikteista. Pian sodan j\u00e4lkeen miljoonat amerikkalaiset pitiv\u00e4t sotaretke\u00e4 virheen\u00e4, haluten palata takaisin isolationismiin.<\/p>\n\n\n\n<p>Vuonna 1919 kongressi <a href=\"https:\/\/www.senate.gov\/about\/powers-procedures\/treaties\/senate-rejects-treaty-of-versailles.htm\">torppasi Versaillesin rauhansopimuksen<\/a> sek\u00e4 Yhdysvaltain j\u00e4senyyden kansainliitossa. Vuoden 1922 protektionistinen <a href=\"https:\/\/en.wikipedia.org\/wiki\/Fordney%E2%80%93McCumber_Tariff\"><em>Fordney-McCumber Tariff Act<\/em><\/a> nosti tuontitulleja ja vahingoitti kansainv\u00e4list\u00e4 kauppaa. 1924 <a href=\"https:\/\/history.state.gov\/milestones\/1921-1936\/immigration-act\">uusi maahanmuuttolaki<\/a> loi l\u00e4nsieurooppalaisia suosivan sek\u00e4 useimpien aasialaisten maahanmuuton kielt\u00e4v\u00e4n kiinti\u00f6k\u00e4yt\u00e4nn\u00f6n.<\/p>\n\n\n\n<p>Nykyiset kansallismieliset isolationistit ajavat samanlaista politiikkaa. <strong>Donald Trump<\/strong> kyseenalaisti Naton sek\u00e4 kansainv\u00e4liset yhteis\u00f6t ja hurrasi brexitille. H\u00e4n nosti tuontitulleja sek\u00e4 kritisoi vapaata kauppaa. Aivan vaalikampanjansa alkusuoralla h\u00e4n luonnehti latinomaahanmuuttajia rikollisiksi ja presidenttin\u00e4 h\u00e4n sulki maahanmuuton useimmista L\u00e4hi-id\u00e4n maista.<\/p>\n\n\n\n<p>N\u00e4m\u00e4 toimet h\u00e4tk\u00e4hdyttiv\u00e4t muuta maailmaa, koska ne poikkesivat niin vahvasti Yhdysvaltojen toisen maailmansodan j\u00e4lkeisest\u00e4 linjasta. Silti ne edustivat pitk\u00e4ik\u00e4ist\u00e4 ja vahvaa suuntausta amerikkalaisessa ulkopoliittisessa ajattelussa.<\/p>\n\n\n\n<p><\/p>\n\n\n\n<p><span class=\"capitalized\">Muusta<\/span> maailmasta erist\u00e4ytymisen juuret kietoutuvat koko amerikkalaisen syntytarinan ymp\u00e4rille. Englanninkielisen Pohjois-Amerikan poliittinen historia on alusta saakka ollut taistelua isolationistien sek\u00e4 kansainv\u00e4lisen yhteisty\u00f6n kannattajien v\u00e4lill\u00e4.<\/p>\n\n\n\n<p>Kun ensimm\u00e4iset separatistiset puritaanit, <a href=\"https:\/\/en.wikipedia.org\/wiki\/Pilgrims_(Plymouth_Colony)\">niin sanotut pyhiinvaeltajat<\/a>, saapuivat nykyiseen Massachusettsiin vuonna 1620, he halusivat irrottautua syntisest\u00e4 Englannista sek\u00e4 sen kirkosta. Uskonnolliset fanaatikot halusivat vet\u00e4\u00e4 pes\u00e4eroa paitsi Englantiin, my\u00f6s Virginian aikaisemmin perustettuihin yhteis\u00f6ihin, jotka keskittyiv\u00e4t tupakkatalouteen ja atlanttiseen kauppaan.<\/p>\n\n\n\n<p>K\u00f6ydenveto isolationistien sek\u00e4 kansainv\u00e4liseen talouteen sitoutuneiden amerikkalaisten v\u00e4lill\u00e4 alkoi heti ensimm\u00e4isten siirtokuntien my\u00f6t\u00e4. Vuosikymmenten saatossa molemmat osapuolet olivat silti samaa mielt\u00e4 yhdest\u00e4 keskeist\u00e4 asiasta: Amerikka ja (vuoden 1776 j\u00e4lkeen) Yhdysvallat oli parempi paikka kuin se, jonka he j\u00e4ttiv\u00e4t taakseen.<\/p>\n\n\n\n<p>Vuosisatainen miljoonien maahanmuuttajien virta vahvisti tarinaa maasta demokratian, mahdollisuuksien ja vapauden tyyssijana. Euroopan k\u00f6yhyytt\u00e4, sotia ja asepalvelusta, uskonnollista sek\u00e4 etnist\u00e4 sortoa ja suoraa tyranniaa paenneiden siirtolaisten j\u00e4lkel\u00e4iset kuulivat selkeit\u00e4 rinnastuksia Yhdysvaltojen ylivertaisuudesta verrattuna Suomeen tai Sisiliaan.<\/p>\n\n\n\n<p><\/p>\n\n\n\n<p><span class=\"capitalized\">Isolationismi<\/span> on ollut osittain my\u00f6s alueellista sek\u00e4 etnist\u00e4. Keskil\u00e4nsi eli enemm\u00e4n kotimarkkinoista, kun taas etel\u00e4valtioiden tupakka-, puuvilla- ja riisitalous vei tuotteitaan merten taakse. Maailmansotien aikaan saksalaisten ja irlantilaisten j\u00e4lkel\u00e4iset halusivat valtaosin pysy\u00e4 erossa sodasta, mutta englantilaisten ja ranskalaisten vesat kannattivat kovempia otteita Saksaa vastaan.<\/p>\n\n\n\n<p>Amerikkalaiseen isolationismiin on varsinkin 1900- ja 2000-luvuilla liittynyt vahva rasistinen perusvire. Lent\u00e4j\u00e4sankari <strong>Charles Lindbergh<\/strong>, <em>America First Committee<\/em> \u2013<a href=\"https:\/\/www.mnhs.org\/lindbergh\/learn\/controversies\">liikkeen n\u00e4kyv\u00e4 j\u00e4sen<\/a>, kaveerasi <strong>Hermann G\u00f6ringin<\/strong> kanssa ja varoitti syyskuussa 1941, kuinka \u201denglantilainen ja juutalainen rotu\u201d yrittiv\u00e4t puskea Yhdysvaltoja sotaan.<\/p>\n\n\n\n<p>Isolationismi ja rasismi muodostivat sekavan sopan. Presidentti <strong>Woodrow Wilson<\/strong> oli sek\u00e4 vankkumaton rasisti ett\u00e4 kansanv\u00e4lisyyden puolustaja, joka toi Yhdysvallat mukaan ensimm\u00e4iseen maailmansotaan. Usein isolationismi, rasismi sek\u00e4 maahanmuuton vastustaminen asuivat kuitenkin samoissa poliittisissa taloissa.<\/p>\n\n\n\n<p><\/p>\n\n\n\n<p><span class=\"capitalized\">Teknologia<\/span> on tehnyt turvallisuuspoliittisesta isolationismista mahdotonta. Pearl Harborin hy\u00f6kk\u00e4ys 7.12.1941 murensi illuusion valtamerten sek\u00e4 et\u00e4isyyden tuomasta turvallisuudesta, ja suihkukoneet sek\u00e4 mannertenv\u00e4liset ohjukset alleviivasivat viesti\u00e4.<\/p>\n\n\n\n<p>Samalla tavalla globalisaatio sek\u00e4 teknologinen kehitys ovat vaikeuttaneet taloudellista isolationismia. Modernit puhelimet, sateliitit, faksit ja sittemmin internet ovat murentaneet paikan merkityst\u00e4 ty\u00f6nteossa. S\u00e4hk\u00f6postit singahtelevat yht\u00e4 nopeasti Atlantasta Intiaan kuin naapuriin.<\/p>\n\n\n\n<p><\/p>\n\n\n\n<p><span class=\"capitalized\">Ukrainan<\/span> tukemista kritisoivat kansallismieliset republikaanit uskovat voivansa palata takaisin menneisyyteen joka katosi toisen maailmansodan sek\u00e4 teknologisen kehityksen my\u00f6t\u00e4. Heid\u00e4n ajattelunsa synkkaa vahvasti 1930-luvun Lindberghin kanssa, joka halusi pysy\u00e4 irti toisesta maailmansodasta, koska <strong>Adolf Hitler<\/strong> ja natsi-Saksa kuitenkin voittaisivat sen.<\/p>\n\n\n\n<p>Kuten Lindbergh, republikaanien kansallismielinen siipi ihailee perinteisist\u00e4 arvoista puhuvia vahvoja ja autorit\u00e4\u00e4risi\u00e4 johtajia. He n\u00e4kev\u00e4t <strong>Vladimir Putinissa<\/strong> ja <strong>Viktor Orb\u00e1nissa<\/strong> maagisen portin menneisyyteen sek\u00e4 valkoiseen, nimellisesti kristittyyn heteronormatiiviseen hegemoniaan.<\/p>\n\n\n\n<p>Ukrainan menestys sodassa sek\u00e4 <strong>Volodomyr Zelenskyin<\/strong> henkil\u00f6 ovat ravistelleet kansallismielisten vankkaa uskoa autorit\u00e4\u00e4riseen traditionalismiin. Kuten konservatiivinen \u00e4lykk\u00f6 <strong>Nick Catoggio<\/strong> kiteytti <em>The Dispatch<\/em> -webbijulkaisussa, t\u00e4m\u00e4 on ruokkinut <a href=\"https:\/\/thedispatch.com\/newsletter\/boilingfrogs\/fashion-statement\/\">kansallismielisen oikeiston Zelenskyi-vihaa<\/a> sek\u00e4 vaatimuksia Ukrainan tukemisen lopettamisesta.<\/p>\n\n\n\n<p><\/p>\n\n\n\n<p><span class=\"capitalized\">Uusi<\/span> isolationismi on ongelmallista, koska se perustuu teknologiset ja demografiset faktat sivuuttavaan ajatteluun. Se hakee polttoaineensa intuitiosta, nostalgiasta ja antipatiasta. Kuten monet muutkin reaktion\u00e4\u00e4riset liikkeet, se pyrkii vastaamaan uuden aikakauden ongelmiin menneen maailman ty\u00f6kaluin.<\/p>\n\n\n\n<p>Kansallismielisen oikeiston suhtautuminen Ukrainan sotaan on isolationismin sek\u00e4 siihen liittyvien asenteiden mallikappale. Se perustuu 1930\u201340 luvuilla v\u00e4\u00e4r\u00e4ksi todistettuun ulko- ja turvallisuuspoliittiseen malliin, jonka juuret ovat syv\u00e4ll\u00e4, mutta jonka soveltaminen t\u00e4n\u00e4\u00e4n on loogista ainoastaan, jos sen edustajat uskovat Putinin voittoon \u2013 tai haluavat sit\u00e4.<\/p>\n\n\n\n<p><\/p>\n\n\n\n<p><em>Soundtrack: Neil Young, The Loner.<\/em><\/p>\n\n\n\n<figure class=\"wp-block-embed is-type-video is-provider-youtube wp-block-embed-youtube wp-embed-aspect-4-3 wp-has-aspect-ratio\"><div class=\"wp-block-embed__wrapper\">\n<iframe loading=\"lazy\" title=\"Neil Young - The Loner\" width=\"472\" height=\"354\" src=\"https:\/\/www.youtube.com\/embed\/TLvEWTwlJag?feature=oembed\" frameborder=\"0\" allow=\"accelerometer; autoplay; clipboard-write; encrypted-media; gyroscope; picture-in-picture\" allowfullscreen><\/iframe>\n<\/div><\/figure>\n","protected":false},"excerpt":{"rendered":"<p>Ukrainan tukeminen on paitsi moraalisesti oikea ratkaisu, mutta pitk\u00e4ll\u00e4 t\u00e4ht\u00e4imell\u00e4 my\u00f6s Yhdysvaltojen oma etu. Miksi niin monet republikaanien oikeassa p\u00e4\u00e4dyss\u00e4 kielt\u00e4ytyv\u00e4t<br \/>\nn\u00e4kem\u00e4st\u00e4 &hellip;<\/p>\n","protected":false},"author":158,"featured_media":0,"comment_status":"open","ping_status":"open","sticky":false,"template":"","format":"standard","meta":{"_acf_changed":false,"asauth_required_access_level":3,"asauth_cansharepaid":"true","om_header_attributes":[],"footnotes":"","om_featured_image_focal_point":[],"om_primary_tag":1513,"om_contributors":[],"om_co_authors":[],"beyondwords_generate_audio":"","beyondwords_project_id":"","beyondwords_content_id":"","beyondwords_preview_token":"","beyondwords_player_content":"","beyondwords_player_style":"","beyondwords_language_code":"","beyondwords_language_id":"","beyondwords_title_voice_id":"","beyondwords_body_voice_id":"","beyondwords_summary_voice_id":"","beyondwords_error_message":"","beyondwords_disabled":"","beyondwords_delete_content":"","beyondwords_podcast_id":"","beyondwords_hash":"","publish_post_to_speechkit":"","speechkit_hash":"","speechkit_generate_audio":"","speechkit_project_id":"","speechkit_podcast_id":"","speechkit_error_message":"","speechkit_disabled":"","speechkit_access_key":"","speechkit_error":"","speechkit_info":"","speechkit_response":"","speechkit_retries":"","speechkit_status":"","speechkit_updated_at":"","_speechkit_link":"","_speechkit_text":""},"categories":[1],"tags":[213,1513,2372,253,2332,24],"class_list":["post-6567","post","type-post","status-publish","format-standard","hentry","category-americana","tag-historia","tag-isolationismi","tag-kansallismieliset","tag-oikeisto","tag-ukrainan-sota","tag-yhdysvallat"],"om_views":null,"acf":{"tuuma_off":false,"tuuma_kysymys":"","tuuma_vastaus":""},"asauth":{"required_access_level":1,"share_token":"","is_paid":false},"yoast_head":"<!-- This site is optimized with the Yoast SEO plugin v26.4 - https:\/\/yoast.com\/wordpress\/plugins\/seo\/ -->\n<title>Ukrainan tukemista kritisoivat republikaanit nojaavat menneen maailman ty\u00f6kaluihin \u2013 erist\u00e4ytymisell\u00e4 on Yhdysvalloissa pitk\u00e4 historia - Americana<\/title>\n<meta name=\"description\" content=\"T\u00e4m\u00e4n p\u00e4iv\u00e4n nationalistisen oikeiston ajama erist\u00e4ytymispolitiikka eli isolationismi pohjautuu sen sadan vuoden takaiseen versioon.\" \/>\n<meta name=\"robots\" content=\"noindex, follow\" \/>\n<meta property=\"og:locale\" content=\"fi_FI\" \/>\n<meta property=\"og:type\" content=\"article\" \/>\n<meta property=\"og:title\" content=\"Ukrainan tukemista kritisoivat republikaanit nojaavat menneen maailman ty\u00f6kaluihin \u2013 erist\u00e4ytymisell\u00e4 on Yhdysvalloissa pitk\u00e4 historia - Americana\" \/>\n<meta property=\"og:description\" content=\"T\u00e4m\u00e4n p\u00e4iv\u00e4n nationalistisen oikeiston ajama erist\u00e4ytymispolitiikka eli isolationismi pohjautuu sen sadan vuoden takaiseen versioon.\" \/>\n<meta property=\"og:url\" content=\"https:\/\/suomenkuvalehti.fi\/americana\/ukrainan-tukemista-kritisoivat-republikaanit-nojaavat-menneen-maailman-tyokaluihin-eristaytymisella-on-yhdysvalloissa-pitka-historia\/\" \/>\n<meta property=\"og:site_name\" content=\"Americana\" \/>\n<meta property=\"article:published_time\" content=\"2023-01-02T07:52:56+00:00\" \/>\n<meta property=\"article:modified_time\" content=\"2023-01-02T07:52:58+00:00\" \/>\n<meta property=\"og:image\" content=\"https:\/\/suomenkuvalehti.fi\/americana\/wp-content\/uploads\/sites\/10\/2022\/04\/americana_maunula-scaled.jpg\" \/>\n\t<meta property=\"og:image:width\" content=\"2560\" \/>\n\t<meta property=\"og:image:height\" content=\"1706\" \/>\n\t<meta property=\"og:image:type\" content=\"image\/jpeg\" \/>\n<meta name=\"author\" content=\"Marko Maunula\" \/>\n<meta name=\"twitter:card\" content=\"summary_large_image\" \/>\n<meta name=\"twitter:label1\" content=\"Written by\" \/>\n\t<meta name=\"twitter:data1\" content=\"Marko Maunula\" \/>\n\t<meta name=\"twitter:label2\" content=\"Est. reading time\" \/>\n\t<meta name=\"twitter:data2\" content=\"5 minuuttia\" \/>\n<script type=\"application\/ld+json\" class=\"yoast-schema-graph\">{\"@context\":\"https:\/\/schema.org\",\"@graph\":[{\"@type\":\"WebPage\",\"@id\":\"https:\/\/suomenkuvalehti.fi\/americana\/ukrainan-tukemista-kritisoivat-republikaanit-nojaavat-menneen-maailman-tyokaluihin-eristaytymisella-on-yhdysvalloissa-pitka-historia\/\",\"url\":\"https:\/\/suomenkuvalehti.fi\/americana\/ukrainan-tukemista-kritisoivat-republikaanit-nojaavat-menneen-maailman-tyokaluihin-eristaytymisella-on-yhdysvalloissa-pitka-historia\/\",\"name\":\"Ukrainan tukemista kritisoivat republikaanit nojaavat menneen maailman ty\u00f6kaluihin \u2013 erist\u00e4ytymisell\u00e4 on Yhdysvalloissa pitk\u00e4 historia - Americana\",\"isPartOf\":{\"@id\":\"https:\/\/suomenkuvalehti.fi\/americana\/#website\"},\"datePublished\":\"2023-01-02T07:52:56+00:00\",\"dateModified\":\"2023-01-02T07:52:58+00:00\",\"author\":{\"@id\":\"https:\/\/suomenkuvalehti.fi\/americana\/#\/schema\/person\/12d514491cb37506bc39c8e10176c3ec\"},\"description\":\"T\u00e4m\u00e4n p\u00e4iv\u00e4n nationalistisen oikeiston ajama erist\u00e4ytymispolitiikka eli isolationismi pohjautuu sen sadan vuoden takaiseen versioon.\",\"breadcrumb\":{\"@id\":\"https:\/\/suomenkuvalehti.fi\/americana\/ukrainan-tukemista-kritisoivat-republikaanit-nojaavat-menneen-maailman-tyokaluihin-eristaytymisella-on-yhdysvalloissa-pitka-historia\/#breadcrumb\"},\"inLanguage\":\"fi\",\"potentialAction\":[{\"@type\":\"ReadAction\",\"target\":[\"https:\/\/suomenkuvalehti.fi\/americana\/ukrainan-tukemista-kritisoivat-republikaanit-nojaavat-menneen-maailman-tyokaluihin-eristaytymisella-on-yhdysvalloissa-pitka-historia\/\"]}]},{\"@type\":\"BreadcrumbList\",\"@id\":\"https:\/\/suomenkuvalehti.fi\/americana\/ukrainan-tukemista-kritisoivat-republikaanit-nojaavat-menneen-maailman-tyokaluihin-eristaytymisella-on-yhdysvalloissa-pitka-historia\/#breadcrumb\",\"itemListElement\":[{\"@type\":\"ListItem\",\"position\":1,\"name\":\"Home\",\"item\":\"https:\/\/suomenkuvalehti.fi\/americana\/\"},{\"@type\":\"ListItem\",\"position\":2,\"name\":\"Ukrainan tukemista kritisoivat republikaanit nojaavat menneen maailman ty\u00f6kaluihin \u2013 erist\u00e4ytymisell\u00e4 on Yhdysvalloissa pitk\u00e4 historia\"}]},{\"@type\":\"WebSite\",\"@id\":\"https:\/\/suomenkuvalehti.fi\/americana\/#website\",\"url\":\"https:\/\/suomenkuvalehti.fi\/americana\/\",\"name\":\"Americana\",\"description\":\"Professori Marko Maunula seuraa USA:n politiikkaa ja populaarikulttuuria\",\"potentialAction\":[{\"@type\":\"SearchAction\",\"target\":{\"@type\":\"EntryPoint\",\"urlTemplate\":\"https:\/\/suomenkuvalehti.fi\/haku\/?q={search_term_string}\"},\"query-input\":{\"@type\":\"PropertyValueSpecification\",\"valueRequired\":true,\"valueName\":\"search_term_string\"}}],\"inLanguage\":\"fi\"},{\"@type\":\"Person\",\"@id\":\"https:\/\/suomenkuvalehti.fi\/americana\/#\/schema\/person\/12d514491cb37506bc39c8e10176c3ec\",\"name\":\"Marko Maunula\",\"image\":{\"@type\":\"ImageObject\",\"inLanguage\":\"fi\",\"@id\":\"https:\/\/suomenkuvalehti.fi\/americana\/#\/schema\/person\/image\/\",\"url\":\"https:\/\/suomenkuvalehti.fi\/americana\/wp-content\/uploads\/sites\/10\/2022\/04\/americana_maunula-150x150.jpg\",\"contentUrl\":\"https:\/\/suomenkuvalehti.fi\/americana\/wp-content\/uploads\/sites\/10\/2022\/04\/americana_maunula-150x150.jpg\",\"caption\":\"Marko Maunula\"},\"description\":\"Kirjoittaja on Yhdysvaltain historian professori Atlantassa.\"}]}<\/script>\n<!-- \/ Yoast SEO plugin. -->","yoast_head_json":{"title":"Ukrainan tukemista kritisoivat republikaanit nojaavat menneen maailman ty\u00f6kaluihin \u2013 erist\u00e4ytymisell\u00e4 on Yhdysvalloissa pitk\u00e4 historia - Americana","description":"T\u00e4m\u00e4n p\u00e4iv\u00e4n nationalistisen oikeiston ajama erist\u00e4ytymispolitiikka eli isolationismi pohjautuu sen sadan vuoden takaiseen versioon.","robots":{"index":"noindex","follow":"follow"},"og_locale":"fi_FI","og_type":"article","og_title":"Ukrainan tukemista kritisoivat republikaanit nojaavat menneen maailman ty\u00f6kaluihin \u2013 erist\u00e4ytymisell\u00e4 on Yhdysvalloissa pitk\u00e4 historia - Americana","og_description":"T\u00e4m\u00e4n p\u00e4iv\u00e4n nationalistisen oikeiston ajama erist\u00e4ytymispolitiikka eli isolationismi pohjautuu sen sadan vuoden takaiseen versioon.","og_url":"https:\/\/suomenkuvalehti.fi\/americana\/ukrainan-tukemista-kritisoivat-republikaanit-nojaavat-menneen-maailman-tyokaluihin-eristaytymisella-on-yhdysvalloissa-pitka-historia\/","og_site_name":"Americana","article_published_time":"2023-01-02T07:52:56+00:00","article_modified_time":"2023-01-02T07:52:58+00:00","og_image":[{"width":2560,"height":1706,"url":"https:\/\/suomenkuvalehti.fi\/americana\/wp-content\/uploads\/sites\/10\/2022\/04\/americana_maunula-scaled.jpg","type":"image\/jpeg"}],"author":"Marko Maunula","twitter_card":"summary_large_image","twitter_misc":{"Written by":"Marko Maunula","Est. reading time":"5 minuuttia"},"schema":{"@context":"https:\/\/schema.org","@graph":[{"@type":"WebPage","@id":"https:\/\/suomenkuvalehti.fi\/americana\/ukrainan-tukemista-kritisoivat-republikaanit-nojaavat-menneen-maailman-tyokaluihin-eristaytymisella-on-yhdysvalloissa-pitka-historia\/","url":"https:\/\/suomenkuvalehti.fi\/americana\/ukrainan-tukemista-kritisoivat-republikaanit-nojaavat-menneen-maailman-tyokaluihin-eristaytymisella-on-yhdysvalloissa-pitka-historia\/","name":"Ukrainan tukemista kritisoivat republikaanit nojaavat menneen maailman ty\u00f6kaluihin \u2013 erist\u00e4ytymisell\u00e4 on Yhdysvalloissa pitk\u00e4 historia - Americana","isPartOf":{"@id":"https:\/\/suomenkuvalehti.fi\/americana\/#website"},"datePublished":"2023-01-02T07:52:56+00:00","dateModified":"2023-01-02T07:52:58+00:00","author":{"@id":"https:\/\/suomenkuvalehti.fi\/americana\/#\/schema\/person\/12d514491cb37506bc39c8e10176c3ec"},"description":"T\u00e4m\u00e4n p\u00e4iv\u00e4n nationalistisen oikeiston ajama erist\u00e4ytymispolitiikka eli isolationismi pohjautuu sen sadan vuoden takaiseen versioon.","breadcrumb":{"@id":"https:\/\/suomenkuvalehti.fi\/americana\/ukrainan-tukemista-kritisoivat-republikaanit-nojaavat-menneen-maailman-tyokaluihin-eristaytymisella-on-yhdysvalloissa-pitka-historia\/#breadcrumb"},"inLanguage":"fi","potentialAction":[{"@type":"ReadAction","target":["https:\/\/suomenkuvalehti.fi\/americana\/ukrainan-tukemista-kritisoivat-republikaanit-nojaavat-menneen-maailman-tyokaluihin-eristaytymisella-on-yhdysvalloissa-pitka-historia\/"]}]},{"@type":"BreadcrumbList","@id":"https:\/\/suomenkuvalehti.fi\/americana\/ukrainan-tukemista-kritisoivat-republikaanit-nojaavat-menneen-maailman-tyokaluihin-eristaytymisella-on-yhdysvalloissa-pitka-historia\/#breadcrumb","itemListElement":[{"@type":"ListItem","position":1,"name":"Home","item":"https:\/\/suomenkuvalehti.fi\/americana\/"},{"@type":"ListItem","position":2,"name":"Ukrainan tukemista kritisoivat republikaanit nojaavat menneen maailman ty\u00f6kaluihin \u2013 erist\u00e4ytymisell\u00e4 on Yhdysvalloissa pitk\u00e4 historia"}]},{"@type":"WebSite","@id":"https:\/\/suomenkuvalehti.fi\/americana\/#website","url":"https:\/\/suomenkuvalehti.fi\/americana\/","name":"Americana","description":"Professori Marko Maunula seuraa USA:n politiikkaa ja populaarikulttuuria","potentialAction":[{"@type":"SearchAction","target":{"@type":"EntryPoint","urlTemplate":"https:\/\/suomenkuvalehti.fi\/haku\/?q={search_term_string}"},"query-input":{"@type":"PropertyValueSpecification","valueRequired":true,"valueName":"search_term_string"}}],"inLanguage":"fi"},{"@type":"Person","@id":"https:\/\/suomenkuvalehti.fi\/americana\/#\/schema\/person\/12d514491cb37506bc39c8e10176c3ec","name":"Marko Maunula","image":{"@type":"ImageObject","inLanguage":"fi","@id":"https:\/\/suomenkuvalehti.fi\/americana\/#\/schema\/person\/image\/","url":"https:\/\/suomenkuvalehti.fi\/americana\/wp-content\/uploads\/sites\/10\/2022\/04\/americana_maunula-150x150.jpg","contentUrl":"https:\/\/suomenkuvalehti.fi\/americana\/wp-content\/uploads\/sites\/10\/2022\/04\/americana_maunula-150x150.jpg","caption":"Marko Maunula"},"description":"Kirjoittaja on Yhdysvaltain historian professori Atlantassa."}]}},"_links":{"self":[{"href":"https:\/\/suomenkuvalehti.fi\/americana\/wp-json\/wp\/v2\/posts\/6567","targetHints":{"allow":["GET"]}}],"collection":[{"href":"https:\/\/suomenkuvalehti.fi\/americana\/wp-json\/wp\/v2\/posts"}],"about":[{"href":"https:\/\/suomenkuvalehti.fi\/americana\/wp-json\/wp\/v2\/types\/post"}],"author":[{"embeddable":true,"href":"https:\/\/suomenkuvalehti.fi\/americana\/wp-json\/wp\/v2\/users\/158"}],"replies":[{"embeddable":true,"href":"https:\/\/suomenkuvalehti.fi\/americana\/wp-json\/wp\/v2\/comments?post=6567"}],"version-history":[{"count":8,"href":"https:\/\/suomenkuvalehti.fi\/americana\/wp-json\/wp\/v2\/posts\/6567\/revisions"}],"predecessor-version":[{"id":6578,"href":"https:\/\/suomenkuvalehti.fi\/americana\/wp-json\/wp\/v2\/posts\/6567\/revisions\/6578"}],"wp:attachment":[{"href":"https:\/\/suomenkuvalehti.fi\/americana\/wp-json\/wp\/v2\/media?parent=6567"}],"wp:term":[{"taxonomy":"category","embeddable":true,"href":"https:\/\/suomenkuvalehti.fi\/americana\/wp-json\/wp\/v2\/categories?post=6567"},{"taxonomy":"post_tag","embeddable":true,"href":"https:\/\/suomenkuvalehti.fi\/americana\/wp-json\/wp\/v2\/tags?post=6567"}],"curies":[{"name":"wp","href":"https:\/\/api.w.org\/{rel}","templated":true}]}}