{"id":64,"date":"2013-04-16T13:51:22","date_gmt":"2013-04-16T10:51:22","guid":{"rendered":"https:\/\/suomenkuvalehti.fi\/americana\/bostonin-tragedia-ja-median-ylilyonti\/"},"modified":"2013-11-30T16:22:01","modified_gmt":"2013-11-30T14:22:01","slug":"bostonin-tragedia-ja-median-ylilyonti","status":"publish","type":"post","link":"https:\/\/suomenkuvalehti.fi\/americana\/bostonin-tragedia-ja-median-ylilyonti\/","title":{"rendered":"Bostonin tragedia ja median ylily\u00f6nti"},"content":{"rendered":"\n<p>Viime joulukuussa <strong>Adam Lanza<\/strong> tappoi ampumalla 28 ihmist\u00e4, joista 20 oli pikkulapsia. Eilen Bostonissa r\u00e4j\u00e4hti pommi, joka on tappanut t\u00e4h\u00e4n menness\u00e4 kolme ihmist\u00e4.<\/p>\n\n\n\n<p>V\u00e4litt\u00f6m\u00e4sti Sandy Hookin j\u00e4lkeen aseoikeuden kannattajat kehoittivat amerikkalaisia maltillisuuteen. Aika ei ollut kyps\u00e4 asekeskusteluun, kansakunnan piti ensin rauhoittua, tapahtumat piti asettaa laajempaan perspektiiviin.<\/p>\n\n\n\n<p>Bostonin pommin suhteen maltti ei ole valttia. Fox Newsin toimittajat vertailevat tapahtumaa syyskuun 11. p\u00e4iv\u00e4n iskuihin ja&nbsp;spekuloivat huhuilla&nbsp;joiden mukaan tekij\u00e4 olisi ollut nuori Saudi Arabian kansalainen. Vasemman laidan kommentaattoreista <strong>Chris Matthews<\/strong> pohdiskeli, josko pommilla olisi jotain tekemist\u00e4 sen kanssa, ett\u00e4 Yhdysvalloissa oli eilen verop\u00e4iv\u00e4. CNN on t\u00e4ydess\u00e4 Bostonin kuumeessa. Kanavat ovat tuskin havainnoineet muita uutisia liki vuorokauteen.<\/p>\n\n\n\n<p>Sitten Sandy Hookin tragedian, liki 3500 amerikkalaista on <a href=\"http:\/\/www.slate.com\/articles\/news_and_politics\/crime\/2012\/12\/gun_death_tally_every_american_gun_death_since_newtown_sandy_hook_shooting.html\">kuollut luoteihin<\/a>. Lukemaan mahtuu my\u00f6s joukkomurhia, kuten viisi kuolonuhria vaatinut ammuskelu New Mexicossa ja nelja tappanut ammuskelu New Yorkin osavaltiossa. N\u00e4m\u00e4 tragediat h\u00e4din tuskin ylittiv\u00e4t kansallisen uutiskynnyksen.<\/p>\n\n\n\n<p>Bostonin pommi-isku on j\u00e4rjenvastainen ja hirvitt\u00e4v\u00e4 teko. Uhrit ansaitsevat kaiken sympatiamme. Syylliset on otettava kiinni ja rangaistava. Silti, median olisi hyv\u00e4 harkita jonkin sortin perspektiivi\u00e4. Kommentoijien tarjoama sekoitus spekulaatioita, pelon ruokkimista ja uhoa ei palvele ket\u00e4\u00e4n. Pahimmillaan se ainoastaan <a href=\"http:\/\/illuminatiwatcher.com\/?p=6453\">ruokkii todellisuuspakoisia hihhuleita<\/a>, jotka k\u00e4ytt\u00e4v\u00e4t median huomiota todistuskappaleena omille houruisille teorioilleen.<\/p>\n\n\n\n<p><em>Soundtrack: Hiljainen hetki Bostonin uhrien muistolle.<\/em><\/p>\n\n\n","protected":false},"excerpt":{"rendered":"<p>Viime joulukuussa Adam Lanza tappoi ampumalla 28 ihmist\u00e4, joista 20 oli pikkulapsia. Eilen Bostonissa r\u00e4j\u00e4hti pommi, joka on tappanut t\u00e4h\u00e4n menness\u00e4 kolme ihmist\u00e4. V\u00e4litt\u00f6m\u00e4sti Sandy Hookin j\u00e4lkeen aseoikeuden kannattajat kehoittivat amerikkalaisia maltillisuuteen. Aika ei ollut<br \/>\nkyps\u00e4 asek&hellip;<\/p>\n","protected":false},"author":158,"featured_media":0,"comment_status":"open","ping_status":"open","sticky":false,"template":"","format":"standard","meta":{"_acf_changed":false,"asauth_required_access_level":0,"asauth_cansharepaid":"","om_header_attributes":[],"footnotes":"","om_featured_image_focal_point":[],"om_primary_tag":0,"om_contributors":[],"om_co_authors":[],"beyondwords_generate_audio":"","beyondwords_project_id":"","beyondwords_content_id":"","beyondwords_preview_token":"","beyondwords_player_content":"","beyondwords_player_style":"","beyondwords_language_code":"","beyondwords_language_id":"","beyondwords_title_voice_id":"","beyondwords_body_voice_id":"","beyondwords_summary_voice_id":"","beyondwords_error_message":"","beyondwords_disabled":"","beyondwords_delete_content":"","beyondwords_podcast_id":"","beyondwords_hash":"","publish_post_to_speechkit":"","speechkit_hash":"","speechkit_generate_audio":"","speechkit_project_id":"","speechkit_podcast_id":"","speechkit_error_message":"","speechkit_disabled":"","speechkit_access_key":"","speechkit_error":"","speechkit_info":"","speechkit_response":"","speechkit_retries":"","speechkit_status":"","speechkit_updated_at":"","_speechkit_link":"","_speechkit_text":""},"categories":[1],"tags":[250,249,244,251,252,199,245,193],"class_list":["post-64","post","type-post","status-publish","format-standard","hentry","category-americana","tag-adam-lanza","tag-ammuskelu","tag-boston","tag-chris-matthews","tag-cnn","tag-fox-news","tag-pommi","tag-terrorismi"],"om_views":null,"acf":{"tuuma_off":false,"tuuma_kysymys":"","tuuma_vastaus":""},"asauth":{"required_access_level":1,"share_token":"","is_paid":false},"yoast_head":"<!-- This site is optimized with the Yoast SEO plugin v26.4 - https:\/\/yoast.com\/wordpress\/plugins\/seo\/ -->\n<title>Bostonin tragedia ja median ylily\u00f6nti - Americana<\/title>\n<meta name=\"robots\" content=\"noindex, follow\" \/>\n<meta property=\"og:locale\" content=\"fi_FI\" \/>\n<meta property=\"og:type\" content=\"article\" \/>\n<meta property=\"og:title\" content=\"Bostonin tragedia ja median ylily\u00f6nti - Americana\" \/>\n<meta property=\"og:description\" content=\"Viime joulukuussa Adam Lanza tappoi ampumalla 28 ihmist\u00e4, joista 20 oli pikkulapsia. Eilen Bostonissa r\u00e4j\u00e4hti pommi, joka on tappanut t\u00e4h\u00e4n menness\u00e4 kolme ihmist\u00e4. V\u00e4litt\u00f6m\u00e4sti Sandy Hookin j\u00e4lkeen aseoikeuden kannattajat kehoittivat amerikkalaisia maltillisuuteen. Aika ei ollut kyps\u00e4 asek&hellip;\" \/>\n<meta property=\"og:url\" content=\"https:\/\/suomenkuvalehti.fi\/americana\/bostonin-tragedia-ja-median-ylilyonti\/\" \/>\n<meta property=\"og:site_name\" content=\"Americana\" \/>\n<meta property=\"article:published_time\" content=\"2013-04-16T10:51:22+00:00\" \/>\n<meta property=\"article:modified_time\" content=\"2013-11-30T14:22:01+00:00\" \/>\n<meta property=\"og:image\" content=\"https:\/\/suomenkuvalehti.fi\/americana\/wp-content\/uploads\/sites\/10\/2022\/04\/americana_maunula-scaled.jpg\" \/>\n\t<meta property=\"og:image:width\" content=\"2560\" \/>\n\t<meta property=\"og:image:height\" content=\"1706\" \/>\n\t<meta property=\"og:image:type\" content=\"image\/jpeg\" \/>\n<meta name=\"author\" content=\"Marko Maunula\" \/>\n<meta name=\"twitter:card\" content=\"summary_large_image\" \/>\n<meta name=\"twitter:label1\" content=\"Written by\" \/>\n\t<meta name=\"twitter:data1\" content=\"Marko Maunula\" \/>\n\t<meta name=\"twitter:label2\" content=\"Est. reading time\" \/>\n\t<meta name=\"twitter:data2\" content=\"1 minuutti\" \/>\n<script type=\"application\/ld+json\" class=\"yoast-schema-graph\">{\"@context\":\"https:\/\/schema.org\",\"@graph\":[{\"@type\":\"WebPage\",\"@id\":\"https:\/\/suomenkuvalehti.fi\/americana\/bostonin-tragedia-ja-median-ylilyonti\/\",\"url\":\"https:\/\/suomenkuvalehti.fi\/americana\/bostonin-tragedia-ja-median-ylilyonti\/\",\"name\":\"Bostonin tragedia ja median ylily\u00f6nti - Americana\",\"isPartOf\":{\"@id\":\"https:\/\/suomenkuvalehti.fi\/americana\/#website\"},\"datePublished\":\"2013-04-16T10:51:22+00:00\",\"dateModified\":\"2013-11-30T14:22:01+00:00\",\"author\":{\"@id\":\"https:\/\/suomenkuvalehti.fi\/americana\/#\/schema\/person\/12d514491cb37506bc39c8e10176c3ec\"},\"breadcrumb\":{\"@id\":\"https:\/\/suomenkuvalehti.fi\/americana\/bostonin-tragedia-ja-median-ylilyonti\/#breadcrumb\"},\"inLanguage\":\"fi\",\"potentialAction\":[{\"@type\":\"ReadAction\",\"target\":[\"https:\/\/suomenkuvalehti.fi\/americana\/bostonin-tragedia-ja-median-ylilyonti\/\"]}]},{\"@type\":\"BreadcrumbList\",\"@id\":\"https:\/\/suomenkuvalehti.fi\/americana\/bostonin-tragedia-ja-median-ylilyonti\/#breadcrumb\",\"itemListElement\":[{\"@type\":\"ListItem\",\"position\":1,\"name\":\"Home\",\"item\":\"https:\/\/suomenkuvalehti.fi\/americana\/\"},{\"@type\":\"ListItem\",\"position\":2,\"name\":\"Bostonin tragedia ja median ylily\u00f6nti\"}]},{\"@type\":\"WebSite\",\"@id\":\"https:\/\/suomenkuvalehti.fi\/americana\/#website\",\"url\":\"https:\/\/suomenkuvalehti.fi\/americana\/\",\"name\":\"Americana\",\"description\":\"Professori Marko Maunula seuraa USA:n politiikkaa ja populaarikulttuuria\",\"potentialAction\":[{\"@type\":\"SearchAction\",\"target\":{\"@type\":\"EntryPoint\",\"urlTemplate\":\"https:\/\/suomenkuvalehti.fi\/haku\/?q={search_term_string}\"},\"query-input\":{\"@type\":\"PropertyValueSpecification\",\"valueRequired\":true,\"valueName\":\"search_term_string\"}}],\"inLanguage\":\"fi\"},{\"@type\":\"Person\",\"@id\":\"https:\/\/suomenkuvalehti.fi\/americana\/#\/schema\/person\/12d514491cb37506bc39c8e10176c3ec\",\"name\":\"Marko Maunula\",\"image\":{\"@type\":\"ImageObject\",\"inLanguage\":\"fi\",\"@id\":\"https:\/\/suomenkuvalehti.fi\/americana\/#\/schema\/person\/image\/\",\"url\":\"https:\/\/suomenkuvalehti.fi\/americana\/wp-content\/uploads\/sites\/10\/2022\/04\/americana_maunula-150x150.jpg\",\"contentUrl\":\"https:\/\/suomenkuvalehti.fi\/americana\/wp-content\/uploads\/sites\/10\/2022\/04\/americana_maunula-150x150.jpg\",\"caption\":\"Marko Maunula\"},\"description\":\"Kirjoittaja on Yhdysvaltain historian professori Atlantassa.\"}]}<\/script>\n<!-- \/ Yoast SEO plugin. -->","yoast_head_json":{"title":"Bostonin tragedia ja median ylily\u00f6nti - Americana","robots":{"index":"noindex","follow":"follow"},"og_locale":"fi_FI","og_type":"article","og_title":"Bostonin tragedia ja median ylily\u00f6nti - Americana","og_description":"Viime joulukuussa Adam Lanza tappoi ampumalla 28 ihmist\u00e4, joista 20 oli pikkulapsia. Eilen Bostonissa r\u00e4j\u00e4hti pommi, joka on tappanut t\u00e4h\u00e4n menness\u00e4 kolme ihmist\u00e4. V\u00e4litt\u00f6m\u00e4sti Sandy Hookin j\u00e4lkeen aseoikeuden kannattajat kehoittivat amerikkalaisia maltillisuuteen. Aika ei ollut kyps\u00e4 asek&hellip;","og_url":"https:\/\/suomenkuvalehti.fi\/americana\/bostonin-tragedia-ja-median-ylilyonti\/","og_site_name":"Americana","article_published_time":"2013-04-16T10:51:22+00:00","article_modified_time":"2013-11-30T14:22:01+00:00","og_image":[{"width":2560,"height":1706,"url":"https:\/\/suomenkuvalehti.fi\/americana\/wp-content\/uploads\/sites\/10\/2022\/04\/americana_maunula-scaled.jpg","type":"image\/jpeg"}],"author":"Marko Maunula","twitter_card":"summary_large_image","twitter_misc":{"Written by":"Marko Maunula","Est. reading time":"1 minuutti"},"schema":{"@context":"https:\/\/schema.org","@graph":[{"@type":"WebPage","@id":"https:\/\/suomenkuvalehti.fi\/americana\/bostonin-tragedia-ja-median-ylilyonti\/","url":"https:\/\/suomenkuvalehti.fi\/americana\/bostonin-tragedia-ja-median-ylilyonti\/","name":"Bostonin tragedia ja median ylily\u00f6nti - Americana","isPartOf":{"@id":"https:\/\/suomenkuvalehti.fi\/americana\/#website"},"datePublished":"2013-04-16T10:51:22+00:00","dateModified":"2013-11-30T14:22:01+00:00","author":{"@id":"https:\/\/suomenkuvalehti.fi\/americana\/#\/schema\/person\/12d514491cb37506bc39c8e10176c3ec"},"breadcrumb":{"@id":"https:\/\/suomenkuvalehti.fi\/americana\/bostonin-tragedia-ja-median-ylilyonti\/#breadcrumb"},"inLanguage":"fi","potentialAction":[{"@type":"ReadAction","target":["https:\/\/suomenkuvalehti.fi\/americana\/bostonin-tragedia-ja-median-ylilyonti\/"]}]},{"@type":"BreadcrumbList","@id":"https:\/\/suomenkuvalehti.fi\/americana\/bostonin-tragedia-ja-median-ylilyonti\/#breadcrumb","itemListElement":[{"@type":"ListItem","position":1,"name":"Home","item":"https:\/\/suomenkuvalehti.fi\/americana\/"},{"@type":"ListItem","position":2,"name":"Bostonin tragedia ja median ylily\u00f6nti"}]},{"@type":"WebSite","@id":"https:\/\/suomenkuvalehti.fi\/americana\/#website","url":"https:\/\/suomenkuvalehti.fi\/americana\/","name":"Americana","description":"Professori Marko Maunula seuraa USA:n politiikkaa ja populaarikulttuuria","potentialAction":[{"@type":"SearchAction","target":{"@type":"EntryPoint","urlTemplate":"https:\/\/suomenkuvalehti.fi\/haku\/?q={search_term_string}"},"query-input":{"@type":"PropertyValueSpecification","valueRequired":true,"valueName":"search_term_string"}}],"inLanguage":"fi"},{"@type":"Person","@id":"https:\/\/suomenkuvalehti.fi\/americana\/#\/schema\/person\/12d514491cb37506bc39c8e10176c3ec","name":"Marko Maunula","image":{"@type":"ImageObject","inLanguage":"fi","@id":"https:\/\/suomenkuvalehti.fi\/americana\/#\/schema\/person\/image\/","url":"https:\/\/suomenkuvalehti.fi\/americana\/wp-content\/uploads\/sites\/10\/2022\/04\/americana_maunula-150x150.jpg","contentUrl":"https:\/\/suomenkuvalehti.fi\/americana\/wp-content\/uploads\/sites\/10\/2022\/04\/americana_maunula-150x150.jpg","caption":"Marko Maunula"},"description":"Kirjoittaja on Yhdysvaltain historian professori Atlantassa."}]}},"_links":{"self":[{"href":"https:\/\/suomenkuvalehti.fi\/americana\/wp-json\/wp\/v2\/posts\/64","targetHints":{"allow":["GET"]}}],"collection":[{"href":"https:\/\/suomenkuvalehti.fi\/americana\/wp-json\/wp\/v2\/posts"}],"about":[{"href":"https:\/\/suomenkuvalehti.fi\/americana\/wp-json\/wp\/v2\/types\/post"}],"author":[{"embeddable":true,"href":"https:\/\/suomenkuvalehti.fi\/americana\/wp-json\/wp\/v2\/users\/158"}],"replies":[{"embeddable":true,"href":"https:\/\/suomenkuvalehti.fi\/americana\/wp-json\/wp\/v2\/comments?post=64"}],"version-history":[{"count":1,"href":"https:\/\/suomenkuvalehti.fi\/americana\/wp-json\/wp\/v2\/posts\/64\/revisions"}],"predecessor-version":[{"id":196,"href":"https:\/\/suomenkuvalehti.fi\/americana\/wp-json\/wp\/v2\/posts\/64\/revisions\/196"}],"wp:attachment":[{"href":"https:\/\/suomenkuvalehti.fi\/americana\/wp-json\/wp\/v2\/media?parent=64"}],"wp:term":[{"taxonomy":"category","embeddable":true,"href":"https:\/\/suomenkuvalehti.fi\/americana\/wp-json\/wp\/v2\/categories?post=64"},{"taxonomy":"post_tag","embeddable":true,"href":"https:\/\/suomenkuvalehti.fi\/americana\/wp-json\/wp\/v2\/tags?post=64"}],"curies":[{"name":"wp","href":"https:\/\/api.w.org\/{rel}","templated":true}]}}