{"id":639,"date":"2010-02-10T15:31:12","date_gmt":"2010-02-10T13:31:12","guid":{"rendered":"https:\/\/suomenkuvalehti.fi\/americana\/amnesty-internationalin-paha-huti\/"},"modified":"2013-11-30T16:22:35","modified_gmt":"2013-11-30T14:22:35","slug":"amnesty-internationalin-paha-huti","status":"publish","type":"post","link":"https:\/\/suomenkuvalehti.fi\/americana\/amnesty-internationalin-paha-huti\/","title":{"rendered":"Amnesty Internationalin paha huti"},"content":{"rendered":"\n<p>Miten suvaita suvaitsemattomuutta? Miten puolustaa syytettyjen oikeuksia ilman, ett\u00e4 se n\u00e4ytt\u00e4\u00e4 heid\u00e4n tekojensa puolustukselta? Britit painivat j\u00e4lleen ikuisen ongelman kanssa. T\u00e4ll\u00e4 kertaa polttopisteess\u00e4 on Amnesty International.<\/p>\n\n\n\n<p>Er\u00e4s Amnesty johtohenkil\u00f6ist\u00e4, <strong>Gita Sahgal<\/strong>, on <a href=\"http:\/\/www.timesonline.co.uk\/tol\/news\/world\/afghanistan\/article7017810.ece\">valittanut j\u00e4rjest\u00f6ns\u00e4 yhteisty\u00f6st\u00e4<\/a> entisen Guantanamo-vanki <strong>Moazzam Beggin<\/strong> kanssa. Amnesty on k\u00e4ytt\u00e4nyt Beggi\u00e4 propagoidessaan Guantanamon vankilan sulkemisen puolesta, osana &#8221;Vastusta terroria oikeudella&#8221; -kampanjaansa.<\/p>\n\n\n\n<p>Begg on kyseenalainen kandidaatti ihmisoikeuksien asialle. H\u00e4n muutti perheineen Talebanin hallitsemaan Afganistaniin kes\u00e4ll\u00e4 2001. Begg on toistuvasti puolustanut vihaa lietsovia pappeja sek\u00e4 \u00e4\u00e4ri-islamistien ja talebanien keskiaikaista maailmankatsomusta, mutta nyt Amnesty on tehnyt h\u00e4nest\u00e4 t\u00e4rke\u00e4n ja n\u00e4kyv\u00e4n yhteisty\u00f6kumppanin.<\/p>\n\n\n\n<p>Saghal, Amnestyn nais\/sukupuolijaoston johtaja, pelk\u00e4\u00e4 koko j\u00e4rjest\u00f6n maineen ryvettyv\u00e4n Begg-yhteisty\u00f6n my\u00f6t\u00e4. H\u00e4n raportoi huolistaan organisaation johtoryhm\u00e4lle tammikuun lopussa.<\/p>\n\n\n\n<p>&#8221;Uskon, ett\u00e4 kampanja vahingoittaa perusteellisesti Amnesty Internationalin moraalia sek\u00e4 uhkaa ihmisoikeuksia,&#8221; Saghan kirjoitti: &#8221;Seisominen samalla lavalla Britannian tunnetuimman Taliban-kannattajan kanssa, sek\u00e4 h\u00e4nen kohtelunsa ihmisoikeuksien puolustajana, on paha virhe.&#8221;<\/p>\n\n\n\n<p>Tunnen vahvaa sympatiaa Saghania kohtaan. Kulturaalinen ja laillinen relativismi ovat humanismin vihollisia. Hyv\u00e4\u00e4 tarkoittavat liberaalit sortuvat aivan liian usein homofobisten, naisvihaisten, ja jopa puhtaasti totalit\u00e4\u00e4risten ideoiden paapomiseen multikulturalismin sek\u00e4 oman yhteiskunnan kritiikin nimiss\u00e4.<\/p>\n\n\n\n<p>Beggin kohtelu sek\u00e4 kolmivuotinen vankeus Guantanamossa oli v\u00e4\u00e4rin, mutta se ei tee h\u00e4nest\u00e4 marttyyri\u00e4 tai hyv\u00e4\u00e4 puhemiest\u00e4 humanismille.<\/p>\n\n\n\n<p>Johdonmukaisuus on t\u00e4rke\u00e4 hyve. Ep\u00e4m\u00e4\u00e4r\u00e4iset yhteisty\u00f6kumppanit ovat joskus okei diplomatiassa sek\u00e4 politiikassa yleens\u00e4kin, mutta ei idealistisessa ihmisoikeustoiminnassa. Beggin ajatukset eiv\u00e4t ansaitse ihmisoikeusj\u00e4rjest\u00f6n antamaa romanttista valokeilaa. Ennemminkin hiljaisen sivutuksen sek\u00e4 nopean unohduksen.<\/p>\n\n\n\n<p><em>Soundtrack: Bob Dylan, Idiot Wind.<\/em><\/p>\n\n\n","protected":false},"excerpt":{"rendered":"<p>Miten suvaita suvaitsemattomuutta? Miten puolustaa syytettyjen oikeuksia ilman, ett\u00e4 se n\u00e4ytt\u00e4\u00e4 heid\u00e4n tekojensa puolustukselta? Britit painivat j\u00e4lleen ikuisen ongelman kanssa. T\u00e4ll\u00e4 kertaa polttopisteess\u00e4 on Amnesty International. Er\u00e4s Amnesty johtohenkil\u00f6ist\u00e4, Gita Sahgal, on<br \/>\nvalittanut &hellip;<\/p>\n","protected":false},"author":158,"featured_media":0,"comment_status":"open","ping_status":"open","sticky":false,"template":"","format":"standard","meta":{"_acf_changed":false,"asauth_required_access_level":0,"asauth_cansharepaid":"","om_header_attributes":[],"footnotes":"","om_featured_image_focal_point":[],"om_primary_tag":0,"om_contributors":[],"om_co_authors":[],"beyondwords_generate_audio":"","beyondwords_project_id":"","beyondwords_content_id":"","beyondwords_preview_token":"","beyondwords_player_content":"","beyondwords_player_style":"","beyondwords_language_code":"","beyondwords_language_id":"","beyondwords_title_voice_id":"","beyondwords_body_voice_id":"","beyondwords_summary_voice_id":"","beyondwords_error_message":"","beyondwords_disabled":"","beyondwords_delete_content":"","beyondwords_podcast_id":"","beyondwords_hash":"","publish_post_to_speechkit":"","speechkit_hash":"","speechkit_generate_audio":"","speechkit_project_id":"","speechkit_podcast_id":"","speechkit_error_message":"","speechkit_disabled":"","speechkit_access_key":"","speechkit_error":"","speechkit_info":"","speechkit_response":"","speechkit_retries":"","speechkit_status":"","speechkit_updated_at":"","_speechkit_link":"","_speechkit_text":""},"categories":[1],"tags":[1227,1228,1230,86,1229],"class_list":["post-639","post","type-post","status-publish","format-standard","hentry","category-americana","tag-amnesty-international","tag-gita-sahgal","tag-guantanamo-bay","tag-iso-britannia","tag-moazzam-begg"],"om_views":null,"acf":{"tuuma_off":false,"tuuma_kysymys":"","tuuma_vastaus":""},"asauth":{"required_access_level":1,"share_token":"","is_paid":false},"yoast_head":"<!-- This site is optimized with the Yoast SEO plugin v26.4 - https:\/\/yoast.com\/wordpress\/plugins\/seo\/ -->\n<title>Amnesty Internationalin paha huti - Americana<\/title>\n<meta name=\"robots\" content=\"noindex, follow\" \/>\n<meta property=\"og:locale\" content=\"fi_FI\" \/>\n<meta property=\"og:type\" content=\"article\" \/>\n<meta property=\"og:title\" content=\"Amnesty Internationalin paha huti - Americana\" \/>\n<meta property=\"og:description\" content=\"Miten suvaita suvaitsemattomuutta? Miten puolustaa syytettyjen oikeuksia ilman, ett\u00e4 se n\u00e4ytt\u00e4\u00e4 heid\u00e4n tekojensa puolustukselta? Britit painivat j\u00e4lleen ikuisen ongelman kanssa. T\u00e4ll\u00e4 kertaa polttopisteess\u00e4 on Amnesty International. Er\u00e4s Amnesty johtohenkil\u00f6ist\u00e4, Gita Sahgal, on valittanut &hellip;\" \/>\n<meta property=\"og:url\" content=\"https:\/\/suomenkuvalehti.fi\/americana\/amnesty-internationalin-paha-huti\/\" \/>\n<meta property=\"og:site_name\" content=\"Americana\" \/>\n<meta property=\"article:published_time\" content=\"2010-02-10T13:31:12+00:00\" \/>\n<meta property=\"article:modified_time\" content=\"2013-11-30T14:22:35+00:00\" \/>\n<meta property=\"og:image\" content=\"https:\/\/suomenkuvalehti.fi\/americana\/wp-content\/uploads\/sites\/10\/2022\/04\/americana_maunula-scaled.jpg\" \/>\n\t<meta property=\"og:image:width\" content=\"2560\" \/>\n\t<meta property=\"og:image:height\" content=\"1706\" \/>\n\t<meta property=\"og:image:type\" content=\"image\/jpeg\" \/>\n<meta name=\"author\" content=\"Marko Maunula\" \/>\n<meta name=\"twitter:card\" content=\"summary_large_image\" \/>\n<meta name=\"twitter:label1\" content=\"Written by\" \/>\n\t<meta name=\"twitter:data1\" content=\"Marko Maunula\" \/>\n\t<meta name=\"twitter:label2\" content=\"Est. reading time\" \/>\n\t<meta name=\"twitter:data2\" content=\"1 minuutti\" \/>\n<script type=\"application\/ld+json\" class=\"yoast-schema-graph\">{\"@context\":\"https:\/\/schema.org\",\"@graph\":[{\"@type\":\"WebPage\",\"@id\":\"https:\/\/suomenkuvalehti.fi\/americana\/amnesty-internationalin-paha-huti\/\",\"url\":\"https:\/\/suomenkuvalehti.fi\/americana\/amnesty-internationalin-paha-huti\/\",\"name\":\"Amnesty Internationalin paha huti - Americana\",\"isPartOf\":{\"@id\":\"https:\/\/suomenkuvalehti.fi\/americana\/#website\"},\"datePublished\":\"2010-02-10T13:31:12+00:00\",\"dateModified\":\"2013-11-30T14:22:35+00:00\",\"author\":{\"@id\":\"https:\/\/suomenkuvalehti.fi\/americana\/#\/schema\/person\/12d514491cb37506bc39c8e10176c3ec\"},\"breadcrumb\":{\"@id\":\"https:\/\/suomenkuvalehti.fi\/americana\/amnesty-internationalin-paha-huti\/#breadcrumb\"},\"inLanguage\":\"fi\",\"potentialAction\":[{\"@type\":\"ReadAction\",\"target\":[\"https:\/\/suomenkuvalehti.fi\/americana\/amnesty-internationalin-paha-huti\/\"]}]},{\"@type\":\"BreadcrumbList\",\"@id\":\"https:\/\/suomenkuvalehti.fi\/americana\/amnesty-internationalin-paha-huti\/#breadcrumb\",\"itemListElement\":[{\"@type\":\"ListItem\",\"position\":1,\"name\":\"Home\",\"item\":\"https:\/\/suomenkuvalehti.fi\/americana\/\"},{\"@type\":\"ListItem\",\"position\":2,\"name\":\"Amnesty Internationalin paha huti\"}]},{\"@type\":\"WebSite\",\"@id\":\"https:\/\/suomenkuvalehti.fi\/americana\/#website\",\"url\":\"https:\/\/suomenkuvalehti.fi\/americana\/\",\"name\":\"Americana\",\"description\":\"Professori Marko Maunula seuraa USA:n politiikkaa ja populaarikulttuuria\",\"potentialAction\":[{\"@type\":\"SearchAction\",\"target\":{\"@type\":\"EntryPoint\",\"urlTemplate\":\"https:\/\/suomenkuvalehti.fi\/haku\/?q={search_term_string}\"},\"query-input\":{\"@type\":\"PropertyValueSpecification\",\"valueRequired\":true,\"valueName\":\"search_term_string\"}}],\"inLanguage\":\"fi\"},{\"@type\":\"Person\",\"@id\":\"https:\/\/suomenkuvalehti.fi\/americana\/#\/schema\/person\/12d514491cb37506bc39c8e10176c3ec\",\"name\":\"Marko Maunula\",\"image\":{\"@type\":\"ImageObject\",\"inLanguage\":\"fi\",\"@id\":\"https:\/\/suomenkuvalehti.fi\/americana\/#\/schema\/person\/image\/\",\"url\":\"https:\/\/suomenkuvalehti.fi\/americana\/wp-content\/uploads\/sites\/10\/2022\/04\/americana_maunula-150x150.jpg\",\"contentUrl\":\"https:\/\/suomenkuvalehti.fi\/americana\/wp-content\/uploads\/sites\/10\/2022\/04\/americana_maunula-150x150.jpg\",\"caption\":\"Marko Maunula\"},\"description\":\"Kirjoittaja on Yhdysvaltain historian professori Atlantassa.\"}]}<\/script>\n<!-- \/ Yoast SEO plugin. -->","yoast_head_json":{"title":"Amnesty Internationalin paha huti - Americana","robots":{"index":"noindex","follow":"follow"},"og_locale":"fi_FI","og_type":"article","og_title":"Amnesty Internationalin paha huti - Americana","og_description":"Miten suvaita suvaitsemattomuutta? Miten puolustaa syytettyjen oikeuksia ilman, ett\u00e4 se n\u00e4ytt\u00e4\u00e4 heid\u00e4n tekojensa puolustukselta? Britit painivat j\u00e4lleen ikuisen ongelman kanssa. T\u00e4ll\u00e4 kertaa polttopisteess\u00e4 on Amnesty International. Er\u00e4s Amnesty johtohenkil\u00f6ist\u00e4, Gita Sahgal, on valittanut &hellip;","og_url":"https:\/\/suomenkuvalehti.fi\/americana\/amnesty-internationalin-paha-huti\/","og_site_name":"Americana","article_published_time":"2010-02-10T13:31:12+00:00","article_modified_time":"2013-11-30T14:22:35+00:00","og_image":[{"width":2560,"height":1706,"url":"https:\/\/suomenkuvalehti.fi\/americana\/wp-content\/uploads\/sites\/10\/2022\/04\/americana_maunula-scaled.jpg","type":"image\/jpeg"}],"author":"Marko Maunula","twitter_card":"summary_large_image","twitter_misc":{"Written by":"Marko Maunula","Est. reading time":"1 minuutti"},"schema":{"@context":"https:\/\/schema.org","@graph":[{"@type":"WebPage","@id":"https:\/\/suomenkuvalehti.fi\/americana\/amnesty-internationalin-paha-huti\/","url":"https:\/\/suomenkuvalehti.fi\/americana\/amnesty-internationalin-paha-huti\/","name":"Amnesty Internationalin paha huti - Americana","isPartOf":{"@id":"https:\/\/suomenkuvalehti.fi\/americana\/#website"},"datePublished":"2010-02-10T13:31:12+00:00","dateModified":"2013-11-30T14:22:35+00:00","author":{"@id":"https:\/\/suomenkuvalehti.fi\/americana\/#\/schema\/person\/12d514491cb37506bc39c8e10176c3ec"},"breadcrumb":{"@id":"https:\/\/suomenkuvalehti.fi\/americana\/amnesty-internationalin-paha-huti\/#breadcrumb"},"inLanguage":"fi","potentialAction":[{"@type":"ReadAction","target":["https:\/\/suomenkuvalehti.fi\/americana\/amnesty-internationalin-paha-huti\/"]}]},{"@type":"BreadcrumbList","@id":"https:\/\/suomenkuvalehti.fi\/americana\/amnesty-internationalin-paha-huti\/#breadcrumb","itemListElement":[{"@type":"ListItem","position":1,"name":"Home","item":"https:\/\/suomenkuvalehti.fi\/americana\/"},{"@type":"ListItem","position":2,"name":"Amnesty Internationalin paha huti"}]},{"@type":"WebSite","@id":"https:\/\/suomenkuvalehti.fi\/americana\/#website","url":"https:\/\/suomenkuvalehti.fi\/americana\/","name":"Americana","description":"Professori Marko Maunula seuraa USA:n politiikkaa ja populaarikulttuuria","potentialAction":[{"@type":"SearchAction","target":{"@type":"EntryPoint","urlTemplate":"https:\/\/suomenkuvalehti.fi\/haku\/?q={search_term_string}"},"query-input":{"@type":"PropertyValueSpecification","valueRequired":true,"valueName":"search_term_string"}}],"inLanguage":"fi"},{"@type":"Person","@id":"https:\/\/suomenkuvalehti.fi\/americana\/#\/schema\/person\/12d514491cb37506bc39c8e10176c3ec","name":"Marko Maunula","image":{"@type":"ImageObject","inLanguage":"fi","@id":"https:\/\/suomenkuvalehti.fi\/americana\/#\/schema\/person\/image\/","url":"https:\/\/suomenkuvalehti.fi\/americana\/wp-content\/uploads\/sites\/10\/2022\/04\/americana_maunula-150x150.jpg","contentUrl":"https:\/\/suomenkuvalehti.fi\/americana\/wp-content\/uploads\/sites\/10\/2022\/04\/americana_maunula-150x150.jpg","caption":"Marko Maunula"},"description":"Kirjoittaja on Yhdysvaltain historian professori Atlantassa."}]}},"_links":{"self":[{"href":"https:\/\/suomenkuvalehti.fi\/americana\/wp-json\/wp\/v2\/posts\/639","targetHints":{"allow":["GET"]}}],"collection":[{"href":"https:\/\/suomenkuvalehti.fi\/americana\/wp-json\/wp\/v2\/posts"}],"about":[{"href":"https:\/\/suomenkuvalehti.fi\/americana\/wp-json\/wp\/v2\/types\/post"}],"author":[{"embeddable":true,"href":"https:\/\/suomenkuvalehti.fi\/americana\/wp-json\/wp\/v2\/users\/158"}],"replies":[{"embeddable":true,"href":"https:\/\/suomenkuvalehti.fi\/americana\/wp-json\/wp\/v2\/comments?post=639"}],"version-history":[{"count":1,"href":"https:\/\/suomenkuvalehti.fi\/americana\/wp-json\/wp\/v2\/posts\/639\/revisions"}],"predecessor-version":[{"id":1249,"href":"https:\/\/suomenkuvalehti.fi\/americana\/wp-json\/wp\/v2\/posts\/639\/revisions\/1249"}],"wp:attachment":[{"href":"https:\/\/suomenkuvalehti.fi\/americana\/wp-json\/wp\/v2\/media?parent=639"}],"wp:term":[{"taxonomy":"category","embeddable":true,"href":"https:\/\/suomenkuvalehti.fi\/americana\/wp-json\/wp\/v2\/categories?post=639"},{"taxonomy":"post_tag","embeddable":true,"href":"https:\/\/suomenkuvalehti.fi\/americana\/wp-json\/wp\/v2\/tags?post=639"}],"curies":[{"name":"wp","href":"https:\/\/api.w.org\/{rel}","templated":true}]}}