{"id":633,"date":"2010-02-22T17:01:30","date_gmt":"2010-02-22T15:01:30","guid":{"rendered":"https:\/\/suomenkuvalehti.fi\/americana\/valoa-konservativismin-yossa\/"},"modified":"2013-11-30T16:22:35","modified_gmt":"2013-11-30T14:22:35","slug":"valoa-konservativismin-yossa","status":"publish","type":"post","link":"https:\/\/suomenkuvalehti.fi\/americana\/valoa-konservativismin-yossa\/","title":{"rendered":"Valoa konservativismin y\u00f6ss\u00e4"},"content":{"rendered":"\n<p>Viikonlopun <a href=\"http:\/\/www.cpac.org\/\">Conservative Political Action Conference<\/a> (CPAC) -tapaaminen osoitti konservatiivisen liikkeen olevan energisoitunut, mutta ep\u00e4tietoinen liikkeen suunnasta. Silti, edellisvuosiin verrattuna tapaamisesta l\u00f6ytyi edistyksen merkkej\u00e4.<\/p>\n\n\n\n<p>Republikaanien oikean laidan vuosittainen tapaaminen on perinteisesti tarjonnut hyv\u00e4n kuvan liikkeen tilasta. T\u00e4n\u00e4kin vuonna tapaaminen tarjosi tanakan puhujalistan. Listalta l\u00f6ytyi vaahtosuisia h\u00f6rh\u00f6j\u00e4 (edustaja <strong>Michele Bachmann<\/strong>, kommentaattori <strong>Ann Coulter<\/strong>), strategisia tuuliviirej\u00e4 (<strong>Mitt Romney<\/strong>, kuvern\u00f6\u00f6ri <strong>Tim Pawlenty<\/strong>), ja tosiuskovia (edustaja <strong>Ron Paul<\/strong>).<\/p>\n\n\n\n<p>Konservatiivisen liikkeen, ja sen my\u00f6t\u00e4 Republikaanisen puolueen, suurin ongelma viime vuosikymmenin\u00e4 on ollut johdonmukaisen ideologian ja \u00e4lyllisen rehellisyyden puute. Mantra yksil\u00f6nvapauden, vastuullisen taloudenpidon, sek\u00e4 pienen valtion puolesta ei ole kuulostanut vakuuttavalta homojen oikeuksia kaventavan, velaksi el\u00e4v\u00e4n, ja aktivistisen valtion republikanismin valossa.<\/p>\n\n\n\n<p>Ennen kuin Republikaanisesta puolueesta tulee j\u00e4lleen vastuunsa kantava liike, sen on ratkaistava ideologiset dilemmansa. CPAC-tapaamisen perusteella el\u00e4t\u00e4n hieman toiveita, ett\u00e4 republikaanit ovat ehk\u00e4 hiljalleen l\u00f6yt\u00e4m\u00e4ss\u00e4 kartan ulos \u00e4lyllisest\u00e4 er\u00e4maastaan.<\/p>\n\n\n\n<p>Tapaaminen osoitti, ett\u00e4 sosiaaliset konservatiivit ovat alakynness\u00e4. Laman aikakaudella oikeistolaisten shiia-kristittyjen huoli seksuaalisten v\u00e4hemmist\u00f6jen ja jumalallisen hallinnon tilasta vaikuttavat h\u00f6lm\u00f6ilt\u00e4. Nuoret konservatiivit ymm\u00e4rt\u00e4v\u00e4t isi\u00e4\u00e4n paremmin, ett\u00e4 yksil\u00f6nvapauden periaate&nbsp;ei ole sopusoinnussa kansalaisten moraalia vahtivan Big Brother -holhousvaltion kanssa.<\/p>\n\n\n\n<p>Nuoret Ron Paul -kannattajat ovat my\u00f6s havainneet, ett\u00e4 republikaanien kyyninen velaksi el\u00e4minen sek\u00e4 kiinalaisten rahanlainaajien mahdollistama yhdistelm\u00e4 alhaisia veroja ja mittavia valtion palveluja ja sotia ei ole kest\u00e4v\u00e4 yht\u00e4l\u00f6. Paulista ei tule koskaan presidentti\u00e4, mutta h\u00e4nen johdonmukainen ideologiansa sek\u00e4 fanaattiset kannattajansa ovat vihdoinkin pakottamassa monet republikaanit kohtaamaan taloudelliset realiteetit.<\/p>\n\n\n\n<p>Republikaanit ovat aikaisemminkin kyenneet korjaamaan virheens\u00e4, kiitos puolueen vahvan think tank -j\u00e4rjestelm\u00e4n. 1970-80 luvuilla puolue tuotti mielenkiintoisia ajattelijoita ja strategisteja, jotka uudistivat republikaanisen ideologian ja palauttivat konservativismin valtaan pitk\u00e4n etsikkokauden j\u00e4lkeen.<\/p>\n\n\n\n<p>Nyt puolueen on teht\u00e4v\u00e4 pes\u00e4ero viime vuosikymmenten kyyniseen republikanismiin. Teht\u00e4v\u00e4 on vaikea, silla kyyninen republikanismi on johtanut paitsi edesvastuuttomaan talouspolitiikkaan ja amerikkalaisten arvojen polkemiseen, mutta my\u00f6s vaalivoittoihin. Silti, republikaanien ja koko Yhdysvaltojen etu vaatii puolueelta ideologista rehellisyytt\u00e4. CPAC aukoi uraa oikeaan suuntaan &#8211; ainakin karvan verran.<\/p>\n\n\n\n<p><em>Soundtrack: Public Enemy, Fight the Power.<\/em><\/p>\n\n\n","protected":false},"excerpt":{"rendered":"<p>Viikonlopun Conservative Political Action Conference (CPAC) -tapaaminen osoitti konservatiivisen liikkeen olevan energisoitunut, mutta ep\u00e4tietoinen liikkeen suunnasta. Silti, edellisvuosiin verrattuna tapaamisesta l\u00f6ytyi edistyksen merkkej\u00e4. Republikaanien oikean laidan vuosittainen tapaaminen on<br \/>\npe&hellip;<\/p>\n","protected":false},"author":158,"featured_media":0,"comment_status":"open","ping_status":"open","sticky":false,"template":"","format":"standard","meta":{"_acf_changed":false,"asauth_required_access_level":0,"asauth_cansharepaid":"","om_header_attributes":[],"footnotes":"","om_featured_image_focal_point":[],"om_primary_tag":0,"om_contributors":[],"om_co_authors":[],"beyondwords_generate_audio":"","beyondwords_project_id":"","beyondwords_content_id":"","beyondwords_preview_token":"","beyondwords_player_content":"","beyondwords_player_style":"","beyondwords_language_code":"","beyondwords_language_id":"","beyondwords_title_voice_id":"","beyondwords_body_voice_id":"","beyondwords_summary_voice_id":"","beyondwords_error_message":"","beyondwords_disabled":"","beyondwords_delete_content":"","beyondwords_podcast_id":"","beyondwords_hash":"","publish_post_to_speechkit":"","speechkit_hash":"","speechkit_generate_audio":"","speechkit_project_id":"","speechkit_podcast_id":"","speechkit_error_message":"","speechkit_disabled":"","speechkit_access_key":"","speechkit_error":"","speechkit_info":"","speechkit_response":"","speechkit_retries":"","speechkit_status":"","speechkit_updated_at":"","_speechkit_link":"","_speechkit_text":""},"categories":[1],"tags":[279,497,30],"class_list":["post-633","post","type-post","status-publish","format-standard","hentry","category-americana","tag-cpac","tag-konservativismi","tag-republikaanit"],"om_views":null,"acf":{"tuuma_off":false,"tuuma_kysymys":"","tuuma_vastaus":""},"asauth":{"required_access_level":1,"share_token":"","is_paid":false},"yoast_head":"<!-- This site is optimized with the Yoast SEO plugin v26.4 - https:\/\/yoast.com\/wordpress\/plugins\/seo\/ -->\n<title>Valoa konservativismin y\u00f6ss\u00e4 - Americana<\/title>\n<meta name=\"robots\" content=\"noindex, follow\" \/>\n<meta property=\"og:locale\" content=\"fi_FI\" \/>\n<meta property=\"og:type\" content=\"article\" \/>\n<meta property=\"og:title\" content=\"Valoa konservativismin y\u00f6ss\u00e4 - Americana\" \/>\n<meta property=\"og:description\" content=\"Viikonlopun Conservative Political Action Conference (CPAC) -tapaaminen osoitti konservatiivisen liikkeen olevan energisoitunut, mutta ep\u00e4tietoinen liikkeen suunnasta. Silti, edellisvuosiin verrattuna tapaamisesta l\u00f6ytyi edistyksen merkkej\u00e4. Republikaanien oikean laidan vuosittainen tapaaminen on pe&hellip;\" \/>\n<meta property=\"og:url\" content=\"https:\/\/suomenkuvalehti.fi\/americana\/valoa-konservativismin-yossa\/\" \/>\n<meta property=\"og:site_name\" content=\"Americana\" \/>\n<meta property=\"article:published_time\" content=\"2010-02-22T15:01:30+00:00\" \/>\n<meta property=\"article:modified_time\" content=\"2013-11-30T14:22:35+00:00\" \/>\n<meta property=\"og:image\" content=\"https:\/\/suomenkuvalehti.fi\/americana\/wp-content\/uploads\/sites\/10\/2022\/04\/americana_maunula-scaled.jpg\" \/>\n\t<meta property=\"og:image:width\" content=\"2560\" \/>\n\t<meta property=\"og:image:height\" content=\"1706\" \/>\n\t<meta property=\"og:image:type\" content=\"image\/jpeg\" \/>\n<meta name=\"author\" content=\"Marko Maunula\" \/>\n<meta name=\"twitter:card\" content=\"summary_large_image\" \/>\n<meta name=\"twitter:label1\" content=\"Written by\" \/>\n\t<meta name=\"twitter:data1\" content=\"Marko Maunula\" \/>\n\t<meta name=\"twitter:label2\" content=\"Est. reading time\" \/>\n\t<meta name=\"twitter:data2\" content=\"2 minuuttia\" \/>\n<script type=\"application\/ld+json\" class=\"yoast-schema-graph\">{\"@context\":\"https:\/\/schema.org\",\"@graph\":[{\"@type\":\"WebPage\",\"@id\":\"https:\/\/suomenkuvalehti.fi\/americana\/valoa-konservativismin-yossa\/\",\"url\":\"https:\/\/suomenkuvalehti.fi\/americana\/valoa-konservativismin-yossa\/\",\"name\":\"Valoa konservativismin y\u00f6ss\u00e4 - Americana\",\"isPartOf\":{\"@id\":\"https:\/\/suomenkuvalehti.fi\/americana\/#website\"},\"datePublished\":\"2010-02-22T15:01:30+00:00\",\"dateModified\":\"2013-11-30T14:22:35+00:00\",\"author\":{\"@id\":\"https:\/\/suomenkuvalehti.fi\/americana\/#\/schema\/person\/12d514491cb37506bc39c8e10176c3ec\"},\"breadcrumb\":{\"@id\":\"https:\/\/suomenkuvalehti.fi\/americana\/valoa-konservativismin-yossa\/#breadcrumb\"},\"inLanguage\":\"fi\",\"potentialAction\":[{\"@type\":\"ReadAction\",\"target\":[\"https:\/\/suomenkuvalehti.fi\/americana\/valoa-konservativismin-yossa\/\"]}]},{\"@type\":\"BreadcrumbList\",\"@id\":\"https:\/\/suomenkuvalehti.fi\/americana\/valoa-konservativismin-yossa\/#breadcrumb\",\"itemListElement\":[{\"@type\":\"ListItem\",\"position\":1,\"name\":\"Home\",\"item\":\"https:\/\/suomenkuvalehti.fi\/americana\/\"},{\"@type\":\"ListItem\",\"position\":2,\"name\":\"Valoa konservativismin y\u00f6ss\u00e4\"}]},{\"@type\":\"WebSite\",\"@id\":\"https:\/\/suomenkuvalehti.fi\/americana\/#website\",\"url\":\"https:\/\/suomenkuvalehti.fi\/americana\/\",\"name\":\"Americana\",\"description\":\"Professori Marko Maunula seuraa USA:n politiikkaa ja populaarikulttuuria\",\"potentialAction\":[{\"@type\":\"SearchAction\",\"target\":{\"@type\":\"EntryPoint\",\"urlTemplate\":\"https:\/\/suomenkuvalehti.fi\/haku\/?q={search_term_string}\"},\"query-input\":{\"@type\":\"PropertyValueSpecification\",\"valueRequired\":true,\"valueName\":\"search_term_string\"}}],\"inLanguage\":\"fi\"},{\"@type\":\"Person\",\"@id\":\"https:\/\/suomenkuvalehti.fi\/americana\/#\/schema\/person\/12d514491cb37506bc39c8e10176c3ec\",\"name\":\"Marko Maunula\",\"image\":{\"@type\":\"ImageObject\",\"inLanguage\":\"fi\",\"@id\":\"https:\/\/suomenkuvalehti.fi\/americana\/#\/schema\/person\/image\/\",\"url\":\"https:\/\/suomenkuvalehti.fi\/americana\/wp-content\/uploads\/sites\/10\/2022\/04\/americana_maunula-150x150.jpg\",\"contentUrl\":\"https:\/\/suomenkuvalehti.fi\/americana\/wp-content\/uploads\/sites\/10\/2022\/04\/americana_maunula-150x150.jpg\",\"caption\":\"Marko Maunula\"},\"description\":\"Kirjoittaja on Yhdysvaltain historian professori Atlantassa.\"}]}<\/script>\n<!-- \/ Yoast SEO plugin. -->","yoast_head_json":{"title":"Valoa konservativismin y\u00f6ss\u00e4 - Americana","robots":{"index":"noindex","follow":"follow"},"og_locale":"fi_FI","og_type":"article","og_title":"Valoa konservativismin y\u00f6ss\u00e4 - Americana","og_description":"Viikonlopun Conservative Political Action Conference (CPAC) -tapaaminen osoitti konservatiivisen liikkeen olevan energisoitunut, mutta ep\u00e4tietoinen liikkeen suunnasta. Silti, edellisvuosiin verrattuna tapaamisesta l\u00f6ytyi edistyksen merkkej\u00e4. Republikaanien oikean laidan vuosittainen tapaaminen on pe&hellip;","og_url":"https:\/\/suomenkuvalehti.fi\/americana\/valoa-konservativismin-yossa\/","og_site_name":"Americana","article_published_time":"2010-02-22T15:01:30+00:00","article_modified_time":"2013-11-30T14:22:35+00:00","og_image":[{"width":2560,"height":1706,"url":"https:\/\/suomenkuvalehti.fi\/americana\/wp-content\/uploads\/sites\/10\/2022\/04\/americana_maunula-scaled.jpg","type":"image\/jpeg"}],"author":"Marko Maunula","twitter_card":"summary_large_image","twitter_misc":{"Written by":"Marko Maunula","Est. reading time":"2 minuuttia"},"schema":{"@context":"https:\/\/schema.org","@graph":[{"@type":"WebPage","@id":"https:\/\/suomenkuvalehti.fi\/americana\/valoa-konservativismin-yossa\/","url":"https:\/\/suomenkuvalehti.fi\/americana\/valoa-konservativismin-yossa\/","name":"Valoa konservativismin y\u00f6ss\u00e4 - Americana","isPartOf":{"@id":"https:\/\/suomenkuvalehti.fi\/americana\/#website"},"datePublished":"2010-02-22T15:01:30+00:00","dateModified":"2013-11-30T14:22:35+00:00","author":{"@id":"https:\/\/suomenkuvalehti.fi\/americana\/#\/schema\/person\/12d514491cb37506bc39c8e10176c3ec"},"breadcrumb":{"@id":"https:\/\/suomenkuvalehti.fi\/americana\/valoa-konservativismin-yossa\/#breadcrumb"},"inLanguage":"fi","potentialAction":[{"@type":"ReadAction","target":["https:\/\/suomenkuvalehti.fi\/americana\/valoa-konservativismin-yossa\/"]}]},{"@type":"BreadcrumbList","@id":"https:\/\/suomenkuvalehti.fi\/americana\/valoa-konservativismin-yossa\/#breadcrumb","itemListElement":[{"@type":"ListItem","position":1,"name":"Home","item":"https:\/\/suomenkuvalehti.fi\/americana\/"},{"@type":"ListItem","position":2,"name":"Valoa konservativismin y\u00f6ss\u00e4"}]},{"@type":"WebSite","@id":"https:\/\/suomenkuvalehti.fi\/americana\/#website","url":"https:\/\/suomenkuvalehti.fi\/americana\/","name":"Americana","description":"Professori Marko Maunula seuraa USA:n politiikkaa ja populaarikulttuuria","potentialAction":[{"@type":"SearchAction","target":{"@type":"EntryPoint","urlTemplate":"https:\/\/suomenkuvalehti.fi\/haku\/?q={search_term_string}"},"query-input":{"@type":"PropertyValueSpecification","valueRequired":true,"valueName":"search_term_string"}}],"inLanguage":"fi"},{"@type":"Person","@id":"https:\/\/suomenkuvalehti.fi\/americana\/#\/schema\/person\/12d514491cb37506bc39c8e10176c3ec","name":"Marko Maunula","image":{"@type":"ImageObject","inLanguage":"fi","@id":"https:\/\/suomenkuvalehti.fi\/americana\/#\/schema\/person\/image\/","url":"https:\/\/suomenkuvalehti.fi\/americana\/wp-content\/uploads\/sites\/10\/2022\/04\/americana_maunula-150x150.jpg","contentUrl":"https:\/\/suomenkuvalehti.fi\/americana\/wp-content\/uploads\/sites\/10\/2022\/04\/americana_maunula-150x150.jpg","caption":"Marko Maunula"},"description":"Kirjoittaja on Yhdysvaltain historian professori Atlantassa."}]}},"_links":{"self":[{"href":"https:\/\/suomenkuvalehti.fi\/americana\/wp-json\/wp\/v2\/posts\/633","targetHints":{"allow":["GET"]}}],"collection":[{"href":"https:\/\/suomenkuvalehti.fi\/americana\/wp-json\/wp\/v2\/posts"}],"about":[{"href":"https:\/\/suomenkuvalehti.fi\/americana\/wp-json\/wp\/v2\/types\/post"}],"author":[{"embeddable":true,"href":"https:\/\/suomenkuvalehti.fi\/americana\/wp-json\/wp\/v2\/users\/158"}],"replies":[{"embeddable":true,"href":"https:\/\/suomenkuvalehti.fi\/americana\/wp-json\/wp\/v2\/comments?post=633"}],"version-history":[{"count":1,"href":"https:\/\/suomenkuvalehti.fi\/americana\/wp-json\/wp\/v2\/posts\/633\/revisions"}],"predecessor-version":[{"id":1243,"href":"https:\/\/suomenkuvalehti.fi\/americana\/wp-json\/wp\/v2\/posts\/633\/revisions\/1243"}],"wp:attachment":[{"href":"https:\/\/suomenkuvalehti.fi\/americana\/wp-json\/wp\/v2\/media?parent=633"}],"wp:term":[{"taxonomy":"category","embeddable":true,"href":"https:\/\/suomenkuvalehti.fi\/americana\/wp-json\/wp\/v2\/categories?post=633"},{"taxonomy":"post_tag","embeddable":true,"href":"https:\/\/suomenkuvalehti.fi\/americana\/wp-json\/wp\/v2\/tags?post=633"}],"curies":[{"name":"wp","href":"https:\/\/api.w.org\/{rel}","templated":true}]}}