{"id":6214,"date":"2022-05-19T17:33:46","date_gmt":"2022-05-19T14:33:46","guid":{"rendered":"https:\/\/suomenkuvalehti.fi\/americana\/?p=6214"},"modified":"2022-05-19T17:34:35","modified_gmt":"2022-05-19T14:34:35","slug":"vihapuhe-vuodattaa-verta-yhdysvaltain-radikalisoitunut-poliittinen-puhe-vaarantaa-yhteiskuntarauhan","status":"publish","type":"post","link":"https:\/\/suomenkuvalehti.fi\/americana\/vihapuhe-vuodattaa-verta-yhdysvaltain-radikalisoitunut-poliittinen-puhe-vaarantaa-yhteiskuntarauhan\/","title":{"rendered":"Vihapuhe vuodattaa verta: Yhdysvaltain radikalisoitunut poliittinen puhe vaarantaa yhteiskuntarauhan"},"content":{"rendered":"\n<p><span class=\"capitalized\">Presidentti<\/span> <strong>Joe Biden<\/strong> vieraili tiistaina 17. toukokuuta Buffalossa lohduttamassa kymmenen kuollutta vaatineen rasistisen hy\u00f6kk\u00e4yksen uhrien omaisia. H\u00e4n <a href=\"https:\/\/www.theguardian.com\/us-news\/2022\/may\/15\/buffalo-shooting-supermarket-new-york-joe-biden\">kutsui iskua terrorismiksi<\/a>.<\/p>\n\n\n\n<p>Sanat el\u00e4v\u00e4t ja niiden merkitys muuttuu. Viime vuosikymmenin\u00e4 terrorismi-termi\u00e4 on k\u00e4ytetty Yhdysvalloissa l\u00e4hinn\u00e4 kuvailemaan islamistisia hy\u00f6kk\u00e4yksi\u00e4. Mielikuvissa terrorismilla on ollut arabin kasvot.<\/p>\n\n\n\n<p>Nykyisin terroristi on yh\u00e4 useammin henkisesti ep\u00e4tasapainoinen ja vihainen valkoinen mies, jonka vastaanottimet on viritetty hihhulioikeistolaisen median ja internetin salaliittoteorioiden taajuudelle.<\/p>\n\n\n\n<p><\/p>\n\n\n\n<p><span class=\"capitalized\">Yhdysvaltojen<\/span> poliittisen v\u00e4kivallan historia osoittaa terrorismin olleen jo vuosisatoja poliittisen vallank\u00e4yt\u00f6n ty\u00f6kalu. Maan syntyhistoriaan kuuluvat <a href=\"https:\/\/en.wikipedia.org\/wiki\/Boston_Tea_Party\">Bostonin teekutsut<\/a> ja <a href=\"https:\/\/www.history.com\/news\/the-stamp-act-riots-250-years-ago\">leimaveromellakat<\/a> olivat osaltaan my\u00f6s terroristisia tekoja.<\/p>\n\n\n\n<p>Rasistinen terrori dominoi etel\u00e4valtioiden politiikkaa sis\u00e4llissodan j\u00e4lkeen. <em>Ku-Klux Klan<\/em> ja muut vastaavat terroristij\u00e4rjest\u00f6t tappoivat ja pelottelivat afroamerikkalaisia ja valkoisia liberaaleja pois vaaliuurnilta 1860-luvulta aina toisen maailmansodan j\u00e4lkeisiin vuosikymmeniin saakka.<\/p>\n\n\n\n<p>Nopean teollistumisen, kaupungistumisen ja massamaahanmuuton aikakaudella anarkistit, kommunistit ja muut vasemmistoradikaalit hy\u00f6kk\u00e4siv\u00e4t <a href=\"https:\/\/en.wikipedia.org\/wiki\/Haymarket_affair\">poliiseja<\/a>, <a href=\"https:\/\/guides.loc.gov\/chronicling-america-los-angeles-times-bombing\">mediaa<\/a> ja <a href=\"https:\/\/en.wikipedia.org\/wiki\/Wall_Street_bombing\">rahavaltaa<\/a> vastaan. Heid\u00e4n iskunsa vaativat kymmeni\u00e4 kuolonuhreja. Uusi teollinen kapitalismi oli kumottava vaikka v\u00e4kivalloin.<\/p>\n\n\n\n<p>1960-luvun lopulla vasemmistoradikaalien piirist\u00e4 nousi useita v\u00e4kivaltaisia terroristij\u00e4rjest\u00f6j\u00e4, joista <em>Weather Underground<\/em>, <em>Black Liberation Army<\/em>, sek\u00e4 <em>Symbionese Liberation Army<\/em> olivat tunnetuimmat.<\/p>\n\n\n\n<p><\/p>\n\n\n\n<p><span class=\"capitalized\">Viime<\/span> vuosikymmenin\u00e4 rasistinen ja\/tai valtiota vastustava v\u00e4kivalta ei ole ollut yht\u00e4 organisoitua kuin 1970-luvun terrorismi. Unabomber, Oklahoma Cityn pommittaja <strong>Timothy McVeigh<\/strong> sek\u00e4 Charlestonin ja Buffalon massamurhaajat toimivat joko yksin tai pieniss\u00e4 samanmielisten some-ryhmiss\u00e4.<\/p>\n\n\n\n<p>Heid\u00e4n toimensa perustuivat silti ideologiaan, joka haluaa tuhota moni- ja tasa-arvoisen yhteiskunnan. He kirjoittavat manifestejaan samalla innolla kuin <strong>Ulrike Meinhof <\/strong>aikoinaan. Eri julkaisujen toistuvat p\u00e4\u00e4llekk\u00e4isyydet osoittavat, ett\u00e4 rasismin ja valtion vihan teoreetikot ovat verkostoituneet ja vilkkaassa vuorovaikutuksessa kesken\u00e4\u00e4n.<\/p>\n\n\n\n<p>Sis\u00e4llissodan j\u00e4lkeinen rasistinen terrorismi perustui haluun turvata valkoinen ylivalta. Teollistumisen aikakauden terroristeja innoittivat radikaalin ty\u00f6v\u00e4enliikeen puhemiehet. 1960-197-lukujen vallankumouksellista ideologiaa ruokkivat yliopistojen vasemmistolaiset ja black power -liikkeen radikaaleimmat aktivistit.<\/p>\n\n\n\n<p>T\u00e4m\u00e4n p\u00e4iv\u00e4n valkoisten terroristien innoittajat l\u00f6ytyv\u00e4t konservatiivisesta mediasta, joka on hiljalleen hiipinyt l\u00e4hemm\u00e4ksi republikaanisen puolueen valtavirtaa. <strong>Tucker Carlson<\/strong> ja <strong>Newt Gingrich<\/strong> ovat toistuvasti puhuneet niin sanotusta v\u00e4estonvaihtoteoriasta. Sen mukaan liberaalit haluavat t\u00e4ytt\u00e4\u00e4 Yhdysvallat heit\u00e4 tottelevilla maahanmuuttajilla, joista he koulivat uskollisia demokraattien \u00e4\u00e4nest\u00e4ji\u00e4.<\/p>\n\n\n\n<p><\/p>\n\n\n\n<p><span class=\"capitalized\">Raja<\/span> \u00e4\u00e4nest\u00e4jien motivoinnin ja vaarallisen retoriikan v\u00e4lill\u00e4 on joskus ohut. Tammikuun 6. p\u00e4iv\u00e4 2021 valheisiin perustunut poliittinen taistelu muuttui kirjaimelliseksi taisteluksi kongressin kontrollista. Buffalon ampuja oli puolestaan ottanut oikeistolaisten mediahahmojen puheet v\u00e4est\u00f6nvaihdosta eritt\u00e4in tosissaan.<\/p>\n\n\n\n<p>Vastapuolen demonisoinnin lopettaminen olisi tehokkain keino rauhoittaa amerikkalaista poliittista keskustelua ja katkaista hapen kulku oikeistoradikalismin aivoihin. Teht\u00e4v\u00e4n onnistuminen vaatisi kuitenkin kriittist\u00e4 itsetutkiskelua sek\u00e4 halua laittaa yleinen etu oman egon ja puolueen menestyksen edelle.<\/p>\n\n\n\n<p>Niin kauan kuin Tucker Carlsonin show Fox Newsilla tuo h\u00e4nelle 35 miljoonan dollarin vuositulot ja republikaanien radikaalisiipi voittaa vaaleja, vihainen vaahtoaminen jatkuu. Media ja ruohonjuuritaso ruokkivat toisiaan tuhoisaan vimmaan.<\/p>\n\n\n\n<p><\/p>\n\n\n\n<p><em>Soundtrack: Eric Burdon &amp; War, Spill the Wine.<\/em><\/p>\n\n\n\n<figure class=\"wp-block-embed is-type-video is-provider-youtube wp-block-embed-youtube wp-embed-aspect-4-3 wp-has-aspect-ratio\"><div class=\"wp-block-embed__wrapper\">\n<iframe loading=\"lazy\" title=\"Eric Burdon &amp; War - Spill The Wine (1970)\" width=\"472\" height=\"354\" src=\"https:\/\/www.youtube.com\/embed\/4-Xs7NK-7B8?feature=oembed\" frameborder=\"0\" allow=\"accelerometer; autoplay; clipboard-write; encrypted-media; gyroscope; picture-in-picture\" allowfullscreen><\/iframe>\n<\/div><\/figure>\n","protected":false},"excerpt":{"rendered":"<p>Vastapuolen demonisoinnin lopettaminen olisi tehokkain keino rauhoittaa tilannetta. Se vaatisi kuitenkin kyky\u00e4 laittaa yhteinen etu oman egon edelle. <\/p>\n","protected":false},"author":158,"featured_media":0,"comment_status":"open","ping_status":"open","sticky":false,"template":"","format":"standard","meta":{"_acf_changed":false,"asauth_required_access_level":3,"asauth_cansharepaid":"true","om_header_attributes":[],"footnotes":"","om_featured_image_focal_point":[],"om_primary_tag":193,"om_contributors":[{"id":"author-override","type":"fixed","role":"Kirjoittajan yliajo","name":""},{"id":"photographer","type":"fixed","role":"Kuvat","name":""}],"om_co_authors":[],"beyondwords_generate_audio":"","beyondwords_project_id":"","beyondwords_content_id":"","beyondwords_preview_token":"","beyondwords_player_content":"","beyondwords_player_style":"","beyondwords_language_code":"","beyondwords_language_id":"","beyondwords_title_voice_id":"","beyondwords_body_voice_id":"","beyondwords_summary_voice_id":"","beyondwords_error_message":"","beyondwords_disabled":"","beyondwords_delete_content":"","beyondwords_podcast_id":"","beyondwords_hash":"","publish_post_to_speechkit":"","speechkit_hash":"","speechkit_generate_audio":"","speechkit_project_id":"","speechkit_podcast_id":"","speechkit_error_message":"","speechkit_disabled":"","speechkit_access_key":"","speechkit_error":"","speechkit_info":"","speechkit_response":"","speechkit_retries":"","speechkit_status":"","speechkit_updated_at":"","_speechkit_link":"","_speechkit_text":""},"categories":[1],"tags":[1132,213,350,63,193,24],"class_list":["post-6214","post","type-post","status-publish","format-standard","hentry","category-americana","tag-buffalo","tag-historia","tag-joe-biden","tag-media","tag-terrorismi","tag-yhdysvallat"],"om_views":null,"acf":{"tuuma_off":false,"tuuma_kysymys":"","tuuma_vastaus":""},"asauth":{"required_access_level":1,"share_token":"","is_paid":false},"yoast_head":"<!-- This site is optimized with the Yoast SEO plugin v26.4 - https:\/\/yoast.com\/wordpress\/plugins\/seo\/ -->\n<title>Vihapuhe vuodattaa verta: Yhdysvaltain radikalisoitunut poliittinen puhe vaarantaa yhteiskuntarauhan - Americana<\/title>\n<meta name=\"robots\" content=\"noindex, follow\" \/>\n<meta property=\"og:locale\" content=\"fi_FI\" \/>\n<meta property=\"og:type\" content=\"article\" \/>\n<meta property=\"og:title\" content=\"Vihapuhe vuodattaa verta: Yhdysvaltain radikalisoitunut poliittinen puhe vaarantaa yhteiskuntarauhan - Americana\" \/>\n<meta property=\"og:description\" content=\"Vastapuolen demonisoinnin lopettaminen olisi tehokkain keino rauhoittaa tilannetta. Se vaatisi kuitenkin kyky\u00e4 laittaa yhteinen etu oman egon edelle.\" \/>\n<meta property=\"og:url\" content=\"https:\/\/suomenkuvalehti.fi\/americana\/vihapuhe-vuodattaa-verta-yhdysvaltain-radikalisoitunut-poliittinen-puhe-vaarantaa-yhteiskuntarauhan\/\" \/>\n<meta property=\"og:site_name\" content=\"Americana\" \/>\n<meta property=\"article:published_time\" content=\"2022-05-19T14:33:46+00:00\" \/>\n<meta property=\"article:modified_time\" content=\"2022-05-19T14:34:35+00:00\" \/>\n<meta property=\"og:image\" content=\"https:\/\/suomenkuvalehti.fi\/americana\/wp-content\/uploads\/sites\/10\/2022\/04\/americana_maunula-scaled.jpg\" \/>\n\t<meta property=\"og:image:width\" content=\"2560\" \/>\n\t<meta property=\"og:image:height\" content=\"1706\" \/>\n\t<meta property=\"og:image:type\" content=\"image\/jpeg\" \/>\n<meta name=\"author\" content=\"Marko Maunula\" \/>\n<meta name=\"twitter:card\" content=\"summary_large_image\" \/>\n<meta name=\"twitter:label1\" content=\"Written by\" \/>\n\t<meta name=\"twitter:data1\" content=\"Marko Maunula\" \/>\n\t<meta name=\"twitter:label2\" content=\"Est. reading time\" \/>\n\t<meta name=\"twitter:data2\" content=\"3 minuuttia\" \/>\n<script type=\"application\/ld+json\" class=\"yoast-schema-graph\">{\"@context\":\"https:\/\/schema.org\",\"@graph\":[{\"@type\":\"WebPage\",\"@id\":\"https:\/\/suomenkuvalehti.fi\/americana\/vihapuhe-vuodattaa-verta-yhdysvaltain-radikalisoitunut-poliittinen-puhe-vaarantaa-yhteiskuntarauhan\/\",\"url\":\"https:\/\/suomenkuvalehti.fi\/americana\/vihapuhe-vuodattaa-verta-yhdysvaltain-radikalisoitunut-poliittinen-puhe-vaarantaa-yhteiskuntarauhan\/\",\"name\":\"Vihapuhe vuodattaa verta: Yhdysvaltain radikalisoitunut poliittinen puhe vaarantaa yhteiskuntarauhan - Americana\",\"isPartOf\":{\"@id\":\"https:\/\/suomenkuvalehti.fi\/americana\/#website\"},\"datePublished\":\"2022-05-19T14:33:46+00:00\",\"dateModified\":\"2022-05-19T14:34:35+00:00\",\"author\":{\"@id\":\"https:\/\/suomenkuvalehti.fi\/americana\/#\/schema\/person\/12d514491cb37506bc39c8e10176c3ec\"},\"breadcrumb\":{\"@id\":\"https:\/\/suomenkuvalehti.fi\/americana\/vihapuhe-vuodattaa-verta-yhdysvaltain-radikalisoitunut-poliittinen-puhe-vaarantaa-yhteiskuntarauhan\/#breadcrumb\"},\"inLanguage\":\"fi\",\"potentialAction\":[{\"@type\":\"ReadAction\",\"target\":[\"https:\/\/suomenkuvalehti.fi\/americana\/vihapuhe-vuodattaa-verta-yhdysvaltain-radikalisoitunut-poliittinen-puhe-vaarantaa-yhteiskuntarauhan\/\"]}]},{\"@type\":\"BreadcrumbList\",\"@id\":\"https:\/\/suomenkuvalehti.fi\/americana\/vihapuhe-vuodattaa-verta-yhdysvaltain-radikalisoitunut-poliittinen-puhe-vaarantaa-yhteiskuntarauhan\/#breadcrumb\",\"itemListElement\":[{\"@type\":\"ListItem\",\"position\":1,\"name\":\"Home\",\"item\":\"https:\/\/suomenkuvalehti.fi\/americana\/\"},{\"@type\":\"ListItem\",\"position\":2,\"name\":\"Vihapuhe vuodattaa verta: Yhdysvaltain radikalisoitunut poliittinen puhe vaarantaa yhteiskuntarauhan\"}]},{\"@type\":\"WebSite\",\"@id\":\"https:\/\/suomenkuvalehti.fi\/americana\/#website\",\"url\":\"https:\/\/suomenkuvalehti.fi\/americana\/\",\"name\":\"Americana\",\"description\":\"Professori Marko Maunula seuraa USA:n politiikkaa ja populaarikulttuuria\",\"potentialAction\":[{\"@type\":\"SearchAction\",\"target\":{\"@type\":\"EntryPoint\",\"urlTemplate\":\"https:\/\/suomenkuvalehti.fi\/haku\/?q={search_term_string}\"},\"query-input\":{\"@type\":\"PropertyValueSpecification\",\"valueRequired\":true,\"valueName\":\"search_term_string\"}}],\"inLanguage\":\"fi\"},{\"@type\":\"Person\",\"@id\":\"https:\/\/suomenkuvalehti.fi\/americana\/#\/schema\/person\/12d514491cb37506bc39c8e10176c3ec\",\"name\":\"Marko Maunula\",\"image\":{\"@type\":\"ImageObject\",\"inLanguage\":\"fi\",\"@id\":\"https:\/\/suomenkuvalehti.fi\/americana\/#\/schema\/person\/image\/\",\"url\":\"https:\/\/suomenkuvalehti.fi\/americana\/wp-content\/uploads\/sites\/10\/2022\/04\/americana_maunula-150x150.jpg\",\"contentUrl\":\"https:\/\/suomenkuvalehti.fi\/americana\/wp-content\/uploads\/sites\/10\/2022\/04\/americana_maunula-150x150.jpg\",\"caption\":\"Marko Maunula\"},\"description\":\"Kirjoittaja on Yhdysvaltain historian professori Atlantassa.\"}]}<\/script>\n<!-- \/ Yoast SEO plugin. -->","yoast_head_json":{"title":"Vihapuhe vuodattaa verta: Yhdysvaltain radikalisoitunut poliittinen puhe vaarantaa yhteiskuntarauhan - Americana","robots":{"index":"noindex","follow":"follow"},"og_locale":"fi_FI","og_type":"article","og_title":"Vihapuhe vuodattaa verta: Yhdysvaltain radikalisoitunut poliittinen puhe vaarantaa yhteiskuntarauhan - Americana","og_description":"Vastapuolen demonisoinnin lopettaminen olisi tehokkain keino rauhoittaa tilannetta. Se vaatisi kuitenkin kyky\u00e4 laittaa yhteinen etu oman egon edelle.","og_url":"https:\/\/suomenkuvalehti.fi\/americana\/vihapuhe-vuodattaa-verta-yhdysvaltain-radikalisoitunut-poliittinen-puhe-vaarantaa-yhteiskuntarauhan\/","og_site_name":"Americana","article_published_time":"2022-05-19T14:33:46+00:00","article_modified_time":"2022-05-19T14:34:35+00:00","og_image":[{"width":2560,"height":1706,"url":"https:\/\/suomenkuvalehti.fi\/americana\/wp-content\/uploads\/sites\/10\/2022\/04\/americana_maunula-scaled.jpg","type":"image\/jpeg"}],"author":"Marko Maunula","twitter_card":"summary_large_image","twitter_misc":{"Written by":"Marko Maunula","Est. reading time":"3 minuuttia"},"schema":{"@context":"https:\/\/schema.org","@graph":[{"@type":"WebPage","@id":"https:\/\/suomenkuvalehti.fi\/americana\/vihapuhe-vuodattaa-verta-yhdysvaltain-radikalisoitunut-poliittinen-puhe-vaarantaa-yhteiskuntarauhan\/","url":"https:\/\/suomenkuvalehti.fi\/americana\/vihapuhe-vuodattaa-verta-yhdysvaltain-radikalisoitunut-poliittinen-puhe-vaarantaa-yhteiskuntarauhan\/","name":"Vihapuhe vuodattaa verta: Yhdysvaltain radikalisoitunut poliittinen puhe vaarantaa yhteiskuntarauhan - Americana","isPartOf":{"@id":"https:\/\/suomenkuvalehti.fi\/americana\/#website"},"datePublished":"2022-05-19T14:33:46+00:00","dateModified":"2022-05-19T14:34:35+00:00","author":{"@id":"https:\/\/suomenkuvalehti.fi\/americana\/#\/schema\/person\/12d514491cb37506bc39c8e10176c3ec"},"breadcrumb":{"@id":"https:\/\/suomenkuvalehti.fi\/americana\/vihapuhe-vuodattaa-verta-yhdysvaltain-radikalisoitunut-poliittinen-puhe-vaarantaa-yhteiskuntarauhan\/#breadcrumb"},"inLanguage":"fi","potentialAction":[{"@type":"ReadAction","target":["https:\/\/suomenkuvalehti.fi\/americana\/vihapuhe-vuodattaa-verta-yhdysvaltain-radikalisoitunut-poliittinen-puhe-vaarantaa-yhteiskuntarauhan\/"]}]},{"@type":"BreadcrumbList","@id":"https:\/\/suomenkuvalehti.fi\/americana\/vihapuhe-vuodattaa-verta-yhdysvaltain-radikalisoitunut-poliittinen-puhe-vaarantaa-yhteiskuntarauhan\/#breadcrumb","itemListElement":[{"@type":"ListItem","position":1,"name":"Home","item":"https:\/\/suomenkuvalehti.fi\/americana\/"},{"@type":"ListItem","position":2,"name":"Vihapuhe vuodattaa verta: Yhdysvaltain radikalisoitunut poliittinen puhe vaarantaa yhteiskuntarauhan"}]},{"@type":"WebSite","@id":"https:\/\/suomenkuvalehti.fi\/americana\/#website","url":"https:\/\/suomenkuvalehti.fi\/americana\/","name":"Americana","description":"Professori Marko Maunula seuraa USA:n politiikkaa ja populaarikulttuuria","potentialAction":[{"@type":"SearchAction","target":{"@type":"EntryPoint","urlTemplate":"https:\/\/suomenkuvalehti.fi\/haku\/?q={search_term_string}"},"query-input":{"@type":"PropertyValueSpecification","valueRequired":true,"valueName":"search_term_string"}}],"inLanguage":"fi"},{"@type":"Person","@id":"https:\/\/suomenkuvalehti.fi\/americana\/#\/schema\/person\/12d514491cb37506bc39c8e10176c3ec","name":"Marko Maunula","image":{"@type":"ImageObject","inLanguage":"fi","@id":"https:\/\/suomenkuvalehti.fi\/americana\/#\/schema\/person\/image\/","url":"https:\/\/suomenkuvalehti.fi\/americana\/wp-content\/uploads\/sites\/10\/2022\/04\/americana_maunula-150x150.jpg","contentUrl":"https:\/\/suomenkuvalehti.fi\/americana\/wp-content\/uploads\/sites\/10\/2022\/04\/americana_maunula-150x150.jpg","caption":"Marko Maunula"},"description":"Kirjoittaja on Yhdysvaltain historian professori Atlantassa."}]}},"_links":{"self":[{"href":"https:\/\/suomenkuvalehti.fi\/americana\/wp-json\/wp\/v2\/posts\/6214","targetHints":{"allow":["GET"]}}],"collection":[{"href":"https:\/\/suomenkuvalehti.fi\/americana\/wp-json\/wp\/v2\/posts"}],"about":[{"href":"https:\/\/suomenkuvalehti.fi\/americana\/wp-json\/wp\/v2\/types\/post"}],"author":[{"embeddable":true,"href":"https:\/\/suomenkuvalehti.fi\/americana\/wp-json\/wp\/v2\/users\/158"}],"replies":[{"embeddable":true,"href":"https:\/\/suomenkuvalehti.fi\/americana\/wp-json\/wp\/v2\/comments?post=6214"}],"version-history":[{"count":3,"href":"https:\/\/suomenkuvalehti.fi\/americana\/wp-json\/wp\/v2\/posts\/6214\/revisions"}],"predecessor-version":[{"id":6220,"href":"https:\/\/suomenkuvalehti.fi\/americana\/wp-json\/wp\/v2\/posts\/6214\/revisions\/6220"}],"wp:attachment":[{"href":"https:\/\/suomenkuvalehti.fi\/americana\/wp-json\/wp\/v2\/media?parent=6214"}],"wp:term":[{"taxonomy":"category","embeddable":true,"href":"https:\/\/suomenkuvalehti.fi\/americana\/wp-json\/wp\/v2\/categories?post=6214"},{"taxonomy":"post_tag","embeddable":true,"href":"https:\/\/suomenkuvalehti.fi\/americana\/wp-json\/wp\/v2\/tags?post=6214"}],"curies":[{"name":"wp","href":"https:\/\/api.w.org\/{rel}","templated":true}]}}