{"id":618,"date":"2010-03-22T11:30:00","date_gmt":"2010-03-22T09:30:00","guid":{"rendered":"https:\/\/suomenkuvalehti.fi\/americana\/terveydenhoidon-uudistus-pohjimmiltaan-konservatiivinen-yritys\/"},"modified":"2013-11-30T16:22:35","modified_gmt":"2013-11-30T14:22:35","slug":"terveydenhoidon-uudistus-pohjimmiltaan-konservatiivinen-yritys","status":"publish","type":"post","link":"https:\/\/suomenkuvalehti.fi\/americana\/terveydenhoidon-uudistus-pohjimmiltaan-konservatiivinen-yritys\/","title":{"rendered":"Terveydenhoidon uudistus: Pohjimmiltaan konservatiivinen yritys"},"content":{"rendered":"\n<p>Yhdysvallat sai kiistellyimm\u00e4n, merkitt\u00e4vimm\u00e4n ja silti ylireagoiduimman lakinsa noin nelj\u00e4\u00e4n vuosikymmeneen. Terveydenhoidon uudistus l\u00e4p\u00e4isi kongressin, dramaattisen viikonlopun poliittisen painiottelun j\u00e4lkeen, aikaisin maanantai-aamulla Suomen aikaa.<\/p>\n\n\n\n\n<p>Mets\u00e4\u00e4 kaatui ja laajakaistaa ruuhkautui median, poliitikkojen ja kansakunnan v\u00e4itelless\u00e4 uudistuksesta. Uudistus oli ehdottomasti v\u00e4itellyin lakialoite sek\u00e4 kuumin poliittisen keskustelun aihe Yhdysvalloissa asumani 18 vuoden aikana.<\/p>\n\n\n\n<p>Jos kysyit teekutsujen mielenosoittajilta, kuulit lain merkitsev\u00e4n kapitalismin kuolemaa ja Amerikan tuhoa. Rivirepublikaaneille laki oli h\u00e4vityksen kauhistus sek\u00e4 olki, joka rikkoi talouskamelin sel\u00e4n. Demokraatit kannattivat lakia, mutta eiv\u00e4t aina olleet perill\u00e4, mit\u00e4 laki itse asiassa merkitsi.<\/p>\n\n\n\n<p>Kaiken <a href=\"http:\/\/politicalticker.blogs.cnn.com\/2010\/03\/20\/protesters-hurl-slurs-and-spit-at-democrats\/?hpt=T1&amp;fbid=LNmmyUfw-gl\">vaahtoamisen<\/a> ja ylireagoimisen j\u00e4lkeen itse laki oli varovainen ja maltillinen, monen liberaalin mielest\u00e4 antikliimaksi. Yhdysvallat ei saanut, loppujen lopuksi, julkista terveydenhoitoa eik\u00e4 valtion vakuutusvaihtoehtoa kilpailemaan yksityisten tarjoajien kanssa. Ennemmin kuin terveydenhoidon uudistus, demokraattien l\u00e4pi puskema laki oli sairausvakuutuksien s\u00e4\u00e4nn\u00f6stelypaketti.<\/p>\n\n\n\n<p>Yhdysvaltain terveydenhoitoj\u00e4rjestelm\u00e4 nojaa vastaisuudessakin yksityisten vakuutusten varaan. Lakipaketti pakottaa vakuutusyhti\u00f6t tarjoamaan palvelujaan my\u00f6s sairaille amerikkalaisille, kielt\u00e4\u00e4 niit\u00e4 pudottamasta liian isoiksi riskeiksi kasvaneita asiakkaitaan sek\u00e4 tarjoaa liittovaltion rahallista tukea k\u00f6yhille amerikkalaisille vakuutuksen hankkimista varten.<\/p>\n\n\n\n<p>Uudistus on pohjimmiltaan konservatiivinen ja maltillinen yritys tuoda kaikki amerikkalaiset yksityisen sairausvakuutuksen piiriin.<\/p>\n\n\n\n<p>Yli vuoden kest\u00e4nyt taistelu, uuvuttava ja sekava kongressin <a href=\"http:\/\/www.tnr.com\/blog\/the-treatment\/viewers-guide-weekend\">s\u00e4\u00e4nt\u00f6jen tutkiskelu<\/a>, kiihkeiden vastustajien suoltamat <a href=\"http:\/\/www.tnr.com\/blog\/the-treatment\/breaking-ugly-scene\">t\u00f6rkeydet<\/a> sek\u00e4 suoranaiset <a href=\"http:\/\/www.politico.com\/news\/stories\/0809\/26078.html\">valeet<\/a> ovat toistaiseksi ohi &#8211; ainakin kunnes taistelu <a href=\"http:\/\/www.tnr.com\/blog\/jonathan-chait\/could-republicans-repeal-health-care-reform\">siirtyy oikeusistuimiin<\/a>.<\/p>\n\n\n\n<p>N\u00e4in terveydenhoito uudistuu. Ei pamahda vaan vingahtaa.<\/p>\n\n\n\n<p><em>Soundtrack: U2, I Still Haven&#8217;t Found What I&#8217;m Looking For.<\/em><\/p>\n\n\n\n","protected":false},"excerpt":{"rendered":"<p>Yhdysvallat sai kiistellyimm\u00e4n, merkitt\u00e4vimm\u00e4n ja silti ylireagoiduimman lakinsa noin nelj\u00e4\u00e4n vuosikymmeneen. Terveydenhoidon uudistus l\u00e4p\u00e4isi kongressin, dramaattisen viikonlopun poliittisen painiottelun j\u00e4lkeen, aikaisin maanantai-aamulla Suomen aikaa.<br \/>\nMets\u00e4\u00e4 &hellip;<\/p>\n","protected":false},"author":158,"featured_media":0,"comment_status":"open","ping_status":"open","sticky":false,"template":"","format":"standard","meta":{"_acf_changed":false,"asauth_required_access_level":0,"asauth_cansharepaid":"","om_header_attributes":[],"footnotes":"","om_featured_image_focal_point":[],"om_primary_tag":0,"om_contributors":[],"om_co_authors":[],"beyondwords_generate_audio":"","beyondwords_project_id":"","beyondwords_content_id":"","beyondwords_preview_token":"","beyondwords_player_content":"","beyondwords_player_style":"","beyondwords_language_code":"","beyondwords_language_id":"","beyondwords_title_voice_id":"","beyondwords_body_voice_id":"","beyondwords_summary_voice_id":"","beyondwords_error_message":"","beyondwords_disabled":"","beyondwords_delete_content":"","beyondwords_podcast_id":"","beyondwords_hash":"","publish_post_to_speechkit":"","speechkit_hash":"","speechkit_generate_audio":"","speechkit_project_id":"","speechkit_podcast_id":"","speechkit_error_message":"","speechkit_disabled":"","speechkit_access_key":"","speechkit_error":"","speechkit_info":"","speechkit_response":"","speechkit_retries":"","speechkit_status":"","speechkit_updated_at":"","_speechkit_link":"","_speechkit_text":""},"categories":[1],"tags":[36,58,24],"class_list":["post-618","post","type-post","status-publish","format-standard","hentry","category-americana","tag-barack-obama","tag-terveydenhoidon-uudistus","tag-yhdysvallat"],"om_views":null,"acf":{"tuuma_off":false,"tuuma_kysymys":"","tuuma_vastaus":""},"asauth":{"required_access_level":1,"share_token":"","is_paid":false},"yoast_head":"<!-- This site is optimized with the Yoast SEO plugin v26.4 - https:\/\/yoast.com\/wordpress\/plugins\/seo\/ -->\n<title>Terveydenhoidon uudistus: Pohjimmiltaan konservatiivinen yritys - Americana<\/title>\n<meta name=\"robots\" content=\"noindex, follow\" \/>\n<meta property=\"og:locale\" content=\"fi_FI\" \/>\n<meta property=\"og:type\" content=\"article\" \/>\n<meta property=\"og:title\" content=\"Terveydenhoidon uudistus: Pohjimmiltaan konservatiivinen yritys - Americana\" \/>\n<meta property=\"og:description\" content=\"Yhdysvallat sai kiistellyimm\u00e4n, merkitt\u00e4vimm\u00e4n ja silti ylireagoiduimman lakinsa noin nelj\u00e4\u00e4n vuosikymmeneen. Terveydenhoidon uudistus l\u00e4p\u00e4isi kongressin, dramaattisen viikonlopun poliittisen painiottelun j\u00e4lkeen, aikaisin maanantai-aamulla Suomen aikaa. Mets\u00e4\u00e4 &hellip;\" \/>\n<meta property=\"og:url\" content=\"https:\/\/suomenkuvalehti.fi\/americana\/terveydenhoidon-uudistus-pohjimmiltaan-konservatiivinen-yritys\/\" \/>\n<meta property=\"og:site_name\" content=\"Americana\" \/>\n<meta property=\"article:published_time\" content=\"2010-03-22T09:30:00+00:00\" \/>\n<meta property=\"article:modified_time\" content=\"2013-11-30T14:22:35+00:00\" \/>\n<meta property=\"og:image\" content=\"https:\/\/suomenkuvalehti.fi\/americana\/wp-content\/uploads\/sites\/10\/2022\/04\/americana_maunula-scaled.jpg\" \/>\n\t<meta property=\"og:image:width\" content=\"2560\" \/>\n\t<meta property=\"og:image:height\" content=\"1706\" \/>\n\t<meta property=\"og:image:type\" content=\"image\/jpeg\" \/>\n<meta name=\"author\" content=\"Marko Maunula\" \/>\n<meta name=\"twitter:card\" content=\"summary_large_image\" \/>\n<meta name=\"twitter:label1\" content=\"Written by\" \/>\n\t<meta name=\"twitter:data1\" content=\"Marko Maunula\" \/>\n\t<meta name=\"twitter:label2\" content=\"Est. reading time\" \/>\n\t<meta name=\"twitter:data2\" content=\"1 minuutti\" \/>\n<script type=\"application\/ld+json\" class=\"yoast-schema-graph\">{\"@context\":\"https:\/\/schema.org\",\"@graph\":[{\"@type\":\"WebPage\",\"@id\":\"https:\/\/suomenkuvalehti.fi\/americana\/terveydenhoidon-uudistus-pohjimmiltaan-konservatiivinen-yritys\/\",\"url\":\"https:\/\/suomenkuvalehti.fi\/americana\/terveydenhoidon-uudistus-pohjimmiltaan-konservatiivinen-yritys\/\",\"name\":\"Terveydenhoidon uudistus: Pohjimmiltaan konservatiivinen yritys - Americana\",\"isPartOf\":{\"@id\":\"https:\/\/suomenkuvalehti.fi\/americana\/#website\"},\"datePublished\":\"2010-03-22T09:30:00+00:00\",\"dateModified\":\"2013-11-30T14:22:35+00:00\",\"author\":{\"@id\":\"https:\/\/suomenkuvalehti.fi\/americana\/#\/schema\/person\/12d514491cb37506bc39c8e10176c3ec\"},\"breadcrumb\":{\"@id\":\"https:\/\/suomenkuvalehti.fi\/americana\/terveydenhoidon-uudistus-pohjimmiltaan-konservatiivinen-yritys\/#breadcrumb\"},\"inLanguage\":\"fi\",\"potentialAction\":[{\"@type\":\"ReadAction\",\"target\":[\"https:\/\/suomenkuvalehti.fi\/americana\/terveydenhoidon-uudistus-pohjimmiltaan-konservatiivinen-yritys\/\"]}]},{\"@type\":\"BreadcrumbList\",\"@id\":\"https:\/\/suomenkuvalehti.fi\/americana\/terveydenhoidon-uudistus-pohjimmiltaan-konservatiivinen-yritys\/#breadcrumb\",\"itemListElement\":[{\"@type\":\"ListItem\",\"position\":1,\"name\":\"Home\",\"item\":\"https:\/\/suomenkuvalehti.fi\/americana\/\"},{\"@type\":\"ListItem\",\"position\":2,\"name\":\"Terveydenhoidon uudistus: Pohjimmiltaan konservatiivinen yritys\"}]},{\"@type\":\"WebSite\",\"@id\":\"https:\/\/suomenkuvalehti.fi\/americana\/#website\",\"url\":\"https:\/\/suomenkuvalehti.fi\/americana\/\",\"name\":\"Americana\",\"description\":\"Professori Marko Maunula seuraa USA:n politiikkaa ja populaarikulttuuria\",\"potentialAction\":[{\"@type\":\"SearchAction\",\"target\":{\"@type\":\"EntryPoint\",\"urlTemplate\":\"https:\/\/suomenkuvalehti.fi\/haku\/?q={search_term_string}\"},\"query-input\":{\"@type\":\"PropertyValueSpecification\",\"valueRequired\":true,\"valueName\":\"search_term_string\"}}],\"inLanguage\":\"fi\"},{\"@type\":\"Person\",\"@id\":\"https:\/\/suomenkuvalehti.fi\/americana\/#\/schema\/person\/12d514491cb37506bc39c8e10176c3ec\",\"name\":\"Marko Maunula\",\"image\":{\"@type\":\"ImageObject\",\"inLanguage\":\"fi\",\"@id\":\"https:\/\/suomenkuvalehti.fi\/americana\/#\/schema\/person\/image\/\",\"url\":\"https:\/\/suomenkuvalehti.fi\/americana\/wp-content\/uploads\/sites\/10\/2022\/04\/americana_maunula-150x150.jpg\",\"contentUrl\":\"https:\/\/suomenkuvalehti.fi\/americana\/wp-content\/uploads\/sites\/10\/2022\/04\/americana_maunula-150x150.jpg\",\"caption\":\"Marko Maunula\"},\"description\":\"Kirjoittaja on Yhdysvaltain historian professori Atlantassa.\"}]}<\/script>\n<!-- \/ Yoast SEO plugin. -->","yoast_head_json":{"title":"Terveydenhoidon uudistus: Pohjimmiltaan konservatiivinen yritys - Americana","robots":{"index":"noindex","follow":"follow"},"og_locale":"fi_FI","og_type":"article","og_title":"Terveydenhoidon uudistus: Pohjimmiltaan konservatiivinen yritys - Americana","og_description":"Yhdysvallat sai kiistellyimm\u00e4n, merkitt\u00e4vimm\u00e4n ja silti ylireagoiduimman lakinsa noin nelj\u00e4\u00e4n vuosikymmeneen. Terveydenhoidon uudistus l\u00e4p\u00e4isi kongressin, dramaattisen viikonlopun poliittisen painiottelun j\u00e4lkeen, aikaisin maanantai-aamulla Suomen aikaa. Mets\u00e4\u00e4 &hellip;","og_url":"https:\/\/suomenkuvalehti.fi\/americana\/terveydenhoidon-uudistus-pohjimmiltaan-konservatiivinen-yritys\/","og_site_name":"Americana","article_published_time":"2010-03-22T09:30:00+00:00","article_modified_time":"2013-11-30T14:22:35+00:00","og_image":[{"width":2560,"height":1706,"url":"https:\/\/suomenkuvalehti.fi\/americana\/wp-content\/uploads\/sites\/10\/2022\/04\/americana_maunula-scaled.jpg","type":"image\/jpeg"}],"author":"Marko Maunula","twitter_card":"summary_large_image","twitter_misc":{"Written by":"Marko Maunula","Est. reading time":"1 minuutti"},"schema":{"@context":"https:\/\/schema.org","@graph":[{"@type":"WebPage","@id":"https:\/\/suomenkuvalehti.fi\/americana\/terveydenhoidon-uudistus-pohjimmiltaan-konservatiivinen-yritys\/","url":"https:\/\/suomenkuvalehti.fi\/americana\/terveydenhoidon-uudistus-pohjimmiltaan-konservatiivinen-yritys\/","name":"Terveydenhoidon uudistus: Pohjimmiltaan konservatiivinen yritys - Americana","isPartOf":{"@id":"https:\/\/suomenkuvalehti.fi\/americana\/#website"},"datePublished":"2010-03-22T09:30:00+00:00","dateModified":"2013-11-30T14:22:35+00:00","author":{"@id":"https:\/\/suomenkuvalehti.fi\/americana\/#\/schema\/person\/12d514491cb37506bc39c8e10176c3ec"},"breadcrumb":{"@id":"https:\/\/suomenkuvalehti.fi\/americana\/terveydenhoidon-uudistus-pohjimmiltaan-konservatiivinen-yritys\/#breadcrumb"},"inLanguage":"fi","potentialAction":[{"@type":"ReadAction","target":["https:\/\/suomenkuvalehti.fi\/americana\/terveydenhoidon-uudistus-pohjimmiltaan-konservatiivinen-yritys\/"]}]},{"@type":"BreadcrumbList","@id":"https:\/\/suomenkuvalehti.fi\/americana\/terveydenhoidon-uudistus-pohjimmiltaan-konservatiivinen-yritys\/#breadcrumb","itemListElement":[{"@type":"ListItem","position":1,"name":"Home","item":"https:\/\/suomenkuvalehti.fi\/americana\/"},{"@type":"ListItem","position":2,"name":"Terveydenhoidon uudistus: Pohjimmiltaan konservatiivinen yritys"}]},{"@type":"WebSite","@id":"https:\/\/suomenkuvalehti.fi\/americana\/#website","url":"https:\/\/suomenkuvalehti.fi\/americana\/","name":"Americana","description":"Professori Marko Maunula seuraa USA:n politiikkaa ja populaarikulttuuria","potentialAction":[{"@type":"SearchAction","target":{"@type":"EntryPoint","urlTemplate":"https:\/\/suomenkuvalehti.fi\/haku\/?q={search_term_string}"},"query-input":{"@type":"PropertyValueSpecification","valueRequired":true,"valueName":"search_term_string"}}],"inLanguage":"fi"},{"@type":"Person","@id":"https:\/\/suomenkuvalehti.fi\/americana\/#\/schema\/person\/12d514491cb37506bc39c8e10176c3ec","name":"Marko Maunula","image":{"@type":"ImageObject","inLanguage":"fi","@id":"https:\/\/suomenkuvalehti.fi\/americana\/#\/schema\/person\/image\/","url":"https:\/\/suomenkuvalehti.fi\/americana\/wp-content\/uploads\/sites\/10\/2022\/04\/americana_maunula-150x150.jpg","contentUrl":"https:\/\/suomenkuvalehti.fi\/americana\/wp-content\/uploads\/sites\/10\/2022\/04\/americana_maunula-150x150.jpg","caption":"Marko Maunula"},"description":"Kirjoittaja on Yhdysvaltain historian professori Atlantassa."}]}},"_links":{"self":[{"href":"https:\/\/suomenkuvalehti.fi\/americana\/wp-json\/wp\/v2\/posts\/618","targetHints":{"allow":["GET"]}}],"collection":[{"href":"https:\/\/suomenkuvalehti.fi\/americana\/wp-json\/wp\/v2\/posts"}],"about":[{"href":"https:\/\/suomenkuvalehti.fi\/americana\/wp-json\/wp\/v2\/types\/post"}],"author":[{"embeddable":true,"href":"https:\/\/suomenkuvalehti.fi\/americana\/wp-json\/wp\/v2\/users\/158"}],"replies":[{"embeddable":true,"href":"https:\/\/suomenkuvalehti.fi\/americana\/wp-json\/wp\/v2\/comments?post=618"}],"version-history":[{"count":1,"href":"https:\/\/suomenkuvalehti.fi\/americana\/wp-json\/wp\/v2\/posts\/618\/revisions"}],"predecessor-version":[{"id":1229,"href":"https:\/\/suomenkuvalehti.fi\/americana\/wp-json\/wp\/v2\/posts\/618\/revisions\/1229"}],"wp:attachment":[{"href":"https:\/\/suomenkuvalehti.fi\/americana\/wp-json\/wp\/v2\/media?parent=618"}],"wp:term":[{"taxonomy":"category","embeddable":true,"href":"https:\/\/suomenkuvalehti.fi\/americana\/wp-json\/wp\/v2\/categories?post=618"},{"taxonomy":"post_tag","embeddable":true,"href":"https:\/\/suomenkuvalehti.fi\/americana\/wp-json\/wp\/v2\/tags?post=618"}],"curies":[{"name":"wp","href":"https:\/\/api.w.org\/{rel}","templated":true}]}}