{"id":607,"date":"2010-04-13T12:51:37","date_gmt":"2010-04-13T09:51:37","guid":{"rendered":"https:\/\/suomenkuvalehti.fi\/americana\/yhdysvaltain-talous-kasvu-on-palannut\/"},"modified":"2013-11-30T16:22:34","modified_gmt":"2013-11-30T14:22:34","slug":"yhdysvaltain-talous-kasvu-on-palannut","status":"publish","type":"post","link":"https:\/\/suomenkuvalehti.fi\/americana\/yhdysvaltain-talous-kasvu-on-palannut\/","title":{"rendered":"Yhdysvaltain talous: kasvu on palannut"},"content":{"rendered":"\n<p>Yhdysvaltain talous on paranemassa, yleisest\u00e4 pessimismist\u00e4 ja ihokkaiden repimisest\u00e4 huolimatta. Amerikkalaiset uskovat talouden olevan edelleen alam\u00e4ess\u00e4, vaikka numerot todistavat terveest\u00e4 kasvusta.<\/p>\n\n\n\n<p><em>BusinessWeek<\/em>-talousjulkaisu <a href=\"http:\/\/www.businessweek.com\/magazine\/content\/10_16\/b4174028669540.htm\">teki katsauksen<\/a>&nbsp;<strong>Obaman<\/strong> hallinnon talousajatteluun sek\u00e4 sen t\u00e4m\u00e4nhetkiseen saldoon. Jutun johtop\u00e4\u00e4t\u00f6s oli rohkaiseva: pessimistiset gallupit ovat v\u00e4\u00e4r\u00e4ss\u00e4, optimistiset markkinat ovat oikeassa.<\/p>\n\n\n\n<p>Kaiken teekutsu-hysterian sek\u00e4 kommunismi-syyt\u00f6sten keskell\u00e4 <em>BusinessWeek<\/em> muistuttaa lukijoita maltillisesta totuudesta: Obaman taloushallinto on pyrkinyt palauttamaan luottamuksen ja hyv\u00e4t pelis\u00e4\u00e4nn\u00f6t kapitalismiin.<\/p>\n\n\n\n<p>S&amp;P 500 -indeksi on noussut vuodessa yli 70 prosenttia. Dollari on vahvistunut. Vuoden 2009 viimeinen vuosinelj\u00e4nnes osoitti voimakasta kasvua. Ty\u00f6llisyystilanne, laahaava indikaattori, on sekin osoittanut paranemisen merkkej\u00e4.<\/p>\n\n\n\n<p>Juttelin viikonloppuna taloustieteilij\u00e4-kollegani kanssa. &#8221;Varastot ovat tyhjimm\u00e4t miesmuistiin,&#8221; h\u00e4n sanoi: &#8221;Yritykset alkavat palkkaamaan pian. Veikkaan, ett\u00e4 n\u00e4emme pian todella nopean u-k\u00e4\u00e4nn\u00f6ksen ty\u00f6markkinoilla.&#8221;<\/p>\n\n\n\n<p>Uskon <em>BusinessWeekin<\/em> olevan oikeassa; talous on toipumassa ja valmistautumassa hyv\u00e4\u00e4n kasvuun. Talouskasvun Suuri Kysymys on silti viel\u00e4 vastaamatta: tuleeko seuraavasta nousukaudesta 1990-luvun mallinen, johtaen vahvaan tulotason ja varallisuuden kasvuun k\u00f6yhien ja keskiluokankin parissa, vai tuleeko siit\u00e4 2000-luvun mallinen kasvu, jonka hedelm\u00e4t rajoittuvat pitk\u00e4lti yritysten ja korkeatuloisten pariin?<\/p>\n\n\n\n<p>Vastaus ratkaisee Yhdysvaltain poliittisen suunnan ainakin muutamien vaalien ajaksi.<\/p>\n\n\n\n<p><em>Soundtrack: Primal Scream, Movin&#8217; On Up.<\/em><\/p>\n\n\n","protected":false},"excerpt":{"rendered":"<p>Yhdysvaltain talous on paranemassa, yleisest\u00e4 pessimismist\u00e4 ja ihokkaiden repimisest\u00e4 huolimatta. Amerikkalaiset uskovat talouden olevan edelleen alam\u00e4ess\u00e4, vaikka numerot todistavat terveest\u00e4 kasvusta. BusinessWeek-talousjulkaisu teki katsauksen&nbsp;Obaman hallinnon talousajatteluun<br \/>\nsek\u00e4 &hellip;<\/p>\n","protected":false},"author":158,"featured_media":0,"comment_status":"open","ping_status":"open","sticky":false,"template":"","format":"standard","meta":{"_acf_changed":false,"asauth_required_access_level":0,"asauth_cansharepaid":"","om_header_attributes":[],"footnotes":"","om_featured_image_focal_point":[],"om_primary_tag":0,"om_contributors":[],"om_co_authors":[],"beyondwords_generate_audio":"","beyondwords_project_id":"","beyondwords_content_id":"","beyondwords_preview_token":"","beyondwords_player_content":"","beyondwords_player_style":"","beyondwords_language_code":"","beyondwords_language_id":"","beyondwords_title_voice_id":"","beyondwords_body_voice_id":"","beyondwords_summary_voice_id":"","beyondwords_error_message":"","beyondwords_disabled":"","beyondwords_delete_content":"","beyondwords_podcast_id":"","beyondwords_hash":"","publish_post_to_speechkit":"","speechkit_hash":"","speechkit_generate_audio":"","speechkit_project_id":"","speechkit_podcast_id":"","speechkit_error_message":"","speechkit_disabled":"","speechkit_access_key":"","speechkit_error":"","speechkit_info":"","speechkit_response":"","speechkit_retries":"","speechkit_status":"","speechkit_updated_at":"","_speechkit_link":"","_speechkit_text":""},"categories":[1],"tags":[263,726,1161,130,24],"class_list":["post-607","post","type-post","status-publish","format-standard","hentry","category-americana","tag-atlanta","tag-businessweek","tag-noususuhdanne","tag-talous","tag-yhdysvallat"],"om_views":null,"acf":{"tuuma_off":false,"tuuma_kysymys":"","tuuma_vastaus":""},"asauth":{"required_access_level":1,"share_token":"","is_paid":false},"yoast_head":"<!-- This site is optimized with the Yoast SEO plugin v26.4 - https:\/\/yoast.com\/wordpress\/plugins\/seo\/ -->\n<title>Yhdysvaltain talous: kasvu on palannut - Americana<\/title>\n<meta name=\"robots\" content=\"noindex, follow\" \/>\n<meta property=\"og:locale\" content=\"fi_FI\" \/>\n<meta property=\"og:type\" content=\"article\" \/>\n<meta property=\"og:title\" content=\"Yhdysvaltain talous: kasvu on palannut - Americana\" \/>\n<meta property=\"og:description\" content=\"Yhdysvaltain talous on paranemassa, yleisest\u00e4 pessimismist\u00e4 ja ihokkaiden repimisest\u00e4 huolimatta. Amerikkalaiset uskovat talouden olevan edelleen alam\u00e4ess\u00e4, vaikka numerot todistavat terveest\u00e4 kasvusta. BusinessWeek-talousjulkaisu teki katsauksen&nbsp;Obaman hallinnon talousajatteluun sek\u00e4 &hellip;\" \/>\n<meta property=\"og:url\" content=\"https:\/\/suomenkuvalehti.fi\/americana\/yhdysvaltain-talous-kasvu-on-palannut\/\" \/>\n<meta property=\"og:site_name\" content=\"Americana\" \/>\n<meta property=\"article:published_time\" content=\"2010-04-13T09:51:37+00:00\" \/>\n<meta property=\"article:modified_time\" content=\"2013-11-30T14:22:34+00:00\" \/>\n<meta property=\"og:image\" content=\"https:\/\/suomenkuvalehti.fi\/americana\/wp-content\/uploads\/sites\/10\/2022\/04\/americana_maunula-scaled.jpg\" \/>\n\t<meta property=\"og:image:width\" content=\"2560\" \/>\n\t<meta property=\"og:image:height\" content=\"1706\" \/>\n\t<meta property=\"og:image:type\" content=\"image\/jpeg\" \/>\n<meta name=\"author\" content=\"Marko Maunula\" \/>\n<meta name=\"twitter:card\" content=\"summary_large_image\" \/>\n<meta name=\"twitter:label1\" content=\"Written by\" \/>\n\t<meta name=\"twitter:data1\" content=\"Marko Maunula\" \/>\n\t<meta name=\"twitter:label2\" content=\"Est. reading time\" \/>\n\t<meta name=\"twitter:data2\" content=\"1 minuutti\" \/>\n<script type=\"application\/ld+json\" class=\"yoast-schema-graph\">{\"@context\":\"https:\/\/schema.org\",\"@graph\":[{\"@type\":\"WebPage\",\"@id\":\"https:\/\/suomenkuvalehti.fi\/americana\/yhdysvaltain-talous-kasvu-on-palannut\/\",\"url\":\"https:\/\/suomenkuvalehti.fi\/americana\/yhdysvaltain-talous-kasvu-on-palannut\/\",\"name\":\"Yhdysvaltain talous: kasvu on palannut - Americana\",\"isPartOf\":{\"@id\":\"https:\/\/suomenkuvalehti.fi\/americana\/#website\"},\"datePublished\":\"2010-04-13T09:51:37+00:00\",\"dateModified\":\"2013-11-30T14:22:34+00:00\",\"author\":{\"@id\":\"https:\/\/suomenkuvalehti.fi\/americana\/#\/schema\/person\/12d514491cb37506bc39c8e10176c3ec\"},\"breadcrumb\":{\"@id\":\"https:\/\/suomenkuvalehti.fi\/americana\/yhdysvaltain-talous-kasvu-on-palannut\/#breadcrumb\"},\"inLanguage\":\"fi\",\"potentialAction\":[{\"@type\":\"ReadAction\",\"target\":[\"https:\/\/suomenkuvalehti.fi\/americana\/yhdysvaltain-talous-kasvu-on-palannut\/\"]}]},{\"@type\":\"BreadcrumbList\",\"@id\":\"https:\/\/suomenkuvalehti.fi\/americana\/yhdysvaltain-talous-kasvu-on-palannut\/#breadcrumb\",\"itemListElement\":[{\"@type\":\"ListItem\",\"position\":1,\"name\":\"Home\",\"item\":\"https:\/\/suomenkuvalehti.fi\/americana\/\"},{\"@type\":\"ListItem\",\"position\":2,\"name\":\"Yhdysvaltain talous: kasvu on palannut\"}]},{\"@type\":\"WebSite\",\"@id\":\"https:\/\/suomenkuvalehti.fi\/americana\/#website\",\"url\":\"https:\/\/suomenkuvalehti.fi\/americana\/\",\"name\":\"Americana\",\"description\":\"Professori Marko Maunula seuraa USA:n politiikkaa ja populaarikulttuuria\",\"potentialAction\":[{\"@type\":\"SearchAction\",\"target\":{\"@type\":\"EntryPoint\",\"urlTemplate\":\"https:\/\/suomenkuvalehti.fi\/haku\/?q={search_term_string}\"},\"query-input\":{\"@type\":\"PropertyValueSpecification\",\"valueRequired\":true,\"valueName\":\"search_term_string\"}}],\"inLanguage\":\"fi\"},{\"@type\":\"Person\",\"@id\":\"https:\/\/suomenkuvalehti.fi\/americana\/#\/schema\/person\/12d514491cb37506bc39c8e10176c3ec\",\"name\":\"Marko Maunula\",\"image\":{\"@type\":\"ImageObject\",\"inLanguage\":\"fi\",\"@id\":\"https:\/\/suomenkuvalehti.fi\/americana\/#\/schema\/person\/image\/\",\"url\":\"https:\/\/suomenkuvalehti.fi\/americana\/wp-content\/uploads\/sites\/10\/2022\/04\/americana_maunula-150x150.jpg\",\"contentUrl\":\"https:\/\/suomenkuvalehti.fi\/americana\/wp-content\/uploads\/sites\/10\/2022\/04\/americana_maunula-150x150.jpg\",\"caption\":\"Marko Maunula\"},\"description\":\"Kirjoittaja on Yhdysvaltain historian professori Atlantassa.\"}]}<\/script>\n<!-- \/ Yoast SEO plugin. -->","yoast_head_json":{"title":"Yhdysvaltain talous: kasvu on palannut - Americana","robots":{"index":"noindex","follow":"follow"},"og_locale":"fi_FI","og_type":"article","og_title":"Yhdysvaltain talous: kasvu on palannut - Americana","og_description":"Yhdysvaltain talous on paranemassa, yleisest\u00e4 pessimismist\u00e4 ja ihokkaiden repimisest\u00e4 huolimatta. Amerikkalaiset uskovat talouden olevan edelleen alam\u00e4ess\u00e4, vaikka numerot todistavat terveest\u00e4 kasvusta. BusinessWeek-talousjulkaisu teki katsauksen&nbsp;Obaman hallinnon talousajatteluun sek\u00e4 &hellip;","og_url":"https:\/\/suomenkuvalehti.fi\/americana\/yhdysvaltain-talous-kasvu-on-palannut\/","og_site_name":"Americana","article_published_time":"2010-04-13T09:51:37+00:00","article_modified_time":"2013-11-30T14:22:34+00:00","og_image":[{"width":2560,"height":1706,"url":"https:\/\/suomenkuvalehti.fi\/americana\/wp-content\/uploads\/sites\/10\/2022\/04\/americana_maunula-scaled.jpg","type":"image\/jpeg"}],"author":"Marko Maunula","twitter_card":"summary_large_image","twitter_misc":{"Written by":"Marko Maunula","Est. reading time":"1 minuutti"},"schema":{"@context":"https:\/\/schema.org","@graph":[{"@type":"WebPage","@id":"https:\/\/suomenkuvalehti.fi\/americana\/yhdysvaltain-talous-kasvu-on-palannut\/","url":"https:\/\/suomenkuvalehti.fi\/americana\/yhdysvaltain-talous-kasvu-on-palannut\/","name":"Yhdysvaltain talous: kasvu on palannut - Americana","isPartOf":{"@id":"https:\/\/suomenkuvalehti.fi\/americana\/#website"},"datePublished":"2010-04-13T09:51:37+00:00","dateModified":"2013-11-30T14:22:34+00:00","author":{"@id":"https:\/\/suomenkuvalehti.fi\/americana\/#\/schema\/person\/12d514491cb37506bc39c8e10176c3ec"},"breadcrumb":{"@id":"https:\/\/suomenkuvalehti.fi\/americana\/yhdysvaltain-talous-kasvu-on-palannut\/#breadcrumb"},"inLanguage":"fi","potentialAction":[{"@type":"ReadAction","target":["https:\/\/suomenkuvalehti.fi\/americana\/yhdysvaltain-talous-kasvu-on-palannut\/"]}]},{"@type":"BreadcrumbList","@id":"https:\/\/suomenkuvalehti.fi\/americana\/yhdysvaltain-talous-kasvu-on-palannut\/#breadcrumb","itemListElement":[{"@type":"ListItem","position":1,"name":"Home","item":"https:\/\/suomenkuvalehti.fi\/americana\/"},{"@type":"ListItem","position":2,"name":"Yhdysvaltain talous: kasvu on palannut"}]},{"@type":"WebSite","@id":"https:\/\/suomenkuvalehti.fi\/americana\/#website","url":"https:\/\/suomenkuvalehti.fi\/americana\/","name":"Americana","description":"Professori Marko Maunula seuraa USA:n politiikkaa ja populaarikulttuuria","potentialAction":[{"@type":"SearchAction","target":{"@type":"EntryPoint","urlTemplate":"https:\/\/suomenkuvalehti.fi\/haku\/?q={search_term_string}"},"query-input":{"@type":"PropertyValueSpecification","valueRequired":true,"valueName":"search_term_string"}}],"inLanguage":"fi"},{"@type":"Person","@id":"https:\/\/suomenkuvalehti.fi\/americana\/#\/schema\/person\/12d514491cb37506bc39c8e10176c3ec","name":"Marko Maunula","image":{"@type":"ImageObject","inLanguage":"fi","@id":"https:\/\/suomenkuvalehti.fi\/americana\/#\/schema\/person\/image\/","url":"https:\/\/suomenkuvalehti.fi\/americana\/wp-content\/uploads\/sites\/10\/2022\/04\/americana_maunula-150x150.jpg","contentUrl":"https:\/\/suomenkuvalehti.fi\/americana\/wp-content\/uploads\/sites\/10\/2022\/04\/americana_maunula-150x150.jpg","caption":"Marko Maunula"},"description":"Kirjoittaja on Yhdysvaltain historian professori Atlantassa."}]}},"_links":{"self":[{"href":"https:\/\/suomenkuvalehti.fi\/americana\/wp-json\/wp\/v2\/posts\/607","targetHints":{"allow":["GET"]}}],"collection":[{"href":"https:\/\/suomenkuvalehti.fi\/americana\/wp-json\/wp\/v2\/posts"}],"about":[{"href":"https:\/\/suomenkuvalehti.fi\/americana\/wp-json\/wp\/v2\/types\/post"}],"author":[{"embeddable":true,"href":"https:\/\/suomenkuvalehti.fi\/americana\/wp-json\/wp\/v2\/users\/158"}],"replies":[{"embeddable":true,"href":"https:\/\/suomenkuvalehti.fi\/americana\/wp-json\/wp\/v2\/comments?post=607"}],"version-history":[{"count":1,"href":"https:\/\/suomenkuvalehti.fi\/americana\/wp-json\/wp\/v2\/posts\/607\/revisions"}],"predecessor-version":[{"id":1218,"href":"https:\/\/suomenkuvalehti.fi\/americana\/wp-json\/wp\/v2\/posts\/607\/revisions\/1218"}],"wp:attachment":[{"href":"https:\/\/suomenkuvalehti.fi\/americana\/wp-json\/wp\/v2\/media?parent=607"}],"wp:term":[{"taxonomy":"category","embeddable":true,"href":"https:\/\/suomenkuvalehti.fi\/americana\/wp-json\/wp\/v2\/categories?post=607"},{"taxonomy":"post_tag","embeddable":true,"href":"https:\/\/suomenkuvalehti.fi\/americana\/wp-json\/wp\/v2\/tags?post=607"}],"curies":[{"name":"wp","href":"https:\/\/api.w.org\/{rel}","templated":true}]}}