{"id":606,"date":"2010-04-15T12:38:19","date_gmt":"2010-04-15T09:38:19","guid":{"rendered":"https:\/\/suomenkuvalehti.fi\/americana\/teekutsut-miksi-vasta-nyt\/"},"modified":"2013-11-30T16:22:34","modified_gmt":"2013-11-30T14:22:34","slug":"teekutsut-miksi-vasta-nyt","status":"publish","type":"post","link":"https:\/\/suomenkuvalehti.fi\/americana\/teekutsut-miksi-vasta-nyt\/","title":{"rendered":"Teekutsut: miksi vasta nyt?"},"content":{"rendered":"\n<p>Budjettivajeet ja valtion velkaantuminen olivat tosiseikkoja jo 2000-luvulla. Miksi teekutsu-liike syntyi vasta viime vaalien j\u00e4lkeen?<\/p>\n\n\n\n<p>Viimeiset 35 vuotta Yhdysvaltain velkataakan matematiikka on ollut helppo: kun republikaanit ovat Valkoissa talossa, maa velkaantuu. Kun maalla on demokraattinen presidentti, se maksaa velkaa pois.<\/p>\n\n\n\n<p><strong>George W. Bush<\/strong> j\u00e4\u00e4 historiaan melko pahana taloustumpelona. H\u00e4n peri <strong>Bill Clintonilta<\/strong> tuhdin budjettiylij\u00e4\u00e4m\u00e4n ja nopeasti kasvavan talouden, vuosituhannen vaihteen pienta syklist\u00e4 k\u00f6h\u00e4yst\u00e4 lukuunottamatta. <em>Apr\u00e8s moi, le d\u00e9luge<\/em>. Valtavien budjettialij\u00e4\u00e4mien, keskiluokan varallisuuden nollakasvun, valtion velkaantumisen, sek\u00e4 pankkikriisin j\u00e4lkeen kansa kutsui demokraatit Valkoiseen taloon siivoamaan j\u00e4ljet.<\/p>\n\n\n\n<p>Jostain syyst\u00e4 oikeisto ei silti tuntenut tarvetta rynn\u00e4t\u00e4 kadulle 2000-luvulla. Se istui hiljaa kotona, kun Bush ja republikaaninen kongressi kurittivat kansakunnan visakorttia. Mutta heti <strong>Barack <em>Hussein<\/em> Obaman<\/strong> vannottua virkavalansa, he her\u00e4siv\u00e4t akuuttiin h\u00e4t\u00e4\u00e4n maan tulevaisuudesta.<\/p>\n\n\n\n<p><a href=\"http:\/\/img.wonkette.com\/wp-content\/uploads\/2009\/09\/racist_tea_party.jpg\">Mik\u00e4<\/a>, <a href=\"http:\/\/sirenschronicles.com\/wp-content\/uploads\/2009\/08\/obama-racist-latest.jpg\">oi mik\u00e4<\/a>, <a href=\"http:\/\/iusbvision.files.wordpress.com\/2009\/04\/tea-party-acorn2.jpg\">voisi olla<\/a> \u00e4killisen <a href=\"http:\/\/simmerdown3.files.wordpress.com\/2009\/08\/teapartysign1sm1.jpg\">aktivismin syy<\/a>? Miksi he haluavat <a href=\"https:\/\/www.youtube.com\/watch?v=OZu5aiboXWk\">&#8221;heid\u00e4n&#8221; maansa takaisin<\/a> ja kenelt\u00e4? Rasismiahan t\u00e4m\u00e4 ei voi olla: uusi gallup osoittaa, ett\u00e4 melkein puolet teekutsu-liikkeen kannattajista uskovat afroamerikkalaisten olevan <a href=\"http:\/\/uwnews.washington.edu\/ni\/article.asp?articleID=56877\">luotettavia, alykk\u00e4it\u00e4, ja rehellisi\u00e4<\/a>.<\/p>\n\n\n\n<p><em>Soundtrack: George Clinton, Paint the White House Black.<\/em><\/p>\n\n\n","protected":false},"excerpt":{"rendered":"<p>Budjettivajeet ja valtion velkaantuminen olivat tosiseikkoja jo 2000-luvulla. Miksi teekutsu-liike syntyi vasta viime vaalien j\u00e4lkeen? Viimeiset 35 vuotta Yhdysvaltain velkataakan matematiikka on ollut helppo: kun republikaanit ovat Valkoissa talossa, maa velkaantuu. Kun maalla on demokraattinen<br \/>\n&hellip;<\/p>\n","protected":false},"author":158,"featured_media":0,"comment_status":"open","ping_status":"open","sticky":false,"template":"","format":"standard","meta":{"_acf_changed":false,"asauth_required_access_level":0,"asauth_cansharepaid":"","om_header_attributes":[],"footnotes":"","om_featured_image_focal_point":[],"om_primary_tag":0,"om_contributors":[],"om_co_authors":[],"beyondwords_generate_audio":"","beyondwords_project_id":"","beyondwords_content_id":"","beyondwords_preview_token":"","beyondwords_player_content":"","beyondwords_player_style":"","beyondwords_language_code":"","beyondwords_language_id":"","beyondwords_title_voice_id":"","beyondwords_body_voice_id":"","beyondwords_summary_voice_id":"","beyondwords_error_message":"","beyondwords_disabled":"","beyondwords_delete_content":"","beyondwords_podcast_id":"","beyondwords_hash":"","publish_post_to_speechkit":"","speechkit_hash":"","speechkit_generate_audio":"","speechkit_project_id":"","speechkit_podcast_id":"","speechkit_error_message":"","speechkit_disabled":"","speechkit_access_key":"","speechkit_error":"","speechkit_info":"","speechkit_response":"","speechkit_retries":"","speechkit_status":"","speechkit_updated_at":"","_speechkit_link":"","_speechkit_text":""},"categories":[1],"tags":[263,36,1063,280,130,21,24],"class_list":["post-606","post","type-post","status-publish","format-standard","hentry","category-americana","tag-atlanta","tag-barack-obama","tag-budjettivaje","tag-rasismi","tag-talous","tag-teekutsut","tag-yhdysvallat"],"om_views":null,"acf":{"tuuma_off":false,"tuuma_kysymys":"","tuuma_vastaus":""},"asauth":{"required_access_level":1,"share_token":"","is_paid":false},"yoast_head":"<!-- This site is optimized with the Yoast SEO plugin v26.4 - https:\/\/yoast.com\/wordpress\/plugins\/seo\/ -->\n<title>Teekutsut: miksi vasta nyt? - Americana<\/title>\n<meta name=\"robots\" content=\"noindex, follow\" \/>\n<meta property=\"og:locale\" content=\"fi_FI\" \/>\n<meta property=\"og:type\" content=\"article\" \/>\n<meta property=\"og:title\" content=\"Teekutsut: miksi vasta nyt? - Americana\" \/>\n<meta property=\"og:description\" content=\"Budjettivajeet ja valtion velkaantuminen olivat tosiseikkoja jo 2000-luvulla. Miksi teekutsu-liike syntyi vasta viime vaalien j\u00e4lkeen? Viimeiset 35 vuotta Yhdysvaltain velkataakan matematiikka on ollut helppo: kun republikaanit ovat Valkoissa talossa, maa velkaantuu. Kun maalla on demokraattinen &hellip;\" \/>\n<meta property=\"og:url\" content=\"https:\/\/suomenkuvalehti.fi\/americana\/teekutsut-miksi-vasta-nyt\/\" \/>\n<meta property=\"og:site_name\" content=\"Americana\" \/>\n<meta property=\"article:published_time\" content=\"2010-04-15T09:38:19+00:00\" \/>\n<meta property=\"article:modified_time\" content=\"2013-11-30T14:22:34+00:00\" \/>\n<meta property=\"og:image\" content=\"https:\/\/suomenkuvalehti.fi\/americana\/wp-content\/uploads\/sites\/10\/2022\/04\/americana_maunula-scaled.jpg\" \/>\n\t<meta property=\"og:image:width\" content=\"2560\" \/>\n\t<meta property=\"og:image:height\" content=\"1706\" \/>\n\t<meta property=\"og:image:type\" content=\"image\/jpeg\" \/>\n<meta name=\"author\" content=\"Marko Maunula\" \/>\n<meta name=\"twitter:card\" content=\"summary_large_image\" \/>\n<meta name=\"twitter:label1\" content=\"Written by\" \/>\n\t<meta name=\"twitter:data1\" content=\"Marko Maunula\" \/>\n\t<meta name=\"twitter:label2\" content=\"Est. reading time\" \/>\n\t<meta name=\"twitter:data2\" content=\"1 minuutti\" \/>\n<script type=\"application\/ld+json\" class=\"yoast-schema-graph\">{\"@context\":\"https:\/\/schema.org\",\"@graph\":[{\"@type\":\"WebPage\",\"@id\":\"https:\/\/suomenkuvalehti.fi\/americana\/teekutsut-miksi-vasta-nyt\/\",\"url\":\"https:\/\/suomenkuvalehti.fi\/americana\/teekutsut-miksi-vasta-nyt\/\",\"name\":\"Teekutsut: miksi vasta nyt? - Americana\",\"isPartOf\":{\"@id\":\"https:\/\/suomenkuvalehti.fi\/americana\/#website\"},\"datePublished\":\"2010-04-15T09:38:19+00:00\",\"dateModified\":\"2013-11-30T14:22:34+00:00\",\"author\":{\"@id\":\"https:\/\/suomenkuvalehti.fi\/americana\/#\/schema\/person\/12d514491cb37506bc39c8e10176c3ec\"},\"breadcrumb\":{\"@id\":\"https:\/\/suomenkuvalehti.fi\/americana\/teekutsut-miksi-vasta-nyt\/#breadcrumb\"},\"inLanguage\":\"fi\",\"potentialAction\":[{\"@type\":\"ReadAction\",\"target\":[\"https:\/\/suomenkuvalehti.fi\/americana\/teekutsut-miksi-vasta-nyt\/\"]}]},{\"@type\":\"BreadcrumbList\",\"@id\":\"https:\/\/suomenkuvalehti.fi\/americana\/teekutsut-miksi-vasta-nyt\/#breadcrumb\",\"itemListElement\":[{\"@type\":\"ListItem\",\"position\":1,\"name\":\"Home\",\"item\":\"https:\/\/suomenkuvalehti.fi\/americana\/\"},{\"@type\":\"ListItem\",\"position\":2,\"name\":\"Teekutsut: miksi vasta nyt?\"}]},{\"@type\":\"WebSite\",\"@id\":\"https:\/\/suomenkuvalehti.fi\/americana\/#website\",\"url\":\"https:\/\/suomenkuvalehti.fi\/americana\/\",\"name\":\"Americana\",\"description\":\"Professori Marko Maunula seuraa USA:n politiikkaa ja populaarikulttuuria\",\"potentialAction\":[{\"@type\":\"SearchAction\",\"target\":{\"@type\":\"EntryPoint\",\"urlTemplate\":\"https:\/\/suomenkuvalehti.fi\/haku\/?q={search_term_string}\"},\"query-input\":{\"@type\":\"PropertyValueSpecification\",\"valueRequired\":true,\"valueName\":\"search_term_string\"}}],\"inLanguage\":\"fi\"},{\"@type\":\"Person\",\"@id\":\"https:\/\/suomenkuvalehti.fi\/americana\/#\/schema\/person\/12d514491cb37506bc39c8e10176c3ec\",\"name\":\"Marko Maunula\",\"image\":{\"@type\":\"ImageObject\",\"inLanguage\":\"fi\",\"@id\":\"https:\/\/suomenkuvalehti.fi\/americana\/#\/schema\/person\/image\/\",\"url\":\"https:\/\/suomenkuvalehti.fi\/americana\/wp-content\/uploads\/sites\/10\/2022\/04\/americana_maunula-150x150.jpg\",\"contentUrl\":\"https:\/\/suomenkuvalehti.fi\/americana\/wp-content\/uploads\/sites\/10\/2022\/04\/americana_maunula-150x150.jpg\",\"caption\":\"Marko Maunula\"},\"description\":\"Kirjoittaja on Yhdysvaltain historian professori Atlantassa.\"}]}<\/script>\n<!-- \/ Yoast SEO plugin. -->","yoast_head_json":{"title":"Teekutsut: miksi vasta nyt? - Americana","robots":{"index":"noindex","follow":"follow"},"og_locale":"fi_FI","og_type":"article","og_title":"Teekutsut: miksi vasta nyt? - Americana","og_description":"Budjettivajeet ja valtion velkaantuminen olivat tosiseikkoja jo 2000-luvulla. Miksi teekutsu-liike syntyi vasta viime vaalien j\u00e4lkeen? Viimeiset 35 vuotta Yhdysvaltain velkataakan matematiikka on ollut helppo: kun republikaanit ovat Valkoissa talossa, maa velkaantuu. Kun maalla on demokraattinen &hellip;","og_url":"https:\/\/suomenkuvalehti.fi\/americana\/teekutsut-miksi-vasta-nyt\/","og_site_name":"Americana","article_published_time":"2010-04-15T09:38:19+00:00","article_modified_time":"2013-11-30T14:22:34+00:00","og_image":[{"width":2560,"height":1706,"url":"https:\/\/suomenkuvalehti.fi\/americana\/wp-content\/uploads\/sites\/10\/2022\/04\/americana_maunula-scaled.jpg","type":"image\/jpeg"}],"author":"Marko Maunula","twitter_card":"summary_large_image","twitter_misc":{"Written by":"Marko Maunula","Est. reading time":"1 minuutti"},"schema":{"@context":"https:\/\/schema.org","@graph":[{"@type":"WebPage","@id":"https:\/\/suomenkuvalehti.fi\/americana\/teekutsut-miksi-vasta-nyt\/","url":"https:\/\/suomenkuvalehti.fi\/americana\/teekutsut-miksi-vasta-nyt\/","name":"Teekutsut: miksi vasta nyt? - Americana","isPartOf":{"@id":"https:\/\/suomenkuvalehti.fi\/americana\/#website"},"datePublished":"2010-04-15T09:38:19+00:00","dateModified":"2013-11-30T14:22:34+00:00","author":{"@id":"https:\/\/suomenkuvalehti.fi\/americana\/#\/schema\/person\/12d514491cb37506bc39c8e10176c3ec"},"breadcrumb":{"@id":"https:\/\/suomenkuvalehti.fi\/americana\/teekutsut-miksi-vasta-nyt\/#breadcrumb"},"inLanguage":"fi","potentialAction":[{"@type":"ReadAction","target":["https:\/\/suomenkuvalehti.fi\/americana\/teekutsut-miksi-vasta-nyt\/"]}]},{"@type":"BreadcrumbList","@id":"https:\/\/suomenkuvalehti.fi\/americana\/teekutsut-miksi-vasta-nyt\/#breadcrumb","itemListElement":[{"@type":"ListItem","position":1,"name":"Home","item":"https:\/\/suomenkuvalehti.fi\/americana\/"},{"@type":"ListItem","position":2,"name":"Teekutsut: miksi vasta nyt?"}]},{"@type":"WebSite","@id":"https:\/\/suomenkuvalehti.fi\/americana\/#website","url":"https:\/\/suomenkuvalehti.fi\/americana\/","name":"Americana","description":"Professori Marko Maunula seuraa USA:n politiikkaa ja populaarikulttuuria","potentialAction":[{"@type":"SearchAction","target":{"@type":"EntryPoint","urlTemplate":"https:\/\/suomenkuvalehti.fi\/haku\/?q={search_term_string}"},"query-input":{"@type":"PropertyValueSpecification","valueRequired":true,"valueName":"search_term_string"}}],"inLanguage":"fi"},{"@type":"Person","@id":"https:\/\/suomenkuvalehti.fi\/americana\/#\/schema\/person\/12d514491cb37506bc39c8e10176c3ec","name":"Marko Maunula","image":{"@type":"ImageObject","inLanguage":"fi","@id":"https:\/\/suomenkuvalehti.fi\/americana\/#\/schema\/person\/image\/","url":"https:\/\/suomenkuvalehti.fi\/americana\/wp-content\/uploads\/sites\/10\/2022\/04\/americana_maunula-150x150.jpg","contentUrl":"https:\/\/suomenkuvalehti.fi\/americana\/wp-content\/uploads\/sites\/10\/2022\/04\/americana_maunula-150x150.jpg","caption":"Marko Maunula"},"description":"Kirjoittaja on Yhdysvaltain historian professori Atlantassa."}]}},"_links":{"self":[{"href":"https:\/\/suomenkuvalehti.fi\/americana\/wp-json\/wp\/v2\/posts\/606","targetHints":{"allow":["GET"]}}],"collection":[{"href":"https:\/\/suomenkuvalehti.fi\/americana\/wp-json\/wp\/v2\/posts"}],"about":[{"href":"https:\/\/suomenkuvalehti.fi\/americana\/wp-json\/wp\/v2\/types\/post"}],"author":[{"embeddable":true,"href":"https:\/\/suomenkuvalehti.fi\/americana\/wp-json\/wp\/v2\/users\/158"}],"replies":[{"embeddable":true,"href":"https:\/\/suomenkuvalehti.fi\/americana\/wp-json\/wp\/v2\/comments?post=606"}],"version-history":[{"count":1,"href":"https:\/\/suomenkuvalehti.fi\/americana\/wp-json\/wp\/v2\/posts\/606\/revisions"}],"predecessor-version":[{"id":1217,"href":"https:\/\/suomenkuvalehti.fi\/americana\/wp-json\/wp\/v2\/posts\/606\/revisions\/1217"}],"wp:attachment":[{"href":"https:\/\/suomenkuvalehti.fi\/americana\/wp-json\/wp\/v2\/media?parent=606"}],"wp:term":[{"taxonomy":"category","embeddable":true,"href":"https:\/\/suomenkuvalehti.fi\/americana\/wp-json\/wp\/v2\/categories?post=606"},{"taxonomy":"post_tag","embeddable":true,"href":"https:\/\/suomenkuvalehti.fi\/americana\/wp-json\/wp\/v2\/tags?post=606"}],"curies":[{"name":"wp","href":"https:\/\/api.w.org\/{rel}","templated":true}]}}