{"id":600,"date":"2010-04-23T14:54:23","date_gmt":"2010-04-23T11:54:23","guid":{"rendered":"https:\/\/suomenkuvalehti.fi\/americana\/kenet-ohio-teloitti\/"},"modified":"2013-11-30T16:22:34","modified_gmt":"2013-11-30T14:22:34","slug":"kenet-ohio-teloitti","status":"publish","type":"post","link":"https:\/\/suomenkuvalehti.fi\/americana\/kenet-ohio-teloitti\/","title":{"rendered":"Kenet Ohio teloitti?"},"content":{"rendered":"\n<p>Aikaisemmin t\u00e4ll\u00e4 viikolla Ohion osavaltio teloitti <strong>Darryl Durrin <\/strong><a href=\"http:\/\/abcnews.go.com\/TheLaw\/darryl-durrs-allergy-claim-fails-delay-execution\/story?id=10420538\">tappavalla ruiskeella<\/a>. Teloitus tapahtui vuonna 1988 tapahtuneesta raiskausmurhasta.<\/p>\n\n\n\n<p>Suhteeni kuolemanrangaistukseen on ongelmallinen, kuten uskoakseni useimmilla ihmisill\u00e4. En usko kuolemanrangaistukseen nyky-Yhdysvalloissa tai muualla modernissa maailmassa, mutta joissain tapauksissa massamurhaajien teloitus voi olla mielest\u00e4ni hyv\u00e4ksytt\u00e4v\u00e4\u00e4. Miten muuten voisimme toimia <strong>Hitlereiden<\/strong>, <strong>Pol Potien<\/strong>, tai <strong>Osama bin Ladeneiden<\/strong> kanssa, joiden hengiss\u00e4olo voi inspiroida fanaattisia kannattajia jatkamaan tappamista?<\/p>\n\n\n\n<p>Er\u00e4s amerikkalaisen teloitusk\u00e4yt\u00e4nn\u00f6n h\u00e4iritsevimpi\u00e4 piirteit\u00e4 on rangaistusten venyminen vuosikymmenten p\u00e4\u00e4h\u00e4n itse rikoksista. Darryl Dunn teki rikoksensa 24 vuotiaana, ja h\u00e4net teloitettiin 46 vuoden i\u00e4ss\u00e4. Teloittiko Ohio saman miehen joka teki rikoksen?<\/p>\n\n\n\n<p>Ihminen on 24 vuoden i\u00e4ss\u00e4 t\u00e4ydess\u00e4 vastuussa teoistaan, mutta kahden vuosikymmenen kuluttua me tuskin olemme samoja ihmisi\u00e4. Keski-ik\u00e4isen miehen sitominen teloitusp\u00f6yd\u00e4lle nuorukaisen tekemist\u00e4 rikoksista ei kuulosta pelk\u00e4st\u00e4\u00e4n v\u00e4\u00e4r\u00e4lt\u00e4, mutta my\u00f6s absurdilta.<\/p>\n\n\n\n<p><em>Soundtrack: Johnny Cash, I Never Picked Cotton.<\/em><\/p>\n\n\n","protected":false},"excerpt":{"rendered":"<p>Aikaisemmin t\u00e4ll\u00e4 viikolla Ohion osavaltio teloitti Darryl Durrin tappavalla ruiskeella. Teloitus tapahtui vuonna 1988 tapahtuneesta raiskausmurhasta. Suhteeni kuolemanrangaistukseen on ongelmallinen, kuten uskoakseni useimmilla ihmisill\u00e4. En usko kuolemanrangaistukseen nyky-Yhdysvalloissa tai muualla<br \/>\nmo&hellip;<\/p>\n","protected":false},"author":158,"featured_media":0,"comment_status":"open","ping_status":"open","sticky":false,"template":"","format":"standard","meta":{"_acf_changed":false,"asauth_required_access_level":0,"asauth_cansharepaid":"","om_header_attributes":[],"footnotes":"","om_featured_image_focal_point":[],"om_primary_tag":0,"om_contributors":[],"om_co_authors":[],"beyondwords_generate_audio":"","beyondwords_project_id":"","beyondwords_content_id":"","beyondwords_preview_token":"","beyondwords_player_content":"","beyondwords_player_style":"","beyondwords_language_code":"","beyondwords_language_id":"","beyondwords_title_voice_id":"","beyondwords_body_voice_id":"","beyondwords_summary_voice_id":"","beyondwords_error_message":"","beyondwords_disabled":"","beyondwords_delete_content":"","beyondwords_podcast_id":"","beyondwords_hash":"","publish_post_to_speechkit":"","speechkit_hash":"","speechkit_generate_audio":"","speechkit_project_id":"","speechkit_podcast_id":"","speechkit_error_message":"","speechkit_disabled":"","speechkit_access_key":"","speechkit_error":"","speechkit_info":"","speechkit_response":"","speechkit_retries":"","speechkit_status":"","speechkit_updated_at":"","_speechkit_link":"","_speechkit_text":""},"categories":[1],"tags":[1151,699,559,24],"class_list":["post-600","post","type-post","status-publish","format-standard","hentry","category-americana","tag-darryl-durr","tag-kuolemanrangaistus","tag-ohio","tag-yhdysvallat"],"om_views":null,"acf":{"tuuma_off":false,"tuuma_kysymys":"","tuuma_vastaus":""},"asauth":{"required_access_level":1,"share_token":"","is_paid":false},"yoast_head":"<!-- This site is optimized with the Yoast SEO plugin v26.4 - https:\/\/yoast.com\/wordpress\/plugins\/seo\/ -->\n<title>Kenet Ohio teloitti? - Americana<\/title>\n<meta name=\"robots\" content=\"noindex, follow\" \/>\n<meta property=\"og:locale\" content=\"fi_FI\" \/>\n<meta property=\"og:type\" content=\"article\" \/>\n<meta property=\"og:title\" content=\"Kenet Ohio teloitti? - Americana\" \/>\n<meta property=\"og:description\" content=\"Aikaisemmin t\u00e4ll\u00e4 viikolla Ohion osavaltio teloitti Darryl Durrin tappavalla ruiskeella. Teloitus tapahtui vuonna 1988 tapahtuneesta raiskausmurhasta. Suhteeni kuolemanrangaistukseen on ongelmallinen, kuten uskoakseni useimmilla ihmisill\u00e4. En usko kuolemanrangaistukseen nyky-Yhdysvalloissa tai muualla mo&hellip;\" \/>\n<meta property=\"og:url\" content=\"https:\/\/suomenkuvalehti.fi\/americana\/kenet-ohio-teloitti\/\" \/>\n<meta property=\"og:site_name\" content=\"Americana\" \/>\n<meta property=\"article:published_time\" content=\"2010-04-23T11:54:23+00:00\" \/>\n<meta property=\"article:modified_time\" content=\"2013-11-30T14:22:34+00:00\" \/>\n<meta property=\"og:image\" content=\"https:\/\/suomenkuvalehti.fi\/americana\/wp-content\/uploads\/sites\/10\/2022\/04\/americana_maunula-scaled.jpg\" \/>\n\t<meta property=\"og:image:width\" content=\"2560\" \/>\n\t<meta property=\"og:image:height\" content=\"1706\" \/>\n\t<meta property=\"og:image:type\" content=\"image\/jpeg\" \/>\n<meta name=\"author\" content=\"Marko Maunula\" \/>\n<meta name=\"twitter:card\" content=\"summary_large_image\" \/>\n<meta name=\"twitter:label1\" content=\"Written by\" \/>\n\t<meta name=\"twitter:data1\" content=\"Marko Maunula\" \/>\n\t<meta name=\"twitter:label2\" content=\"Est. reading time\" \/>\n\t<meta name=\"twitter:data2\" content=\"1 minuutti\" \/>\n<script type=\"application\/ld+json\" class=\"yoast-schema-graph\">{\"@context\":\"https:\/\/schema.org\",\"@graph\":[{\"@type\":\"WebPage\",\"@id\":\"https:\/\/suomenkuvalehti.fi\/americana\/kenet-ohio-teloitti\/\",\"url\":\"https:\/\/suomenkuvalehti.fi\/americana\/kenet-ohio-teloitti\/\",\"name\":\"Kenet Ohio teloitti? - Americana\",\"isPartOf\":{\"@id\":\"https:\/\/suomenkuvalehti.fi\/americana\/#website\"},\"datePublished\":\"2010-04-23T11:54:23+00:00\",\"dateModified\":\"2013-11-30T14:22:34+00:00\",\"author\":{\"@id\":\"https:\/\/suomenkuvalehti.fi\/americana\/#\/schema\/person\/12d514491cb37506bc39c8e10176c3ec\"},\"breadcrumb\":{\"@id\":\"https:\/\/suomenkuvalehti.fi\/americana\/kenet-ohio-teloitti\/#breadcrumb\"},\"inLanguage\":\"fi\",\"potentialAction\":[{\"@type\":\"ReadAction\",\"target\":[\"https:\/\/suomenkuvalehti.fi\/americana\/kenet-ohio-teloitti\/\"]}]},{\"@type\":\"BreadcrumbList\",\"@id\":\"https:\/\/suomenkuvalehti.fi\/americana\/kenet-ohio-teloitti\/#breadcrumb\",\"itemListElement\":[{\"@type\":\"ListItem\",\"position\":1,\"name\":\"Home\",\"item\":\"https:\/\/suomenkuvalehti.fi\/americana\/\"},{\"@type\":\"ListItem\",\"position\":2,\"name\":\"Kenet Ohio teloitti?\"}]},{\"@type\":\"WebSite\",\"@id\":\"https:\/\/suomenkuvalehti.fi\/americana\/#website\",\"url\":\"https:\/\/suomenkuvalehti.fi\/americana\/\",\"name\":\"Americana\",\"description\":\"Professori Marko Maunula seuraa USA:n politiikkaa ja populaarikulttuuria\",\"potentialAction\":[{\"@type\":\"SearchAction\",\"target\":{\"@type\":\"EntryPoint\",\"urlTemplate\":\"https:\/\/suomenkuvalehti.fi\/haku\/?q={search_term_string}\"},\"query-input\":{\"@type\":\"PropertyValueSpecification\",\"valueRequired\":true,\"valueName\":\"search_term_string\"}}],\"inLanguage\":\"fi\"},{\"@type\":\"Person\",\"@id\":\"https:\/\/suomenkuvalehti.fi\/americana\/#\/schema\/person\/12d514491cb37506bc39c8e10176c3ec\",\"name\":\"Marko Maunula\",\"image\":{\"@type\":\"ImageObject\",\"inLanguage\":\"fi\",\"@id\":\"https:\/\/suomenkuvalehti.fi\/americana\/#\/schema\/person\/image\/\",\"url\":\"https:\/\/suomenkuvalehti.fi\/americana\/wp-content\/uploads\/sites\/10\/2022\/04\/americana_maunula-150x150.jpg\",\"contentUrl\":\"https:\/\/suomenkuvalehti.fi\/americana\/wp-content\/uploads\/sites\/10\/2022\/04\/americana_maunula-150x150.jpg\",\"caption\":\"Marko Maunula\"},\"description\":\"Kirjoittaja on Yhdysvaltain historian professori Atlantassa.\"}]}<\/script>\n<!-- \/ Yoast SEO plugin. -->","yoast_head_json":{"title":"Kenet Ohio teloitti? - Americana","robots":{"index":"noindex","follow":"follow"},"og_locale":"fi_FI","og_type":"article","og_title":"Kenet Ohio teloitti? - Americana","og_description":"Aikaisemmin t\u00e4ll\u00e4 viikolla Ohion osavaltio teloitti Darryl Durrin tappavalla ruiskeella. Teloitus tapahtui vuonna 1988 tapahtuneesta raiskausmurhasta. Suhteeni kuolemanrangaistukseen on ongelmallinen, kuten uskoakseni useimmilla ihmisill\u00e4. En usko kuolemanrangaistukseen nyky-Yhdysvalloissa tai muualla mo&hellip;","og_url":"https:\/\/suomenkuvalehti.fi\/americana\/kenet-ohio-teloitti\/","og_site_name":"Americana","article_published_time":"2010-04-23T11:54:23+00:00","article_modified_time":"2013-11-30T14:22:34+00:00","og_image":[{"width":2560,"height":1706,"url":"https:\/\/suomenkuvalehti.fi\/americana\/wp-content\/uploads\/sites\/10\/2022\/04\/americana_maunula-scaled.jpg","type":"image\/jpeg"}],"author":"Marko Maunula","twitter_card":"summary_large_image","twitter_misc":{"Written by":"Marko Maunula","Est. reading time":"1 minuutti"},"schema":{"@context":"https:\/\/schema.org","@graph":[{"@type":"WebPage","@id":"https:\/\/suomenkuvalehti.fi\/americana\/kenet-ohio-teloitti\/","url":"https:\/\/suomenkuvalehti.fi\/americana\/kenet-ohio-teloitti\/","name":"Kenet Ohio teloitti? - Americana","isPartOf":{"@id":"https:\/\/suomenkuvalehti.fi\/americana\/#website"},"datePublished":"2010-04-23T11:54:23+00:00","dateModified":"2013-11-30T14:22:34+00:00","author":{"@id":"https:\/\/suomenkuvalehti.fi\/americana\/#\/schema\/person\/12d514491cb37506bc39c8e10176c3ec"},"breadcrumb":{"@id":"https:\/\/suomenkuvalehti.fi\/americana\/kenet-ohio-teloitti\/#breadcrumb"},"inLanguage":"fi","potentialAction":[{"@type":"ReadAction","target":["https:\/\/suomenkuvalehti.fi\/americana\/kenet-ohio-teloitti\/"]}]},{"@type":"BreadcrumbList","@id":"https:\/\/suomenkuvalehti.fi\/americana\/kenet-ohio-teloitti\/#breadcrumb","itemListElement":[{"@type":"ListItem","position":1,"name":"Home","item":"https:\/\/suomenkuvalehti.fi\/americana\/"},{"@type":"ListItem","position":2,"name":"Kenet Ohio teloitti?"}]},{"@type":"WebSite","@id":"https:\/\/suomenkuvalehti.fi\/americana\/#website","url":"https:\/\/suomenkuvalehti.fi\/americana\/","name":"Americana","description":"Professori Marko Maunula seuraa USA:n politiikkaa ja populaarikulttuuria","potentialAction":[{"@type":"SearchAction","target":{"@type":"EntryPoint","urlTemplate":"https:\/\/suomenkuvalehti.fi\/haku\/?q={search_term_string}"},"query-input":{"@type":"PropertyValueSpecification","valueRequired":true,"valueName":"search_term_string"}}],"inLanguage":"fi"},{"@type":"Person","@id":"https:\/\/suomenkuvalehti.fi\/americana\/#\/schema\/person\/12d514491cb37506bc39c8e10176c3ec","name":"Marko Maunula","image":{"@type":"ImageObject","inLanguage":"fi","@id":"https:\/\/suomenkuvalehti.fi\/americana\/#\/schema\/person\/image\/","url":"https:\/\/suomenkuvalehti.fi\/americana\/wp-content\/uploads\/sites\/10\/2022\/04\/americana_maunula-150x150.jpg","contentUrl":"https:\/\/suomenkuvalehti.fi\/americana\/wp-content\/uploads\/sites\/10\/2022\/04\/americana_maunula-150x150.jpg","caption":"Marko Maunula"},"description":"Kirjoittaja on Yhdysvaltain historian professori Atlantassa."}]}},"_links":{"self":[{"href":"https:\/\/suomenkuvalehti.fi\/americana\/wp-json\/wp\/v2\/posts\/600","targetHints":{"allow":["GET"]}}],"collection":[{"href":"https:\/\/suomenkuvalehti.fi\/americana\/wp-json\/wp\/v2\/posts"}],"about":[{"href":"https:\/\/suomenkuvalehti.fi\/americana\/wp-json\/wp\/v2\/types\/post"}],"author":[{"embeddable":true,"href":"https:\/\/suomenkuvalehti.fi\/americana\/wp-json\/wp\/v2\/users\/158"}],"replies":[{"embeddable":true,"href":"https:\/\/suomenkuvalehti.fi\/americana\/wp-json\/wp\/v2\/comments?post=600"}],"version-history":[{"count":1,"href":"https:\/\/suomenkuvalehti.fi\/americana\/wp-json\/wp\/v2\/posts\/600\/revisions"}],"predecessor-version":[{"id":1211,"href":"https:\/\/suomenkuvalehti.fi\/americana\/wp-json\/wp\/v2\/posts\/600\/revisions\/1211"}],"wp:attachment":[{"href":"https:\/\/suomenkuvalehti.fi\/americana\/wp-json\/wp\/v2\/media?parent=600"}],"wp:term":[{"taxonomy":"category","embeddable":true,"href":"https:\/\/suomenkuvalehti.fi\/americana\/wp-json\/wp\/v2\/categories?post=600"},{"taxonomy":"post_tag","embeddable":true,"href":"https:\/\/suomenkuvalehti.fi\/americana\/wp-json\/wp\/v2\/tags?post=600"}],"curies":[{"name":"wp","href":"https:\/\/api.w.org\/{rel}","templated":true}]}}