{"id":596,"date":"2010-05-03T13:58:35","date_gmt":"2010-05-03T10:58:35","guid":{"rendered":"https:\/\/suomenkuvalehti.fi\/americana\/lex-luthor-hono-ja-terrorismin-nykytila\/"},"modified":"2013-11-30T16:22:34","modified_gmt":"2013-11-30T14:22:34","slug":"lex-luthor-hono-ja-terrorismin-nykytila","status":"publish","type":"post","link":"https:\/\/suomenkuvalehti.fi\/americana\/lex-luthor-hono-ja-terrorismin-nykytila\/","title":{"rendered":"Lex Luthor, H\u00f6n\u00f6, ja terrorismin nykytila"},"content":{"rendered":"\n<p>Mit\u00e4 New Yorkin ep\u00e4onnistunut autopommi kertoo islamististen terroristien toimintakyvyst\u00e4?<\/p>\n\n\n\n<p>Times Squaren suutariksi j\u00e4\u00e4nyt autopommi oli tuskin hinattu pois paikalta, kun <strong>Qari Hussain Mehsud<\/strong>, Pakistanin Talibanin pommimestari, ilmoitti <a href=\"http:\/\/www.longwarjournal.org\/archives\/2010\/05\/pakistani_taliban_cl.php#ixzz0mnotS9YE\">j\u00e4rjest\u00f6n olevan yrityksen takana<\/a>. &#8221;Isku&#8221; oli kosto Predator-hy\u00f6kk\u00e4ysten tappamien terroristipomojen puolesta, Mehsud sanoi.<\/p>\n\n\n\n<p>Ensiksikin, <a href=\"http:\/\/www.nydailynews.com\/blogs\/dailypolitics\/2010\/05\/bloomberg-no-proof-al-qaeda-or.html\">me emme tied\u00e4<\/a> kuka oli vastuussa yrityksest\u00e4. Toiseksi, Mehsudin ymm\u00e4rrys l\u00e4nsimaalaisesta massapsykologiasta ja organisaationsa markkinoinnista ovat heikoissa kantimissa. Lopuksi, mik\u00e4li pommi oli todellakin rakennettu Mehsudin opeilla, Talibanin viholliset voivat ottaa hieman lunkimmin.<\/p>\n\n\n\n<p>Vajaa vuosikymmen sitten al-Qaida, Taliban, sek\u00e4 muut islamistit vaikuttivat liki saatanallisilta supermiehilt\u00e4. Syyskuun 11. p\u00e4iv\u00e4n iskujen j\u00e4lkeen pel\u00e4styneet l\u00e4nsimaalaiset suhtautuivat terroristeihin kuin sarjakuvien saatanallisiin antisankareihin.<\/p>\n\n\n\n<p>He olivat kaikkialla, kykenevi\u00e4 paholaismaisen nerokkaisiin iskuihin, ja taistelu heit\u00e4 vastaan vaati totaalista omistautumista (War on Terror), mittavia sotilasoperaatioita (Irak ja Afganistan), sek\u00e4 kansalaisvapauksien rajallista uhraamista (Patriot Act).<\/p>\n\n\n\n<p>Islamistinen terroristi ei ole en\u00e4\u00e4 <strong>Lex Luthor<\/strong>, vaan ennemminkin Masista tuttu <strong>H\u00f6n\u00f6<\/strong>. Jos Taliban todella on vastuussa Times Squaren yrityksest\u00e4, j\u00e4rjest\u00f6n toimintakyky ja tehokkuus ovat, luojan kiitos, todella huonossa hapessa.<\/p>\n\n\n\n<p>Vuosikymmen sitten Taliban, al-Qaida, sek\u00e4 muut terrorij\u00e4rjest\u00f6t kykeniv\u00e4t mittaviin, huolellisesti koordinoituihin monen rintaman hy\u00f6kk\u00e4yksiin. T\u00e4n\u00e4\u00e4n he kykenev\u00e4t parkkeeraamaan savuavan auton Times Squarelle.<\/p>\n\n\n\n<p><strong>George W. Bushin<\/strong> aloittama ja <strong>Barack Obaman<\/strong> jatkama terroristijohtajien salamurhakampanja on selv\u00e4sti tehonnut.<\/p>\n\n\n\n<p><em>Soundtrack: Elliott Smith, Single File.<\/em><\/p>\n\n\n","protected":false},"excerpt":{"rendered":"<p>Mit\u00e4 New Yorkin ep\u00e4onnistunut autopommi kertoo islamististen terroristien toimintakyvyst\u00e4? Times Squaren suutariksi j\u00e4\u00e4nyt autopommi oli tuskin hinattu pois paikalta, kun Qari Hussain Mehsud, Pakistanin Talibanin pommimestari, ilmoitti j\u00e4rjest\u00f6n olevan yrityksen takana.<br \/>\n&#038;#8221&hellip;<\/p>\n","protected":false},"author":158,"featured_media":0,"comment_status":"open","ping_status":"open","sticky":false,"template":"","format":"standard","meta":{"_acf_changed":false,"asauth_required_access_level":0,"asauth_cansharepaid":"","om_header_attributes":[],"footnotes":"","om_featured_image_focal_point":[],"om_primary_tag":0,"om_contributors":[],"om_co_authors":[],"beyondwords_generate_audio":"","beyondwords_project_id":"","beyondwords_content_id":"","beyondwords_preview_token":"","beyondwords_player_content":"","beyondwords_player_style":"","beyondwords_language_code":"","beyondwords_language_id":"","beyondwords_title_voice_id":"","beyondwords_body_voice_id":"","beyondwords_summary_voice_id":"","beyondwords_error_message":"","beyondwords_disabled":"","beyondwords_delete_content":"","beyondwords_podcast_id":"","beyondwords_hash":"","publish_post_to_speechkit":"","speechkit_hash":"","speechkit_generate_audio":"","speechkit_project_id":"","speechkit_podcast_id":"","speechkit_error_message":"","speechkit_disabled":"","speechkit_access_key":"","speechkit_error":"","speechkit_info":"","speechkit_response":"","speechkit_retries":"","speechkit_status":"","speechkit_updated_at":"","_speechkit_link":"","_speechkit_text":""},"categories":[1],"tags":[1146,118,1074,193,1144],"class_list":["post-596","post","type-post","status-publish","format-standard","hentry","category-americana","tag-autopommi","tag-new-york","tag-taliban","tag-terrorismi","tag-times-square"],"om_views":null,"acf":{"tuuma_off":false,"tuuma_kysymys":"","tuuma_vastaus":""},"asauth":{"required_access_level":1,"share_token":"","is_paid":false},"yoast_head":"<!-- This site is optimized with the Yoast SEO plugin v26.4 - https:\/\/yoast.com\/wordpress\/plugins\/seo\/ -->\n<title>Lex Luthor, H\u00f6n\u00f6, ja terrorismin nykytila - Americana<\/title>\n<meta name=\"robots\" content=\"noindex, follow\" \/>\n<meta property=\"og:locale\" content=\"fi_FI\" \/>\n<meta property=\"og:type\" content=\"article\" \/>\n<meta property=\"og:title\" content=\"Lex Luthor, H\u00f6n\u00f6, ja terrorismin nykytila - Americana\" \/>\n<meta property=\"og:description\" content=\"Mit\u00e4 New Yorkin ep\u00e4onnistunut autopommi kertoo islamististen terroristien toimintakyvyst\u00e4? Times Squaren suutariksi j\u00e4\u00e4nyt autopommi oli tuskin hinattu pois paikalta, kun Qari Hussain Mehsud, Pakistanin Talibanin pommimestari, ilmoitti j\u00e4rjest\u00f6n olevan yrityksen takana. &amp;#8221&hellip;\" \/>\n<meta property=\"og:url\" content=\"https:\/\/suomenkuvalehti.fi\/americana\/lex-luthor-hono-ja-terrorismin-nykytila\/\" \/>\n<meta property=\"og:site_name\" content=\"Americana\" \/>\n<meta property=\"article:published_time\" content=\"2010-05-03T10:58:35+00:00\" \/>\n<meta property=\"article:modified_time\" content=\"2013-11-30T14:22:34+00:00\" \/>\n<meta property=\"og:image\" content=\"https:\/\/suomenkuvalehti.fi\/americana\/wp-content\/uploads\/sites\/10\/2022\/04\/americana_maunula-scaled.jpg\" \/>\n\t<meta property=\"og:image:width\" content=\"2560\" \/>\n\t<meta property=\"og:image:height\" content=\"1706\" \/>\n\t<meta property=\"og:image:type\" content=\"image\/jpeg\" \/>\n<meta name=\"author\" content=\"Marko Maunula\" \/>\n<meta name=\"twitter:card\" content=\"summary_large_image\" \/>\n<meta name=\"twitter:label1\" content=\"Written by\" \/>\n\t<meta name=\"twitter:data1\" content=\"Marko Maunula\" \/>\n\t<meta name=\"twitter:label2\" content=\"Est. reading time\" \/>\n\t<meta name=\"twitter:data2\" content=\"1 minuutti\" \/>\n<script type=\"application\/ld+json\" class=\"yoast-schema-graph\">{\"@context\":\"https:\/\/schema.org\",\"@graph\":[{\"@type\":\"WebPage\",\"@id\":\"https:\/\/suomenkuvalehti.fi\/americana\/lex-luthor-hono-ja-terrorismin-nykytila\/\",\"url\":\"https:\/\/suomenkuvalehti.fi\/americana\/lex-luthor-hono-ja-terrorismin-nykytila\/\",\"name\":\"Lex Luthor, H\u00f6n\u00f6, ja terrorismin nykytila - Americana\",\"isPartOf\":{\"@id\":\"https:\/\/suomenkuvalehti.fi\/americana\/#website\"},\"datePublished\":\"2010-05-03T10:58:35+00:00\",\"dateModified\":\"2013-11-30T14:22:34+00:00\",\"author\":{\"@id\":\"https:\/\/suomenkuvalehti.fi\/americana\/#\/schema\/person\/12d514491cb37506bc39c8e10176c3ec\"},\"breadcrumb\":{\"@id\":\"https:\/\/suomenkuvalehti.fi\/americana\/lex-luthor-hono-ja-terrorismin-nykytila\/#breadcrumb\"},\"inLanguage\":\"fi\",\"potentialAction\":[{\"@type\":\"ReadAction\",\"target\":[\"https:\/\/suomenkuvalehti.fi\/americana\/lex-luthor-hono-ja-terrorismin-nykytila\/\"]}]},{\"@type\":\"BreadcrumbList\",\"@id\":\"https:\/\/suomenkuvalehti.fi\/americana\/lex-luthor-hono-ja-terrorismin-nykytila\/#breadcrumb\",\"itemListElement\":[{\"@type\":\"ListItem\",\"position\":1,\"name\":\"Home\",\"item\":\"https:\/\/suomenkuvalehti.fi\/americana\/\"},{\"@type\":\"ListItem\",\"position\":2,\"name\":\"Lex Luthor, H\u00f6n\u00f6, ja terrorismin nykytila\"}]},{\"@type\":\"WebSite\",\"@id\":\"https:\/\/suomenkuvalehti.fi\/americana\/#website\",\"url\":\"https:\/\/suomenkuvalehti.fi\/americana\/\",\"name\":\"Americana\",\"description\":\"Professori Marko Maunula seuraa USA:n politiikkaa ja populaarikulttuuria\",\"potentialAction\":[{\"@type\":\"SearchAction\",\"target\":{\"@type\":\"EntryPoint\",\"urlTemplate\":\"https:\/\/suomenkuvalehti.fi\/haku\/?q={search_term_string}\"},\"query-input\":{\"@type\":\"PropertyValueSpecification\",\"valueRequired\":true,\"valueName\":\"search_term_string\"}}],\"inLanguage\":\"fi\"},{\"@type\":\"Person\",\"@id\":\"https:\/\/suomenkuvalehti.fi\/americana\/#\/schema\/person\/12d514491cb37506bc39c8e10176c3ec\",\"name\":\"Marko Maunula\",\"image\":{\"@type\":\"ImageObject\",\"inLanguage\":\"fi\",\"@id\":\"https:\/\/suomenkuvalehti.fi\/americana\/#\/schema\/person\/image\/\",\"url\":\"https:\/\/suomenkuvalehti.fi\/americana\/wp-content\/uploads\/sites\/10\/2022\/04\/americana_maunula-150x150.jpg\",\"contentUrl\":\"https:\/\/suomenkuvalehti.fi\/americana\/wp-content\/uploads\/sites\/10\/2022\/04\/americana_maunula-150x150.jpg\",\"caption\":\"Marko Maunula\"},\"description\":\"Kirjoittaja on Yhdysvaltain historian professori Atlantassa.\"}]}<\/script>\n<!-- \/ Yoast SEO plugin. -->","yoast_head_json":{"title":"Lex Luthor, H\u00f6n\u00f6, ja terrorismin nykytila - Americana","robots":{"index":"noindex","follow":"follow"},"og_locale":"fi_FI","og_type":"article","og_title":"Lex Luthor, H\u00f6n\u00f6, ja terrorismin nykytila - Americana","og_description":"Mit\u00e4 New Yorkin ep\u00e4onnistunut autopommi kertoo islamististen terroristien toimintakyvyst\u00e4? Times Squaren suutariksi j\u00e4\u00e4nyt autopommi oli tuskin hinattu pois paikalta, kun Qari Hussain Mehsud, Pakistanin Talibanin pommimestari, ilmoitti j\u00e4rjest\u00f6n olevan yrityksen takana. &#8221&hellip;","og_url":"https:\/\/suomenkuvalehti.fi\/americana\/lex-luthor-hono-ja-terrorismin-nykytila\/","og_site_name":"Americana","article_published_time":"2010-05-03T10:58:35+00:00","article_modified_time":"2013-11-30T14:22:34+00:00","og_image":[{"width":2560,"height":1706,"url":"https:\/\/suomenkuvalehti.fi\/americana\/wp-content\/uploads\/sites\/10\/2022\/04\/americana_maunula-scaled.jpg","type":"image\/jpeg"}],"author":"Marko Maunula","twitter_card":"summary_large_image","twitter_misc":{"Written by":"Marko Maunula","Est. reading time":"1 minuutti"},"schema":{"@context":"https:\/\/schema.org","@graph":[{"@type":"WebPage","@id":"https:\/\/suomenkuvalehti.fi\/americana\/lex-luthor-hono-ja-terrorismin-nykytila\/","url":"https:\/\/suomenkuvalehti.fi\/americana\/lex-luthor-hono-ja-terrorismin-nykytila\/","name":"Lex Luthor, H\u00f6n\u00f6, ja terrorismin nykytila - Americana","isPartOf":{"@id":"https:\/\/suomenkuvalehti.fi\/americana\/#website"},"datePublished":"2010-05-03T10:58:35+00:00","dateModified":"2013-11-30T14:22:34+00:00","author":{"@id":"https:\/\/suomenkuvalehti.fi\/americana\/#\/schema\/person\/12d514491cb37506bc39c8e10176c3ec"},"breadcrumb":{"@id":"https:\/\/suomenkuvalehti.fi\/americana\/lex-luthor-hono-ja-terrorismin-nykytila\/#breadcrumb"},"inLanguage":"fi","potentialAction":[{"@type":"ReadAction","target":["https:\/\/suomenkuvalehti.fi\/americana\/lex-luthor-hono-ja-terrorismin-nykytila\/"]}]},{"@type":"BreadcrumbList","@id":"https:\/\/suomenkuvalehti.fi\/americana\/lex-luthor-hono-ja-terrorismin-nykytila\/#breadcrumb","itemListElement":[{"@type":"ListItem","position":1,"name":"Home","item":"https:\/\/suomenkuvalehti.fi\/americana\/"},{"@type":"ListItem","position":2,"name":"Lex Luthor, H\u00f6n\u00f6, ja terrorismin nykytila"}]},{"@type":"WebSite","@id":"https:\/\/suomenkuvalehti.fi\/americana\/#website","url":"https:\/\/suomenkuvalehti.fi\/americana\/","name":"Americana","description":"Professori Marko Maunula seuraa USA:n politiikkaa ja populaarikulttuuria","potentialAction":[{"@type":"SearchAction","target":{"@type":"EntryPoint","urlTemplate":"https:\/\/suomenkuvalehti.fi\/haku\/?q={search_term_string}"},"query-input":{"@type":"PropertyValueSpecification","valueRequired":true,"valueName":"search_term_string"}}],"inLanguage":"fi"},{"@type":"Person","@id":"https:\/\/suomenkuvalehti.fi\/americana\/#\/schema\/person\/12d514491cb37506bc39c8e10176c3ec","name":"Marko Maunula","image":{"@type":"ImageObject","inLanguage":"fi","@id":"https:\/\/suomenkuvalehti.fi\/americana\/#\/schema\/person\/image\/","url":"https:\/\/suomenkuvalehti.fi\/americana\/wp-content\/uploads\/sites\/10\/2022\/04\/americana_maunula-150x150.jpg","contentUrl":"https:\/\/suomenkuvalehti.fi\/americana\/wp-content\/uploads\/sites\/10\/2022\/04\/americana_maunula-150x150.jpg","caption":"Marko Maunula"},"description":"Kirjoittaja on Yhdysvaltain historian professori Atlantassa."}]}},"_links":{"self":[{"href":"https:\/\/suomenkuvalehti.fi\/americana\/wp-json\/wp\/v2\/posts\/596","targetHints":{"allow":["GET"]}}],"collection":[{"href":"https:\/\/suomenkuvalehti.fi\/americana\/wp-json\/wp\/v2\/posts"}],"about":[{"href":"https:\/\/suomenkuvalehti.fi\/americana\/wp-json\/wp\/v2\/types\/post"}],"author":[{"embeddable":true,"href":"https:\/\/suomenkuvalehti.fi\/americana\/wp-json\/wp\/v2\/users\/158"}],"replies":[{"embeddable":true,"href":"https:\/\/suomenkuvalehti.fi\/americana\/wp-json\/wp\/v2\/comments?post=596"}],"version-history":[{"count":1,"href":"https:\/\/suomenkuvalehti.fi\/americana\/wp-json\/wp\/v2\/posts\/596\/revisions"}],"predecessor-version":[{"id":1207,"href":"https:\/\/suomenkuvalehti.fi\/americana\/wp-json\/wp\/v2\/posts\/596\/revisions\/1207"}],"wp:attachment":[{"href":"https:\/\/suomenkuvalehti.fi\/americana\/wp-json\/wp\/v2\/media?parent=596"}],"wp:term":[{"taxonomy":"category","embeddable":true,"href":"https:\/\/suomenkuvalehti.fi\/americana\/wp-json\/wp\/v2\/categories?post=596"},{"taxonomy":"post_tag","embeddable":true,"href":"https:\/\/suomenkuvalehti.fi\/americana\/wp-json\/wp\/v2\/tags?post=596"}],"curies":[{"name":"wp","href":"https:\/\/api.w.org\/{rel}","templated":true}]}}