{"id":592,"date":"2010-05-12T15:53:05","date_gmt":"2010-05-12T12:53:05","guid":{"rendered":"https:\/\/suomenkuvalehti.fi\/americana\/mika-synnytti-teekutsu-liikkeen\/"},"modified":"2013-11-30T16:22:34","modified_gmt":"2013-11-30T14:22:34","slug":"mika-synnytti-teekutsu-liikkeen","status":"publish","type":"post","link":"https:\/\/suomenkuvalehti.fi\/americana\/mika-synnytti-teekutsu-liikkeen\/","title":{"rendered":"Mik\u00e4 synnytti teekutsu-liikkeen?"},"content":{"rendered":"\n<p>Teekutsu-liike on vahvasti rasistinen ja t\u00e4ynn\u00e4 kaipuuta kuviteltuun menneisyyteen. Mutta se ei ole pelk\u00e4st\u00e4\u00e4n teekutsulaisten syy.<\/p>\n\n\n\n<p>V\u00e4est\u00f6laskijat kiert\u00e4v\u00e4t parhaillaan amerikkalaisia naapurustoja. He ker\u00e4\u00e4v\u00e4t ovi ovelta niiden kansalaisten tietoja, jotka eiv\u00e4t ajoissa vastanneet kirjalliseen kyselylomakkeeseen.<\/p>\n\n\n\n<p>Joka kymmenes vuosi v\u00e4est\u00f6laskijat selvitt\u00e4v\u00e4t mm. Yhdysvaltain asukasm\u00e4\u00e4r\u00e4n, sen v\u00e4est\u00f6n koulutustason, etnisen taustan, ja asumisj\u00e4rjestelyt. Laskennan varsinainen tarkoitus on selvitt\u00e4\u00e4 montako edustajaa osavaltiot saavat Kongressiin, mutta sen ohella tutkijat ker\u00e4\u00e4v\u00e4t muutakin dataa sosiologien, taloustieteilij\u00f6iden, historioitsijoiden, markkinoijien, sek\u00e4 muiden ammattilaisten iloksi.<\/p>\n\n\n\n<p>Laskennan tulokset ilmestyv\u00e4t vasta ensi vuonna, mutta ne todenn\u00e4k\u00f6isesti kertovat Yhdysvaltojen <a href=\"http:\/\/www.cbsnews.com\/stories\/2004\/03\/17\/national\/main607022.shtml\">muuttuneen j\u00e4lleen hieman tummemmaksi<\/a> ja naisvaltaisemmaksi. Latinojen, aasialaisten, ja monirotuisten osuus amerikkalaisista kasvaa kohisten. Kahden sukupolven kuluttua valkoiset muodostavat alle puolet Yhdysvaltain v\u00e4est\u00f6st\u00e4. Maa edelleen vahvistaa asemaansa maailman monikulttuurisimpana ja etnisesti kirjavimpana valtiona.<\/p>\n\n\n\n<p>Kehitys pelottaa monia valkoisia, varsinkin <a href=\"http:\/\/www.southernstudies.org\/2010\/04\/tax-week-whos-coming-to-the-tea-parties.html\">teekutsu-liikkeen vahvoilla kannatusalueilla<\/a>, Yhdysvaltain Etel\u00e4ss\u00e4. Viel\u00e4 1960-luvulla rotuerottelu ja valkoinen valta olivat t\u00e4\u00e4ll\u00e4 kiistattomia tosiseikkoja. T\u00e4n\u00e4\u00e4n Valkoista taloa is\u00e4nn\u00f6i musta mies, ja Korkeimmassa oikeudessa istuu pian kolme naista, kolme juutalaista, eik\u00e4 yht\u00e4\u00e4n protestanttia.<\/p>\n\n\n\n<p><strong>K\u00e4rsiv\u00e4 keskiluokka<\/strong><\/p>\n\n\n\n<p>Valkoisen v\u00e4est\u00f6n heikkenev\u00e4 ote vallasta n\u00e4kyy my\u00f6s taloudessa. <strong>Jimmy Carterin<\/strong> aloittama ja <strong>Ronald Reaganin<\/strong> kiihdytt\u00e4m\u00e4 s\u00e4\u00e4nn\u00f6stelyn purku ja monetarismi palauttivat dynamismin Yhdysvaltain talouteen, mutta talousremontilla on nurja puolensa: amerikkalainen miesduunari tienaa t\u00e4n\u00e4\u00e4n <a href=\"http:\/\/www.tcf.org\/Publications\/economicsinequality\/mid%20class%20basics.pdf\">v\u00e4hemm\u00e4n kuin sukupolvi sitten<\/a>. Tarjonnan talouspolitiikan kannattajien puheet siit\u00e4, miten nouseva talousaalto nostaa kaikkia veneit\u00e4 ei ole osoittautunut todeksi.<\/p>\n\n\n\n<p>Valkoisen keskiluokan ja alemman keskiluokan kutistuva valta ja taloudellinen ahdinko ovat selv\u00e4sti mitattavia tosiseikkoja. Demografinen kehitys ja talouden muutos ovat teekutsu-liikkeen ja republikaanisen puoleen radikalisoitumisen kaksi vahvinta katalysaattoria.<\/p>\n\n\n\n<p>Teekutsu-liike on helppo leimata rasististen ja huonosti informoitujen modernismin totaalikielt\u00e4ytyjien hihhuloinniksi, sill\u00e4 t\u00e4st\u00e4 liikkeess\u00e4 valtaosin on kyse. Silti, teekutsu-joukon huolet nousevat konkreettisista ongelmista, joita valtio on ollut joko haluton tai kyvyt\u00f6n ratkaisemaan.<\/p>\n\n\n\n<p><strong>Laiton siirtolaisuus<\/strong><\/p>\n\n\n\n<p>Yhdysvalloissa asuu parhaillaan ehk\u00e4 10 miljoonaa laitonta siirtolaista. Heid\u00e4n l\u00e4sn\u00e4olonsa puskee alas palkkoja, rasittaa yhteis\u00f6jen palveluja \u00e4\u00e4rimmilleen, sek\u00e4 synnytt\u00e4\u00e4 j\u00e4nnitteit\u00e4 kantav\u00e4est\u00f6n ja siirtolaisten v\u00e4lille.<\/p>\n\n\n\n<p>Pelk\u00e4st\u00e4\u00e4n siirtolaisten syytt\u00e4minen jengiytymisest\u00e4 ja v\u00e4kivallasta on perusteetonta, mutta uudet siirtolaisjengit ja j\u00e4rjest\u00e4ytyneet rikollisj\u00e4rjest\u00f6t eiv\u00e4t ole ainakaan auttaneet tilannetta. Pel\u00e4tty <a href=\"http:\/\/www.cbsatlanta.com\/news\/22744101\/detail.html\">MS-13 on terrorisoinut<\/a> esimerkiksi muutamia Atlantan naapurustoja jo vuosia.<\/p>\n\n\n\n<p>Liittovaltio on ollut kyvyt\u00f6n ja haluton ratkaisemaan laittoman siirtolaisuuden ongelmaa. Monet liberaalit uskovat avoimempaan maahanmuuttopolitiikkaan humanit\u00e4\u00e4risist\u00e4 syist\u00e4, ja konservatiivit haluavat halpaa ty\u00f6voimaa. Laskevien palkkojen kanssa taistelevat sinikaulus-duunarit sek\u00e4 alempi valkokaulus-keskiluokka ovat yht\u00e4l\u00f6n h\u00e4vi\u00e4j\u00e4t.<\/p>\n\n\n\n<p><strong>Paluu kuviteltuun eiliseen<\/strong><\/p>\n\n\n\n<p>Yhdysvaltain individualistinen ja nostalginen kulttuuri sek\u00e4 paikoitellen my\u00f6s rasismi ovat heikent\u00e4neet teekutsulaisten kyky\u00e4 hahmottaa ongelmat ja suunnata suuttumus oikeaan osoitteeseen.<\/p>\n\n\n\n<p>Presidentti <strong>Obaman<\/strong> talouden stimulointipaketti perustui vahvasti veronleikkauksiin. Obama joko laski veroja tai piti ne entisell\u00e4\u00e4n yli 90 prosentille amerikkalaisista. Siit\u00e4 huolimatta miltei kaikki teekutsulaiset uskovat Obaman nostaneen veroja. Monet heist\u00e4 nauttivat valtion el\u00e4keturvasta ja terveydenhoidosta, mutta he haluavat valtion pois ohjaamasta kansalaisten el\u00e4m\u00e4\u00e4.<\/p>\n\n\n\n<p>Teekutsu-tapahtumien &#8221;Me haluamme meid\u00e4n Amerikkamme takaisin!&#8221; -teema on helppo tulkita. Teekutsulaiset haluavat takaisin valkoisten kontrolloimaan Amerikkaan, jossa duunarit ja keskiluokka kykenev\u00e4t ruokkimaan perheens\u00e4 is\u00e4n tilipussilla.<\/p>\n\n\n\n<p>Paradoksaalisesti, he syytt\u00e4v\u00e4t vapaiden markkinoiden synnytt\u00e4mist\u00e4 ongelmista demokraatteja ja siirtolaisia. Amerikkalaisen individualismin ja populismin perinne ohjaavat heid\u00e4t syytt\u00e4m\u00e4\u00e4n kehityksest\u00e4 \u00e4lykk\u00f6ja ja liberaaleja, siirtolaisia ja globalisaatiota.<\/p>\n\n\n\n<p>Teekutsulaiset uskovat talouden s\u00e4\u00e4nn\u00f6stelyn purkamisen aihettamien ongelmien korjaantuvan purkamalla loputkin s\u00e4\u00e4nn\u00f6stelyst\u00e4. He haluavat valtion ottavan likaiset sormensa pois heid\u00e4n valtion maksamista el\u00e4kkeist\u00e4\u00e4n sek\u00e4 sairasvakuutuksistaan. He vaativat talouden vapauttamista, mutta vastustavat tuotannon siirtymist\u00e4 ulkomaille.<\/p>\n\n\n\n<p>Monet teekutsulaiset ovat nostalgikkoja ja heid\u00e4n mielikuvansa eilisest\u00e4 ovat vahvasti ruusunpunaisia. Kognitiivinen dissonanssi ei ole tietenk\u00e4\u00e4n ainoastaan teekutsulaisten yksinoikeus, mutta heid\u00e4n tapauksessaan se on poikkeuksellisen voimakasta.<\/p>\n\n\n\n<p><strong>Teekutsujen tulevaisuus<\/strong><\/p>\n\n\n\n<p>Populistiset liikkeet ovat tulleet ja menneet l\u00e4pi Yhdysvaltain historian. Teekutsujen raivo polttaa itsens\u00e4 loppuun parin vuoden sis\u00e4ll\u00e4.<\/p>\n\n\n\n<p>T\u00e4ll\u00e4 hetkell\u00e4 liike on vahva. Republikaanit ovat taitavasti kanavoineet liikkeen suuttumuksen omaksi edukseen, mutta my\u00f6s republikaanien on syyt\u00e4 olla varuillaan, sill\u00e4 liike saattaa aiheuttaa vahinkoa puolueen pitk\u00e4n t\u00e4ht\u00e4imen tulevaisuudelle. <a href=\"https:\/\/suomenkuvalehti.fi\/americana\/siirtolaislaki-arizonan-opetukset\/\">Arizonan<\/a> ja <a href=\"http:\/\/www.tnr.com\/blog\/jonathan-chait\/olympia-snowe-look-out-2012\">Mainen esimerkit<\/a> osoittavat, ett\u00e4 teekutsulaiset voivat radikalisoida republikaanisen puolueen ja johtaa maltillisten sek\u00e4 riippumattomien kannattajien marssiin kohti Demokraattista puoluetta.<\/p>\n\n\n\n<p>Teekutsut hiipuvat, kunhan talous elpyy ja maltillinen realismi ottaa taas jalansijaa. Sirkus viipyy kaupungissa viel\u00e4 aikansa, mutta katoaa aikanaan kuten sen surullisenkuuluisat edelt\u00e4j\u00e4ns\u00e4, klaanista kommunisteihin.<\/p>\n\n\n\n<p><em>Soundtrack: Tool, Schism.<\/em><\/p>\n\n\n","protected":false},"excerpt":{"rendered":"<p>Teekutsu-liike on vahvasti rasistinen ja t\u00e4ynn\u00e4 kaipuuta kuviteltuun menneisyyteen. Mutta se ei ole pelk\u00e4st\u00e4\u00e4n teekutsulaisten syy. V\u00e4est\u00f6laskijat kiert\u00e4v\u00e4t parhaillaan amerikkalaisia naapurustoja. He ker\u00e4\u00e4v\u00e4t ovi ovelta niiden kansalaisten tietoja, jotka eiv\u00e4t ajoissa vastanneet<br \/>\nkirjalliseen&hellip;<\/p>\n","protected":false},"author":158,"featured_media":0,"comment_status":"open","ping_status":"open","sticky":false,"template":"","format":"standard","meta":{"_acf_changed":false,"asauth_required_access_level":0,"asauth_cansharepaid":"","om_header_attributes":[],"footnotes":"","om_featured_image_focal_point":[],"om_primary_tag":0,"om_contributors":[],"om_co_authors":[],"beyondwords_generate_audio":"","beyondwords_project_id":"","beyondwords_content_id":"","beyondwords_preview_token":"","beyondwords_player_content":"","beyondwords_player_style":"","beyondwords_language_code":"","beyondwords_language_id":"","beyondwords_title_voice_id":"","beyondwords_body_voice_id":"","beyondwords_summary_voice_id":"","beyondwords_error_message":"","beyondwords_disabled":"","beyondwords_delete_content":"","beyondwords_podcast_id":"","beyondwords_hash":"","publish_post_to_speechkit":"","speechkit_hash":"","speechkit_generate_audio":"","speechkit_project_id":"","speechkit_podcast_id":"","speechkit_error_message":"","speechkit_disabled":"","speechkit_access_key":"","speechkit_error":"","speechkit_info":"","speechkit_response":"","speechkit_retries":"","speechkit_status":"","speechkit_updated_at":"","_speechkit_link":"","_speechkit_text":""},"categories":[1],"tags":[263,31,321,562,1140,280,30,21,24],"class_list":["post-592","post","type-post","status-publish","format-standard","hentry","category-americana","tag-atlanta","tag-demokraatit","tag-etela","tag-laiton-siirtolaisuus","tag-protesti","tag-rasismi","tag-republikaanit","tag-teekutsut","tag-yhdysvallat"],"om_views":null,"acf":{"tuuma_off":false,"tuuma_kysymys":"","tuuma_vastaus":""},"asauth":{"required_access_level":1,"share_token":"","is_paid":false},"yoast_head":"<!-- This site is optimized with the Yoast SEO plugin v26.4 - https:\/\/yoast.com\/wordpress\/plugins\/seo\/ -->\n<title>Mik\u00e4 synnytti teekutsu-liikkeen? - Americana<\/title>\n<meta name=\"robots\" content=\"noindex, follow\" \/>\n<meta property=\"og:locale\" content=\"fi_FI\" \/>\n<meta property=\"og:type\" content=\"article\" \/>\n<meta property=\"og:title\" content=\"Mik\u00e4 synnytti teekutsu-liikkeen? - Americana\" \/>\n<meta property=\"og:description\" content=\"Teekutsu-liike on vahvasti rasistinen ja t\u00e4ynn\u00e4 kaipuuta kuviteltuun menneisyyteen. Mutta se ei ole pelk\u00e4st\u00e4\u00e4n teekutsulaisten syy. V\u00e4est\u00f6laskijat kiert\u00e4v\u00e4t parhaillaan amerikkalaisia naapurustoja. He ker\u00e4\u00e4v\u00e4t ovi ovelta niiden kansalaisten tietoja, jotka eiv\u00e4t ajoissa vastanneet kirjalliseen&hellip;\" \/>\n<meta property=\"og:url\" content=\"https:\/\/suomenkuvalehti.fi\/americana\/mika-synnytti-teekutsu-liikkeen\/\" \/>\n<meta property=\"og:site_name\" content=\"Americana\" \/>\n<meta property=\"article:published_time\" content=\"2010-05-12T12:53:05+00:00\" \/>\n<meta property=\"article:modified_time\" content=\"2013-11-30T14:22:34+00:00\" \/>\n<meta property=\"og:image\" content=\"https:\/\/suomenkuvalehti.fi\/americana\/wp-content\/uploads\/sites\/10\/2022\/04\/americana_maunula-scaled.jpg\" \/>\n\t<meta property=\"og:image:width\" content=\"2560\" \/>\n\t<meta property=\"og:image:height\" content=\"1706\" \/>\n\t<meta property=\"og:image:type\" content=\"image\/jpeg\" \/>\n<meta name=\"author\" content=\"Marko Maunula\" \/>\n<meta name=\"twitter:card\" content=\"summary_large_image\" \/>\n<meta name=\"twitter:label1\" content=\"Written by\" \/>\n\t<meta name=\"twitter:data1\" content=\"Marko Maunula\" \/>\n\t<meta name=\"twitter:label2\" content=\"Est. reading time\" \/>\n\t<meta name=\"twitter:data2\" content=\"4 minuuttia\" \/>\n<script type=\"application\/ld+json\" class=\"yoast-schema-graph\">{\"@context\":\"https:\/\/schema.org\",\"@graph\":[{\"@type\":\"WebPage\",\"@id\":\"https:\/\/suomenkuvalehti.fi\/americana\/mika-synnytti-teekutsu-liikkeen\/\",\"url\":\"https:\/\/suomenkuvalehti.fi\/americana\/mika-synnytti-teekutsu-liikkeen\/\",\"name\":\"Mik\u00e4 synnytti teekutsu-liikkeen? - Americana\",\"isPartOf\":{\"@id\":\"https:\/\/suomenkuvalehti.fi\/americana\/#website\"},\"datePublished\":\"2010-05-12T12:53:05+00:00\",\"dateModified\":\"2013-11-30T14:22:34+00:00\",\"author\":{\"@id\":\"https:\/\/suomenkuvalehti.fi\/americana\/#\/schema\/person\/12d514491cb37506bc39c8e10176c3ec\"},\"breadcrumb\":{\"@id\":\"https:\/\/suomenkuvalehti.fi\/americana\/mika-synnytti-teekutsu-liikkeen\/#breadcrumb\"},\"inLanguage\":\"fi\",\"potentialAction\":[{\"@type\":\"ReadAction\",\"target\":[\"https:\/\/suomenkuvalehti.fi\/americana\/mika-synnytti-teekutsu-liikkeen\/\"]}]},{\"@type\":\"BreadcrumbList\",\"@id\":\"https:\/\/suomenkuvalehti.fi\/americana\/mika-synnytti-teekutsu-liikkeen\/#breadcrumb\",\"itemListElement\":[{\"@type\":\"ListItem\",\"position\":1,\"name\":\"Home\",\"item\":\"https:\/\/suomenkuvalehti.fi\/americana\/\"},{\"@type\":\"ListItem\",\"position\":2,\"name\":\"Mik\u00e4 synnytti teekutsu-liikkeen?\"}]},{\"@type\":\"WebSite\",\"@id\":\"https:\/\/suomenkuvalehti.fi\/americana\/#website\",\"url\":\"https:\/\/suomenkuvalehti.fi\/americana\/\",\"name\":\"Americana\",\"description\":\"Professori Marko Maunula seuraa USA:n politiikkaa ja populaarikulttuuria\",\"potentialAction\":[{\"@type\":\"SearchAction\",\"target\":{\"@type\":\"EntryPoint\",\"urlTemplate\":\"https:\/\/suomenkuvalehti.fi\/haku\/?q={search_term_string}\"},\"query-input\":{\"@type\":\"PropertyValueSpecification\",\"valueRequired\":true,\"valueName\":\"search_term_string\"}}],\"inLanguage\":\"fi\"},{\"@type\":\"Person\",\"@id\":\"https:\/\/suomenkuvalehti.fi\/americana\/#\/schema\/person\/12d514491cb37506bc39c8e10176c3ec\",\"name\":\"Marko Maunula\",\"image\":{\"@type\":\"ImageObject\",\"inLanguage\":\"fi\",\"@id\":\"https:\/\/suomenkuvalehti.fi\/americana\/#\/schema\/person\/image\/\",\"url\":\"https:\/\/suomenkuvalehti.fi\/americana\/wp-content\/uploads\/sites\/10\/2022\/04\/americana_maunula-150x150.jpg\",\"contentUrl\":\"https:\/\/suomenkuvalehti.fi\/americana\/wp-content\/uploads\/sites\/10\/2022\/04\/americana_maunula-150x150.jpg\",\"caption\":\"Marko Maunula\"},\"description\":\"Kirjoittaja on Yhdysvaltain historian professori Atlantassa.\"}]}<\/script>\n<!-- \/ Yoast SEO plugin. -->","yoast_head_json":{"title":"Mik\u00e4 synnytti teekutsu-liikkeen? - Americana","robots":{"index":"noindex","follow":"follow"},"og_locale":"fi_FI","og_type":"article","og_title":"Mik\u00e4 synnytti teekutsu-liikkeen? - Americana","og_description":"Teekutsu-liike on vahvasti rasistinen ja t\u00e4ynn\u00e4 kaipuuta kuviteltuun menneisyyteen. Mutta se ei ole pelk\u00e4st\u00e4\u00e4n teekutsulaisten syy. V\u00e4est\u00f6laskijat kiert\u00e4v\u00e4t parhaillaan amerikkalaisia naapurustoja. He ker\u00e4\u00e4v\u00e4t ovi ovelta niiden kansalaisten tietoja, jotka eiv\u00e4t ajoissa vastanneet kirjalliseen&hellip;","og_url":"https:\/\/suomenkuvalehti.fi\/americana\/mika-synnytti-teekutsu-liikkeen\/","og_site_name":"Americana","article_published_time":"2010-05-12T12:53:05+00:00","article_modified_time":"2013-11-30T14:22:34+00:00","og_image":[{"width":2560,"height":1706,"url":"https:\/\/suomenkuvalehti.fi\/americana\/wp-content\/uploads\/sites\/10\/2022\/04\/americana_maunula-scaled.jpg","type":"image\/jpeg"}],"author":"Marko Maunula","twitter_card":"summary_large_image","twitter_misc":{"Written by":"Marko Maunula","Est. reading time":"4 minuuttia"},"schema":{"@context":"https:\/\/schema.org","@graph":[{"@type":"WebPage","@id":"https:\/\/suomenkuvalehti.fi\/americana\/mika-synnytti-teekutsu-liikkeen\/","url":"https:\/\/suomenkuvalehti.fi\/americana\/mika-synnytti-teekutsu-liikkeen\/","name":"Mik\u00e4 synnytti teekutsu-liikkeen? - Americana","isPartOf":{"@id":"https:\/\/suomenkuvalehti.fi\/americana\/#website"},"datePublished":"2010-05-12T12:53:05+00:00","dateModified":"2013-11-30T14:22:34+00:00","author":{"@id":"https:\/\/suomenkuvalehti.fi\/americana\/#\/schema\/person\/12d514491cb37506bc39c8e10176c3ec"},"breadcrumb":{"@id":"https:\/\/suomenkuvalehti.fi\/americana\/mika-synnytti-teekutsu-liikkeen\/#breadcrumb"},"inLanguage":"fi","potentialAction":[{"@type":"ReadAction","target":["https:\/\/suomenkuvalehti.fi\/americana\/mika-synnytti-teekutsu-liikkeen\/"]}]},{"@type":"BreadcrumbList","@id":"https:\/\/suomenkuvalehti.fi\/americana\/mika-synnytti-teekutsu-liikkeen\/#breadcrumb","itemListElement":[{"@type":"ListItem","position":1,"name":"Home","item":"https:\/\/suomenkuvalehti.fi\/americana\/"},{"@type":"ListItem","position":2,"name":"Mik\u00e4 synnytti teekutsu-liikkeen?"}]},{"@type":"WebSite","@id":"https:\/\/suomenkuvalehti.fi\/americana\/#website","url":"https:\/\/suomenkuvalehti.fi\/americana\/","name":"Americana","description":"Professori Marko Maunula seuraa USA:n politiikkaa ja populaarikulttuuria","potentialAction":[{"@type":"SearchAction","target":{"@type":"EntryPoint","urlTemplate":"https:\/\/suomenkuvalehti.fi\/haku\/?q={search_term_string}"},"query-input":{"@type":"PropertyValueSpecification","valueRequired":true,"valueName":"search_term_string"}}],"inLanguage":"fi"},{"@type":"Person","@id":"https:\/\/suomenkuvalehti.fi\/americana\/#\/schema\/person\/12d514491cb37506bc39c8e10176c3ec","name":"Marko Maunula","image":{"@type":"ImageObject","inLanguage":"fi","@id":"https:\/\/suomenkuvalehti.fi\/americana\/#\/schema\/person\/image\/","url":"https:\/\/suomenkuvalehti.fi\/americana\/wp-content\/uploads\/sites\/10\/2022\/04\/americana_maunula-150x150.jpg","contentUrl":"https:\/\/suomenkuvalehti.fi\/americana\/wp-content\/uploads\/sites\/10\/2022\/04\/americana_maunula-150x150.jpg","caption":"Marko Maunula"},"description":"Kirjoittaja on Yhdysvaltain historian professori Atlantassa."}]}},"_links":{"self":[{"href":"https:\/\/suomenkuvalehti.fi\/americana\/wp-json\/wp\/v2\/posts\/592","targetHints":{"allow":["GET"]}}],"collection":[{"href":"https:\/\/suomenkuvalehti.fi\/americana\/wp-json\/wp\/v2\/posts"}],"about":[{"href":"https:\/\/suomenkuvalehti.fi\/americana\/wp-json\/wp\/v2\/types\/post"}],"author":[{"embeddable":true,"href":"https:\/\/suomenkuvalehti.fi\/americana\/wp-json\/wp\/v2\/users\/158"}],"replies":[{"embeddable":true,"href":"https:\/\/suomenkuvalehti.fi\/americana\/wp-json\/wp\/v2\/comments?post=592"}],"version-history":[{"count":1,"href":"https:\/\/suomenkuvalehti.fi\/americana\/wp-json\/wp\/v2\/posts\/592\/revisions"}],"predecessor-version":[{"id":836,"href":"https:\/\/suomenkuvalehti.fi\/americana\/wp-json\/wp\/v2\/posts\/592\/revisions\/836"}],"wp:attachment":[{"href":"https:\/\/suomenkuvalehti.fi\/americana\/wp-json\/wp\/v2\/media?parent=592"}],"wp:term":[{"taxonomy":"category","embeddable":true,"href":"https:\/\/suomenkuvalehti.fi\/americana\/wp-json\/wp\/v2\/categories?post=592"},{"taxonomy":"post_tag","embeddable":true,"href":"https:\/\/suomenkuvalehti.fi\/americana\/wp-json\/wp\/v2\/tags?post=592"}],"curies":[{"name":"wp","href":"https:\/\/api.w.org\/{rel}","templated":true}]}}