{"id":5883,"date":"2022-01-21T18:02:57","date_gmt":"2022-01-21T16:02:57","guid":{"rendered":"https:\/\/suomenkuvalehti.fi\/americana\/?p=5883"},"modified":"2022-01-21T18:02:57","modified_gmt":"2022-01-21T16:02:57","slug":"joe-bidenin-ensimmainen-vuosi-presidenttina-kokeneen-politiikon-alkukausi-on-ollut-taynna-kompastelua","status":"publish","type":"post","link":"https:\/\/suomenkuvalehti.fi\/americana\/joe-bidenin-ensimmainen-vuosi-presidenttina-kokeneen-politiikon-alkukausi-on-ollut-taynna-kompastelua\/","title":{"rendered":"Joe Bidenin ensimm\u00e4inen vuosi presidenttin\u00e4: kokeneen politiikon alkukausi on ollut t\u00e4ynn\u00e4 kompastelua"},"content":{"rendered":"\n<p><span class=\"capitalized\">Vuonna<\/span> 2020 ehdokas <strong>Joe Biden<\/strong> pyrki presidentiksi kompromissihakuisena kansakunnan yhdist\u00e4j\u00e4n\u00e4. H\u00e4n painotti pitk\u00e4\u00e4 uraansa senaatissa, ja lupasi paluuta normaaliin politiikkaan ja ammattitaitoiseen hallintoon.<\/p>\n\n\n\n<p>Kampanja tehosi. Vaikka <strong>Donald Trump<\/strong> kasvatti hieman <a href=\"https:\/\/www.bbc.com\/news\/world-us-canada-54972389\" target=\"_blank\" rel=\"noopener\">suosiotaan v\u00e4hemmist\u00f6jen parissa<\/a>, kyllin monta l\u00e4hi\u00f6iden maltillista valkoista konservatiivia \u00e4\u00e4nesti demokraattien ehdokasta \u2013 monet ensimm\u00e4ist\u00e4 kertaa el\u00e4m\u00e4ss\u00e4\u00e4n.<\/p>\n\n\n\n<p>Maltilliset odottivat talonmies-presidentti\u00e4, joka siivoaisi paikat, korjaisi pahimmat vauriot, ja palauttaisi rauhan kaaokseen ajautuneeseen taloyhti\u00f6\u00f6n. Toistaiseksi Biden on onnistunut teht\u00e4viss\u00e4 vain rajallisesti.<\/p>\n\n\n\n<p>&nbsp;<\/p>\n\n\n\n<p><span class=\"capitalized\">Voitettuaan<\/span> vaalit Biden julkisti eritt\u00e4in <a href=\"https:\/\/time.com\/5931852\/joe-biden-100-days\/\" target=\"_blank\" rel=\"noopener\">kunnianhimoisen ohjelman<\/a>, jonka l\u00e4pimeno olisi tehnyt h\u00e4nest\u00e4 er\u00e4\u00e4n l\u00e4hihistorian vaikutusvaltaisimmista presidenteist\u00e4. Maa, jota Biden tavoitteli, muistuttaisi aikaisempaa enemm\u00e4n pohjoiseurooppalaista hyvinvointivaltiota.<\/p>\n\n\n\n<p>Yhdysvaltain politiikassa on ilmaisu <a href=\"https:\/\/en.wikipedia.org\/wiki\/Christmas_tree_bill\" target=\"_blank\" rel=\"noopener\">\u201djoulukuusi-lakialoite\u201d<\/a>. Se tarkoittaa r\u00f6nsyilev\u00e4\u00e4, valtavaa lakipakettia, joka tarjoaa jotain liki jokaiselle.<\/p>\n\n\n\n<p>Joulukuusia voidaan k\u00e4ytt\u00e4\u00e4 vaikkapa vastentahtoisen senaattorin tuen kalasteluun. Mukaan lakipakettiin ujutetaan jokin projekti, joka hy\u00f6dytt\u00e4\u00e4 suuresti h\u00e4nen kotiosavaltiotaan. Projektilla ei v\u00e4ltt\u00e4m\u00e4tt\u00e4 tarvitse olla juurikaan tekemist\u00e4 lakialoitteen varsinaisen ydinsis\u00e4ll\u00f6n kanssa.<\/p>\n\n\n\n<p>Bidenin alkukauden ohjelmassa joulukuusi-mallia suosittiin, mutta h\u00e4n t\u00f6rm\u00e4si sen sis\u00e4\u00e4nrakennettuun ongelmaan: aloitteet, jotka miellytt\u00e4v\u00e4t yht\u00e4 ryhm\u00e4\u00e4 synnytt\u00e4v\u00e4t vastareaktion toisissa. Monimutkaiset lakipaketit kaatuvat usein omaan painoonsa. Bidenin monet suositut aloitteet kuolivatkin neuvottelup\u00f6yd\u00e4ss\u00e4 tai senaatissa.<\/p>\n\n\n\n<p>&nbsp;<\/p>\n\n\n\n<p><span class=\"capitalized\">Biden<\/span> sai l\u00e4pi toivomansa infrastruktuurilakipaketin, mutta muut h\u00e4nen aloitteensa ovat kohdanneet vastustusta niin oman puolueen vasemmalta kuin oikealtakin laidalta. Riippuen kenelt\u00e4 kysyt\u00e4\u00e4n, Bidenin r\u00f6nsyilev\u00e4t aloitteet ovat menneet joko liian tai eiv\u00e4t kyllin pitk\u00e4lle.<\/p>\n\n\n\n<p>Istuvan presidentin toiveet yhteisty\u00f6st\u00e4 republikaanien kanssa ovat my\u00f6s osoittautuneet katteettomiksi. <strong>Mitch McConnellin<\/strong> johtamat senaatin republikaanit jatkavat edelleen \u201dei!\u201d-linjalla, jonka keskeinen tavoite vaikuttaa olevan vain demokraattien aloitteiden sabotointi.<\/p>\n\n\n\n<p>Kokeneen politiikon olisi pit\u00e4nyt olla tietoinen kongressin ilmapiirist\u00e4. Ajatus, ett\u00e4 edes Bidenin kaltainen pidetty mies kykenisi oman persoonansa voimalla muuttamaan kongressin dynamiikan on joko liiallista itsevarmuutta, politiikolle huonoa toiveajattelua tai todellisuudesta vieraantumista.<\/p>\n\n\n\n<p>&nbsp;<\/p>\n\n\n\n<p><span class=\"capitalized\">Retoriikan<\/span> ja kommunikaation saralla Biden on toiminut odotetulla tavalla, eli huonosti. Valkoinen talo ja presidentti itse joutuivat <a href=\"https:\/\/www.foxnews.com\/politics\/white-house-clarifies-position-on-ukraine-after-biden-press-conference\" target=\"_blank\" rel=\"noopener\">selitt\u00e4m\u00e4\u00e4n Ukraina-puheita<\/a>an kovalla kiireell\u00e4. Biden on my\u00f6s ylireagoinut republikaanien politiikkaan kansakuntaa jakavilla lausunnoilla.<\/p>\n\n\n\n<p>Republikaanit ovat osavaltiotasolla yritt\u00e4neet vaikeuttaa \u00e4\u00e4nest\u00e4mist\u00e4. Puolue ei yrit\u00e4 hankkia valtaa kasvattamalla suosiotaan, vaan vaikeuttamalla demokraattista prosessia. Siltojen rakentamisessa ei kuitenkaan auta yht\u00e4\u00e4n, jos presidentti rinnastaa republikaanit <a href=\"https:\/\/en.wikipedia.org\/wiki\/Bull_Connor\" target=\"_blank\" rel=\"noopener\"><strong>Bull Connoriin<\/strong><\/a> tai <a href=\"https:\/\/en.wikipedia.org\/wiki\/George_Wallace\" target=\"_blank\" rel=\"noopener\"><strong>George Wallaceen<\/strong><\/a>.<\/p>\n\n\n\n<p>&nbsp;<\/p>\n\n\n\n<p><span class=\"capitalized\">Presidentti<\/span> on ilmoittanut olevansa valmis luopumaan joulukuusista ja ryhtyv\u00e4ns\u00e4 ajamaan agendaansa pienemmiss\u00e4 eriss\u00e4. H\u00e4n toivoo sen avulla saavansa vastaan hangoittelevien <strong>Joe Manchinin<\/strong> ja <strong>Kyrsten Sineman<\/strong> tuen.<\/p>\n\n\n\n<p>Linjanmuutos on pakollinen. Koronavirus, mellakat ja poliittinen kaaos saivat Bidenin lukemaan Yhdysvaltain poliittista tilannetta v\u00e4\u00e4rin. H\u00e4n uskoi maan olevan valmis mittaviin muutoksiin, kun se oikeasti vain halusi paluuta uuteen normaaliin.<\/p>\n\n\n\n<p>Muutoksella on kiire. V\u00e4livaalit ja liki varma republikaanien voitto odottavat vajaan vuoden p\u00e4\u00e4ss\u00e4. Oppiiko vanha koira uusia temppuja? Vastauksesta riippuu Bidenin presidenttikauden tulevaisuus.<\/p>\n\n\n\n<p>&nbsp;<\/p>\n\n\n\n<p><em>Soundtrack: Elliott Smith, Angeles.<\/em><\/p>\n\n\n<p><iframe loading=\"lazy\" title=\"Elliott Smith - Angeles (from Either\/Or)\" width=\"630\" height=\"354\" src=\"https:\/\/www.youtube.com\/embed\/rQEEvDcMurE?feature=oembed\" frameborder=\"0\" allow=\"accelerometer; autoplay; clipboard-write; encrypted-media; gyroscope; picture-in-picture\" allowfullscreen><\/iframe><\/p>\n","protected":false},"excerpt":{"rendered":"<p>Oppiiko vanha koira uusia temppuja? Vastauksesta riippuu Bidenin presidenttikauden tulevaisuus.<\/p>\n","protected":false},"author":158,"featured_media":0,"comment_status":"open","ping_status":"open","sticky":false,"template":"","format":"standard","meta":{"_acf_changed":false,"asauth_required_access_level":3,"asauth_cansharepaid":"true","om_header_attributes":[],"footnotes":"","om_featured_image_focal_point":[],"om_primary_tag":0,"om_contributors":[],"om_co_authors":[],"beyondwords_generate_audio":"","beyondwords_project_id":"","beyondwords_content_id":"","beyondwords_preview_token":"","beyondwords_player_content":"","beyondwords_player_style":"","beyondwords_language_code":"","beyondwords_language_id":"","beyondwords_title_voice_id":"","beyondwords_body_voice_id":"","beyondwords_summary_voice_id":"","beyondwords_error_message":"","beyondwords_disabled":"","beyondwords_delete_content":"","beyondwords_podcast_id":"","beyondwords_hash":"","publish_post_to_speechkit":"","speechkit_hash":"","speechkit_generate_audio":"","speechkit_project_id":"","speechkit_podcast_id":"","speechkit_error_message":"","speechkit_disabled":"","speechkit_access_key":"","speechkit_error":"","speechkit_info":"","speechkit_response":"","speechkit_retries":"","speechkit_status":"","speechkit_updated_at":"","_speechkit_link":"","_speechkit_text":""},"categories":[1],"tags":[1943,350,2273,23,2300,541,573,90],"class_list":["post-5883","post","type-post","status-publish","format-standard","hentry","category-americana","tag-agenda","tag-joe-biden","tag-joe-manchin","tag-kongressi","tag-kyrsten-sinema","tag-mitch-mcconnell","tag-ukraina","tag-vuosipaiva"],"om_views":null,"acf":{"tuuma_off":false,"tuuma_kysymys":"","tuuma_vastaus":""},"asauth":{"required_access_level":1,"share_token":"","is_paid":false},"yoast_head":"<!-- This site is optimized with the Yoast SEO plugin v26.4 - https:\/\/yoast.com\/wordpress\/plugins\/seo\/ -->\n<title>Joe Bidenin ensimm\u00e4inen vuosi presidenttin\u00e4: kokeneen politiikon alkukausi on ollut t\u00e4ynn\u00e4 kompastelua - Americana<\/title>\n<meta name=\"description\" content=\"Oppiiko vanha koira uusia temppuja? Vastauksesta riippuu Bidenin presidenttikauden tulevaisuus.\" \/>\n<meta name=\"robots\" content=\"noindex, follow\" \/>\n<meta property=\"og:locale\" content=\"fi_FI\" \/>\n<meta property=\"og:type\" content=\"article\" \/>\n<meta property=\"og:title\" content=\"Joe Bidenin ensimm\u00e4inen vuosi presidenttin\u00e4: kokeneen politiikon alkukausi on ollut t\u00e4ynn\u00e4 kompastelua - Americana\" \/>\n<meta property=\"og:description\" content=\"Oppiiko vanha koira uusia temppuja? Vastauksesta riippuu Bidenin presidenttikauden tulevaisuus.\" \/>\n<meta property=\"og:url\" content=\"https:\/\/suomenkuvalehti.fi\/americana\/joe-bidenin-ensimmainen-vuosi-presidenttina-kokeneen-politiikon-alkukausi-on-ollut-taynna-kompastelua\/\" \/>\n<meta property=\"og:site_name\" content=\"Americana\" \/>\n<meta property=\"article:published_time\" content=\"2022-01-21T16:02:57+00:00\" \/>\n<meta property=\"og:image\" content=\"https:\/\/suomenkuvalehti.fi\/americana\/wp-content\/uploads\/sites\/10\/2022\/04\/americana_maunula-scaled.jpg\" \/>\n\t<meta property=\"og:image:width\" content=\"2560\" \/>\n\t<meta property=\"og:image:height\" content=\"1706\" \/>\n\t<meta property=\"og:image:type\" content=\"image\/jpeg\" \/>\n<meta name=\"author\" content=\"Marko Maunula\" \/>\n<meta name=\"twitter:card\" content=\"summary_large_image\" \/>\n<meta name=\"twitter:label1\" content=\"Written by\" \/>\n\t<meta name=\"twitter:data1\" content=\"Marko Maunula\" \/>\n\t<meta name=\"twitter:label2\" content=\"Est. reading time\" \/>\n\t<meta name=\"twitter:data2\" content=\"3 minuuttia\" \/>\n<script type=\"application\/ld+json\" class=\"yoast-schema-graph\">{\"@context\":\"https:\/\/schema.org\",\"@graph\":[{\"@type\":\"WebPage\",\"@id\":\"https:\/\/suomenkuvalehti.fi\/americana\/joe-bidenin-ensimmainen-vuosi-presidenttina-kokeneen-politiikon-alkukausi-on-ollut-taynna-kompastelua\/\",\"url\":\"https:\/\/suomenkuvalehti.fi\/americana\/joe-bidenin-ensimmainen-vuosi-presidenttina-kokeneen-politiikon-alkukausi-on-ollut-taynna-kompastelua\/\",\"name\":\"Joe Bidenin ensimm\u00e4inen vuosi presidenttin\u00e4: kokeneen politiikon alkukausi on ollut t\u00e4ynn\u00e4 kompastelua - Americana\",\"isPartOf\":{\"@id\":\"https:\/\/suomenkuvalehti.fi\/americana\/#website\"},\"datePublished\":\"2022-01-21T16:02:57+00:00\",\"author\":{\"@id\":\"https:\/\/suomenkuvalehti.fi\/americana\/#\/schema\/person\/12d514491cb37506bc39c8e10176c3ec\"},\"description\":\"Oppiiko vanha koira uusia temppuja? Vastauksesta riippuu Bidenin presidenttikauden tulevaisuus.\",\"breadcrumb\":{\"@id\":\"https:\/\/suomenkuvalehti.fi\/americana\/joe-bidenin-ensimmainen-vuosi-presidenttina-kokeneen-politiikon-alkukausi-on-ollut-taynna-kompastelua\/#breadcrumb\"},\"inLanguage\":\"fi\",\"potentialAction\":[{\"@type\":\"ReadAction\",\"target\":[\"https:\/\/suomenkuvalehti.fi\/americana\/joe-bidenin-ensimmainen-vuosi-presidenttina-kokeneen-politiikon-alkukausi-on-ollut-taynna-kompastelua\/\"]}]},{\"@type\":\"BreadcrumbList\",\"@id\":\"https:\/\/suomenkuvalehti.fi\/americana\/joe-bidenin-ensimmainen-vuosi-presidenttina-kokeneen-politiikon-alkukausi-on-ollut-taynna-kompastelua\/#breadcrumb\",\"itemListElement\":[{\"@type\":\"ListItem\",\"position\":1,\"name\":\"Home\",\"item\":\"https:\/\/suomenkuvalehti.fi\/americana\/\"},{\"@type\":\"ListItem\",\"position\":2,\"name\":\"Joe Bidenin ensimm\u00e4inen vuosi presidenttin\u00e4: kokeneen politiikon alkukausi on ollut t\u00e4ynn\u00e4 kompastelua\"}]},{\"@type\":\"WebSite\",\"@id\":\"https:\/\/suomenkuvalehti.fi\/americana\/#website\",\"url\":\"https:\/\/suomenkuvalehti.fi\/americana\/\",\"name\":\"Americana\",\"description\":\"Professori Marko Maunula seuraa USA:n politiikkaa ja populaarikulttuuria\",\"potentialAction\":[{\"@type\":\"SearchAction\",\"target\":{\"@type\":\"EntryPoint\",\"urlTemplate\":\"https:\/\/suomenkuvalehti.fi\/haku\/?q={search_term_string}\"},\"query-input\":{\"@type\":\"PropertyValueSpecification\",\"valueRequired\":true,\"valueName\":\"search_term_string\"}}],\"inLanguage\":\"fi\"},{\"@type\":\"Person\",\"@id\":\"https:\/\/suomenkuvalehti.fi\/americana\/#\/schema\/person\/12d514491cb37506bc39c8e10176c3ec\",\"name\":\"Marko Maunula\",\"image\":{\"@type\":\"ImageObject\",\"inLanguage\":\"fi\",\"@id\":\"https:\/\/suomenkuvalehti.fi\/americana\/#\/schema\/person\/image\/\",\"url\":\"https:\/\/suomenkuvalehti.fi\/americana\/wp-content\/uploads\/sites\/10\/2022\/04\/americana_maunula-150x150.jpg\",\"contentUrl\":\"https:\/\/suomenkuvalehti.fi\/americana\/wp-content\/uploads\/sites\/10\/2022\/04\/americana_maunula-150x150.jpg\",\"caption\":\"Marko Maunula\"},\"description\":\"Kirjoittaja on Yhdysvaltain historian professori Atlantassa.\"}]}<\/script>\n<!-- \/ Yoast SEO plugin. -->","yoast_head_json":{"title":"Joe Bidenin ensimm\u00e4inen vuosi presidenttin\u00e4: kokeneen politiikon alkukausi on ollut t\u00e4ynn\u00e4 kompastelua - Americana","description":"Oppiiko vanha koira uusia temppuja? Vastauksesta riippuu Bidenin presidenttikauden tulevaisuus.","robots":{"index":"noindex","follow":"follow"},"og_locale":"fi_FI","og_type":"article","og_title":"Joe Bidenin ensimm\u00e4inen vuosi presidenttin\u00e4: kokeneen politiikon alkukausi on ollut t\u00e4ynn\u00e4 kompastelua - Americana","og_description":"Oppiiko vanha koira uusia temppuja? Vastauksesta riippuu Bidenin presidenttikauden tulevaisuus.","og_url":"https:\/\/suomenkuvalehti.fi\/americana\/joe-bidenin-ensimmainen-vuosi-presidenttina-kokeneen-politiikon-alkukausi-on-ollut-taynna-kompastelua\/","og_site_name":"Americana","article_published_time":"2022-01-21T16:02:57+00:00","og_image":[{"width":2560,"height":1706,"url":"https:\/\/suomenkuvalehti.fi\/americana\/wp-content\/uploads\/sites\/10\/2022\/04\/americana_maunula-scaled.jpg","type":"image\/jpeg"}],"author":"Marko Maunula","twitter_card":"summary_large_image","twitter_misc":{"Written by":"Marko Maunula","Est. reading time":"3 minuuttia"},"schema":{"@context":"https:\/\/schema.org","@graph":[{"@type":"WebPage","@id":"https:\/\/suomenkuvalehti.fi\/americana\/joe-bidenin-ensimmainen-vuosi-presidenttina-kokeneen-politiikon-alkukausi-on-ollut-taynna-kompastelua\/","url":"https:\/\/suomenkuvalehti.fi\/americana\/joe-bidenin-ensimmainen-vuosi-presidenttina-kokeneen-politiikon-alkukausi-on-ollut-taynna-kompastelua\/","name":"Joe Bidenin ensimm\u00e4inen vuosi presidenttin\u00e4: kokeneen politiikon alkukausi on ollut t\u00e4ynn\u00e4 kompastelua - Americana","isPartOf":{"@id":"https:\/\/suomenkuvalehti.fi\/americana\/#website"},"datePublished":"2022-01-21T16:02:57+00:00","author":{"@id":"https:\/\/suomenkuvalehti.fi\/americana\/#\/schema\/person\/12d514491cb37506bc39c8e10176c3ec"},"description":"Oppiiko vanha koira uusia temppuja? Vastauksesta riippuu Bidenin presidenttikauden tulevaisuus.","breadcrumb":{"@id":"https:\/\/suomenkuvalehti.fi\/americana\/joe-bidenin-ensimmainen-vuosi-presidenttina-kokeneen-politiikon-alkukausi-on-ollut-taynna-kompastelua\/#breadcrumb"},"inLanguage":"fi","potentialAction":[{"@type":"ReadAction","target":["https:\/\/suomenkuvalehti.fi\/americana\/joe-bidenin-ensimmainen-vuosi-presidenttina-kokeneen-politiikon-alkukausi-on-ollut-taynna-kompastelua\/"]}]},{"@type":"BreadcrumbList","@id":"https:\/\/suomenkuvalehti.fi\/americana\/joe-bidenin-ensimmainen-vuosi-presidenttina-kokeneen-politiikon-alkukausi-on-ollut-taynna-kompastelua\/#breadcrumb","itemListElement":[{"@type":"ListItem","position":1,"name":"Home","item":"https:\/\/suomenkuvalehti.fi\/americana\/"},{"@type":"ListItem","position":2,"name":"Joe Bidenin ensimm\u00e4inen vuosi presidenttin\u00e4: kokeneen politiikon alkukausi on ollut t\u00e4ynn\u00e4 kompastelua"}]},{"@type":"WebSite","@id":"https:\/\/suomenkuvalehti.fi\/americana\/#website","url":"https:\/\/suomenkuvalehti.fi\/americana\/","name":"Americana","description":"Professori Marko Maunula seuraa USA:n politiikkaa ja populaarikulttuuria","potentialAction":[{"@type":"SearchAction","target":{"@type":"EntryPoint","urlTemplate":"https:\/\/suomenkuvalehti.fi\/haku\/?q={search_term_string}"},"query-input":{"@type":"PropertyValueSpecification","valueRequired":true,"valueName":"search_term_string"}}],"inLanguage":"fi"},{"@type":"Person","@id":"https:\/\/suomenkuvalehti.fi\/americana\/#\/schema\/person\/12d514491cb37506bc39c8e10176c3ec","name":"Marko Maunula","image":{"@type":"ImageObject","inLanguage":"fi","@id":"https:\/\/suomenkuvalehti.fi\/americana\/#\/schema\/person\/image\/","url":"https:\/\/suomenkuvalehti.fi\/americana\/wp-content\/uploads\/sites\/10\/2022\/04\/americana_maunula-150x150.jpg","contentUrl":"https:\/\/suomenkuvalehti.fi\/americana\/wp-content\/uploads\/sites\/10\/2022\/04\/americana_maunula-150x150.jpg","caption":"Marko Maunula"},"description":"Kirjoittaja on Yhdysvaltain historian professori Atlantassa."}]}},"_links":{"self":[{"href":"https:\/\/suomenkuvalehti.fi\/americana\/wp-json\/wp\/v2\/posts\/5883","targetHints":{"allow":["GET"]}}],"collection":[{"href":"https:\/\/suomenkuvalehti.fi\/americana\/wp-json\/wp\/v2\/posts"}],"about":[{"href":"https:\/\/suomenkuvalehti.fi\/americana\/wp-json\/wp\/v2\/types\/post"}],"author":[{"embeddable":true,"href":"https:\/\/suomenkuvalehti.fi\/americana\/wp-json\/wp\/v2\/users\/158"}],"replies":[{"embeddable":true,"href":"https:\/\/suomenkuvalehti.fi\/americana\/wp-json\/wp\/v2\/comments?post=5883"}],"version-history":[{"count":8,"href":"https:\/\/suomenkuvalehti.fi\/americana\/wp-json\/wp\/v2\/posts\/5883\/revisions"}],"predecessor-version":[{"id":5891,"href":"https:\/\/suomenkuvalehti.fi\/americana\/wp-json\/wp\/v2\/posts\/5883\/revisions\/5891"}],"wp:attachment":[{"href":"https:\/\/suomenkuvalehti.fi\/americana\/wp-json\/wp\/v2\/media?parent=5883"}],"wp:term":[{"taxonomy":"category","embeddable":true,"href":"https:\/\/suomenkuvalehti.fi\/americana\/wp-json\/wp\/v2\/categories?post=5883"},{"taxonomy":"post_tag","embeddable":true,"href":"https:\/\/suomenkuvalehti.fi\/americana\/wp-json\/wp\/v2\/tags?post=5883"}],"curies":[{"name":"wp","href":"https:\/\/api.w.org\/{rel}","templated":true}]}}