{"id":5790,"date":"2021-11-04T10:32:29","date_gmt":"2021-11-04T08:32:29","guid":{"rendered":"https:\/\/suomenkuvalehti.fi\/americana\/?p=5790"},"modified":"2021-11-04T10:32:29","modified_gmt":"2021-11-04T08:32:29","slug":"oliko-virginian-vaalien-haviaja-terry-mcauliffe-demokraattipuolue-vai-kumpikin","status":"publish","type":"post","link":"https:\/\/suomenkuvalehti.fi\/americana\/oliko-virginian-vaalien-haviaja-terry-mcauliffe-demokraattipuolue-vai-kumpikin\/","title":{"rendered":"Oliko Virginian vaalien h\u00e4vi\u00e4j\u00e4 Terry McAuliffe, demokraattipuolue vai kumpikin?"},"content":{"rendered":"\n<p><span class=\"capitalized\">Virginian<\/span> kuvern\u00f6\u00f6rivaalien tulosta voi tarkastella kahdella eri tavalla.<\/p>\n\n\n\n<p>Ensimm\u00e4inen n\u00e4k\u00f6kulma s\u00e4lytt\u00e4\u00e4 tappion demokraattien ehdokkaan <strong>Terry McAuliffen<\/strong> harteille.<\/p>\n\n\n\n<p>Kokeneeksi strategiksi ja monien kampanjoiden veteraaniksi McAuliffe on yll\u00e4tt\u00e4v\u00e4n k\u00f6mpel\u00f6 politiikko. Clintonien sis\u00e4piirin veteraani <a href=\"https:\/\/www.foxnews.com\/politics\/virginia-governor-election-results-progressives-mcauliffe\" target=\"_blank\" rel=\"noopener\">ei innostanut puolueensa vasemmistoa<\/a>, mutta ei kyennyt my\u00f6sk\u00e4\u00e4n voittamaan vetoamalla l\u00e4hi\u00f6iden maltillisiin \u00e4\u00e4nest\u00e4jiin.<\/p>\n\n\n\n<p>McAuliffe pyrki sitomaan vastaehdokkaansa, republikaanisen liikemies <strong>Glenn Youngkinin<\/strong> <strong>Donald Trumpiin<\/strong>. Aikana, jona valtaosa kansasta haluaa unohtaa ex-presidentin ja katsoa eteenp\u00e4in, McAuliffe kampanjoi vuoden takaisella pelikirjalla.<\/p>\n\n\n\n<p>Kampanjan pahin haava oli t\u00e4ysin itseaiheutettu.<\/p>\n\n\n\n<p>McAuliffe meni toteamaan, <a href=\"https:\/\/thehill.com\/opinion\/campaign\/578885-education-blunder-igniting-suburban-parents-driving-mcauliffe-panic-in\" target=\"_blank\" rel=\"noopener\">ettei vanhemmilla pit\u00e4isi olla sananvaltaa<\/a> koulujen opetussuunnitelmiin. Se oli poliittinen itsemurha kulttuurissa, jossa vanhempien autonomiaa pidet\u00e4\u00e4n liki pyh\u00e4n\u00e4 ja jossa k\u00e4yd\u00e4\u00e4n parhaillaan kiistely\u00e4 kriittisest\u00e4 rotuteoriasta ja poliittisesti tulenarkojen aiheiden k\u00e4sittelyst\u00e4 luokkahuoneissa.<\/p>\n\n\n\n<p>Olipa McAuliffen lausunnosta mit\u00e4 mielt\u00e4 hyv\u00e4ns\u00e4, poliittisesti se oli eritt\u00e4in typer\u00e4 m\u00f6l\u00e4ytys. Tilanne k\u00e4\u00e4ntyi Youngkinin eduksi ja varsinkin nais\u00e4\u00e4nest\u00e4j\u00e4t liukuivat nopeasti republikaanin taakse.<\/p>\n\n\n\n<p>&nbsp;<\/p>\n\n\n\n<p><span class=\"capitalized\">Toinen<\/span> tulkinta on n\u00e4hd\u00e4 Virginian kuvern\u00f6\u00f6rivaalit kansan\u00e4\u00e4nestyksen\u00e4 presidentti <strong>Joe Bidenin<\/strong> suosiosta.<\/p>\n\n\n\n<p>Kaoottinen vet\u00e4\u00e4ntyminen Afganistanista, talouden inflaatiopaineet, koronapandemian pitk\u00e4 elinkaari ja tuotantolinjojen takkuaminen ovat sy\u00f6neet Bidenin suosiota. Kuherruskuukausi loppui nopeasti ja dramaattisesti.<\/p>\n\n\n\n<p>McAuliffe pyrki tekem\u00e4\u00e4n vaaleista kansallisen kisan. Koska McAuliffe itse pyrki kehyst\u00e4m\u00e4\u00e4n vaalit kansalliseen politiikkaan ja esittelem\u00e4\u00e4n kisan taisteluna trumpismia vastaan, h\u00e4nen tappionsa voidaan tulkita viestiksi demokraattien kansallisesta ep\u00e4suosiosta.<\/p>\n\n\n\n<p>&nbsp;<\/p>\n\n\n\n<p><span class=\"capitalized\">McAuliffen<\/span> kampanja oli huono, mutta h\u00e4n k\u00e4rsi my\u00f6s Washingtonin demokraattien riitelyst\u00e4. Puolue on, tavoilleen uskollisesti, ampumassa itse\u00e4\u00e4n jalkaan. Kampanjan kansallistaminen t\u00e4llaisessa tilanteessa oli virhe.<\/p>\n\n\n\n<p>Kaikki politiikka on paikallista, demokraattien pitk\u00e4aikainen puhemies <strong>Tip O\u2019Neill<\/strong> tapasi sanoa. Youngkinin kampanja ymm\u00e4rsi t\u00e4m\u00e4n paremmin. McAuliffe pelotteli \u00e4\u00e4nest\u00e4ji\u00e4 trumpismin paluulla, kun Youngkin puhui kouluista ja veroista.<\/p>\n\n\n\n<p>McAuliffen virheet ja strategiset valinnat energisoivat republikaaneja entisest\u00e4\u00e4n. Lopputuloksena oli oikeita ja kuviteltuja uhkia vastaan suunnattu kampanja, joka sai <a href=\"https:\/\/twitter.com\/TheGoodLiars\/status\/1455243036795998212\" target=\"_blank\" rel=\"noopener\">paikoitellen surkuhupaisiakin piirteit\u00e4<\/a>.<\/p>\n\n\n\n<p>Hyperventilaatio sikseen, vaalit ovat ohi ja niiden lopputulos vaikuttaa vain ja ainoastaan virginialaisten el\u00e4m\u00e4\u00e4n. Ylireaktiot suuntaan tai toiseen kertovat enemm\u00e4n polittisen kulttuurin alam\u00e4est\u00e4 kuin itse politiikasta.<\/p>\n\n\n\n<p>&nbsp;<\/p>\n\n\n\n<p><em>Soundtrack: Sufjan Stevens, Jacksonville.<\/em><\/p>\n\n\n<p><iframe loading=\"lazy\" title=\"Sufjan Stevens - Jacksonville\" width=\"472\" height=\"354\" src=\"https:\/\/www.youtube.com\/embed\/8bQJdAqbQJ0?feature=oembed\" frameborder=\"0\" allow=\"accelerometer; autoplay; clipboard-write; encrypted-media; gyroscope; picture-in-picture\" allowfullscreen><\/iframe><\/p>\n","protected":false},"excerpt":{"rendered":"<p>Virginian kuvern\u00f6\u00f6rinvaaleja voi tulkita kahdella tavalla. Tuloksen vaikutuksen liioitteluun ei kannata silti syyllisty\u00e4.<\/p>\n","protected":false},"author":158,"featured_media":0,"comment_status":"open","ping_status":"open","sticky":false,"template":"","format":"standard","meta":{"_acf_changed":false,"asauth_required_access_level":3,"asauth_cansharepaid":"true","om_header_attributes":[],"footnotes":"","om_featured_image_focal_point":[],"om_primary_tag":0,"om_contributors":[],"om_co_authors":[],"beyondwords_generate_audio":"","beyondwords_project_id":"","beyondwords_content_id":"","beyondwords_preview_token":"","beyondwords_player_content":"","beyondwords_player_style":"","beyondwords_language_code":"","beyondwords_language_id":"","beyondwords_title_voice_id":"","beyondwords_body_voice_id":"","beyondwords_summary_voice_id":"","beyondwords_error_message":"","beyondwords_disabled":"","beyondwords_delete_content":"","beyondwords_podcast_id":"","beyondwords_hash":"","publish_post_to_speechkit":"","speechkit_hash":"","speechkit_generate_audio":"","speechkit_project_id":"","speechkit_podcast_id":"","speechkit_error_message":"","speechkit_disabled":"","speechkit_access_key":"","speechkit_error":"","speechkit_info":"","speechkit_response":"","speechkit_retries":"","speechkit_status":"","speechkit_updated_at":"","_speechkit_link":"","_speechkit_text":""},"categories":[1],"tags":[2302,2303,2301,2304,662],"class_list":["post-5790","post","type-post","status-publish","format-standard","hentry","category-americana","tag-glenn-youngkin","tag-kuvernoorivaalit","tag-terry-mcauliffe","tag-tulos","tag-virginia"],"om_views":null,"acf":{"tuuma_off":false,"tuuma_kysymys":"","tuuma_vastaus":""},"asauth":{"required_access_level":1,"share_token":"","is_paid":false},"yoast_head":"<!-- This site is optimized with the Yoast SEO plugin v26.4 - https:\/\/yoast.com\/wordpress\/plugins\/seo\/ -->\n<title>Oliko Virginian vaalien h\u00e4vi\u00e4j\u00e4 Terry McAuliffe, demokraattipuolue vai kumpikin? - Americana<\/title>\n<meta name=\"description\" content=\"Virginian kuvern\u00f6\u00f6rinvaaleja voi tulkita kahdella tavalla. Tuloksen vaikutuksen liioitteluun ei kannata silti syyllisty\u00e4.\" \/>\n<meta name=\"robots\" content=\"noindex, follow\" \/>\n<meta property=\"og:locale\" content=\"fi_FI\" \/>\n<meta property=\"og:type\" content=\"article\" \/>\n<meta property=\"og:title\" content=\"Oliko Virginian vaalien h\u00e4vi\u00e4j\u00e4 Terry McAuliffe, demokraattipuolue vai kumpikin? - Americana\" \/>\n<meta property=\"og:description\" content=\"Virginian kuvern\u00f6\u00f6rinvaaleja voi tulkita kahdella tavalla. Tuloksen vaikutuksen liioitteluun ei kannata silti syyllisty\u00e4.\" \/>\n<meta property=\"og:url\" content=\"https:\/\/suomenkuvalehti.fi\/americana\/oliko-virginian-vaalien-haviaja-terry-mcauliffe-demokraattipuolue-vai-kumpikin\/\" \/>\n<meta property=\"og:site_name\" content=\"Americana\" \/>\n<meta property=\"article:published_time\" content=\"2021-11-04T08:32:29+00:00\" \/>\n<meta property=\"og:image\" content=\"https:\/\/suomenkuvalehti.fi\/americana\/wp-content\/uploads\/sites\/10\/2022\/04\/americana_maunula-scaled.jpg\" \/>\n\t<meta property=\"og:image:width\" content=\"2560\" \/>\n\t<meta property=\"og:image:height\" content=\"1706\" \/>\n\t<meta property=\"og:image:type\" content=\"image\/jpeg\" \/>\n<meta name=\"author\" content=\"Marko Maunula\" \/>\n<meta name=\"twitter:card\" content=\"summary_large_image\" \/>\n<meta name=\"twitter:label1\" content=\"Written by\" \/>\n\t<meta name=\"twitter:data1\" content=\"Marko Maunula\" \/>\n\t<meta name=\"twitter:label2\" content=\"Est. reading time\" \/>\n\t<meta name=\"twitter:data2\" content=\"2 minuuttia\" \/>\n<script type=\"application\/ld+json\" class=\"yoast-schema-graph\">{\"@context\":\"https:\/\/schema.org\",\"@graph\":[{\"@type\":\"WebPage\",\"@id\":\"https:\/\/suomenkuvalehti.fi\/americana\/oliko-virginian-vaalien-haviaja-terry-mcauliffe-demokraattipuolue-vai-kumpikin\/\",\"url\":\"https:\/\/suomenkuvalehti.fi\/americana\/oliko-virginian-vaalien-haviaja-terry-mcauliffe-demokraattipuolue-vai-kumpikin\/\",\"name\":\"Oliko Virginian vaalien h\u00e4vi\u00e4j\u00e4 Terry McAuliffe, demokraattipuolue vai kumpikin? - Americana\",\"isPartOf\":{\"@id\":\"https:\/\/suomenkuvalehti.fi\/americana\/#website\"},\"datePublished\":\"2021-11-04T08:32:29+00:00\",\"author\":{\"@id\":\"https:\/\/suomenkuvalehti.fi\/americana\/#\/schema\/person\/12d514491cb37506bc39c8e10176c3ec\"},\"description\":\"Virginian kuvern\u00f6\u00f6rinvaaleja voi tulkita kahdella tavalla. Tuloksen vaikutuksen liioitteluun ei kannata silti syyllisty\u00e4.\",\"breadcrumb\":{\"@id\":\"https:\/\/suomenkuvalehti.fi\/americana\/oliko-virginian-vaalien-haviaja-terry-mcauliffe-demokraattipuolue-vai-kumpikin\/#breadcrumb\"},\"inLanguage\":\"fi\",\"potentialAction\":[{\"@type\":\"ReadAction\",\"target\":[\"https:\/\/suomenkuvalehti.fi\/americana\/oliko-virginian-vaalien-haviaja-terry-mcauliffe-demokraattipuolue-vai-kumpikin\/\"]}]},{\"@type\":\"BreadcrumbList\",\"@id\":\"https:\/\/suomenkuvalehti.fi\/americana\/oliko-virginian-vaalien-haviaja-terry-mcauliffe-demokraattipuolue-vai-kumpikin\/#breadcrumb\",\"itemListElement\":[{\"@type\":\"ListItem\",\"position\":1,\"name\":\"Home\",\"item\":\"https:\/\/suomenkuvalehti.fi\/americana\/\"},{\"@type\":\"ListItem\",\"position\":2,\"name\":\"Oliko Virginian vaalien h\u00e4vi\u00e4j\u00e4 Terry McAuliffe, demokraattipuolue vai kumpikin?\"}]},{\"@type\":\"WebSite\",\"@id\":\"https:\/\/suomenkuvalehti.fi\/americana\/#website\",\"url\":\"https:\/\/suomenkuvalehti.fi\/americana\/\",\"name\":\"Americana\",\"description\":\"Professori Marko Maunula seuraa USA:n politiikkaa ja populaarikulttuuria\",\"potentialAction\":[{\"@type\":\"SearchAction\",\"target\":{\"@type\":\"EntryPoint\",\"urlTemplate\":\"https:\/\/suomenkuvalehti.fi\/haku\/?q={search_term_string}\"},\"query-input\":{\"@type\":\"PropertyValueSpecification\",\"valueRequired\":true,\"valueName\":\"search_term_string\"}}],\"inLanguage\":\"fi\"},{\"@type\":\"Person\",\"@id\":\"https:\/\/suomenkuvalehti.fi\/americana\/#\/schema\/person\/12d514491cb37506bc39c8e10176c3ec\",\"name\":\"Marko Maunula\",\"image\":{\"@type\":\"ImageObject\",\"inLanguage\":\"fi\",\"@id\":\"https:\/\/suomenkuvalehti.fi\/americana\/#\/schema\/person\/image\/\",\"url\":\"https:\/\/suomenkuvalehti.fi\/americana\/wp-content\/uploads\/sites\/10\/2022\/04\/americana_maunula-150x150.jpg\",\"contentUrl\":\"https:\/\/suomenkuvalehti.fi\/americana\/wp-content\/uploads\/sites\/10\/2022\/04\/americana_maunula-150x150.jpg\",\"caption\":\"Marko Maunula\"},\"description\":\"Kirjoittaja on Yhdysvaltain historian professori Atlantassa.\"}]}<\/script>\n<!-- \/ Yoast SEO plugin. -->","yoast_head_json":{"title":"Oliko Virginian vaalien h\u00e4vi\u00e4j\u00e4 Terry McAuliffe, demokraattipuolue vai kumpikin? - Americana","description":"Virginian kuvern\u00f6\u00f6rinvaaleja voi tulkita kahdella tavalla. Tuloksen vaikutuksen liioitteluun ei kannata silti syyllisty\u00e4.","robots":{"index":"noindex","follow":"follow"},"og_locale":"fi_FI","og_type":"article","og_title":"Oliko Virginian vaalien h\u00e4vi\u00e4j\u00e4 Terry McAuliffe, demokraattipuolue vai kumpikin? - Americana","og_description":"Virginian kuvern\u00f6\u00f6rinvaaleja voi tulkita kahdella tavalla. Tuloksen vaikutuksen liioitteluun ei kannata silti syyllisty\u00e4.","og_url":"https:\/\/suomenkuvalehti.fi\/americana\/oliko-virginian-vaalien-haviaja-terry-mcauliffe-demokraattipuolue-vai-kumpikin\/","og_site_name":"Americana","article_published_time":"2021-11-04T08:32:29+00:00","og_image":[{"width":2560,"height":1706,"url":"https:\/\/suomenkuvalehti.fi\/americana\/wp-content\/uploads\/sites\/10\/2022\/04\/americana_maunula-scaled.jpg","type":"image\/jpeg"}],"author":"Marko Maunula","twitter_card":"summary_large_image","twitter_misc":{"Written by":"Marko Maunula","Est. reading time":"2 minuuttia"},"schema":{"@context":"https:\/\/schema.org","@graph":[{"@type":"WebPage","@id":"https:\/\/suomenkuvalehti.fi\/americana\/oliko-virginian-vaalien-haviaja-terry-mcauliffe-demokraattipuolue-vai-kumpikin\/","url":"https:\/\/suomenkuvalehti.fi\/americana\/oliko-virginian-vaalien-haviaja-terry-mcauliffe-demokraattipuolue-vai-kumpikin\/","name":"Oliko Virginian vaalien h\u00e4vi\u00e4j\u00e4 Terry McAuliffe, demokraattipuolue vai kumpikin? - Americana","isPartOf":{"@id":"https:\/\/suomenkuvalehti.fi\/americana\/#website"},"datePublished":"2021-11-04T08:32:29+00:00","author":{"@id":"https:\/\/suomenkuvalehti.fi\/americana\/#\/schema\/person\/12d514491cb37506bc39c8e10176c3ec"},"description":"Virginian kuvern\u00f6\u00f6rinvaaleja voi tulkita kahdella tavalla. Tuloksen vaikutuksen liioitteluun ei kannata silti syyllisty\u00e4.","breadcrumb":{"@id":"https:\/\/suomenkuvalehti.fi\/americana\/oliko-virginian-vaalien-haviaja-terry-mcauliffe-demokraattipuolue-vai-kumpikin\/#breadcrumb"},"inLanguage":"fi","potentialAction":[{"@type":"ReadAction","target":["https:\/\/suomenkuvalehti.fi\/americana\/oliko-virginian-vaalien-haviaja-terry-mcauliffe-demokraattipuolue-vai-kumpikin\/"]}]},{"@type":"BreadcrumbList","@id":"https:\/\/suomenkuvalehti.fi\/americana\/oliko-virginian-vaalien-haviaja-terry-mcauliffe-demokraattipuolue-vai-kumpikin\/#breadcrumb","itemListElement":[{"@type":"ListItem","position":1,"name":"Home","item":"https:\/\/suomenkuvalehti.fi\/americana\/"},{"@type":"ListItem","position":2,"name":"Oliko Virginian vaalien h\u00e4vi\u00e4j\u00e4 Terry McAuliffe, demokraattipuolue vai kumpikin?"}]},{"@type":"WebSite","@id":"https:\/\/suomenkuvalehti.fi\/americana\/#website","url":"https:\/\/suomenkuvalehti.fi\/americana\/","name":"Americana","description":"Professori Marko Maunula seuraa USA:n politiikkaa ja populaarikulttuuria","potentialAction":[{"@type":"SearchAction","target":{"@type":"EntryPoint","urlTemplate":"https:\/\/suomenkuvalehti.fi\/haku\/?q={search_term_string}"},"query-input":{"@type":"PropertyValueSpecification","valueRequired":true,"valueName":"search_term_string"}}],"inLanguage":"fi"},{"@type":"Person","@id":"https:\/\/suomenkuvalehti.fi\/americana\/#\/schema\/person\/12d514491cb37506bc39c8e10176c3ec","name":"Marko Maunula","image":{"@type":"ImageObject","inLanguage":"fi","@id":"https:\/\/suomenkuvalehti.fi\/americana\/#\/schema\/person\/image\/","url":"https:\/\/suomenkuvalehti.fi\/americana\/wp-content\/uploads\/sites\/10\/2022\/04\/americana_maunula-150x150.jpg","contentUrl":"https:\/\/suomenkuvalehti.fi\/americana\/wp-content\/uploads\/sites\/10\/2022\/04\/americana_maunula-150x150.jpg","caption":"Marko Maunula"},"description":"Kirjoittaja on Yhdysvaltain historian professori Atlantassa."}]}},"_links":{"self":[{"href":"https:\/\/suomenkuvalehti.fi\/americana\/wp-json\/wp\/v2\/posts\/5790","targetHints":{"allow":["GET"]}}],"collection":[{"href":"https:\/\/suomenkuvalehti.fi\/americana\/wp-json\/wp\/v2\/posts"}],"about":[{"href":"https:\/\/suomenkuvalehti.fi\/americana\/wp-json\/wp\/v2\/types\/post"}],"author":[{"embeddable":true,"href":"https:\/\/suomenkuvalehti.fi\/americana\/wp-json\/wp\/v2\/users\/158"}],"replies":[{"embeddable":true,"href":"https:\/\/suomenkuvalehti.fi\/americana\/wp-json\/wp\/v2\/comments?post=5790"}],"version-history":[{"count":4,"href":"https:\/\/suomenkuvalehti.fi\/americana\/wp-json\/wp\/v2\/posts\/5790\/revisions"}],"predecessor-version":[{"id":5794,"href":"https:\/\/suomenkuvalehti.fi\/americana\/wp-json\/wp\/v2\/posts\/5790\/revisions\/5794"}],"wp:attachment":[{"href":"https:\/\/suomenkuvalehti.fi\/americana\/wp-json\/wp\/v2\/media?parent=5790"}],"wp:term":[{"taxonomy":"category","embeddable":true,"href":"https:\/\/suomenkuvalehti.fi\/americana\/wp-json\/wp\/v2\/categories?post=5790"},{"taxonomy":"post_tag","embeddable":true,"href":"https:\/\/suomenkuvalehti.fi\/americana\/wp-json\/wp\/v2\/tags?post=5790"}],"curies":[{"name":"wp","href":"https:\/\/api.w.org\/{rel}","templated":true}]}}