{"id":542,"date":"2010-09-11T16:22:49","date_gmt":"2010-09-11T13:22:49","guid":{"rendered":"https:\/\/suomenkuvalehti.fi\/americana\/syyskuun-11-traumat-vaistyvat\/"},"modified":"2013-11-30T16:22:32","modified_gmt":"2013-11-30T14:22:32","slug":"syyskuun-11-traumat-vaistyvat","status":"publish","type":"post","link":"https:\/\/suomenkuvalehti.fi\/americana\/syyskuun-11-traumat-vaistyvat\/","title":{"rendered":"Syyskuun 11: traumat v\u00e4istyv\u00e4t"},"content":{"rendered":"\n<p>T\u00e4n\u00e4\u00e4n on yhdeks\u00e4n vuotta WTC\/Pentagon\/Pennsylvania terrori-iskuista, ja Yhdysvallat n\u00e4ytt\u00e4\u00e4 muistavan vuosip\u00e4iv\u00e4\u00e4 vain kevyesti. Hyv\u00e4!<\/p>\n\n\n\n<p>Muutama vuosi terrori-iskujen j\u00e4lkeen Yhdysvallat menetti tilap\u00e4isesti mielens\u00e4. Kansallinen trauma l\u00e4henteli psykoosia. Normaalisti yksityisyydest\u00e4\u00e4n tarkat amerikkalaiset hyv\u00e4ksyiv\u00e4t Patriot Actin. Vellihousuiset demokraatitkin kannattivat hy\u00f6kk\u00e4yst\u00e4 Irakiin; ei siksi ett\u00e4 he olisivat v\u00e4ltt\u00e4m\u00e4tt\u00e4 uskoneet heppoisia ja sittemmin valheellisiksi havaittuja &#8221;todisteita&#8221; joukkotuhoaseista, vaan siksi ett\u00e4 he eiv\u00e4t kest\u00e4neet poliittista painetta sodan julistamiseksi.<\/p>\n\n\n\n<p>Vaikka Irakin sota osoittautui nopeasti katastrofaaliseksi virheeksi, terrori-iskujen synnytt\u00e4m\u00e4 pelko ja turvallisuuden tunteen kaipuu kantoivat presidentti <strong>Bushin<\/strong> toiselle kaudelle. Unilateralismi, erist\u00e4ytyminen, ja ep\u00e4luuloisuus leimasivat amerikkalaista el\u00e4m\u00e4\u00e4 ja erityisesti maan suhdetta muuhun maailmaan.<\/p>\n\n\n\n<p>T\u00e4n\u00e4\u00e4n Atlantan saloissa n\u00e4kyy normaalia enemm\u00e4n Yhdysvaltain lippuja. Urheilutapahtumat alkavat hetken hiljaisuudella. Monet kirkot viett\u00e4v\u00e4t rukoushetki\u00e4. Silti muistotilaisuuksien kirjo on huomattavasti muutaman vuoden takaista tarjontaa kevyempi. Jopa uutiskanavat ovat l\u00f6yt\u00e4neet t\u00e4n\u00e4\u00e4n muitakin puheenaiheita.<\/p>\n\n\n\n<p>Syyskuun 11. p\u00e4iv\u00e4n iskut olivat valtava rikos Yhdysvaltoja ja koko sivistynytt\u00e4 maailmaa vastaan. Onneksi amerikkalaiset ovat hiljalleen oppineet suhtautumaan siihen juuri n\u00e4in: fanaattisten psykopaattien suorittamana rikoksena, joskin mittakaavaltaan historiallisena.<\/p>\n\n\n\n<p>Amerikka on henkisesti toipunut iskuista. Terroristit eiv\u00e4t voittaneet.<\/p>\n\n\n\n<p><em>Soundtrack: Neil Young, Rockin&#8217; in the Free World.<\/em><\/p>\n\n\n","protected":false},"excerpt":{"rendered":"<p>T\u00e4n\u00e4\u00e4n on yhdeks\u00e4n vuotta WTC\/Pentagon\/Pennsylvania terrori-iskuista, ja Yhdysvallat n\u00e4ytt\u00e4\u00e4 muistavan vuosip\u00e4iv\u00e4\u00e4 vain kevyesti. Hyv\u00e4! Muutama vuosi terrori-iskujen j\u00e4lkeen Yhdysvallat menetti tilap\u00e4isesti mielens\u00e4. Kansallinen trauma l\u00e4henteli psykoosia. Normaalisti<br \/>\nyksityisyydest&hellip;<\/p>\n","protected":false},"author":158,"featured_media":0,"comment_status":"open","ping_status":"open","sticky":false,"template":"","format":"standard","meta":{"_acf_changed":false,"asauth_required_access_level":0,"asauth_cansharepaid":"","om_header_attributes":[],"footnotes":"","om_featured_image_focal_point":[],"om_primary_tag":0,"om_contributors":[],"om_co_authors":[],"beyondwords_generate_audio":"","beyondwords_project_id":"","beyondwords_content_id":"","beyondwords_preview_token":"","beyondwords_player_content":"","beyondwords_player_style":"","beyondwords_language_code":"","beyondwords_language_id":"","beyondwords_title_voice_id":"","beyondwords_body_voice_id":"","beyondwords_summary_voice_id":"","beyondwords_error_message":"","beyondwords_disabled":"","beyondwords_delete_content":"","beyondwords_podcast_id":"","beyondwords_hash":"","publish_post_to_speechkit":"","speechkit_hash":"","speechkit_generate_audio":"","speechkit_project_id":"","speechkit_podcast_id":"","speechkit_error_message":"","speechkit_disabled":"","speechkit_access_key":"","speechkit_error":"","speechkit_info":"","speechkit_response":"","speechkit_retries":"","speechkit_status":"","speechkit_updated_at":"","_speechkit_link":"","_speechkit_text":""},"categories":[1],"tags":[763,263,1042,193,1041,24],"class_list":["post-542","post","type-post","status-publish","format-standard","hentry","category-americana","tag-763","tag-atlanta","tag-muistotilaisuudet","tag-terrorismi","tag-world-trade-center","tag-yhdysvallat"],"om_views":null,"acf":{"tuuma_off":false,"tuuma_kysymys":"","tuuma_vastaus":""},"asauth":{"required_access_level":1,"share_token":"","is_paid":false},"yoast_head":"<!-- This site is optimized with the Yoast SEO plugin v26.4 - https:\/\/yoast.com\/wordpress\/plugins\/seo\/ -->\n<title>Syyskuun 11: traumat v\u00e4istyv\u00e4t - Americana<\/title>\n<meta name=\"robots\" content=\"noindex, follow\" \/>\n<meta property=\"og:locale\" content=\"fi_FI\" \/>\n<meta property=\"og:type\" content=\"article\" \/>\n<meta property=\"og:title\" content=\"Syyskuun 11: traumat v\u00e4istyv\u00e4t - Americana\" \/>\n<meta property=\"og:description\" content=\"T\u00e4n\u00e4\u00e4n on yhdeks\u00e4n vuotta WTC\/Pentagon\/Pennsylvania terrori-iskuista, ja Yhdysvallat n\u00e4ytt\u00e4\u00e4 muistavan vuosip\u00e4iv\u00e4\u00e4 vain kevyesti. Hyv\u00e4! Muutama vuosi terrori-iskujen j\u00e4lkeen Yhdysvallat menetti tilap\u00e4isesti mielens\u00e4. Kansallinen trauma l\u00e4henteli psykoosia. Normaalisti yksityisyydest&hellip;\" \/>\n<meta property=\"og:url\" content=\"https:\/\/suomenkuvalehti.fi\/americana\/syyskuun-11-traumat-vaistyvat\/\" \/>\n<meta property=\"og:site_name\" content=\"Americana\" \/>\n<meta property=\"article:published_time\" content=\"2010-09-11T13:22:49+00:00\" \/>\n<meta property=\"article:modified_time\" content=\"2013-11-30T14:22:32+00:00\" \/>\n<meta property=\"og:image\" content=\"https:\/\/suomenkuvalehti.fi\/americana\/wp-content\/uploads\/sites\/10\/2022\/04\/americana_maunula-scaled.jpg\" \/>\n\t<meta property=\"og:image:width\" content=\"2560\" \/>\n\t<meta property=\"og:image:height\" content=\"1706\" \/>\n\t<meta property=\"og:image:type\" content=\"image\/jpeg\" \/>\n<meta name=\"author\" content=\"Marko Maunula\" \/>\n<meta name=\"twitter:card\" content=\"summary_large_image\" \/>\n<meta name=\"twitter:label1\" content=\"Written by\" \/>\n\t<meta name=\"twitter:data1\" content=\"Marko Maunula\" \/>\n\t<meta name=\"twitter:label2\" content=\"Est. reading time\" \/>\n\t<meta name=\"twitter:data2\" content=\"1 minuutti\" \/>\n<script type=\"application\/ld+json\" class=\"yoast-schema-graph\">{\"@context\":\"https:\/\/schema.org\",\"@graph\":[{\"@type\":\"WebPage\",\"@id\":\"https:\/\/suomenkuvalehti.fi\/americana\/syyskuun-11-traumat-vaistyvat\/\",\"url\":\"https:\/\/suomenkuvalehti.fi\/americana\/syyskuun-11-traumat-vaistyvat\/\",\"name\":\"Syyskuun 11: traumat v\u00e4istyv\u00e4t - Americana\",\"isPartOf\":{\"@id\":\"https:\/\/suomenkuvalehti.fi\/americana\/#website\"},\"datePublished\":\"2010-09-11T13:22:49+00:00\",\"dateModified\":\"2013-11-30T14:22:32+00:00\",\"author\":{\"@id\":\"https:\/\/suomenkuvalehti.fi\/americana\/#\/schema\/person\/12d514491cb37506bc39c8e10176c3ec\"},\"breadcrumb\":{\"@id\":\"https:\/\/suomenkuvalehti.fi\/americana\/syyskuun-11-traumat-vaistyvat\/#breadcrumb\"},\"inLanguage\":\"fi\",\"potentialAction\":[{\"@type\":\"ReadAction\",\"target\":[\"https:\/\/suomenkuvalehti.fi\/americana\/syyskuun-11-traumat-vaistyvat\/\"]}]},{\"@type\":\"BreadcrumbList\",\"@id\":\"https:\/\/suomenkuvalehti.fi\/americana\/syyskuun-11-traumat-vaistyvat\/#breadcrumb\",\"itemListElement\":[{\"@type\":\"ListItem\",\"position\":1,\"name\":\"Home\",\"item\":\"https:\/\/suomenkuvalehti.fi\/americana\/\"},{\"@type\":\"ListItem\",\"position\":2,\"name\":\"Syyskuun 11: traumat v\u00e4istyv\u00e4t\"}]},{\"@type\":\"WebSite\",\"@id\":\"https:\/\/suomenkuvalehti.fi\/americana\/#website\",\"url\":\"https:\/\/suomenkuvalehti.fi\/americana\/\",\"name\":\"Americana\",\"description\":\"Professori Marko Maunula seuraa USA:n politiikkaa ja populaarikulttuuria\",\"potentialAction\":[{\"@type\":\"SearchAction\",\"target\":{\"@type\":\"EntryPoint\",\"urlTemplate\":\"https:\/\/suomenkuvalehti.fi\/haku\/?q={search_term_string}\"},\"query-input\":{\"@type\":\"PropertyValueSpecification\",\"valueRequired\":true,\"valueName\":\"search_term_string\"}}],\"inLanguage\":\"fi\"},{\"@type\":\"Person\",\"@id\":\"https:\/\/suomenkuvalehti.fi\/americana\/#\/schema\/person\/12d514491cb37506bc39c8e10176c3ec\",\"name\":\"Marko Maunula\",\"image\":{\"@type\":\"ImageObject\",\"inLanguage\":\"fi\",\"@id\":\"https:\/\/suomenkuvalehti.fi\/americana\/#\/schema\/person\/image\/\",\"url\":\"https:\/\/suomenkuvalehti.fi\/americana\/wp-content\/uploads\/sites\/10\/2022\/04\/americana_maunula-150x150.jpg\",\"contentUrl\":\"https:\/\/suomenkuvalehti.fi\/americana\/wp-content\/uploads\/sites\/10\/2022\/04\/americana_maunula-150x150.jpg\",\"caption\":\"Marko Maunula\"},\"description\":\"Kirjoittaja on Yhdysvaltain historian professori Atlantassa.\"}]}<\/script>\n<!-- \/ Yoast SEO plugin. -->","yoast_head_json":{"title":"Syyskuun 11: traumat v\u00e4istyv\u00e4t - Americana","robots":{"index":"noindex","follow":"follow"},"og_locale":"fi_FI","og_type":"article","og_title":"Syyskuun 11: traumat v\u00e4istyv\u00e4t - Americana","og_description":"T\u00e4n\u00e4\u00e4n on yhdeks\u00e4n vuotta WTC\/Pentagon\/Pennsylvania terrori-iskuista, ja Yhdysvallat n\u00e4ytt\u00e4\u00e4 muistavan vuosip\u00e4iv\u00e4\u00e4 vain kevyesti. Hyv\u00e4! Muutama vuosi terrori-iskujen j\u00e4lkeen Yhdysvallat menetti tilap\u00e4isesti mielens\u00e4. Kansallinen trauma l\u00e4henteli psykoosia. Normaalisti yksityisyydest&hellip;","og_url":"https:\/\/suomenkuvalehti.fi\/americana\/syyskuun-11-traumat-vaistyvat\/","og_site_name":"Americana","article_published_time":"2010-09-11T13:22:49+00:00","article_modified_time":"2013-11-30T14:22:32+00:00","og_image":[{"width":2560,"height":1706,"url":"https:\/\/suomenkuvalehti.fi\/americana\/wp-content\/uploads\/sites\/10\/2022\/04\/americana_maunula-scaled.jpg","type":"image\/jpeg"}],"author":"Marko Maunula","twitter_card":"summary_large_image","twitter_misc":{"Written by":"Marko Maunula","Est. reading time":"1 minuutti"},"schema":{"@context":"https:\/\/schema.org","@graph":[{"@type":"WebPage","@id":"https:\/\/suomenkuvalehti.fi\/americana\/syyskuun-11-traumat-vaistyvat\/","url":"https:\/\/suomenkuvalehti.fi\/americana\/syyskuun-11-traumat-vaistyvat\/","name":"Syyskuun 11: traumat v\u00e4istyv\u00e4t - Americana","isPartOf":{"@id":"https:\/\/suomenkuvalehti.fi\/americana\/#website"},"datePublished":"2010-09-11T13:22:49+00:00","dateModified":"2013-11-30T14:22:32+00:00","author":{"@id":"https:\/\/suomenkuvalehti.fi\/americana\/#\/schema\/person\/12d514491cb37506bc39c8e10176c3ec"},"breadcrumb":{"@id":"https:\/\/suomenkuvalehti.fi\/americana\/syyskuun-11-traumat-vaistyvat\/#breadcrumb"},"inLanguage":"fi","potentialAction":[{"@type":"ReadAction","target":["https:\/\/suomenkuvalehti.fi\/americana\/syyskuun-11-traumat-vaistyvat\/"]}]},{"@type":"BreadcrumbList","@id":"https:\/\/suomenkuvalehti.fi\/americana\/syyskuun-11-traumat-vaistyvat\/#breadcrumb","itemListElement":[{"@type":"ListItem","position":1,"name":"Home","item":"https:\/\/suomenkuvalehti.fi\/americana\/"},{"@type":"ListItem","position":2,"name":"Syyskuun 11: traumat v\u00e4istyv\u00e4t"}]},{"@type":"WebSite","@id":"https:\/\/suomenkuvalehti.fi\/americana\/#website","url":"https:\/\/suomenkuvalehti.fi\/americana\/","name":"Americana","description":"Professori Marko Maunula seuraa USA:n politiikkaa ja populaarikulttuuria","potentialAction":[{"@type":"SearchAction","target":{"@type":"EntryPoint","urlTemplate":"https:\/\/suomenkuvalehti.fi\/haku\/?q={search_term_string}"},"query-input":{"@type":"PropertyValueSpecification","valueRequired":true,"valueName":"search_term_string"}}],"inLanguage":"fi"},{"@type":"Person","@id":"https:\/\/suomenkuvalehti.fi\/americana\/#\/schema\/person\/12d514491cb37506bc39c8e10176c3ec","name":"Marko Maunula","image":{"@type":"ImageObject","inLanguage":"fi","@id":"https:\/\/suomenkuvalehti.fi\/americana\/#\/schema\/person\/image\/","url":"https:\/\/suomenkuvalehti.fi\/americana\/wp-content\/uploads\/sites\/10\/2022\/04\/americana_maunula-150x150.jpg","contentUrl":"https:\/\/suomenkuvalehti.fi\/americana\/wp-content\/uploads\/sites\/10\/2022\/04\/americana_maunula-150x150.jpg","caption":"Marko Maunula"},"description":"Kirjoittaja on Yhdysvaltain historian professori Atlantassa."}]}},"_links":{"self":[{"href":"https:\/\/suomenkuvalehti.fi\/americana\/wp-json\/wp\/v2\/posts\/542","targetHints":{"allow":["GET"]}}],"collection":[{"href":"https:\/\/suomenkuvalehti.fi\/americana\/wp-json\/wp\/v2\/posts"}],"about":[{"href":"https:\/\/suomenkuvalehti.fi\/americana\/wp-json\/wp\/v2\/types\/post"}],"author":[{"embeddable":true,"href":"https:\/\/suomenkuvalehti.fi\/americana\/wp-json\/wp\/v2\/users\/158"}],"replies":[{"embeddable":true,"href":"https:\/\/suomenkuvalehti.fi\/americana\/wp-json\/wp\/v2\/comments?post=542"}],"version-history":[{"count":1,"href":"https:\/\/suomenkuvalehti.fi\/americana\/wp-json\/wp\/v2\/posts\/542\/revisions"}],"predecessor-version":[{"id":1156,"href":"https:\/\/suomenkuvalehti.fi\/americana\/wp-json\/wp\/v2\/posts\/542\/revisions\/1156"}],"wp:attachment":[{"href":"https:\/\/suomenkuvalehti.fi\/americana\/wp-json\/wp\/v2\/media?parent=542"}],"wp:term":[{"taxonomy":"category","embeddable":true,"href":"https:\/\/suomenkuvalehti.fi\/americana\/wp-json\/wp\/v2\/categories?post=542"},{"taxonomy":"post_tag","embeddable":true,"href":"https:\/\/suomenkuvalehti.fi\/americana\/wp-json\/wp\/v2\/tags?post=542"}],"curies":[{"name":"wp","href":"https:\/\/api.w.org\/{rel}","templated":true}]}}