{"id":540,"date":"2010-09-15T14:49:42","date_gmt":"2010-09-15T11:49:42","guid":{"rendered":"https:\/\/suomenkuvalehti.fi\/americana\/postmodernit-teekutsut\/"},"modified":"2013-11-30T16:22:32","modified_gmt":"2013-11-30T14:22:32","slug":"postmodernit-teekutsut","status":"publish","type":"post","link":"https:\/\/suomenkuvalehti.fi\/americana\/postmodernit-teekutsut\/","title":{"rendered":"Postmodernit teekutsut"},"content":{"rendered":"\n<p>Raaputa teekutsu-liikkeen pintaa, ja sen alta l\u00f6ytyy yll\u00e4tt\u00e4v\u00e4 maailmankatsomus: moderni oikeistoradikalismi on rakastunut postmodernismiin.<\/p>\n\n\n\n<p>Toisen maailmansodan j\u00e4lkeen, ja erityisesti 1980-90 luvuilla, oikeistolainen ja vasemmistolainen amerikkalainen \u00e4lymyst\u00f6 v\u00e4\u00e4nsiv\u00e4t ankarasti peist\u00e4 postmodernismista. Oikeistolaiset s\u00e4lyttiv\u00e4t vastuun moraalin rapistumisesta sek\u00e4 amerikkalaisen el\u00e4m\u00e4n ja yhteis\u00f6n sirpaleistumisesta postmodernin filosofian selk\u00e4\u00e4n.<\/p>\n\n\n\n<p>Postmodernistien uskomukset kaiken suhteellisuudesta sek\u00e4 objektiivisen totuuden mahdottomuudesta vastaanottivat ankaraa kritiikki\u00e4 konservatiivisilta kommentoijilta. Klassiset ajattelijat ja tiedemiehet, kuten <strong>Allan Bloom<\/strong> ja <strong>Alan Sokal<\/strong>, tuomitsivat postmodernismin joko vaarallisena klassisen sivistyksen vihollisena tai tyhj\u00e4np\u00e4iv\u00e4isen\u00e4 suun paukutuksena.<\/p>\n\n\n\n<p>Postmodernistien kielt\u00e4ytyminen jyrk\u00e4n dualistisesta ajattelusta (mies\/nainen, hyv\u00e4\/huono, totuus\/vale, jne.) oli ideologista myrkky\u00e4 universaaleihin arvoihin uskoville konservatiivisille ajattelijoille. Postmodernistien harrastama kaiken kyseenalaistaminen ja objektiivisten faktojen kritiikki paikoitellen liki raivostuttivat konservatiiveja.<\/p>\n\n\n\n<p>Mit\u00e4 tapahtui totuudelle? Emme tarvitse kovinkaan syv\u00e4llist\u00e4 analyysia havaitaksemme uuden oikeistoradikalismin velan postmodernille objektiivisuuden kritiikille.<\/p>\n\n\n\n<p>Ilmastomuutoksesta maailmankaikkeuden syntyyn ja taloustieteest\u00e4 yhteiskuntateorioihin, teekutsu-liikkeen tukijat kyseenalaistavat tieteen synnytt\u00e4m\u00e4n objektiivisen tiedon. Liikkeen fundamentalistikristillinen siipi raivoaa vuosisatojen mittaista luonnontieteellist\u00e4 kaanonia vastaan. Suuri osa my\u00f6s tuomitsee ilmastotieteilij\u00f6iden liki-konsensuksen internetist\u00e4 hankituilla &#8221;tiedoilla.&#8221;<\/p>\n\n\n\n<p>Talousasioissa he kyseenalaistavat loogiset ja empirisesti todistetut v\u00e4itteet, ett\u00e4 liialliset veroleikkaukset johtavat budjettivajeisiin. Jopa niinkin p\u00e4iv\u00e4nselv\u00e4 tosiseikka kuin presidentti <strong>Obaman<\/strong> syntypaikka on heille kiistelyn ja kritiikin arvoinen kysymys. Totuudesta on tullut heille subjektiivinen muuttuja, poliittisen maailmankatsomuksen muokkaama ja h\u00e4ilyv\u00e4 konsepti.<\/p>\n\n\n\n<p>Metafyysinen suunnanmuutos on ollut niin jyrkk\u00e4, ett\u00e4 minun on vaikea kutsua teekutsu-jengi\u00e4 edes konservatiiveiksi. He ovat ennemminkin uusia oikeistoradikaaleja: suhteellisuuden sis\u00e4ist\u00e4neit\u00e4 ja objektiivisen todellisuuden kyseenalaistavia todellisuuden totaalikielt\u00e4ytyji\u00e4.<\/p>\n\n\n\n<p>Tieteen voitettua heid\u00e4n subjektiivisen maailmankuvansa, teekutsulaisilla sek\u00e4 heid\u00e4n hengenheimolaisillaan ei ole muuta mahdollisuutta kuin k\u00e4\u00e4nty\u00e4 tiedett\u00e4 ja sit\u00e4 edustavia auktoriteettej\u00e4 vastaan. Kuten kaikki radikaalit, he tuomitsevat rationaalisen tiedon emotionaalisin ja subjektiivisin argumentein. Postmodernismi el\u00e4\u00e4 ja voi hyvin, mutta se on vaihtanut katuosoitetta.<\/p>\n\n\n\n<p>Jostain kaukaa kuulen <strong>Michel Foucaultin<\/strong> hihitt\u00e4v\u00e4n&#8230;.<\/p>\n\n\n\n<p><em>Soundtrack: Pink Floyd, Set the Controls for the Heart of the Sun.<\/em><\/p>\n\n\n","protected":false},"excerpt":{"rendered":"<p>Raaputa teekutsu-liikkeen pintaa, ja sen alta l\u00f6ytyy yll\u00e4tt\u00e4v\u00e4 maailmankatsomus: moderni oikeistoradikalismi on rakastunut postmodernismiin. Toisen maailmansodan j\u00e4lkeen, ja erityisesti 1980-90 luvuilla, oikeistolainen ja vasemmistolainen amerikkalainen \u00e4lymyst\u00f6 v\u00e4\u00e4nsiv\u00e4t ankarasti peist\u00e4<br \/>\npostmodern&hellip;<\/p>\n","protected":false},"author":158,"featured_media":0,"comment_status":"open","ping_status":"open","sticky":false,"template":"","format":"standard","meta":{"_acf_changed":false,"asauth_required_access_level":0,"asauth_cansharepaid":"","om_header_attributes":[],"footnotes":"","om_featured_image_focal_point":[],"om_primary_tag":0,"om_contributors":[],"om_co_authors":[],"beyondwords_generate_audio":"","beyondwords_project_id":"","beyondwords_content_id":"","beyondwords_preview_token":"","beyondwords_player_content":"","beyondwords_player_style":"","beyondwords_language_code":"","beyondwords_language_id":"","beyondwords_title_voice_id":"","beyondwords_body_voice_id":"","beyondwords_summary_voice_id":"","beyondwords_error_message":"","beyondwords_disabled":"","beyondwords_delete_content":"","beyondwords_podcast_id":"","beyondwords_hash":"","publish_post_to_speechkit":"","speechkit_hash":"","speechkit_generate_audio":"","speechkit_project_id":"","speechkit_podcast_id":"","speechkit_error_message":"","speechkit_disabled":"","speechkit_access_key":"","speechkit_error":"","speechkit_info":"","speechkit_response":"","speechkit_retries":"","speechkit_status":"","speechkit_updated_at":"","_speechkit_link":"","_speechkit_text":""},"categories":[1],"tags":[263,1038,1039,21,24],"class_list":["post-540","post","type-post","status-publish","format-standard","hentry","category-americana","tag-atlanta","tag-postmodernismi","tag-radikalismi","tag-teekutsut","tag-yhdysvallat"],"om_views":null,"acf":{"tuuma_off":false,"tuuma_kysymys":"","tuuma_vastaus":""},"asauth":{"required_access_level":1,"share_token":"","is_paid":false},"yoast_head":"<!-- This site is optimized with the Yoast SEO plugin v26.4 - https:\/\/yoast.com\/wordpress\/plugins\/seo\/ -->\n<title>Postmodernit teekutsut - Americana<\/title>\n<meta name=\"robots\" content=\"noindex, follow\" \/>\n<meta property=\"og:locale\" content=\"fi_FI\" \/>\n<meta property=\"og:type\" content=\"article\" \/>\n<meta property=\"og:title\" content=\"Postmodernit teekutsut - Americana\" \/>\n<meta property=\"og:description\" content=\"Raaputa teekutsu-liikkeen pintaa, ja sen alta l\u00f6ytyy yll\u00e4tt\u00e4v\u00e4 maailmankatsomus: moderni oikeistoradikalismi on rakastunut postmodernismiin. Toisen maailmansodan j\u00e4lkeen, ja erityisesti 1980-90 luvuilla, oikeistolainen ja vasemmistolainen amerikkalainen \u00e4lymyst\u00f6 v\u00e4\u00e4nsiv\u00e4t ankarasti peist\u00e4 postmodern&hellip;\" \/>\n<meta property=\"og:url\" content=\"https:\/\/suomenkuvalehti.fi\/americana\/postmodernit-teekutsut\/\" \/>\n<meta property=\"og:site_name\" content=\"Americana\" \/>\n<meta property=\"article:published_time\" content=\"2010-09-15T11:49:42+00:00\" \/>\n<meta property=\"article:modified_time\" content=\"2013-11-30T14:22:32+00:00\" \/>\n<meta property=\"og:image\" content=\"https:\/\/suomenkuvalehti.fi\/americana\/wp-content\/uploads\/sites\/10\/2022\/04\/americana_maunula-scaled.jpg\" \/>\n\t<meta property=\"og:image:width\" content=\"2560\" \/>\n\t<meta property=\"og:image:height\" content=\"1706\" \/>\n\t<meta property=\"og:image:type\" content=\"image\/jpeg\" \/>\n<meta name=\"author\" content=\"Marko Maunula\" \/>\n<meta name=\"twitter:card\" content=\"summary_large_image\" \/>\n<meta name=\"twitter:label1\" content=\"Written by\" \/>\n\t<meta name=\"twitter:data1\" content=\"Marko Maunula\" \/>\n\t<meta name=\"twitter:label2\" content=\"Est. reading time\" \/>\n\t<meta name=\"twitter:data2\" content=\"2 minuuttia\" \/>\n<script type=\"application\/ld+json\" class=\"yoast-schema-graph\">{\"@context\":\"https:\/\/schema.org\",\"@graph\":[{\"@type\":\"WebPage\",\"@id\":\"https:\/\/suomenkuvalehti.fi\/americana\/postmodernit-teekutsut\/\",\"url\":\"https:\/\/suomenkuvalehti.fi\/americana\/postmodernit-teekutsut\/\",\"name\":\"Postmodernit teekutsut - Americana\",\"isPartOf\":{\"@id\":\"https:\/\/suomenkuvalehti.fi\/americana\/#website\"},\"datePublished\":\"2010-09-15T11:49:42+00:00\",\"dateModified\":\"2013-11-30T14:22:32+00:00\",\"author\":{\"@id\":\"https:\/\/suomenkuvalehti.fi\/americana\/#\/schema\/person\/12d514491cb37506bc39c8e10176c3ec\"},\"breadcrumb\":{\"@id\":\"https:\/\/suomenkuvalehti.fi\/americana\/postmodernit-teekutsut\/#breadcrumb\"},\"inLanguage\":\"fi\",\"potentialAction\":[{\"@type\":\"ReadAction\",\"target\":[\"https:\/\/suomenkuvalehti.fi\/americana\/postmodernit-teekutsut\/\"]}]},{\"@type\":\"BreadcrumbList\",\"@id\":\"https:\/\/suomenkuvalehti.fi\/americana\/postmodernit-teekutsut\/#breadcrumb\",\"itemListElement\":[{\"@type\":\"ListItem\",\"position\":1,\"name\":\"Home\",\"item\":\"https:\/\/suomenkuvalehti.fi\/americana\/\"},{\"@type\":\"ListItem\",\"position\":2,\"name\":\"Postmodernit teekutsut\"}]},{\"@type\":\"WebSite\",\"@id\":\"https:\/\/suomenkuvalehti.fi\/americana\/#website\",\"url\":\"https:\/\/suomenkuvalehti.fi\/americana\/\",\"name\":\"Americana\",\"description\":\"Professori Marko Maunula seuraa USA:n politiikkaa ja populaarikulttuuria\",\"potentialAction\":[{\"@type\":\"SearchAction\",\"target\":{\"@type\":\"EntryPoint\",\"urlTemplate\":\"https:\/\/suomenkuvalehti.fi\/haku\/?q={search_term_string}\"},\"query-input\":{\"@type\":\"PropertyValueSpecification\",\"valueRequired\":true,\"valueName\":\"search_term_string\"}}],\"inLanguage\":\"fi\"},{\"@type\":\"Person\",\"@id\":\"https:\/\/suomenkuvalehti.fi\/americana\/#\/schema\/person\/12d514491cb37506bc39c8e10176c3ec\",\"name\":\"Marko Maunula\",\"image\":{\"@type\":\"ImageObject\",\"inLanguage\":\"fi\",\"@id\":\"https:\/\/suomenkuvalehti.fi\/americana\/#\/schema\/person\/image\/\",\"url\":\"https:\/\/suomenkuvalehti.fi\/americana\/wp-content\/uploads\/sites\/10\/2022\/04\/americana_maunula-150x150.jpg\",\"contentUrl\":\"https:\/\/suomenkuvalehti.fi\/americana\/wp-content\/uploads\/sites\/10\/2022\/04\/americana_maunula-150x150.jpg\",\"caption\":\"Marko Maunula\"},\"description\":\"Kirjoittaja on Yhdysvaltain historian professori Atlantassa.\"}]}<\/script>\n<!-- \/ Yoast SEO plugin. -->","yoast_head_json":{"title":"Postmodernit teekutsut - Americana","robots":{"index":"noindex","follow":"follow"},"og_locale":"fi_FI","og_type":"article","og_title":"Postmodernit teekutsut - Americana","og_description":"Raaputa teekutsu-liikkeen pintaa, ja sen alta l\u00f6ytyy yll\u00e4tt\u00e4v\u00e4 maailmankatsomus: moderni oikeistoradikalismi on rakastunut postmodernismiin. Toisen maailmansodan j\u00e4lkeen, ja erityisesti 1980-90 luvuilla, oikeistolainen ja vasemmistolainen amerikkalainen \u00e4lymyst\u00f6 v\u00e4\u00e4nsiv\u00e4t ankarasti peist\u00e4 postmodern&hellip;","og_url":"https:\/\/suomenkuvalehti.fi\/americana\/postmodernit-teekutsut\/","og_site_name":"Americana","article_published_time":"2010-09-15T11:49:42+00:00","article_modified_time":"2013-11-30T14:22:32+00:00","og_image":[{"width":2560,"height":1706,"url":"https:\/\/suomenkuvalehti.fi\/americana\/wp-content\/uploads\/sites\/10\/2022\/04\/americana_maunula-scaled.jpg","type":"image\/jpeg"}],"author":"Marko Maunula","twitter_card":"summary_large_image","twitter_misc":{"Written by":"Marko Maunula","Est. reading time":"2 minuuttia"},"schema":{"@context":"https:\/\/schema.org","@graph":[{"@type":"WebPage","@id":"https:\/\/suomenkuvalehti.fi\/americana\/postmodernit-teekutsut\/","url":"https:\/\/suomenkuvalehti.fi\/americana\/postmodernit-teekutsut\/","name":"Postmodernit teekutsut - Americana","isPartOf":{"@id":"https:\/\/suomenkuvalehti.fi\/americana\/#website"},"datePublished":"2010-09-15T11:49:42+00:00","dateModified":"2013-11-30T14:22:32+00:00","author":{"@id":"https:\/\/suomenkuvalehti.fi\/americana\/#\/schema\/person\/12d514491cb37506bc39c8e10176c3ec"},"breadcrumb":{"@id":"https:\/\/suomenkuvalehti.fi\/americana\/postmodernit-teekutsut\/#breadcrumb"},"inLanguage":"fi","potentialAction":[{"@type":"ReadAction","target":["https:\/\/suomenkuvalehti.fi\/americana\/postmodernit-teekutsut\/"]}]},{"@type":"BreadcrumbList","@id":"https:\/\/suomenkuvalehti.fi\/americana\/postmodernit-teekutsut\/#breadcrumb","itemListElement":[{"@type":"ListItem","position":1,"name":"Home","item":"https:\/\/suomenkuvalehti.fi\/americana\/"},{"@type":"ListItem","position":2,"name":"Postmodernit teekutsut"}]},{"@type":"WebSite","@id":"https:\/\/suomenkuvalehti.fi\/americana\/#website","url":"https:\/\/suomenkuvalehti.fi\/americana\/","name":"Americana","description":"Professori Marko Maunula seuraa USA:n politiikkaa ja populaarikulttuuria","potentialAction":[{"@type":"SearchAction","target":{"@type":"EntryPoint","urlTemplate":"https:\/\/suomenkuvalehti.fi\/haku\/?q={search_term_string}"},"query-input":{"@type":"PropertyValueSpecification","valueRequired":true,"valueName":"search_term_string"}}],"inLanguage":"fi"},{"@type":"Person","@id":"https:\/\/suomenkuvalehti.fi\/americana\/#\/schema\/person\/12d514491cb37506bc39c8e10176c3ec","name":"Marko Maunula","image":{"@type":"ImageObject","inLanguage":"fi","@id":"https:\/\/suomenkuvalehti.fi\/americana\/#\/schema\/person\/image\/","url":"https:\/\/suomenkuvalehti.fi\/americana\/wp-content\/uploads\/sites\/10\/2022\/04\/americana_maunula-150x150.jpg","contentUrl":"https:\/\/suomenkuvalehti.fi\/americana\/wp-content\/uploads\/sites\/10\/2022\/04\/americana_maunula-150x150.jpg","caption":"Marko Maunula"},"description":"Kirjoittaja on Yhdysvaltain historian professori Atlantassa."}]}},"_links":{"self":[{"href":"https:\/\/suomenkuvalehti.fi\/americana\/wp-json\/wp\/v2\/posts\/540","targetHints":{"allow":["GET"]}}],"collection":[{"href":"https:\/\/suomenkuvalehti.fi\/americana\/wp-json\/wp\/v2\/posts"}],"about":[{"href":"https:\/\/suomenkuvalehti.fi\/americana\/wp-json\/wp\/v2\/types\/post"}],"author":[{"embeddable":true,"href":"https:\/\/suomenkuvalehti.fi\/americana\/wp-json\/wp\/v2\/users\/158"}],"replies":[{"embeddable":true,"href":"https:\/\/suomenkuvalehti.fi\/americana\/wp-json\/wp\/v2\/comments?post=540"}],"version-history":[{"count":1,"href":"https:\/\/suomenkuvalehti.fi\/americana\/wp-json\/wp\/v2\/posts\/540\/revisions"}],"predecessor-version":[{"id":1154,"href":"https:\/\/suomenkuvalehti.fi\/americana\/wp-json\/wp\/v2\/posts\/540\/revisions\/1154"}],"wp:attachment":[{"href":"https:\/\/suomenkuvalehti.fi\/americana\/wp-json\/wp\/v2\/media?parent=540"}],"wp:term":[{"taxonomy":"category","embeddable":true,"href":"https:\/\/suomenkuvalehti.fi\/americana\/wp-json\/wp\/v2\/categories?post=540"},{"taxonomy":"post_tag","embeddable":true,"href":"https:\/\/suomenkuvalehti.fi\/americana\/wp-json\/wp\/v2\/tags?post=540"}],"curies":[{"name":"wp","href":"https:\/\/api.w.org\/{rel}","templated":true}]}}