{"id":527,"date":"2010-10-17T14:44:18","date_gmt":"2010-10-17T11:44:18","guid":{"rendered":"https:\/\/suomenkuvalehti.fi\/americana\/mika-mattaa-libertaaripuolueessa\/"},"modified":"2013-11-30T16:22:32","modified_gmt":"2013-11-30T14:22:32","slug":"mika-mattaa-libertaaripuolueessa","status":"publish","type":"post","link":"https:\/\/suomenkuvalehti.fi\/americana\/mika-mattaa-libertaaripuolueessa\/","title":{"rendered":"Mik\u00e4 m\u00e4tt\u00e4\u00e4 libertaaripuolueessa?"},"content":{"rendered":"\n<p>Yksil\u00f6nvapauden ideologia on l\u00e4hell\u00e4 amerikkalaista syd\u00e4nt\u00e4. Uskonnollisten \u00e4\u00e4rikonservatiivien kaapatessa yh\u00e4 enemm\u00e4n valtaa republikaanisessa puoluessa, olisi helppo uskoa tilanteen hy\u00f6dytt\u00e4v\u00e4n libertaareja. Silti, pienpuolue kahlaa edelleen poliittisissa marginaaleissa.<\/p>\n\n\n\n<p>Republikaanit ovat huomattavasti kurinalaisempia sek\u00e4 paremmin organisoituneita kuin demokraatit, mutta puolueessa on my\u00f6s omat hajaannuksensa.<\/p>\n\n\n\n<p>Er\u00e4s republikaanien merkitt\u00e4vi\u00e4 jakolinjoja on ero etel\u00e4n arvokonservatiivien sek\u00e4 l\u00e4nnen individualistien v\u00e4lill\u00e4. <strong>Ronald Reaganin<\/strong> ja <strong>George W. Bushin<\/strong> poliittinen taito ja liikkumavara perustuivat pitk\u00e4lti heid\u00e4n kykyyns\u00e4 yhdist\u00e4\u00e4 rintamalinjat sekoittamalla yksil\u00f6nvapauden ja kristillisyyden retoriikkaa.<\/p>\n\n\n\n<p>Viime vuosikymmenten my\u00f6t\u00e4 l\u00e4nnen individualistit ovat menett\u00e4neet painoarvoaan republikaanisessa puolueessa. Kaliforniasta tuli demokraattinen osavaltio 1990-luvun alussa. Nevada, New Mexico, ja Colorado ovat my\u00f6s yh\u00e4 valmiimpia \u00e4\u00e4nest\u00e4m\u00e4\u00e4n demokraatteja. Republikaanisen puolueen painopiste on siirtynyt yh\u00e4 vankemmin Etel\u00e4\u00e4n ja sen arvokonservatiivisen uskonnollisen oikeiston n\u00e4ppeihin.<\/p>\n\n\n\n<p>T\u00e4m\u00e4 tilanne h\u00e4iritsee vanhoja yksil\u00f6nvapauden yst\u00e4vi\u00e4. Heid\u00e4n republikanisminsa perustui pitk\u00e4lti vapauden filosofiaan sek\u00e4 haluun pit\u00e4\u00e4 valtio pois sek\u00e4 taloudesta ett\u00e4 kansalaisten makuuhuoneista. Arvokonservatiivien into kaivertaa kristillinen moraali kansakunnan lains\u00e4\u00e4d\u00e4nt\u00f6\u00f6n h\u00e4iritsee heit\u00e4 liki yht\u00e4 paljon kuin liberaalien puskema taloudellinen sosiaalidemokratiakin.<\/p>\n\n\n\n<p>Republikaanien muodonmuutos ja kansakunnan kyll\u00e4styminen Washingtonin poliittiseen pattiin saa amerikkalaiset haikailemaan uuden puolueen per\u00e4\u00e4n. Yli puolet kansalaisista toivottaisivat <a href=\"http:\/\/thehill.com\/house-polls\/thehill-poll-week-2\/123959-majority-of-voters-say-they-want-a-viable-third-party\">uuden suuren puolueen tervetulleeksi<\/a>.<\/p>\n\n\n\n<p>Teekutsu-liikkest\u00e4 ei ole uudeksi puolueeksi, sill\u00e4 liike on vahvasti <a href=\"http:\/\/www.cbn.com\/cbnnews\/politics\/2010\/October\/Study-Tea-Party-Christian-Conservatives-Have-Strong-Ties\/\">uskonnollisten konservatiivien sek\u00e4 republikaanien hallussa<\/a>, mukaanlukien sen n\u00e4kyvimm\u00e4t hahmot, kuten <strong>Jim DeMint<\/strong> ja <strong>Sarah Palin<\/strong>.<\/p>\n\n\n\n<p>Tilanne n\u00e4ytt\u00e4isi ihanteelliselta libertaaripuolueelle, minimalistista valtiota kannattavalle idealistiselle puolueelle, mutta ei. Libertaarien kannatus kahlaa edelleen prosentin tuntumassa, eik\u00e4 valoa n\u00e4y ainakaan viel\u00e4 tunnelissa. Miksi?<\/p>\n\n\n\n<p>Libertaarit ovat tosiuskovia, ja tosiuskovat ovat taipuvaisia oppiriitoihin. Puolue on <a href=\"http:\/\/en.wikipedia.org\/wiki\/Libertarian_Party_%28United_States%29#Internal_debates\">jakautunut lukuisiin koulukuntiin<\/a>, jotka taistelevat kesken\u00e4\u00e4n ehk\u00e4 viel\u00e4 verisemmin kuin demokraatit.<\/p>\n\n\n\n<p>Lis\u00e4ksi, kuten monet marxisti-\u00e4lyk\u00f6t, libertaarit eiv\u00e4t anna arkip\u00e4iv\u00e4n realiteettien heilauttaa heid\u00e4n pyh\u00e4\u00e4 ideologiaansa. T\u00e4m\u00e4 johtaa paikoitellen h\u00e4mment\u00e4viin ja tragikoomisiin lausuntoihin, kuten t\u00e4m\u00e4kin uskomus, ett\u00e4 perhev\u00e4kivalta olisi ratkaistavissa <a href=\"http:\/\/www.slate.com\/blogs\/blogs\/scocca\/archive\/2010\/10\/13\/the-concord-monitor-obtains-the-dumbest-libertarian-quote-ever.aspx\">yksityist\u00e4m\u00e4ll\u00e4 sosiaalipalvelut<\/a>.<\/p>\n\n\n\n<p>Libertaarit haaskasivat erinomaisen mahdollisuuden kanavoida kansakunnan suuttumus ja pettymys perinteiseen politiikkaan. Todellisen libertarismin sijaan &#8221;raivo&#8221; kanavoitui teekutsujen ylh\u00e4\u00e4lt\u00e4 rahoitettuun ja kyyniseen &#8221;uudistuskampanjaan.&#8221; Libertaarit eiv\u00e4t reagoineet. Heill\u00e4 oli ehk\u00e4 muita kiireit\u00e4.<\/p>\n\n\n\n<p>Vanha vitsi sanoo, ett\u00e4 libertaari on republikaani joka polttaa pilve\u00e4 ja asuu \u00e4itins\u00e4 autotallissa. Vitsiss\u00e4 on ripaus totta. Ellei puolue kykene hy\u00f6dynt\u00e4m\u00e4\u00e4n edes t\u00e4t\u00e4 poliittista mahdollisuutta, se on tuomittu ikuisiksi ajoiksi raivoamaan sammuvaa valoa kohtaan sek\u00e4 pohtimaan vapauden olemusta internetin keskustelupalstoilla.<\/p>\n\n\n\n<p><em>Soundtrack: Rush, Freewill.<\/em><\/p>\n\n\n","protected":false},"excerpt":{"rendered":"<p>Yksil\u00f6nvapauden ideologia on l\u00e4hell\u00e4 amerikkalaista syd\u00e4nt\u00e4. Uskonnollisten \u00e4\u00e4rikonservatiivien kaapatessa yh\u00e4 enemm\u00e4n valtaa republikaanisessa puoluessa, olisi helppo uskoa tilanteen hy\u00f6dytt\u00e4v\u00e4n libertaareja. Silti, pienpuolue kahlaa edelleen poliittisissa marginaaleissa.<br \/>\nRepublikaan&hellip;<\/p>\n","protected":false},"author":158,"featured_media":0,"comment_status":"open","ping_status":"open","sticky":false,"template":"","format":"standard","meta":{"_acf_changed":false,"asauth_required_access_level":0,"asauth_cansharepaid":"","om_header_attributes":[],"footnotes":"","om_featured_image_focal_point":[],"om_primary_tag":0,"om_contributors":[],"om_co_authors":[],"beyondwords_generate_audio":"","beyondwords_project_id":"","beyondwords_content_id":"","beyondwords_preview_token":"","beyondwords_player_content":"","beyondwords_player_style":"","beyondwords_language_code":"","beyondwords_language_id":"","beyondwords_title_voice_id":"","beyondwords_body_voice_id":"","beyondwords_summary_voice_id":"","beyondwords_error_message":"","beyondwords_disabled":"","beyondwords_delete_content":"","beyondwords_podcast_id":"","beyondwords_hash":"","publish_post_to_speechkit":"","speechkit_hash":"","speechkit_generate_audio":"","speechkit_project_id":"","speechkit_podcast_id":"","speechkit_error_message":"","speechkit_disabled":"","speechkit_access_key":"","speechkit_error":"","speechkit_info":"","speechkit_response":"","speechkit_retries":"","speechkit_status":"","speechkit_updated_at":"","_speechkit_link":"","_speechkit_text":""},"categories":[1],"tags":[1010,148,21,24],"class_list":["post-527","post","type-post","status-publish","format-standard","hentry","category-americana","tag-libertaaripuolue","tag-politiikka","tag-teekutsut","tag-yhdysvallat"],"om_views":null,"acf":{"tuuma_off":false,"tuuma_kysymys":"","tuuma_vastaus":""},"asauth":{"required_access_level":1,"share_token":"","is_paid":false},"yoast_head":"<!-- This site is optimized with the Yoast SEO plugin v26.4 - https:\/\/yoast.com\/wordpress\/plugins\/seo\/ -->\n<title>Mik\u00e4 m\u00e4tt\u00e4\u00e4 libertaaripuolueessa? - Americana<\/title>\n<meta name=\"robots\" content=\"noindex, follow\" \/>\n<meta property=\"og:locale\" content=\"fi_FI\" \/>\n<meta property=\"og:type\" content=\"article\" \/>\n<meta property=\"og:title\" content=\"Mik\u00e4 m\u00e4tt\u00e4\u00e4 libertaaripuolueessa? - Americana\" \/>\n<meta property=\"og:description\" content=\"Yksil\u00f6nvapauden ideologia on l\u00e4hell\u00e4 amerikkalaista syd\u00e4nt\u00e4. Uskonnollisten \u00e4\u00e4rikonservatiivien kaapatessa yh\u00e4 enemm\u00e4n valtaa republikaanisessa puoluessa, olisi helppo uskoa tilanteen hy\u00f6dytt\u00e4v\u00e4n libertaareja. Silti, pienpuolue kahlaa edelleen poliittisissa marginaaleissa. Republikaan&hellip;\" \/>\n<meta property=\"og:url\" content=\"https:\/\/suomenkuvalehti.fi\/americana\/mika-mattaa-libertaaripuolueessa\/\" \/>\n<meta property=\"og:site_name\" content=\"Americana\" \/>\n<meta property=\"article:published_time\" content=\"2010-10-17T11:44:18+00:00\" \/>\n<meta property=\"article:modified_time\" content=\"2013-11-30T14:22:32+00:00\" \/>\n<meta property=\"og:image\" content=\"https:\/\/suomenkuvalehti.fi\/americana\/wp-content\/uploads\/sites\/10\/2022\/04\/americana_maunula-scaled.jpg\" \/>\n\t<meta property=\"og:image:width\" content=\"2560\" \/>\n\t<meta property=\"og:image:height\" content=\"1706\" \/>\n\t<meta property=\"og:image:type\" content=\"image\/jpeg\" \/>\n<meta name=\"author\" content=\"Marko Maunula\" \/>\n<meta name=\"twitter:card\" content=\"summary_large_image\" \/>\n<meta name=\"twitter:label1\" content=\"Written by\" \/>\n\t<meta name=\"twitter:data1\" content=\"Marko Maunula\" \/>\n\t<meta name=\"twitter:label2\" content=\"Est. reading time\" \/>\n\t<meta name=\"twitter:data2\" content=\"2 minuuttia\" \/>\n<script type=\"application\/ld+json\" class=\"yoast-schema-graph\">{\"@context\":\"https:\/\/schema.org\",\"@graph\":[{\"@type\":\"WebPage\",\"@id\":\"https:\/\/suomenkuvalehti.fi\/americana\/mika-mattaa-libertaaripuolueessa\/\",\"url\":\"https:\/\/suomenkuvalehti.fi\/americana\/mika-mattaa-libertaaripuolueessa\/\",\"name\":\"Mik\u00e4 m\u00e4tt\u00e4\u00e4 libertaaripuolueessa? - Americana\",\"isPartOf\":{\"@id\":\"https:\/\/suomenkuvalehti.fi\/americana\/#website\"},\"datePublished\":\"2010-10-17T11:44:18+00:00\",\"dateModified\":\"2013-11-30T14:22:32+00:00\",\"author\":{\"@id\":\"https:\/\/suomenkuvalehti.fi\/americana\/#\/schema\/person\/12d514491cb37506bc39c8e10176c3ec\"},\"breadcrumb\":{\"@id\":\"https:\/\/suomenkuvalehti.fi\/americana\/mika-mattaa-libertaaripuolueessa\/#breadcrumb\"},\"inLanguage\":\"fi\",\"potentialAction\":[{\"@type\":\"ReadAction\",\"target\":[\"https:\/\/suomenkuvalehti.fi\/americana\/mika-mattaa-libertaaripuolueessa\/\"]}]},{\"@type\":\"BreadcrumbList\",\"@id\":\"https:\/\/suomenkuvalehti.fi\/americana\/mika-mattaa-libertaaripuolueessa\/#breadcrumb\",\"itemListElement\":[{\"@type\":\"ListItem\",\"position\":1,\"name\":\"Home\",\"item\":\"https:\/\/suomenkuvalehti.fi\/americana\/\"},{\"@type\":\"ListItem\",\"position\":2,\"name\":\"Mik\u00e4 m\u00e4tt\u00e4\u00e4 libertaaripuolueessa?\"}]},{\"@type\":\"WebSite\",\"@id\":\"https:\/\/suomenkuvalehti.fi\/americana\/#website\",\"url\":\"https:\/\/suomenkuvalehti.fi\/americana\/\",\"name\":\"Americana\",\"description\":\"Professori Marko Maunula seuraa USA:n politiikkaa ja populaarikulttuuria\",\"potentialAction\":[{\"@type\":\"SearchAction\",\"target\":{\"@type\":\"EntryPoint\",\"urlTemplate\":\"https:\/\/suomenkuvalehti.fi\/haku\/?q={search_term_string}\"},\"query-input\":{\"@type\":\"PropertyValueSpecification\",\"valueRequired\":true,\"valueName\":\"search_term_string\"}}],\"inLanguage\":\"fi\"},{\"@type\":\"Person\",\"@id\":\"https:\/\/suomenkuvalehti.fi\/americana\/#\/schema\/person\/12d514491cb37506bc39c8e10176c3ec\",\"name\":\"Marko Maunula\",\"image\":{\"@type\":\"ImageObject\",\"inLanguage\":\"fi\",\"@id\":\"https:\/\/suomenkuvalehti.fi\/americana\/#\/schema\/person\/image\/\",\"url\":\"https:\/\/suomenkuvalehti.fi\/americana\/wp-content\/uploads\/sites\/10\/2022\/04\/americana_maunula-150x150.jpg\",\"contentUrl\":\"https:\/\/suomenkuvalehti.fi\/americana\/wp-content\/uploads\/sites\/10\/2022\/04\/americana_maunula-150x150.jpg\",\"caption\":\"Marko Maunula\"},\"description\":\"Kirjoittaja on Yhdysvaltain historian professori Atlantassa.\"}]}<\/script>\n<!-- \/ Yoast SEO plugin. -->","yoast_head_json":{"title":"Mik\u00e4 m\u00e4tt\u00e4\u00e4 libertaaripuolueessa? - Americana","robots":{"index":"noindex","follow":"follow"},"og_locale":"fi_FI","og_type":"article","og_title":"Mik\u00e4 m\u00e4tt\u00e4\u00e4 libertaaripuolueessa? - Americana","og_description":"Yksil\u00f6nvapauden ideologia on l\u00e4hell\u00e4 amerikkalaista syd\u00e4nt\u00e4. Uskonnollisten \u00e4\u00e4rikonservatiivien kaapatessa yh\u00e4 enemm\u00e4n valtaa republikaanisessa puoluessa, olisi helppo uskoa tilanteen hy\u00f6dytt\u00e4v\u00e4n libertaareja. Silti, pienpuolue kahlaa edelleen poliittisissa marginaaleissa. Republikaan&hellip;","og_url":"https:\/\/suomenkuvalehti.fi\/americana\/mika-mattaa-libertaaripuolueessa\/","og_site_name":"Americana","article_published_time":"2010-10-17T11:44:18+00:00","article_modified_time":"2013-11-30T14:22:32+00:00","og_image":[{"width":2560,"height":1706,"url":"https:\/\/suomenkuvalehti.fi\/americana\/wp-content\/uploads\/sites\/10\/2022\/04\/americana_maunula-scaled.jpg","type":"image\/jpeg"}],"author":"Marko Maunula","twitter_card":"summary_large_image","twitter_misc":{"Written by":"Marko Maunula","Est. reading time":"2 minuuttia"},"schema":{"@context":"https:\/\/schema.org","@graph":[{"@type":"WebPage","@id":"https:\/\/suomenkuvalehti.fi\/americana\/mika-mattaa-libertaaripuolueessa\/","url":"https:\/\/suomenkuvalehti.fi\/americana\/mika-mattaa-libertaaripuolueessa\/","name":"Mik\u00e4 m\u00e4tt\u00e4\u00e4 libertaaripuolueessa? - Americana","isPartOf":{"@id":"https:\/\/suomenkuvalehti.fi\/americana\/#website"},"datePublished":"2010-10-17T11:44:18+00:00","dateModified":"2013-11-30T14:22:32+00:00","author":{"@id":"https:\/\/suomenkuvalehti.fi\/americana\/#\/schema\/person\/12d514491cb37506bc39c8e10176c3ec"},"breadcrumb":{"@id":"https:\/\/suomenkuvalehti.fi\/americana\/mika-mattaa-libertaaripuolueessa\/#breadcrumb"},"inLanguage":"fi","potentialAction":[{"@type":"ReadAction","target":["https:\/\/suomenkuvalehti.fi\/americana\/mika-mattaa-libertaaripuolueessa\/"]}]},{"@type":"BreadcrumbList","@id":"https:\/\/suomenkuvalehti.fi\/americana\/mika-mattaa-libertaaripuolueessa\/#breadcrumb","itemListElement":[{"@type":"ListItem","position":1,"name":"Home","item":"https:\/\/suomenkuvalehti.fi\/americana\/"},{"@type":"ListItem","position":2,"name":"Mik\u00e4 m\u00e4tt\u00e4\u00e4 libertaaripuolueessa?"}]},{"@type":"WebSite","@id":"https:\/\/suomenkuvalehti.fi\/americana\/#website","url":"https:\/\/suomenkuvalehti.fi\/americana\/","name":"Americana","description":"Professori Marko Maunula seuraa USA:n politiikkaa ja populaarikulttuuria","potentialAction":[{"@type":"SearchAction","target":{"@type":"EntryPoint","urlTemplate":"https:\/\/suomenkuvalehti.fi\/haku\/?q={search_term_string}"},"query-input":{"@type":"PropertyValueSpecification","valueRequired":true,"valueName":"search_term_string"}}],"inLanguage":"fi"},{"@type":"Person","@id":"https:\/\/suomenkuvalehti.fi\/americana\/#\/schema\/person\/12d514491cb37506bc39c8e10176c3ec","name":"Marko Maunula","image":{"@type":"ImageObject","inLanguage":"fi","@id":"https:\/\/suomenkuvalehti.fi\/americana\/#\/schema\/person\/image\/","url":"https:\/\/suomenkuvalehti.fi\/americana\/wp-content\/uploads\/sites\/10\/2022\/04\/americana_maunula-150x150.jpg","contentUrl":"https:\/\/suomenkuvalehti.fi\/americana\/wp-content\/uploads\/sites\/10\/2022\/04\/americana_maunula-150x150.jpg","caption":"Marko Maunula"},"description":"Kirjoittaja on Yhdysvaltain historian professori Atlantassa."}]}},"_links":{"self":[{"href":"https:\/\/suomenkuvalehti.fi\/americana\/wp-json\/wp\/v2\/posts\/527","targetHints":{"allow":["GET"]}}],"collection":[{"href":"https:\/\/suomenkuvalehti.fi\/americana\/wp-json\/wp\/v2\/posts"}],"about":[{"href":"https:\/\/suomenkuvalehti.fi\/americana\/wp-json\/wp\/v2\/types\/post"}],"author":[{"embeddable":true,"href":"https:\/\/suomenkuvalehti.fi\/americana\/wp-json\/wp\/v2\/users\/158"}],"replies":[{"embeddable":true,"href":"https:\/\/suomenkuvalehti.fi\/americana\/wp-json\/wp\/v2\/comments?post=527"}],"version-history":[{"count":1,"href":"https:\/\/suomenkuvalehti.fi\/americana\/wp-json\/wp\/v2\/posts\/527\/revisions"}],"predecessor-version":[{"id":1141,"href":"https:\/\/suomenkuvalehti.fi\/americana\/wp-json\/wp\/v2\/posts\/527\/revisions\/1141"}],"wp:attachment":[{"href":"https:\/\/suomenkuvalehti.fi\/americana\/wp-json\/wp\/v2\/media?parent=527"}],"wp:term":[{"taxonomy":"category","embeddable":true,"href":"https:\/\/suomenkuvalehti.fi\/americana\/wp-json\/wp\/v2\/categories?post=527"},{"taxonomy":"post_tag","embeddable":true,"href":"https:\/\/suomenkuvalehti.fi\/americana\/wp-json\/wp\/v2\/tags?post=527"}],"curies":[{"name":"wp","href":"https:\/\/api.w.org\/{rel}","templated":true}]}}