{"id":52,"date":"2013-05-26T14:45:10","date_gmt":"2013-05-26T11:45:10","guid":{"rendered":"https:\/\/suomenkuvalehti.fi\/americana\/kunnia-kuuluu-kaatuneille-hapea-militaristeille\/"},"modified":"2013-11-30T16:22:00","modified_gmt":"2013-11-30T14:22:00","slug":"kunnia-kuuluu-kaatuneille-hapea-militaristeille","status":"publish","type":"post","link":"https:\/\/suomenkuvalehti.fi\/americana\/kunnia-kuuluu-kaatuneille-hapea-militaristeille\/","title":{"rendered":"Kunnia kuuluu kaatuneille, h\u00e4pe\u00e4 militaristeille"},"content":{"rendered":"\n<p>Maanantaina Yhdysvallat juhlii kaatuneiden muistop\u00e4iv\u00e4\u00e4. Ved\u00e4n k\u00e4tt\u00e4 lippaan sodissa kaatuneiden amerikkalaisten kunniaksi, mutta en voi samalla v\u00e4ltt\u00e4\u00e4 hienoista vastentahtoisuutta ja jopa pelkoa juhlaviikonlopun militaristista hekumointia kohtaan.<\/p>\n\n\n\n<p>Yhdysvallat on t\u00e4ll\u00e4 hetkell\u00e4 l\u00e4ntisen maailman ylivoimaisesti militaristisin kansakunta. Se ei ole yht\u00e4 paha kuin Eurooppa 1900-luvun ensimm\u00e4isell\u00e4 puoliskolla, mutta maan militaristisoituminen on h\u00e4iritsev\u00e4 ilmi\u00f6. Kulturaalisesti militarismi-fetismi vaikuttaa subjektiivisten arvioideni mukaan olevan ainoastaan kasvussa.<\/p>\n\n\n\n<p>Jokainen amerikkalaisissa urheilutapahtumissa vieraillut voi todistaa otteluita edelt\u00e4vist\u00e4 kansallislauluista, paraatikiv\u00e4\u00e4rej\u00e4 kantavien kunniakomppanien lippuseremonioista, sek\u00e4 isoissa tapahtumissa my\u00f6s h\u00e4vitt\u00e4j\u00e4koneiden ylilennoista. Vuoden 2001 terrori-iskujen j\u00e4lkeen ei pelkk\u00e4 kansallislaulu ole aina riitt\u00e4nyt. Nykyisin baseball-matsit satunnaisesti taukoavat my\u00f6s seitsem\u00e4nness\u00e4 vuoroparissa<em> God Bless America<\/em> -laulua varten.<\/p>\n\n\n\n<p>Patriotismi on yh\u00e4 useammin yhdistetty surutta militarismiin. Kyselyt armeijan valtavan budjetin mielekkyydest\u00e4 sek\u00e4 Irakin sodan oikeutuksesta johtavat usein ep\u00e4ilyihin kyselij\u00e4n is\u00e4nmaallisuudesta. Vaikka Yhdysvaltojen puolustusmenot kattavat <a href=\"http:\/\/www.realclearworld.com\/blog\/2011\/04\/us_military_spending_vs_the_world.html\">liki 43 prosenttia<\/a> koko maailman puolustusmenoista, t\u00e4m\u00e4k\u00e4\u00e4n ei ole heille kylliksi. Puolustusvoimien jo nyt tolkuttomien m\u00e4\u00e4r\u00e4rahojen nostamisen kannattajat ovat k\u00e4\u00e4rineet itsens\u00e4 Yhdysvaltain lippuun, pelaten mielell\u00e4\u00e4n &#8221;olen amerikkalaisempi kuin sin\u00e4&#8221; -korttia.<\/p>\n\n\n\n<p>Ep\u00e4is\u00e4nmaallisuus-leimakirves ei ole, tietenk\u00e4\u00e4n, uusi ase. <strong>Joseph McCarthyn<\/strong> vasemmistovainojen sek\u00e4 Vietnamin sodan my\u00f6t\u00e4 kriitikot kuulivat usein olevansa Yhdysvaltain salaisia vihollisia sek\u00e4 maanpettureita &#8211; tai ainakin heid\u00e4n puolustajiaan. Maailmansotien aikaan jotkut sodan vastustajat joutuivat vankilaan (heit\u00e4 ei tosin teloitettu, kuten tapahtui usein Euroopassa &#8211; Suomi mukaanluettuna).<\/p>\n\n\n\n<p>Uskon, ett\u00e4 viime vuosikymmenen militarisaation voimakkain ruokkija on ennen kaikkea WTC:n terrori-iskuja seuranneiden sotien huono sotamenestys, yhdistettyn\u00e4 sotien huteriin motiiveihin.<\/p>\n\n\n\n<p>Afganistanin vastainen sota nautti alkusuoralla mittavaa kannatusta. Taliban suojeli <strong>Osama bin Ladenia<\/strong> ja muita terrori-iskujen suunnittelijoita. Ellei se suostunut antamaan tuhansien viattomien teurastajia oikeuden eteen, Yhdysvalloilla oli vankka <em>casus belli<\/em>. Kuuluin itsekin sodan kannattajiin.<\/p>\n\n\n\n<p>Pian seurannut Irakin sota puolestaan jakoi amerikkalaiset kahtia. Hy\u00f6kk\u00e4yst\u00e4 edelt\u00e4neet sodanvastaiset mielenosoitukset kuuluivat Yhdysvaltain historian suurimpiin. Miljoonat amerikkalaiset jakoivat asiantuntijoiden skeptisyyden Irakin joukkotuhoaseita kohtaan, uskoen, ett\u00e4 pakotteet ja rajoitteet ovat kyenneet tekem\u00e4\u00e4n <strong>Saddam Husseinista<\/strong> maailmanpoliittisesti ja jopa alueellisesti vaarattoman tyrannin. Me olimme oikeassa.<\/p>\n\n\n\n<p>Irakin sodan osoittautuessa valheisiin perustuneeksi katastrofiksi sek\u00e4 Afganistanin kampanjan huono menestys ovat johtaneet sodan kannattajat-niin kongressissa kuin kaduillakin-k\u00e4rjist\u00e4m\u00e4\u00e4n retoriikkaansa. He sanovat Irakin sodan kaatuneiden kuolleen &#8221;meid\u00e4n vapautemme puolesta,&#8221; vihjaten, ett\u00e4 sodan vastustajat eiv\u00e4t arvosta kaatuneiden uhrauksia tai ymm\u00e4rr\u00e4 sodan pohjimmaista missiota. He pyrkiv\u00e4t piilottamaan huonot argumenttinsa sotilasrumpujen p\u00e4rin\u00e4n ja patrioottisen liturgian taakse.<\/p>\n\n\n\n<p>Kunnioitan veteraaneja ja kaatuneita &#8211; my\u00f6s niit\u00e4, jotka kuolivat politiikkojen traagisten virheiden ja suorien valheiden uhreina. Sanon my\u00f6s rukouksen Afganistanissa kaatuneen, tuntemani yliopistoni opiskelijan muistoksi. Mutta en suostu, edes kaatuneiden muistop\u00e4iv\u00e4n\u00e4, juhlistamaan maan militarisointia. Amerikkalainen sanonta kuuluu, ett\u00e4 jos miehell\u00e4 on ainoastaan vasara, koko maailma n\u00e4ytt\u00e4\u00e4 pian h\u00e4nelle naulalta. Militarismi johtaa ainoastaan militaristiseen ulkopolitiikkaan.<\/p>\n\n\n\n<p>Onneksi viime marraskuussa Yhdysvallat hylk\u00e4si presidenttiehdokkaan, joka vaati viel\u00e4kin enemm\u00e4n rahaa armeijalle. Uusi hallinto on osoittanut edelt\u00e4ji\u00e4\u00e4n parempaa harkintaa Yhdysvaltain sotavoimien k\u00e4yt\u00f6ss\u00e4\u00e4n. Silti, mittavissa muutoksissa sek\u00e4 ajatteluun ett\u00e4 armeijan rooliin kest\u00e4\u00e4 viel\u00e4 aikansa.<\/p>\n\n\n\n<p><em>Soundtrack: David Bowie, Footstompin&#8217;.<\/em><\/p>\n\n\n","protected":false},"excerpt":{"rendered":"<p>Maanantaina Yhdysvallat juhlii kaatuneiden muistop\u00e4iv\u00e4\u00e4. Ved\u00e4n k\u00e4tt\u00e4 lippaan sodissa kaatuneiden amerikkalaisten kunniaksi, mutta en voi samalla v\u00e4ltt\u00e4\u00e4 hienoista vastentahtoisuutta ja jopa pelkoa juhlaviikonlopun militaristista hekumointia kohtaan. Yhdysvallat on t\u00e4ll\u00e4<br \/>\nhetkell\u00e4 l&hellip;<\/p>\n","protected":false},"author":158,"featured_media":0,"comment_status":"open","ping_status":"open","sticky":false,"template":"","format":"standard","meta":{"_acf_changed":false,"asauth_required_access_level":0,"asauth_cansharepaid":"","om_header_attributes":[],"footnotes":"","om_featured_image_focal_point":[],"om_primary_tag":0,"om_contributors":[],"om_co_authors":[],"beyondwords_generate_audio":"","beyondwords_project_id":"","beyondwords_content_id":"","beyondwords_preview_token":"","beyondwords_player_content":"","beyondwords_player_style":"","beyondwords_language_code":"","beyondwords_language_id":"","beyondwords_title_voice_id":"","beyondwords_body_voice_id":"","beyondwords_summary_voice_id":"","beyondwords_error_message":"","beyondwords_disabled":"","beyondwords_delete_content":"","beyondwords_podcast_id":"","beyondwords_hash":"","publish_post_to_speechkit":"","speechkit_hash":"","speechkit_generate_audio":"","speechkit_project_id":"","speechkit_podcast_id":"","speechkit_error_message":"","speechkit_disabled":"","speechkit_access_key":"","speechkit_error":"","speechkit_info":"","speechkit_response":"","speechkit_retries":"","speechkit_status":"","speechkit_updated_at":"","_speechkit_link":"","_speechkit_text":""},"categories":[1],"tags":[95,208,206,207,209,24],"class_list":["post-52","post","type-post","status-publish","format-standard","hentry","category-americana","tag-afganistan","tag-irakin-sota","tag-memorial-day","tag-militarismi","tag-patriotismi","tag-yhdysvallat"],"om_views":null,"acf":{"tuuma_off":false,"tuuma_kysymys":"","tuuma_vastaus":""},"asauth":{"required_access_level":1,"share_token":"","is_paid":false},"yoast_head":"<!-- This site is optimized with the Yoast SEO plugin v26.4 - https:\/\/yoast.com\/wordpress\/plugins\/seo\/ -->\n<title>Kunnia kuuluu kaatuneille, h\u00e4pe\u00e4 militaristeille - Americana<\/title>\n<meta name=\"robots\" content=\"noindex, follow\" \/>\n<meta property=\"og:locale\" content=\"fi_FI\" \/>\n<meta property=\"og:type\" content=\"article\" \/>\n<meta property=\"og:title\" content=\"Kunnia kuuluu kaatuneille, h\u00e4pe\u00e4 militaristeille - Americana\" \/>\n<meta property=\"og:description\" content=\"Maanantaina Yhdysvallat juhlii kaatuneiden muistop\u00e4iv\u00e4\u00e4. Ved\u00e4n k\u00e4tt\u00e4 lippaan sodissa kaatuneiden amerikkalaisten kunniaksi, mutta en voi samalla v\u00e4ltt\u00e4\u00e4 hienoista vastentahtoisuutta ja jopa pelkoa juhlaviikonlopun militaristista hekumointia kohtaan. Yhdysvallat on t\u00e4ll\u00e4 hetkell\u00e4 l&hellip;\" \/>\n<meta property=\"og:url\" content=\"https:\/\/suomenkuvalehti.fi\/americana\/kunnia-kuuluu-kaatuneille-hapea-militaristeille\/\" \/>\n<meta property=\"og:site_name\" content=\"Americana\" \/>\n<meta property=\"article:published_time\" content=\"2013-05-26T11:45:10+00:00\" \/>\n<meta property=\"article:modified_time\" content=\"2013-11-30T14:22:00+00:00\" \/>\n<meta property=\"og:image\" content=\"https:\/\/suomenkuvalehti.fi\/americana\/wp-content\/uploads\/sites\/10\/2022\/04\/americana_maunula-scaled.jpg\" \/>\n\t<meta property=\"og:image:width\" content=\"2560\" \/>\n\t<meta property=\"og:image:height\" content=\"1706\" \/>\n\t<meta property=\"og:image:type\" content=\"image\/jpeg\" \/>\n<meta name=\"author\" content=\"Marko Maunula\" \/>\n<meta name=\"twitter:card\" content=\"summary_large_image\" \/>\n<meta name=\"twitter:label1\" content=\"Written by\" \/>\n\t<meta name=\"twitter:data1\" content=\"Marko Maunula\" \/>\n\t<meta name=\"twitter:label2\" content=\"Est. reading time\" \/>\n\t<meta name=\"twitter:data2\" content=\"3 minuuttia\" \/>\n<script type=\"application\/ld+json\" class=\"yoast-schema-graph\">{\"@context\":\"https:\/\/schema.org\",\"@graph\":[{\"@type\":\"WebPage\",\"@id\":\"https:\/\/suomenkuvalehti.fi\/americana\/kunnia-kuuluu-kaatuneille-hapea-militaristeille\/\",\"url\":\"https:\/\/suomenkuvalehti.fi\/americana\/kunnia-kuuluu-kaatuneille-hapea-militaristeille\/\",\"name\":\"Kunnia kuuluu kaatuneille, h\u00e4pe\u00e4 militaristeille - Americana\",\"isPartOf\":{\"@id\":\"https:\/\/suomenkuvalehti.fi\/americana\/#website\"},\"datePublished\":\"2013-05-26T11:45:10+00:00\",\"dateModified\":\"2013-11-30T14:22:00+00:00\",\"author\":{\"@id\":\"https:\/\/suomenkuvalehti.fi\/americana\/#\/schema\/person\/12d514491cb37506bc39c8e10176c3ec\"},\"breadcrumb\":{\"@id\":\"https:\/\/suomenkuvalehti.fi\/americana\/kunnia-kuuluu-kaatuneille-hapea-militaristeille\/#breadcrumb\"},\"inLanguage\":\"fi\",\"potentialAction\":[{\"@type\":\"ReadAction\",\"target\":[\"https:\/\/suomenkuvalehti.fi\/americana\/kunnia-kuuluu-kaatuneille-hapea-militaristeille\/\"]}]},{\"@type\":\"BreadcrumbList\",\"@id\":\"https:\/\/suomenkuvalehti.fi\/americana\/kunnia-kuuluu-kaatuneille-hapea-militaristeille\/#breadcrumb\",\"itemListElement\":[{\"@type\":\"ListItem\",\"position\":1,\"name\":\"Home\",\"item\":\"https:\/\/suomenkuvalehti.fi\/americana\/\"},{\"@type\":\"ListItem\",\"position\":2,\"name\":\"Kunnia kuuluu kaatuneille, h\u00e4pe\u00e4 militaristeille\"}]},{\"@type\":\"WebSite\",\"@id\":\"https:\/\/suomenkuvalehti.fi\/americana\/#website\",\"url\":\"https:\/\/suomenkuvalehti.fi\/americana\/\",\"name\":\"Americana\",\"description\":\"Professori Marko Maunula seuraa USA:n politiikkaa ja populaarikulttuuria\",\"potentialAction\":[{\"@type\":\"SearchAction\",\"target\":{\"@type\":\"EntryPoint\",\"urlTemplate\":\"https:\/\/suomenkuvalehti.fi\/haku\/?q={search_term_string}\"},\"query-input\":{\"@type\":\"PropertyValueSpecification\",\"valueRequired\":true,\"valueName\":\"search_term_string\"}}],\"inLanguage\":\"fi\"},{\"@type\":\"Person\",\"@id\":\"https:\/\/suomenkuvalehti.fi\/americana\/#\/schema\/person\/12d514491cb37506bc39c8e10176c3ec\",\"name\":\"Marko Maunula\",\"image\":{\"@type\":\"ImageObject\",\"inLanguage\":\"fi\",\"@id\":\"https:\/\/suomenkuvalehti.fi\/americana\/#\/schema\/person\/image\/\",\"url\":\"https:\/\/suomenkuvalehti.fi\/americana\/wp-content\/uploads\/sites\/10\/2022\/04\/americana_maunula-150x150.jpg\",\"contentUrl\":\"https:\/\/suomenkuvalehti.fi\/americana\/wp-content\/uploads\/sites\/10\/2022\/04\/americana_maunula-150x150.jpg\",\"caption\":\"Marko Maunula\"},\"description\":\"Kirjoittaja on Yhdysvaltain historian professori Atlantassa.\"}]}<\/script>\n<!-- \/ Yoast SEO plugin. -->","yoast_head_json":{"title":"Kunnia kuuluu kaatuneille, h\u00e4pe\u00e4 militaristeille - Americana","robots":{"index":"noindex","follow":"follow"},"og_locale":"fi_FI","og_type":"article","og_title":"Kunnia kuuluu kaatuneille, h\u00e4pe\u00e4 militaristeille - Americana","og_description":"Maanantaina Yhdysvallat juhlii kaatuneiden muistop\u00e4iv\u00e4\u00e4. Ved\u00e4n k\u00e4tt\u00e4 lippaan sodissa kaatuneiden amerikkalaisten kunniaksi, mutta en voi samalla v\u00e4ltt\u00e4\u00e4 hienoista vastentahtoisuutta ja jopa pelkoa juhlaviikonlopun militaristista hekumointia kohtaan. Yhdysvallat on t\u00e4ll\u00e4 hetkell\u00e4 l&hellip;","og_url":"https:\/\/suomenkuvalehti.fi\/americana\/kunnia-kuuluu-kaatuneille-hapea-militaristeille\/","og_site_name":"Americana","article_published_time":"2013-05-26T11:45:10+00:00","article_modified_time":"2013-11-30T14:22:00+00:00","og_image":[{"width":2560,"height":1706,"url":"https:\/\/suomenkuvalehti.fi\/americana\/wp-content\/uploads\/sites\/10\/2022\/04\/americana_maunula-scaled.jpg","type":"image\/jpeg"}],"author":"Marko Maunula","twitter_card":"summary_large_image","twitter_misc":{"Written by":"Marko Maunula","Est. reading time":"3 minuuttia"},"schema":{"@context":"https:\/\/schema.org","@graph":[{"@type":"WebPage","@id":"https:\/\/suomenkuvalehti.fi\/americana\/kunnia-kuuluu-kaatuneille-hapea-militaristeille\/","url":"https:\/\/suomenkuvalehti.fi\/americana\/kunnia-kuuluu-kaatuneille-hapea-militaristeille\/","name":"Kunnia kuuluu kaatuneille, h\u00e4pe\u00e4 militaristeille - Americana","isPartOf":{"@id":"https:\/\/suomenkuvalehti.fi\/americana\/#website"},"datePublished":"2013-05-26T11:45:10+00:00","dateModified":"2013-11-30T14:22:00+00:00","author":{"@id":"https:\/\/suomenkuvalehti.fi\/americana\/#\/schema\/person\/12d514491cb37506bc39c8e10176c3ec"},"breadcrumb":{"@id":"https:\/\/suomenkuvalehti.fi\/americana\/kunnia-kuuluu-kaatuneille-hapea-militaristeille\/#breadcrumb"},"inLanguage":"fi","potentialAction":[{"@type":"ReadAction","target":["https:\/\/suomenkuvalehti.fi\/americana\/kunnia-kuuluu-kaatuneille-hapea-militaristeille\/"]}]},{"@type":"BreadcrumbList","@id":"https:\/\/suomenkuvalehti.fi\/americana\/kunnia-kuuluu-kaatuneille-hapea-militaristeille\/#breadcrumb","itemListElement":[{"@type":"ListItem","position":1,"name":"Home","item":"https:\/\/suomenkuvalehti.fi\/americana\/"},{"@type":"ListItem","position":2,"name":"Kunnia kuuluu kaatuneille, h\u00e4pe\u00e4 militaristeille"}]},{"@type":"WebSite","@id":"https:\/\/suomenkuvalehti.fi\/americana\/#website","url":"https:\/\/suomenkuvalehti.fi\/americana\/","name":"Americana","description":"Professori Marko Maunula seuraa USA:n politiikkaa ja populaarikulttuuria","potentialAction":[{"@type":"SearchAction","target":{"@type":"EntryPoint","urlTemplate":"https:\/\/suomenkuvalehti.fi\/haku\/?q={search_term_string}"},"query-input":{"@type":"PropertyValueSpecification","valueRequired":true,"valueName":"search_term_string"}}],"inLanguage":"fi"},{"@type":"Person","@id":"https:\/\/suomenkuvalehti.fi\/americana\/#\/schema\/person\/12d514491cb37506bc39c8e10176c3ec","name":"Marko Maunula","image":{"@type":"ImageObject","inLanguage":"fi","@id":"https:\/\/suomenkuvalehti.fi\/americana\/#\/schema\/person\/image\/","url":"https:\/\/suomenkuvalehti.fi\/americana\/wp-content\/uploads\/sites\/10\/2022\/04\/americana_maunula-150x150.jpg","contentUrl":"https:\/\/suomenkuvalehti.fi\/americana\/wp-content\/uploads\/sites\/10\/2022\/04\/americana_maunula-150x150.jpg","caption":"Marko Maunula"},"description":"Kirjoittaja on Yhdysvaltain historian professori Atlantassa."}]}},"_links":{"self":[{"href":"https:\/\/suomenkuvalehti.fi\/americana\/wp-json\/wp\/v2\/posts\/52","targetHints":{"allow":["GET"]}}],"collection":[{"href":"https:\/\/suomenkuvalehti.fi\/americana\/wp-json\/wp\/v2\/posts"}],"about":[{"href":"https:\/\/suomenkuvalehti.fi\/americana\/wp-json\/wp\/v2\/types\/post"}],"author":[{"embeddable":true,"href":"https:\/\/suomenkuvalehti.fi\/americana\/wp-json\/wp\/v2\/users\/158"}],"replies":[{"embeddable":true,"href":"https:\/\/suomenkuvalehti.fi\/americana\/wp-json\/wp\/v2\/comments?post=52"}],"version-history":[{"count":1,"href":"https:\/\/suomenkuvalehti.fi\/americana\/wp-json\/wp\/v2\/posts\/52\/revisions"}],"predecessor-version":[{"id":184,"href":"https:\/\/suomenkuvalehti.fi\/americana\/wp-json\/wp\/v2\/posts\/52\/revisions\/184"}],"wp:attachment":[{"href":"https:\/\/suomenkuvalehti.fi\/americana\/wp-json\/wp\/v2\/media?parent=52"}],"wp:term":[{"taxonomy":"category","embeddable":true,"href":"https:\/\/suomenkuvalehti.fi\/americana\/wp-json\/wp\/v2\/categories?post=52"},{"taxonomy":"post_tag","embeddable":true,"href":"https:\/\/suomenkuvalehti.fi\/americana\/wp-json\/wp\/v2\/tags?post=52"}],"curies":[{"name":"wp","href":"https:\/\/api.w.org\/{rel}","templated":true}]}}