{"id":5199,"date":"2020-10-04T20:51:09","date_gmt":"2020-10-04T17:51:09","guid":{"rendered":"https:\/\/suomenkuvalehti.fi\/americana\/?p=5199"},"modified":"2020-10-04T20:51:09","modified_gmt":"2020-10-04T17:51:09","slug":"valkoisen-talon-viruslinko-korona-vei-trumpin-sairaalaan-ja-vaaransi-republikaanien-agendan","status":"publish","type":"post","link":"https:\/\/suomenkuvalehti.fi\/americana\/valkoisen-talon-viruslinko-korona-vei-trumpin-sairaalaan-ja-vaaransi-republikaanien-agendan\/","title":{"rendered":"Valkoisen talon viruslinko: korona vei Trumpin sairaalaan ja vaaransi republikaanien agendan"},"content":{"rendered":"\n<p><span class=\"capitalized\">Jos<\/span> et usko koronaviruksen vaarallisuuteen etk\u00e4 varaudu siihen, todenn\u00e4k\u00f6isyytesi sairastua on korkeampi kuin varovaisilla ja taudin vakavasti ottavilla ihmisill\u00e4.<\/p>\n\n\n\n<p>Loppuviikosta paljastui, ett\u00e4 <strong>Donald<\/strong> ja <strong>Melania Trump<\/strong>, kolme senaattoria ja lukuisia presidentin l\u00e4hipiirin j\u00e4seni\u00e4 on sairastunut koronaviruksen aiheuttamaan tautiin. Perjantai-iltana kansakunta seurasi televisiossa, kun helikopteri vei presidentin ainakin muutamaksi p\u00e4iv\u00e4ksi sotilassairaalaan.<\/p>\n\n\n\n<p>Selitykset presidentin terveydentilasta olivat ristiriitaisia. Kun Trumpia hoitava l\u00e4\u00e4k\u00e4ri v\u00e4h\u00e4tteli tilannetta, valkoisen talon henkil\u00f6st\u00f6p\u00e4\u00e4llikk\u00f6 <strong>Mark Meadows<\/strong> sanoi <a href=\"https:\/\/www.foxnews.com\/politics\/white-house-chief-of-staff-mark-meadows-confirms-trumps-condition-deteriorated-on-friday\" target=\"_blank\" rel=\"noopener\">presidentin terveystilanteen heikentyneen<\/a> perjantaina nopeasti, mik\u00e4 johti sairaalakeikkaan.<\/p>\n\n\n\n<p>Ylipainoisen, 74-vuotiaan ja korkean kolesterolin vaivaaman miehen sairastuminen potentiaalisesti hengenvaaralliseen virukseen on aina vakava asia. Presidentti vaikuttaa reagoivan hoitoon positiivisesti, mutta poliittisesti motivoitunut tiedottaminen on liki m\u00e4\u00e4ritelm\u00e4llisesti kyseenalaista.<\/p>\n\n\n\n<p>&nbsp;<\/p>\n\n\n\n<p><span class=\"capitalized\">Tapahtumien<\/span> ketjun seuraaminen viittaa, ett\u00e4 tuomari <strong>Amy Coney Barrettin<\/strong> nimitystilaisuus oli <a href=\"https:\/\/www.washingtonpost.com\/graphics\/2020\/politics\/coronavirus-attendees-barrett-nomination-ceremony\/\" target=\"_blank\" rel=\"noopener\">valkoisen talon viruslinko<\/a>. Ei tarvitse olla tartuntatautien erikoisl\u00e4\u00e4k\u00e4ri todetakseen, ett\u00e4 l\u00e4hekk\u00e4in pakatut penkkirivit ja maskittomat osallistujat muodostivat riskin.<\/p>\n\n\n\n<p>Paradoksaalisesti nimitystilaisuus vaaransi tuomari Barrettin nimityksen. Nyt kolme republikaanista senaattoria on sairastunut ja sen my\u00f6t\u00e4 kaksi viikkoa hoidossa ja karanteenissa. Demokraatit saavat sairastapausten ja tartuntariskien my\u00f6t\u00e4 hyv\u00e4n argumentin nimityksen viivytt\u00e4miseksi.<\/p>\n\n\n\n<p>&nbsp;<\/p>\n\n\n\n<p><span class=\"capitalized\">Presidentti<\/span> Trumpin kiistattomat taidot markkinoinnissa ja mielikuvien luomisessa ovat toistuvasti olleet ristiriidassa taudin synnytt\u00e4mien turvallisuusvaatimusten kanssa. Turvallisuus on j\u00e4\u00e4nyt liki poikkeuksetta kakkoseksi.<\/p>\n\n\n\n<p>Suhtautuminen pandemiaan on osuva metafora isolle siivulle Trumpin presidenttiytt\u00e4. Mielikuvat ovat p\u00e4ihitt\u00e4neet todellisuuden vaatimukset, ja tiedottaminen on ollut kilpailevien narratiivien temmellyskentt\u00e4.<\/p>\n\n\n\n<p>Voimme toivoa, ett\u00e4 sairastapaukset pakottavat valkoisen talon muuttamaan suhtautumistaan tautiin, mutta en pid\u00e4tt\u00e4isi hengityst\u00e4ni sit\u00e4 odotellessa.<\/p>\n\n\n\n<p>&nbsp;<\/p>\n\n\n\n<p><em>Soundtrack: Ariana Grande, Breathin&#8217;.\n<\/em><\/p>\n\n\n<p><iframe loading=\"lazy\" width=\"630\" height=\"354\" src=\"https:\/\/www.youtube.com\/embed\/3HAY7DNWP-k?feature=oembed\" frameborder=\"0\" allow=\"accelerometer; autoplay; clipboard-write; encrypted-media; gyroscope; picture-in-picture\" allowfullscreen><\/iframe><\/p>\n\n<p>&nbsp;<\/p>\n\n\n","protected":false},"excerpt":{"rendered":"<p>Jos et usko koronaviruksen vaarallisuuteen etk\u00e4 varaudu siihen, todenn\u00e4k\u00f6isyytesi sairastua on korkeampi kuin varovaisilla ja taudin vakavasti ottavilla ihmisill\u00e4. Loppuviikosta paljastui, ett\u00e4 Donald ja Melania Trump, kolme<br \/>\nsena&hellip;<\/p>\n","protected":false},"author":158,"featured_media":0,"comment_status":"open","ping_status":"open","sticky":false,"template":"","format":"standard","meta":{"_acf_changed":false,"asauth_required_access_level":3,"asauth_cansharepaid":"true","om_header_attributes":[],"footnotes":"","om_featured_image_focal_point":[],"om_primary_tag":0,"om_contributors":[],"om_co_authors":[],"beyondwords_generate_audio":"","beyondwords_project_id":"","beyondwords_content_id":"","beyondwords_preview_token":"","beyondwords_player_content":"","beyondwords_player_style":"","beyondwords_language_code":"","beyondwords_language_id":"","beyondwords_title_voice_id":"","beyondwords_body_voice_id":"","beyondwords_summary_voice_id":"","beyondwords_error_message":"","beyondwords_disabled":"","beyondwords_delete_content":"","beyondwords_podcast_id":"","beyondwords_hash":"","publish_post_to_speechkit":"","speechkit_hash":"","speechkit_generate_audio":"","speechkit_project_id":"","speechkit_podcast_id":"","speechkit_error_message":"","speechkit_disabled":"","speechkit_access_key":"","speechkit_error":"","speechkit_info":"","speechkit_response":"","speechkit_retries":"","speechkit_status":"","speechkit_updated_at":"","_speechkit_link":"","_speechkit_text":""},"categories":[1],"tags":[2192,586,2190,2229,1541],"class_list":["post-5199","post","type-post","status-publish","format-standard","hentry","category-americana","tag-covid-19","tag-donald-trump","tag-koronavirus","tag-sairastuminen","tag-valkoinen-talo"],"om_views":null,"acf":{"tuuma_off":false,"tuuma_kysymys":"","tuuma_vastaus":""},"asauth":{"required_access_level":1,"share_token":"","is_paid":false},"yoast_head":"<!-- This site is optimized with the Yoast SEO plugin v26.4 - https:\/\/yoast.com\/wordpress\/plugins\/seo\/ -->\n<title>Valkoisen talon viruslinko: korona vei Trumpin sairaalaan ja vaaransi republikaanien agendan - Americana<\/title>\n<meta name=\"robots\" content=\"noindex, follow\" \/>\n<meta property=\"og:locale\" content=\"fi_FI\" \/>\n<meta property=\"og:type\" content=\"article\" \/>\n<meta property=\"og:title\" content=\"Valkoisen talon viruslinko: korona vei Trumpin sairaalaan ja vaaransi republikaanien agendan - Americana\" \/>\n<meta property=\"og:description\" content=\"Jos et usko koronaviruksen vaarallisuuteen etk\u00e4 varaudu siihen, todenn\u00e4k\u00f6isyytesi sairastua on korkeampi kuin varovaisilla ja taudin vakavasti ottavilla ihmisill\u00e4. Loppuviikosta paljastui, ett\u00e4 Donald ja Melania Trump, kolme sena&hellip;\" \/>\n<meta property=\"og:url\" content=\"https:\/\/suomenkuvalehti.fi\/americana\/valkoisen-talon-viruslinko-korona-vei-trumpin-sairaalaan-ja-vaaransi-republikaanien-agendan\/\" \/>\n<meta property=\"og:site_name\" content=\"Americana\" \/>\n<meta property=\"article:published_time\" content=\"2020-10-04T17:51:09+00:00\" \/>\n<meta property=\"og:image\" content=\"https:\/\/suomenkuvalehti.fi\/americana\/wp-content\/uploads\/sites\/10\/2022\/04\/americana_maunula-scaled.jpg\" \/>\n\t<meta property=\"og:image:width\" content=\"2560\" \/>\n\t<meta property=\"og:image:height\" content=\"1706\" \/>\n\t<meta property=\"og:image:type\" content=\"image\/jpeg\" \/>\n<meta name=\"author\" content=\"Marko Maunula\" \/>\n<meta name=\"twitter:card\" content=\"summary_large_image\" \/>\n<meta name=\"twitter:label1\" content=\"Written by\" \/>\n\t<meta name=\"twitter:data1\" content=\"Marko Maunula\" \/>\n\t<meta name=\"twitter:label2\" content=\"Est. reading time\" \/>\n\t<meta name=\"twitter:data2\" content=\"1 minuutti\" \/>\n<script type=\"application\/ld+json\" class=\"yoast-schema-graph\">{\"@context\":\"https:\/\/schema.org\",\"@graph\":[{\"@type\":\"WebPage\",\"@id\":\"https:\/\/suomenkuvalehti.fi\/americana\/valkoisen-talon-viruslinko-korona-vei-trumpin-sairaalaan-ja-vaaransi-republikaanien-agendan\/\",\"url\":\"https:\/\/suomenkuvalehti.fi\/americana\/valkoisen-talon-viruslinko-korona-vei-trumpin-sairaalaan-ja-vaaransi-republikaanien-agendan\/\",\"name\":\"Valkoisen talon viruslinko: korona vei Trumpin sairaalaan ja vaaransi republikaanien agendan - Americana\",\"isPartOf\":{\"@id\":\"https:\/\/suomenkuvalehti.fi\/americana\/#website\"},\"datePublished\":\"2020-10-04T17:51:09+00:00\",\"author\":{\"@id\":\"https:\/\/suomenkuvalehti.fi\/americana\/#\/schema\/person\/12d514491cb37506bc39c8e10176c3ec\"},\"breadcrumb\":{\"@id\":\"https:\/\/suomenkuvalehti.fi\/americana\/valkoisen-talon-viruslinko-korona-vei-trumpin-sairaalaan-ja-vaaransi-republikaanien-agendan\/#breadcrumb\"},\"inLanguage\":\"fi\",\"potentialAction\":[{\"@type\":\"ReadAction\",\"target\":[\"https:\/\/suomenkuvalehti.fi\/americana\/valkoisen-talon-viruslinko-korona-vei-trumpin-sairaalaan-ja-vaaransi-republikaanien-agendan\/\"]}]},{\"@type\":\"BreadcrumbList\",\"@id\":\"https:\/\/suomenkuvalehti.fi\/americana\/valkoisen-talon-viruslinko-korona-vei-trumpin-sairaalaan-ja-vaaransi-republikaanien-agendan\/#breadcrumb\",\"itemListElement\":[{\"@type\":\"ListItem\",\"position\":1,\"name\":\"Home\",\"item\":\"https:\/\/suomenkuvalehti.fi\/americana\/\"},{\"@type\":\"ListItem\",\"position\":2,\"name\":\"Valkoisen talon viruslinko: korona vei Trumpin sairaalaan ja vaaransi republikaanien agendan\"}]},{\"@type\":\"WebSite\",\"@id\":\"https:\/\/suomenkuvalehti.fi\/americana\/#website\",\"url\":\"https:\/\/suomenkuvalehti.fi\/americana\/\",\"name\":\"Americana\",\"description\":\"Professori Marko Maunula seuraa USA:n politiikkaa ja populaarikulttuuria\",\"potentialAction\":[{\"@type\":\"SearchAction\",\"target\":{\"@type\":\"EntryPoint\",\"urlTemplate\":\"https:\/\/suomenkuvalehti.fi\/haku\/?q={search_term_string}\"},\"query-input\":{\"@type\":\"PropertyValueSpecification\",\"valueRequired\":true,\"valueName\":\"search_term_string\"}}],\"inLanguage\":\"fi\"},{\"@type\":\"Person\",\"@id\":\"https:\/\/suomenkuvalehti.fi\/americana\/#\/schema\/person\/12d514491cb37506bc39c8e10176c3ec\",\"name\":\"Marko Maunula\",\"image\":{\"@type\":\"ImageObject\",\"inLanguage\":\"fi\",\"@id\":\"https:\/\/suomenkuvalehti.fi\/americana\/#\/schema\/person\/image\/\",\"url\":\"https:\/\/suomenkuvalehti.fi\/americana\/wp-content\/uploads\/sites\/10\/2022\/04\/americana_maunula-150x150.jpg\",\"contentUrl\":\"https:\/\/suomenkuvalehti.fi\/americana\/wp-content\/uploads\/sites\/10\/2022\/04\/americana_maunula-150x150.jpg\",\"caption\":\"Marko Maunula\"},\"description\":\"Kirjoittaja on Yhdysvaltain historian professori Atlantassa.\"}]}<\/script>\n<!-- \/ Yoast SEO plugin. -->","yoast_head_json":{"title":"Valkoisen talon viruslinko: korona vei Trumpin sairaalaan ja vaaransi republikaanien agendan - Americana","robots":{"index":"noindex","follow":"follow"},"og_locale":"fi_FI","og_type":"article","og_title":"Valkoisen talon viruslinko: korona vei Trumpin sairaalaan ja vaaransi republikaanien agendan - Americana","og_description":"Jos et usko koronaviruksen vaarallisuuteen etk\u00e4 varaudu siihen, todenn\u00e4k\u00f6isyytesi sairastua on korkeampi kuin varovaisilla ja taudin vakavasti ottavilla ihmisill\u00e4. Loppuviikosta paljastui, ett\u00e4 Donald ja Melania Trump, kolme sena&hellip;","og_url":"https:\/\/suomenkuvalehti.fi\/americana\/valkoisen-talon-viruslinko-korona-vei-trumpin-sairaalaan-ja-vaaransi-republikaanien-agendan\/","og_site_name":"Americana","article_published_time":"2020-10-04T17:51:09+00:00","og_image":[{"width":2560,"height":1706,"url":"https:\/\/suomenkuvalehti.fi\/americana\/wp-content\/uploads\/sites\/10\/2022\/04\/americana_maunula-scaled.jpg","type":"image\/jpeg"}],"author":"Marko Maunula","twitter_card":"summary_large_image","twitter_misc":{"Written by":"Marko Maunula","Est. reading time":"1 minuutti"},"schema":{"@context":"https:\/\/schema.org","@graph":[{"@type":"WebPage","@id":"https:\/\/suomenkuvalehti.fi\/americana\/valkoisen-talon-viruslinko-korona-vei-trumpin-sairaalaan-ja-vaaransi-republikaanien-agendan\/","url":"https:\/\/suomenkuvalehti.fi\/americana\/valkoisen-talon-viruslinko-korona-vei-trumpin-sairaalaan-ja-vaaransi-republikaanien-agendan\/","name":"Valkoisen talon viruslinko: korona vei Trumpin sairaalaan ja vaaransi republikaanien agendan - Americana","isPartOf":{"@id":"https:\/\/suomenkuvalehti.fi\/americana\/#website"},"datePublished":"2020-10-04T17:51:09+00:00","author":{"@id":"https:\/\/suomenkuvalehti.fi\/americana\/#\/schema\/person\/12d514491cb37506bc39c8e10176c3ec"},"breadcrumb":{"@id":"https:\/\/suomenkuvalehti.fi\/americana\/valkoisen-talon-viruslinko-korona-vei-trumpin-sairaalaan-ja-vaaransi-republikaanien-agendan\/#breadcrumb"},"inLanguage":"fi","potentialAction":[{"@type":"ReadAction","target":["https:\/\/suomenkuvalehti.fi\/americana\/valkoisen-talon-viruslinko-korona-vei-trumpin-sairaalaan-ja-vaaransi-republikaanien-agendan\/"]}]},{"@type":"BreadcrumbList","@id":"https:\/\/suomenkuvalehti.fi\/americana\/valkoisen-talon-viruslinko-korona-vei-trumpin-sairaalaan-ja-vaaransi-republikaanien-agendan\/#breadcrumb","itemListElement":[{"@type":"ListItem","position":1,"name":"Home","item":"https:\/\/suomenkuvalehti.fi\/americana\/"},{"@type":"ListItem","position":2,"name":"Valkoisen talon viruslinko: korona vei Trumpin sairaalaan ja vaaransi republikaanien agendan"}]},{"@type":"WebSite","@id":"https:\/\/suomenkuvalehti.fi\/americana\/#website","url":"https:\/\/suomenkuvalehti.fi\/americana\/","name":"Americana","description":"Professori Marko Maunula seuraa USA:n politiikkaa ja populaarikulttuuria","potentialAction":[{"@type":"SearchAction","target":{"@type":"EntryPoint","urlTemplate":"https:\/\/suomenkuvalehti.fi\/haku\/?q={search_term_string}"},"query-input":{"@type":"PropertyValueSpecification","valueRequired":true,"valueName":"search_term_string"}}],"inLanguage":"fi"},{"@type":"Person","@id":"https:\/\/suomenkuvalehti.fi\/americana\/#\/schema\/person\/12d514491cb37506bc39c8e10176c3ec","name":"Marko Maunula","image":{"@type":"ImageObject","inLanguage":"fi","@id":"https:\/\/suomenkuvalehti.fi\/americana\/#\/schema\/person\/image\/","url":"https:\/\/suomenkuvalehti.fi\/americana\/wp-content\/uploads\/sites\/10\/2022\/04\/americana_maunula-150x150.jpg","contentUrl":"https:\/\/suomenkuvalehti.fi\/americana\/wp-content\/uploads\/sites\/10\/2022\/04\/americana_maunula-150x150.jpg","caption":"Marko Maunula"},"description":"Kirjoittaja on Yhdysvaltain historian professori Atlantassa."}]}},"_links":{"self":[{"href":"https:\/\/suomenkuvalehti.fi\/americana\/wp-json\/wp\/v2\/posts\/5199","targetHints":{"allow":["GET"]}}],"collection":[{"href":"https:\/\/suomenkuvalehti.fi\/americana\/wp-json\/wp\/v2\/posts"}],"about":[{"href":"https:\/\/suomenkuvalehti.fi\/americana\/wp-json\/wp\/v2\/types\/post"}],"author":[{"embeddable":true,"href":"https:\/\/suomenkuvalehti.fi\/americana\/wp-json\/wp\/v2\/users\/158"}],"replies":[{"embeddable":true,"href":"https:\/\/suomenkuvalehti.fi\/americana\/wp-json\/wp\/v2\/comments?post=5199"}],"version-history":[{"count":3,"href":"https:\/\/suomenkuvalehti.fi\/americana\/wp-json\/wp\/v2\/posts\/5199\/revisions"}],"predecessor-version":[{"id":5204,"href":"https:\/\/suomenkuvalehti.fi\/americana\/wp-json\/wp\/v2\/posts\/5199\/revisions\/5204"}],"wp:attachment":[{"href":"https:\/\/suomenkuvalehti.fi\/americana\/wp-json\/wp\/v2\/media?parent=5199"}],"wp:term":[{"taxonomy":"category","embeddable":true,"href":"https:\/\/suomenkuvalehti.fi\/americana\/wp-json\/wp\/v2\/categories?post=5199"},{"taxonomy":"post_tag","embeddable":true,"href":"https:\/\/suomenkuvalehti.fi\/americana\/wp-json\/wp\/v2\/tags?post=5199"}],"curies":[{"name":"wp","href":"https:\/\/api.w.org\/{rel}","templated":true}]}}