{"id":516,"date":"2010-11-10T16:50:22","date_gmt":"2010-11-10T14:50:22","guid":{"rendered":"https:\/\/suomenkuvalehti.fi\/americana\/historiallinen-fundamentalismi-meidankin-aikamme-synti\/"},"modified":"2013-11-30T16:22:32","modified_gmt":"2013-11-30T14:22:32","slug":"historiallinen-fundamentalismi-meidankin-aikamme-synti","status":"publish","type":"post","link":"https:\/\/suomenkuvalehti.fi\/americana\/historiallinen-fundamentalismi-meidankin-aikamme-synti\/","title":{"rendered":"Historiallinen fundamentalismi, (meid\u00e4nkin) aikamme synti"},"content":{"rendered":"\n<p>Kaipuu kuviteltuun menneisyyteen on luonnollinen osa miltei jokaista populistista massaliikett\u00e4. Paikoitellen kuvitellun menneisyyden ihannointi on harmitonta ja maltillista (perussuomalaiset), mutta pahimmillaan vaarallisen totalit\u00e4\u00e4rist\u00e4 (natsit, islamistit).<\/p>\n\n\n\n<p>Massaliikkeet lukevat historian v\u00e4\u00e4rin sek\u00e4 tietoisesti ett\u00e4 tiedostamatta, peilaten omat arvonsa ja ajattelutapansa menneisyyden hahmoihin ja tapahtumiin. Menneisyys sek\u00e4 sen hahmot edustavat heille ihanteellisia versioita heid\u00e4n t\u00e4m\u00e4n hetken ajatuksistaan ja poliittisista aikomuksistaan.<\/p>\n\n\n\n<p>T\u00e4m\u00e4nkaltaisen v\u00e4\u00e4rinluvun tekninen termi on presentismi. Historian tutkijoille t\u00e4m\u00e4 on synneist\u00e4 yleisimpi\u00e4 ja pahimpia. Opiskeluvuosina professorini systemaattisesti ja ilman s\u00e4\u00e4li\u00e4 puhdistivat n\u00e4m\u00e4 taipumukset meid\u00e4n aloittelevien historioitsijoiden sieluista (Vielen Dank, Professor <strong>Konrad Jarausch<\/strong>!).<\/p>\n\n\n\n<p>Teekutsu-liike on tyyppiesimerkki kuvitellun menneisyyden kaipuusta sek\u00e4 historiallisten hahmojen uudelleenmuokkaamisesta. Oli vain ajan kysymys, milloin joku historioitsija pisti t\u00e4m\u00e4n kuvitellusta historiasta ihanteensa ammentavan liikkeen historialliseen analyysiin. <strong>Jill Lepore<\/strong>, <em>New Yorkeriin<\/em> usein kirjoittava Harvard-professori, ehti ensimm\u00e4isen\u00e4 apajille teoksella <a href=\"http:\/\/www.amazon.com\/Whites-Their-Eyes-Revolution-American\/dp\/0691150273\"><em>The Whites of Their Eyes: The Tea Party&#8217;s Revolution and the Battle over American History<\/em><\/a>.<\/p>\n\n\n\n<p>Leporen analyysi on ihailtavan hienovarainen. Teekutsulaisten luova faktojen luku ja todellisuus-haasteinen maailmankuva tarjoaisivat lukuisia houkutuksia ironiaan, mutta Lepore pit\u00e4\u00e4 analyysins\u00e4 maltillisena ja kritiikkins\u00e4 tasapainoisena. H\u00e4n summaa teekutsulaisten &#8221;historiallisen fundamentalismin&#8221; liki t\u00e4ydellisesti, tuoden sanoiksi tuhansien luentosalien keskusteluissa turhautuneiden professorien tuntemukset:<\/p>\n\n\n\n<p>&#8221;Historical fundamentalism is marked by the belief that a particular and quite narrowly defined past&#8211;\u2018the founding&#8217;&#8211;is ageless and sacred and to be worshipped; that certain historical texts&#8211;the founding documents&#8211;are to be read in the same spirit with which religious fundamentalists read, for instance, the Ten Commandments; that the Founding Fathers were divinely inspired; that the academic study of history (whose standards of evidence and methods of analysis are based on skepticism) is a conspiracy and, furthermore, blasphemy; and that political arguments grounded in appeals to the founding documents, as sacred texts, and to the Founding Fathers, as prophets, are therefore incontrovertible.&#8221;<\/p>\n\n\n\n<p>Teekutsulaiset edustavat \u00e4\u00e4rimm\u00e4ist\u00e4 esimerkki\u00e4 amerikkalaisesta maan isien palvonnasta. Heid\u00e4n kuvitelmissaan maan is\u00e4t olivat liki virheett\u00f6mi\u00e4, sekulaareja pyhimyksi\u00e4. Ajatukset keski-ik\u00e4isest\u00e4 <strong>Thomas Jeffersonista<\/strong> makaamassa teini-ik\u00e4isen orjatyt\u00f6n (<strong>Sally Hemings<\/strong>) kanssa, tai Etel\u00e4n edustajien p\u00e4\u00e4m\u00e4\u00e4r\u00e4tietoiset yritykset saada orjuus koodattua sek\u00e4 itsen\u00e4isyysjulistukseen ett\u00e4 perustuslakiin, tai <strong>Benjamin Franklinin<\/strong> naisseikkailut sek\u00e4 uskonnollinen skeptismi ovat heille liki mahdottomia.<\/p>\n\n\n\n<p>Historiallisesti kyseenalaisin teekutsulaisten asenne on liikkeen vankka uskomus, ett\u00e4 maan is\u00e4t olivat yksimielisi\u00e4 pienen valtion kannattajia. Jotkut (Jefferson) olivat, toiset (<strong>Alexander Hamilton<\/strong>, <strong>George Washington<\/strong>) eiv\u00e4t. Ajatus perustuslaista el\u00e4v\u00e4n\u00e4 dokumenttina on heille my\u00f6s vieras. Tieto Jeffersonista kritisoimassa koko perustuslakia (<em>Miksi meid\u00e4n pit\u00e4isi pakottaa tulevat sukupolvet el\u00e4m\u00e4\u00e4n meid\u00e4n ajatustemme mukaisesti?<\/em>) synnytt\u00e4\u00e4 heid\u00e4n p\u00e4iss\u00e4\u00e4n epistemologisen konfliktin.<\/p>\n\n\n\n<p>Leporen teos kasvaa hienoksi tutkiskeluksi historian roolista massaliikkeess\u00e4 sek\u00e4 amerikkalaisessa nykypolitiikassa. Monet sen opetuksista ovat johdettavissa my\u00f6s eurooppalaisen ja suomalaisen politiikan analyysiin. Teos on vet\u00e4v\u00e4sti kirjoitettu, \u00e4lyk\u00e4s, ja kiitett\u00e4v\u00e4n ytimek\u00e4s. Suosittelen l\u00e4mpim\u00e4sti hyv\u00e4n poliittis-historiallisen analyysin yst\u00e4vien pukinkonttiin.<\/p>\n\n\n\n<p><em>Soundtrack: Talk Talk,<a href=\"https:\/\/www.youtube.com\/watch?v=UqCBnLO_jqk\"> I Don&#8217;t Believe in You<\/a>.<\/em><\/p>\n\n\n","protected":false},"excerpt":{"rendered":"<p>Kaipuu kuviteltuun menneisyyteen on luonnollinen osa miltei jokaista populistista massaliikett\u00e4. Paikoitellen kuvitellun menneisyyden ihannointi on harmitonta ja maltillista (perussuomalaiset), mutta pahimmillaan vaarallisen totalit\u00e4\u00e4rist\u00e4 (natsit, islamistit).<br \/>\nMas&hellip;<\/p>\n","protected":false},"author":158,"featured_media":0,"comment_status":"open","ping_status":"open","sticky":false,"template":"","format":"standard","meta":{"_acf_changed":false,"asauth_required_access_level":0,"asauth_cansharepaid":"","om_header_attributes":[],"footnotes":"","om_featured_image_focal_point":[],"om_primary_tag":0,"om_contributors":[],"om_co_authors":[],"beyondwords_generate_audio":"","beyondwords_project_id":"","beyondwords_content_id":"","beyondwords_preview_token":"","beyondwords_player_content":"","beyondwords_player_style":"","beyondwords_language_code":"","beyondwords_language_id":"","beyondwords_title_voice_id":"","beyondwords_body_voice_id":"","beyondwords_summary_voice_id":"","beyondwords_error_message":"","beyondwords_disabled":"","beyondwords_delete_content":"","beyondwords_podcast_id":"","beyondwords_hash":"","publish_post_to_speechkit":"","speechkit_hash":"","speechkit_generate_audio":"","speechkit_project_id":"","speechkit_podcast_id":"","speechkit_error_message":"","speechkit_disabled":"","speechkit_access_key":"","speechkit_error":"","speechkit_info":"","speechkit_response":"","speechkit_retries":"","speechkit_status":"","speechkit_updated_at":"","_speechkit_link":"","_speechkit_text":""},"categories":[1],"tags":[213,992,214,21,24],"class_list":["post-516","post","type-post","status-publish","format-standard","hentry","category-americana","tag-historia","tag-jill-lepore","tag-kirja","tag-teekutsut","tag-yhdysvallat"],"om_views":null,"acf":{"tuuma_off":false,"tuuma_kysymys":"","tuuma_vastaus":""},"asauth":{"required_access_level":1,"share_token":"","is_paid":false},"yoast_head":"<!-- This site is optimized with the Yoast SEO plugin v26.4 - https:\/\/yoast.com\/wordpress\/plugins\/seo\/ -->\n<title>Historiallinen fundamentalismi, (meid\u00e4nkin) aikamme synti - Americana<\/title>\n<meta name=\"robots\" content=\"noindex, follow\" \/>\n<meta property=\"og:locale\" content=\"fi_FI\" \/>\n<meta property=\"og:type\" content=\"article\" \/>\n<meta property=\"og:title\" content=\"Historiallinen fundamentalismi, (meid\u00e4nkin) aikamme synti - Americana\" \/>\n<meta property=\"og:description\" content=\"Kaipuu kuviteltuun menneisyyteen on luonnollinen osa miltei jokaista populistista massaliikett\u00e4. Paikoitellen kuvitellun menneisyyden ihannointi on harmitonta ja maltillista (perussuomalaiset), mutta pahimmillaan vaarallisen totalit\u00e4\u00e4rist\u00e4 (natsit, islamistit). Mas&hellip;\" \/>\n<meta property=\"og:url\" content=\"https:\/\/suomenkuvalehti.fi\/americana\/historiallinen-fundamentalismi-meidankin-aikamme-synti\/\" \/>\n<meta property=\"og:site_name\" content=\"Americana\" \/>\n<meta property=\"article:published_time\" content=\"2010-11-10T14:50:22+00:00\" \/>\n<meta property=\"article:modified_time\" content=\"2013-11-30T14:22:32+00:00\" \/>\n<meta property=\"og:image\" content=\"https:\/\/suomenkuvalehti.fi\/americana\/wp-content\/uploads\/sites\/10\/2022\/04\/americana_maunula-scaled.jpg\" \/>\n\t<meta property=\"og:image:width\" content=\"2560\" \/>\n\t<meta property=\"og:image:height\" content=\"1706\" \/>\n\t<meta property=\"og:image:type\" content=\"image\/jpeg\" \/>\n<meta name=\"author\" content=\"Marko Maunula\" \/>\n<meta name=\"twitter:card\" content=\"summary_large_image\" \/>\n<meta name=\"twitter:label1\" content=\"Written by\" \/>\n\t<meta name=\"twitter:data1\" content=\"Marko Maunula\" \/>\n\t<meta name=\"twitter:label2\" content=\"Est. reading time\" \/>\n\t<meta name=\"twitter:data2\" content=\"2 minuuttia\" \/>\n<script type=\"application\/ld+json\" class=\"yoast-schema-graph\">{\"@context\":\"https:\/\/schema.org\",\"@graph\":[{\"@type\":\"WebPage\",\"@id\":\"https:\/\/suomenkuvalehti.fi\/americana\/historiallinen-fundamentalismi-meidankin-aikamme-synti\/\",\"url\":\"https:\/\/suomenkuvalehti.fi\/americana\/historiallinen-fundamentalismi-meidankin-aikamme-synti\/\",\"name\":\"Historiallinen fundamentalismi, (meid\u00e4nkin) aikamme synti - Americana\",\"isPartOf\":{\"@id\":\"https:\/\/suomenkuvalehti.fi\/americana\/#website\"},\"datePublished\":\"2010-11-10T14:50:22+00:00\",\"dateModified\":\"2013-11-30T14:22:32+00:00\",\"author\":{\"@id\":\"https:\/\/suomenkuvalehti.fi\/americana\/#\/schema\/person\/12d514491cb37506bc39c8e10176c3ec\"},\"breadcrumb\":{\"@id\":\"https:\/\/suomenkuvalehti.fi\/americana\/historiallinen-fundamentalismi-meidankin-aikamme-synti\/#breadcrumb\"},\"inLanguage\":\"fi\",\"potentialAction\":[{\"@type\":\"ReadAction\",\"target\":[\"https:\/\/suomenkuvalehti.fi\/americana\/historiallinen-fundamentalismi-meidankin-aikamme-synti\/\"]}]},{\"@type\":\"BreadcrumbList\",\"@id\":\"https:\/\/suomenkuvalehti.fi\/americana\/historiallinen-fundamentalismi-meidankin-aikamme-synti\/#breadcrumb\",\"itemListElement\":[{\"@type\":\"ListItem\",\"position\":1,\"name\":\"Home\",\"item\":\"https:\/\/suomenkuvalehti.fi\/americana\/\"},{\"@type\":\"ListItem\",\"position\":2,\"name\":\"Historiallinen fundamentalismi, (meid\u00e4nkin) aikamme synti\"}]},{\"@type\":\"WebSite\",\"@id\":\"https:\/\/suomenkuvalehti.fi\/americana\/#website\",\"url\":\"https:\/\/suomenkuvalehti.fi\/americana\/\",\"name\":\"Americana\",\"description\":\"Professori Marko Maunula seuraa USA:n politiikkaa ja populaarikulttuuria\",\"potentialAction\":[{\"@type\":\"SearchAction\",\"target\":{\"@type\":\"EntryPoint\",\"urlTemplate\":\"https:\/\/suomenkuvalehti.fi\/haku\/?q={search_term_string}\"},\"query-input\":{\"@type\":\"PropertyValueSpecification\",\"valueRequired\":true,\"valueName\":\"search_term_string\"}}],\"inLanguage\":\"fi\"},{\"@type\":\"Person\",\"@id\":\"https:\/\/suomenkuvalehti.fi\/americana\/#\/schema\/person\/12d514491cb37506bc39c8e10176c3ec\",\"name\":\"Marko Maunula\",\"image\":{\"@type\":\"ImageObject\",\"inLanguage\":\"fi\",\"@id\":\"https:\/\/suomenkuvalehti.fi\/americana\/#\/schema\/person\/image\/\",\"url\":\"https:\/\/suomenkuvalehti.fi\/americana\/wp-content\/uploads\/sites\/10\/2022\/04\/americana_maunula-150x150.jpg\",\"contentUrl\":\"https:\/\/suomenkuvalehti.fi\/americana\/wp-content\/uploads\/sites\/10\/2022\/04\/americana_maunula-150x150.jpg\",\"caption\":\"Marko Maunula\"},\"description\":\"Kirjoittaja on Yhdysvaltain historian professori Atlantassa.\"}]}<\/script>\n<!-- \/ Yoast SEO plugin. -->","yoast_head_json":{"title":"Historiallinen fundamentalismi, (meid\u00e4nkin) aikamme synti - Americana","robots":{"index":"noindex","follow":"follow"},"og_locale":"fi_FI","og_type":"article","og_title":"Historiallinen fundamentalismi, (meid\u00e4nkin) aikamme synti - Americana","og_description":"Kaipuu kuviteltuun menneisyyteen on luonnollinen osa miltei jokaista populistista massaliikett\u00e4. Paikoitellen kuvitellun menneisyyden ihannointi on harmitonta ja maltillista (perussuomalaiset), mutta pahimmillaan vaarallisen totalit\u00e4\u00e4rist\u00e4 (natsit, islamistit). Mas&hellip;","og_url":"https:\/\/suomenkuvalehti.fi\/americana\/historiallinen-fundamentalismi-meidankin-aikamme-synti\/","og_site_name":"Americana","article_published_time":"2010-11-10T14:50:22+00:00","article_modified_time":"2013-11-30T14:22:32+00:00","og_image":[{"width":2560,"height":1706,"url":"https:\/\/suomenkuvalehti.fi\/americana\/wp-content\/uploads\/sites\/10\/2022\/04\/americana_maunula-scaled.jpg","type":"image\/jpeg"}],"author":"Marko Maunula","twitter_card":"summary_large_image","twitter_misc":{"Written by":"Marko Maunula","Est. reading time":"2 minuuttia"},"schema":{"@context":"https:\/\/schema.org","@graph":[{"@type":"WebPage","@id":"https:\/\/suomenkuvalehti.fi\/americana\/historiallinen-fundamentalismi-meidankin-aikamme-synti\/","url":"https:\/\/suomenkuvalehti.fi\/americana\/historiallinen-fundamentalismi-meidankin-aikamme-synti\/","name":"Historiallinen fundamentalismi, (meid\u00e4nkin) aikamme synti - Americana","isPartOf":{"@id":"https:\/\/suomenkuvalehti.fi\/americana\/#website"},"datePublished":"2010-11-10T14:50:22+00:00","dateModified":"2013-11-30T14:22:32+00:00","author":{"@id":"https:\/\/suomenkuvalehti.fi\/americana\/#\/schema\/person\/12d514491cb37506bc39c8e10176c3ec"},"breadcrumb":{"@id":"https:\/\/suomenkuvalehti.fi\/americana\/historiallinen-fundamentalismi-meidankin-aikamme-synti\/#breadcrumb"},"inLanguage":"fi","potentialAction":[{"@type":"ReadAction","target":["https:\/\/suomenkuvalehti.fi\/americana\/historiallinen-fundamentalismi-meidankin-aikamme-synti\/"]}]},{"@type":"BreadcrumbList","@id":"https:\/\/suomenkuvalehti.fi\/americana\/historiallinen-fundamentalismi-meidankin-aikamme-synti\/#breadcrumb","itemListElement":[{"@type":"ListItem","position":1,"name":"Home","item":"https:\/\/suomenkuvalehti.fi\/americana\/"},{"@type":"ListItem","position":2,"name":"Historiallinen fundamentalismi, (meid\u00e4nkin) aikamme synti"}]},{"@type":"WebSite","@id":"https:\/\/suomenkuvalehti.fi\/americana\/#website","url":"https:\/\/suomenkuvalehti.fi\/americana\/","name":"Americana","description":"Professori Marko Maunula seuraa USA:n politiikkaa ja populaarikulttuuria","potentialAction":[{"@type":"SearchAction","target":{"@type":"EntryPoint","urlTemplate":"https:\/\/suomenkuvalehti.fi\/haku\/?q={search_term_string}"},"query-input":{"@type":"PropertyValueSpecification","valueRequired":true,"valueName":"search_term_string"}}],"inLanguage":"fi"},{"@type":"Person","@id":"https:\/\/suomenkuvalehti.fi\/americana\/#\/schema\/person\/12d514491cb37506bc39c8e10176c3ec","name":"Marko Maunula","image":{"@type":"ImageObject","inLanguage":"fi","@id":"https:\/\/suomenkuvalehti.fi\/americana\/#\/schema\/person\/image\/","url":"https:\/\/suomenkuvalehti.fi\/americana\/wp-content\/uploads\/sites\/10\/2022\/04\/americana_maunula-150x150.jpg","contentUrl":"https:\/\/suomenkuvalehti.fi\/americana\/wp-content\/uploads\/sites\/10\/2022\/04\/americana_maunula-150x150.jpg","caption":"Marko Maunula"},"description":"Kirjoittaja on Yhdysvaltain historian professori Atlantassa."}]}},"_links":{"self":[{"href":"https:\/\/suomenkuvalehti.fi\/americana\/wp-json\/wp\/v2\/posts\/516","targetHints":{"allow":["GET"]}}],"collection":[{"href":"https:\/\/suomenkuvalehti.fi\/americana\/wp-json\/wp\/v2\/posts"}],"about":[{"href":"https:\/\/suomenkuvalehti.fi\/americana\/wp-json\/wp\/v2\/types\/post"}],"author":[{"embeddable":true,"href":"https:\/\/suomenkuvalehti.fi\/americana\/wp-json\/wp\/v2\/users\/158"}],"replies":[{"embeddable":true,"href":"https:\/\/suomenkuvalehti.fi\/americana\/wp-json\/wp\/v2\/comments?post=516"}],"version-history":[{"count":1,"href":"https:\/\/suomenkuvalehti.fi\/americana\/wp-json\/wp\/v2\/posts\/516\/revisions"}],"predecessor-version":[{"id":1130,"href":"https:\/\/suomenkuvalehti.fi\/americana\/wp-json\/wp\/v2\/posts\/516\/revisions\/1130"}],"wp:attachment":[{"href":"https:\/\/suomenkuvalehti.fi\/americana\/wp-json\/wp\/v2\/media?parent=516"}],"wp:term":[{"taxonomy":"category","embeddable":true,"href":"https:\/\/suomenkuvalehti.fi\/americana\/wp-json\/wp\/v2\/categories?post=516"},{"taxonomy":"post_tag","embeddable":true,"href":"https:\/\/suomenkuvalehti.fi\/americana\/wp-json\/wp\/v2\/tags?post=516"}],"curies":[{"name":"wp","href":"https:\/\/api.w.org\/{rel}","templated":true}]}}