{"id":5154,"date":"2020-09-07T10:56:51","date_gmt":"2020-09-07T07:56:51","guid":{"rendered":"https:\/\/suomenkuvalehti.fi\/americana\/?p=5154"},"modified":"2020-09-07T10:56:51","modified_gmt":"2020-09-07T07:56:51","slug":"kutsuiko-trump-kaatuneita-sotilaita-luusereiksi-ja-onko-silla-mitaan-valia","status":"publish","type":"post","link":"https:\/\/suomenkuvalehti.fi\/americana\/kutsuiko-trump-kaatuneita-sotilaita-luusereiksi-ja-onko-silla-mitaan-valia\/","title":{"rendered":"Kutsuiko Trump kaatuneita sotilaita luusereiksi \u2013 ja onko sill\u00e4 mit\u00e4\u00e4n v\u00e4li\u00e4?"},"content":{"rendered":"\n<p><span class=\"capitalized\">Viime<\/span> p\u00e4ivien <strong>Donald Trump<\/strong> \u2013myrsky on kohdistunut <em>The Atlantic<\/em> -lehden juttuun, jossa lukuisat nimett\u00f6m\u00e4t tietol\u00e4hteet sanovat Trumpin kutsuneen <a href=\"https:\/\/www.theatlantic.com\/politics\/archive\/2020\/09\/trump-americans-who-died-at-war-are-losers-and-suckers\/615997\/\" target=\"_blank\" rel=\"noopener\">sodissa kaatuneita amerikkalaissotilaita luusereiksi<\/a>.<\/p>\n\n\n\n<p>Tietol\u00e4hteiden mukaan Trump ei suostunut osallistumaan Ensimm\u00e4isen maailmansodan satavuotismuistop\u00e4iv\u00e4n vierailuun Aisne-Marnen sotilashautausmaalla, koska h\u00e4n pelk\u00e4si sateen sotkevan tukkansa.<\/p>\n\n\n\n<p>Trump viittaisi my\u00f6s sodassa kaatuneisiin amerikkalaisiin luusereina ja idiootteina, koska he antoivat henkens\u00e4 Yhdysvaltojen puolesta. Saman reissun aikana h\u00e4n my\u00f6s kysyi avustajiltaan &#8221;ketk\u00e4 olivat t\u00e4m\u00e4n sodan hyvi\u00e4 kavereita\u201d ja kyseenalaisti Yhdysvaltojen avun liittolaisilleen.<\/p>\n\n\n\n<p>Kukin voi itse harkita uskooko juttuun vai ei. Nimett\u00f6m\u00e4t tietol\u00e4hteet heikent\u00e4v\u00e4t&nbsp;aina uutisten luotettavuutta ja painoarvoa. Toisaalta tietol\u00e4hteit\u00e4 on useita ja he ovat toistaneet tarinansa my\u00f6s muille julkaisuille.<\/p>\n\n\n\n<p>&nbsp;<\/p>\n\n\n\n<p><span class=\"capitalized\">Oli<\/span><em> The Atlanticin<\/em> juttu totta tai ei, se mahtuu meid\u00e4n tuntemaamme kuvaan Trumpin persoonasta.<\/p>\n\n\n\n<p>Kampanjansa alkusuoralla <a href=\"https:\/\/www.npr.org\/sections\/thetwo-way\/2015\/07\/18\/424169549\/trump-lashes-out-at-mccain-i-like-people-who-werent-captured\" target=\"_blank\" rel=\"noopener\">h\u00e4n kielt\u00e4ytyi kutsumasta<\/a> senaattori <strong>John McCainia<\/strong> sotasankariksi, koska McCain j\u00e4i sotavangiksi. Trump my\u00f6s hy\u00f6kk\u00e4si sodassa poikansa menett\u00e4nytt\u00e4 perhett\u00e4 vastaan ja <a href=\"https:\/\/www.npr.org\/2017\/10\/23\/559558075\/trump-call-controversy-renews-spotlight-on-gold-star-families\" target=\"_blank\" rel=\"noopener\">sortui sanasotaan sotalesken kanssa<\/a>.<\/p>\n\n\n\n<p>Trumpin maailmankuvassa ei ole paljon sijaa altruismille. H\u00e4n uskoo oman edun maksimointiin ja kummastelee ja ep\u00e4ilee eri tavoin ajattelevien ihmisten motiiveja.<\/p>\n\n\n\n<p>&nbsp;<\/p>\n\n\n\n<p><span class=\"capitalized\">Jupakan<\/span> aiheuttamat reaktiot osoittavat j\u00e4lleen republikaanien moraalisen dilemman. <strong>Isaac Schorr<\/strong> kirjoitti konservatiivisessa <em>The National Reviewissa<\/em>, ett\u00e4 <em>The Atlanticin<\/em> juttu on t\u00e4ysin uskottava, mutta sit\u00e4 <a href=\"https:\/\/www.nationalreview.com\/corner\/jeffery-goldbergs-story-is-believable-it-should-not-have-been-published\/\" target=\"_blank\" rel=\"noopener\">ei olisi pit\u00e4nyt julkaista<\/a>, koska lehti ei nime\u00e4 l\u00e4hteit\u00e4\u00e4n eik\u00e4 juttu muuta kenenk\u00e4\u00e4n mielipidett\u00e4 Trumpista.<\/p>\n\n\n\n<p>Toisin sanoen, vaikka juttu on uskottava ja useimmat republikaanit tiet\u00e4v\u00e4t Trumpin maailmankuvan, heid\u00e4n \u00e4\u00e4nestysp\u00e4\u00e4t\u00f6ksens\u00e4 asialla ei ole vaikutusta. Totuudesta ja moraalista on tullut joustavia postmodernismin pelikappaleita.<\/p>\n\n\n\n<p>He puolustavat kantaansa luovalla &#8221;whattaboutismilla\u201d.&nbsp; He uskottelevat muille ja itselleen, <a href=\"https:\/\/www.nationalreview.com\/corner\/how-can-all-those-people-still-support-him-after-he-said-that\/?utm_source=recirc-desktop&amp;utm_medium=homepage&amp;utm_campaign=river&amp;utm_content=featured-content-trending&amp;utm_term=first\" target=\"_blank\" rel=\"noopener\">ettei Trump eroa <strong>Joe Bidenist\u00e4<\/strong> <\/a>tai muista politiikoista. Vaihtoehtoisesti he manipuloivat itsens\u00e4 uskomaan, ett\u00e4 Bidenin presidenttiys merkitsisi kapitalismin ja Amerikan tuhoa.<\/p>\n\n\n\n<p>&nbsp;<\/p>\n\n\n\n<p><span class=\"capitalized\">Schorr<\/span> on oikeassa sanoessaan, ettei mik\u00e4\u00e4n en\u00e4\u00e4 muuta kenenk\u00e4\u00e4n mielipidett\u00e4 Trumpista \u2013 eik\u00e4 ainakaan l\u00e4hteens\u00e4 salaava ja vaalien alle ajoitettu juttu. Kuka en\u00e4\u00e4 yll\u00e4ttyy tai j\u00e4rkyttyy juuri mist\u00e4\u00e4n mit\u00e4 Trump sanoo tai tekee?<\/p>\n\n\n\n<p>Mielipidetiedustelujen mukaan noin viisi prosenttia \u00e4\u00e4nest\u00e4jist\u00e4 ei ole viel\u00e4 p\u00e4\u00e4tt\u00e4nyt ket\u00e4 tukea marraskuun vaaleissa. Lukemaa on vaikea k\u00e4sitt\u00e4\u00e4: kuka ihme viel\u00e4 tarvitsee enemm\u00e4n informaatiota voidakseen p\u00e4\u00e4tt\u00e4\u00e4 \u00e4\u00e4nest\u00e4\u00e4k\u00f6 Trumpia vai ei?<\/p>\n\n\n\n<p>&nbsp;<\/p>\n\n\n\n<p><em>Soundtrack: The Housemartins, Happy Hour.<\/em><\/p>\n\n\n<p><iframe loading=\"lazy\" width=\"630\" height=\"354\" src=\"https:\/\/www.youtube.com\/embed\/L9sHfcCwTYA?feature=oembed\" frameborder=\"0\" allow=\"accelerometer; autoplay; encrypted-media; gyroscope; picture-in-picture\" allowfullscreen><\/iframe><\/p>\n","protected":false},"excerpt":{"rendered":"<p>Kuka en\u00e4\u00e4 yll\u00e4ttyy tai j\u00e4rkyttyy juuri mist\u00e4\u00e4n mit\u00e4 Trump sanoo tai tekee?<\/p>\n","protected":false},"author":158,"featured_media":0,"comment_status":"open","ping_status":"open","sticky":false,"template":"","format":"standard","meta":{"_acf_changed":false,"asauth_required_access_level":3,"asauth_cansharepaid":"true","om_header_attributes":[],"footnotes":"","om_featured_image_focal_point":[],"om_primary_tag":0,"om_contributors":[],"om_co_authors":[],"beyondwords_generate_audio":"","beyondwords_project_id":"","beyondwords_content_id":"","beyondwords_preview_token":"","beyondwords_player_content":"","beyondwords_player_style":"","beyondwords_language_code":"","beyondwords_language_id":"","beyondwords_title_voice_id":"","beyondwords_body_voice_id":"","beyondwords_summary_voice_id":"","beyondwords_error_message":"","beyondwords_disabled":"","beyondwords_delete_content":"","beyondwords_podcast_id":"","beyondwords_hash":"","publish_post_to_speechkit":"","speechkit_hash":"","speechkit_generate_audio":"","speechkit_project_id":"","speechkit_podcast_id":"","speechkit_error_message":"","speechkit_disabled":"","speechkit_access_key":"","speechkit_error":"","speechkit_info":"","speechkit_response":"","speechkit_retries":"","speechkit_status":"","speechkit_updated_at":"","_speechkit_link":"","_speechkit_text":""},"categories":[1],"tags":[586,1266,110,2222,47],"class_list":["post-5154","post","type-post","status-publish","format-standard","hentry","category-americana","tag-donald-trump","tag-kaatuneet","tag-skandaali","tag-sotalesket","tag-the-atlantic"],"om_views":null,"acf":{"tuuma_off":false,"tuuma_kysymys":"","tuuma_vastaus":""},"asauth":{"required_access_level":1,"share_token":"","is_paid":false},"yoast_head":"<!-- This site is optimized with the Yoast SEO plugin v26.4 - https:\/\/yoast.com\/wordpress\/plugins\/seo\/ -->\n<title>Kutsuiko Trump kaatuneita sotilaita luusereiksi \u2013 ja onko sill\u00e4 mit\u00e4\u00e4n v\u00e4li\u00e4? - Americana<\/title>\n<meta name=\"robots\" content=\"noindex, follow\" \/>\n<meta property=\"og:locale\" content=\"fi_FI\" \/>\n<meta property=\"og:type\" content=\"article\" \/>\n<meta property=\"og:title\" content=\"Kutsuiko Trump kaatuneita sotilaita luusereiksi \u2013 ja onko sill\u00e4 mit\u00e4\u00e4n v\u00e4li\u00e4? - Americana\" \/>\n<meta property=\"og:description\" content=\"Kuka en\u00e4\u00e4 yll\u00e4ttyy tai j\u00e4rkyttyy juuri mist\u00e4\u00e4n mit\u00e4 Trump sanoo tai tekee?\" \/>\n<meta property=\"og:url\" content=\"https:\/\/suomenkuvalehti.fi\/americana\/kutsuiko-trump-kaatuneita-sotilaita-luusereiksi-ja-onko-silla-mitaan-valia\/\" \/>\n<meta property=\"og:site_name\" content=\"Americana\" \/>\n<meta property=\"article:published_time\" content=\"2020-09-07T07:56:51+00:00\" \/>\n<meta property=\"og:image\" content=\"https:\/\/suomenkuvalehti.fi\/americana\/wp-content\/uploads\/sites\/10\/2022\/04\/americana_maunula-scaled.jpg\" \/>\n\t<meta property=\"og:image:width\" content=\"2560\" \/>\n\t<meta property=\"og:image:height\" content=\"1706\" \/>\n\t<meta property=\"og:image:type\" content=\"image\/jpeg\" \/>\n<meta name=\"author\" content=\"Marko Maunula\" \/>\n<meta name=\"twitter:card\" content=\"summary_large_image\" \/>\n<meta name=\"twitter:label1\" content=\"Written by\" \/>\n\t<meta name=\"twitter:data1\" content=\"Marko Maunula\" \/>\n\t<meta name=\"twitter:label2\" content=\"Est. reading time\" \/>\n\t<meta name=\"twitter:data2\" content=\"2 minuuttia\" \/>\n<script type=\"application\/ld+json\" class=\"yoast-schema-graph\">{\"@context\":\"https:\/\/schema.org\",\"@graph\":[{\"@type\":\"WebPage\",\"@id\":\"https:\/\/suomenkuvalehti.fi\/americana\/kutsuiko-trump-kaatuneita-sotilaita-luusereiksi-ja-onko-silla-mitaan-valia\/\",\"url\":\"https:\/\/suomenkuvalehti.fi\/americana\/kutsuiko-trump-kaatuneita-sotilaita-luusereiksi-ja-onko-silla-mitaan-valia\/\",\"name\":\"Kutsuiko Trump kaatuneita sotilaita luusereiksi \u2013 ja onko sill\u00e4 mit\u00e4\u00e4n v\u00e4li\u00e4? - Americana\",\"isPartOf\":{\"@id\":\"https:\/\/suomenkuvalehti.fi\/americana\/#website\"},\"datePublished\":\"2020-09-07T07:56:51+00:00\",\"author\":{\"@id\":\"https:\/\/suomenkuvalehti.fi\/americana\/#\/schema\/person\/12d514491cb37506bc39c8e10176c3ec\"},\"breadcrumb\":{\"@id\":\"https:\/\/suomenkuvalehti.fi\/americana\/kutsuiko-trump-kaatuneita-sotilaita-luusereiksi-ja-onko-silla-mitaan-valia\/#breadcrumb\"},\"inLanguage\":\"fi\",\"potentialAction\":[{\"@type\":\"ReadAction\",\"target\":[\"https:\/\/suomenkuvalehti.fi\/americana\/kutsuiko-trump-kaatuneita-sotilaita-luusereiksi-ja-onko-silla-mitaan-valia\/\"]}]},{\"@type\":\"BreadcrumbList\",\"@id\":\"https:\/\/suomenkuvalehti.fi\/americana\/kutsuiko-trump-kaatuneita-sotilaita-luusereiksi-ja-onko-silla-mitaan-valia\/#breadcrumb\",\"itemListElement\":[{\"@type\":\"ListItem\",\"position\":1,\"name\":\"Home\",\"item\":\"https:\/\/suomenkuvalehti.fi\/americana\/\"},{\"@type\":\"ListItem\",\"position\":2,\"name\":\"Kutsuiko Trump kaatuneita sotilaita luusereiksi \u2013 ja onko sill\u00e4 mit\u00e4\u00e4n v\u00e4li\u00e4?\"}]},{\"@type\":\"WebSite\",\"@id\":\"https:\/\/suomenkuvalehti.fi\/americana\/#website\",\"url\":\"https:\/\/suomenkuvalehti.fi\/americana\/\",\"name\":\"Americana\",\"description\":\"Professori Marko Maunula seuraa USA:n politiikkaa ja populaarikulttuuria\",\"potentialAction\":[{\"@type\":\"SearchAction\",\"target\":{\"@type\":\"EntryPoint\",\"urlTemplate\":\"https:\/\/suomenkuvalehti.fi\/haku\/?q={search_term_string}\"},\"query-input\":{\"@type\":\"PropertyValueSpecification\",\"valueRequired\":true,\"valueName\":\"search_term_string\"}}],\"inLanguage\":\"fi\"},{\"@type\":\"Person\",\"@id\":\"https:\/\/suomenkuvalehti.fi\/americana\/#\/schema\/person\/12d514491cb37506bc39c8e10176c3ec\",\"name\":\"Marko Maunula\",\"image\":{\"@type\":\"ImageObject\",\"inLanguage\":\"fi\",\"@id\":\"https:\/\/suomenkuvalehti.fi\/americana\/#\/schema\/person\/image\/\",\"url\":\"https:\/\/suomenkuvalehti.fi\/americana\/wp-content\/uploads\/sites\/10\/2022\/04\/americana_maunula-150x150.jpg\",\"contentUrl\":\"https:\/\/suomenkuvalehti.fi\/americana\/wp-content\/uploads\/sites\/10\/2022\/04\/americana_maunula-150x150.jpg\",\"caption\":\"Marko Maunula\"},\"description\":\"Kirjoittaja on Yhdysvaltain historian professori Atlantassa.\"}]}<\/script>\n<!-- \/ Yoast SEO plugin. -->","yoast_head_json":{"title":"Kutsuiko Trump kaatuneita sotilaita luusereiksi \u2013 ja onko sill\u00e4 mit\u00e4\u00e4n v\u00e4li\u00e4? - Americana","robots":{"index":"noindex","follow":"follow"},"og_locale":"fi_FI","og_type":"article","og_title":"Kutsuiko Trump kaatuneita sotilaita luusereiksi \u2013 ja onko sill\u00e4 mit\u00e4\u00e4n v\u00e4li\u00e4? - Americana","og_description":"Kuka en\u00e4\u00e4 yll\u00e4ttyy tai j\u00e4rkyttyy juuri mist\u00e4\u00e4n mit\u00e4 Trump sanoo tai tekee?","og_url":"https:\/\/suomenkuvalehti.fi\/americana\/kutsuiko-trump-kaatuneita-sotilaita-luusereiksi-ja-onko-silla-mitaan-valia\/","og_site_name":"Americana","article_published_time":"2020-09-07T07:56:51+00:00","og_image":[{"width":2560,"height":1706,"url":"https:\/\/suomenkuvalehti.fi\/americana\/wp-content\/uploads\/sites\/10\/2022\/04\/americana_maunula-scaled.jpg","type":"image\/jpeg"}],"author":"Marko Maunula","twitter_card":"summary_large_image","twitter_misc":{"Written by":"Marko Maunula","Est. reading time":"2 minuuttia"},"schema":{"@context":"https:\/\/schema.org","@graph":[{"@type":"WebPage","@id":"https:\/\/suomenkuvalehti.fi\/americana\/kutsuiko-trump-kaatuneita-sotilaita-luusereiksi-ja-onko-silla-mitaan-valia\/","url":"https:\/\/suomenkuvalehti.fi\/americana\/kutsuiko-trump-kaatuneita-sotilaita-luusereiksi-ja-onko-silla-mitaan-valia\/","name":"Kutsuiko Trump kaatuneita sotilaita luusereiksi \u2013 ja onko sill\u00e4 mit\u00e4\u00e4n v\u00e4li\u00e4? - Americana","isPartOf":{"@id":"https:\/\/suomenkuvalehti.fi\/americana\/#website"},"datePublished":"2020-09-07T07:56:51+00:00","author":{"@id":"https:\/\/suomenkuvalehti.fi\/americana\/#\/schema\/person\/12d514491cb37506bc39c8e10176c3ec"},"breadcrumb":{"@id":"https:\/\/suomenkuvalehti.fi\/americana\/kutsuiko-trump-kaatuneita-sotilaita-luusereiksi-ja-onko-silla-mitaan-valia\/#breadcrumb"},"inLanguage":"fi","potentialAction":[{"@type":"ReadAction","target":["https:\/\/suomenkuvalehti.fi\/americana\/kutsuiko-trump-kaatuneita-sotilaita-luusereiksi-ja-onko-silla-mitaan-valia\/"]}]},{"@type":"BreadcrumbList","@id":"https:\/\/suomenkuvalehti.fi\/americana\/kutsuiko-trump-kaatuneita-sotilaita-luusereiksi-ja-onko-silla-mitaan-valia\/#breadcrumb","itemListElement":[{"@type":"ListItem","position":1,"name":"Home","item":"https:\/\/suomenkuvalehti.fi\/americana\/"},{"@type":"ListItem","position":2,"name":"Kutsuiko Trump kaatuneita sotilaita luusereiksi \u2013 ja onko sill\u00e4 mit\u00e4\u00e4n v\u00e4li\u00e4?"}]},{"@type":"WebSite","@id":"https:\/\/suomenkuvalehti.fi\/americana\/#website","url":"https:\/\/suomenkuvalehti.fi\/americana\/","name":"Americana","description":"Professori Marko Maunula seuraa USA:n politiikkaa ja populaarikulttuuria","potentialAction":[{"@type":"SearchAction","target":{"@type":"EntryPoint","urlTemplate":"https:\/\/suomenkuvalehti.fi\/haku\/?q={search_term_string}"},"query-input":{"@type":"PropertyValueSpecification","valueRequired":true,"valueName":"search_term_string"}}],"inLanguage":"fi"},{"@type":"Person","@id":"https:\/\/suomenkuvalehti.fi\/americana\/#\/schema\/person\/12d514491cb37506bc39c8e10176c3ec","name":"Marko Maunula","image":{"@type":"ImageObject","inLanguage":"fi","@id":"https:\/\/suomenkuvalehti.fi\/americana\/#\/schema\/person\/image\/","url":"https:\/\/suomenkuvalehti.fi\/americana\/wp-content\/uploads\/sites\/10\/2022\/04\/americana_maunula-150x150.jpg","contentUrl":"https:\/\/suomenkuvalehti.fi\/americana\/wp-content\/uploads\/sites\/10\/2022\/04\/americana_maunula-150x150.jpg","caption":"Marko Maunula"},"description":"Kirjoittaja on Yhdysvaltain historian professori Atlantassa."}]}},"_links":{"self":[{"href":"https:\/\/suomenkuvalehti.fi\/americana\/wp-json\/wp\/v2\/posts\/5154","targetHints":{"allow":["GET"]}}],"collection":[{"href":"https:\/\/suomenkuvalehti.fi\/americana\/wp-json\/wp\/v2\/posts"}],"about":[{"href":"https:\/\/suomenkuvalehti.fi\/americana\/wp-json\/wp\/v2\/types\/post"}],"author":[{"embeddable":true,"href":"https:\/\/suomenkuvalehti.fi\/americana\/wp-json\/wp\/v2\/users\/158"}],"replies":[{"embeddable":true,"href":"https:\/\/suomenkuvalehti.fi\/americana\/wp-json\/wp\/v2\/comments?post=5154"}],"version-history":[{"count":6,"href":"https:\/\/suomenkuvalehti.fi\/americana\/wp-json\/wp\/v2\/posts\/5154\/revisions"}],"predecessor-version":[{"id":5162,"href":"https:\/\/suomenkuvalehti.fi\/americana\/wp-json\/wp\/v2\/posts\/5154\/revisions\/5162"}],"wp:attachment":[{"href":"https:\/\/suomenkuvalehti.fi\/americana\/wp-json\/wp\/v2\/media?parent=5154"}],"wp:term":[{"taxonomy":"category","embeddable":true,"href":"https:\/\/suomenkuvalehti.fi\/americana\/wp-json\/wp\/v2\/categories?post=5154"},{"taxonomy":"post_tag","embeddable":true,"href":"https:\/\/suomenkuvalehti.fi\/americana\/wp-json\/wp\/v2\/tags?post=5154"}],"curies":[{"name":"wp","href":"https:\/\/api.w.org\/{rel}","templated":true}]}}