{"id":512,"date":"2010-11-19T17:30:00","date_gmt":"2010-11-19T15:30:00","guid":{"rendered":"https:\/\/suomenkuvalehti.fi\/americana\/tieteellinen-maailmankuva-vs-poliittinen-epatodellisuus\/"},"modified":"2013-11-30T16:22:31","modified_gmt":"2013-11-30T14:22:31","slug":"tieteellinen-maailmankuva-vs-poliittinen-epatodellisuus","status":"publish","type":"post","link":"https:\/\/suomenkuvalehti.fi\/americana\/tieteellinen-maailmankuva-vs-poliittinen-epatodellisuus\/","title":{"rendered":"Tieteellinen maailmankuva vs. poliittinen (ep\u00e4)todellisuus"},"content":{"rendered":"\n<p>Pew-tutkimusinstituutin <a title=\"Pew\" href=\"http:\/\/pewresearch.org\/pubs\/1780\/poll-global-warming-scientists-energy-policies-offshore-drilling-tea-party\">uusi mielipidetutkimus<\/a> osoittaa jyrk\u00e4n, puoluekantojen mukaan vedetyn rajan suhtautumisessa ilmastonmuutokseen.<\/p>\n\n\n\n<p>Republikaaneista ainoastaan 38 prosenttia uskoo, ett\u00e4 ilmastonmuutoksesta on pit\u00e4vi\u00e4 todisteita. Demokraateista vastaava luku on 79 prosenttia. Republikaanien teekutsu-siivest\u00e4 ainoastaan 23 prosenttia uskoo ilmastonmuutokseen.<\/p>\n\n\n\n<p>Luvut j\u00e4lleen korostavat modernin amerikkalaisen <a title=\"SK\" href=\"https:\/\/suomenkuvalehti.fi\/americana\/postmodernit-teekutsut\/\">oikeistoradikalismin postmodernistista<\/a>, objektiivisen todellisuuden kielt\u00e4v\u00e4\u00e4 luonnetta. Mutta ne kertovat my\u00f6s karua kielt\u00e4\u00e4n kansainv\u00e4listen ilmastosopimusten sek\u00e4 -yhteisty\u00f6n vaikeudesta l\u00e4hitulevaisuudessa.<\/p>\n\n\n\n<p>Presidentti <strong>Barack Obaman<\/strong> puskema p\u00e4\u00e4st\u00f6kauppa (Cap and Trade) -lains\u00e4\u00e4d\u00e4nt\u00f6 oli er\u00e4s republikaanien t\u00e4rkeimmist\u00e4 maalitauluista viime vaalikaudella. Tammikuussa, republikaanien ottaessa vallan edustajainhuoneesta, ymp\u00e4rist\u00f6poliittinen aktivismi Yhdysvalloissa haihtuu olemattomiin ainakin seuraavaksi kahdeksi vuodeksi.<\/p>\n\n\n\n<p>Euroopan kannattaa l\u00e4hitulevaisuudessakin toimia unilateraalisesti ymp\u00e4rist\u00f6asioissa. Yhdysvalloilta on edelleenkin turha odottaa vetoapua &#8211; ennemminkin p\u00e4invastoin. Per\u00e4ss\u00e4 roikkuva kivireki on nyt entist\u00e4kin raskaampi.<\/p>\n\n\n\n<p><em>Soundtrack: Anna von Hausswolff, Track of Time.<\/em><\/p>\n\n\n\n\n","protected":false},"excerpt":{"rendered":"<p>Pew-tutkimusinstituutin uusi mielipidetutkimus osoittaa jyrk\u00e4n, puoluekantojen mukaan vedetyn rajan suhtautumisessa ilmastonmuutokseen. Republikaaneista ainoastaan 38 prosenttia uskoo, ett\u00e4 ilmastonmuutoksesta on pit\u00e4vi\u00e4 todisteita. Demokraateista vastaava luku on 79<br \/>\npro&hellip;<\/p>\n","protected":false},"author":158,"featured_media":0,"comment_status":"open","ping_status":"open","sticky":false,"template":"","format":"standard","meta":{"_acf_changed":false,"asauth_required_access_level":0,"asauth_cansharepaid":"","om_header_attributes":[],"footnotes":"","om_featured_image_focal_point":[],"om_primary_tag":0,"om_contributors":[],"om_co_authors":[],"beyondwords_generate_audio":"","beyondwords_project_id":"","beyondwords_content_id":"","beyondwords_preview_token":"","beyondwords_player_content":"","beyondwords_player_style":"","beyondwords_language_code":"","beyondwords_language_id":"","beyondwords_title_voice_id":"","beyondwords_body_voice_id":"","beyondwords_summary_voice_id":"","beyondwords_error_message":"","beyondwords_disabled":"","beyondwords_delete_content":"","beyondwords_podcast_id":"","beyondwords_hash":"","publish_post_to_speechkit":"","speechkit_hash":"","speechkit_generate_audio":"","speechkit_project_id":"","speechkit_podcast_id":"","speechkit_error_message":"","speechkit_disabled":"","speechkit_access_key":"","speechkit_error":"","speechkit_info":"","speechkit_response":"","speechkit_retries":"","speechkit_status":"","speechkit_updated_at":"","_speechkit_link":"","_speechkit_text":""},"categories":[1],"tags":[31,454,30,205],"class_list":["post-512","post","type-post","status-publish","format-standard","hentry","category-americana","tag-demokraatit","tag-ilmastonmuutos","tag-republikaanit","tag-teekutsuliike"],"om_views":null,"acf":{"tuuma_off":false,"tuuma_kysymys":"","tuuma_vastaus":""},"asauth":{"required_access_level":1,"share_token":"","is_paid":false},"yoast_head":"<!-- This site is optimized with the Yoast SEO plugin v26.4 - https:\/\/yoast.com\/wordpress\/plugins\/seo\/ -->\n<title>Tieteellinen maailmankuva vs. poliittinen (ep\u00e4)todellisuus - Americana<\/title>\n<meta name=\"robots\" content=\"noindex, follow\" \/>\n<meta property=\"og:locale\" content=\"fi_FI\" \/>\n<meta property=\"og:type\" content=\"article\" \/>\n<meta property=\"og:title\" content=\"Tieteellinen maailmankuva vs. poliittinen (ep\u00e4)todellisuus - Americana\" \/>\n<meta property=\"og:description\" content=\"Pew-tutkimusinstituutin uusi mielipidetutkimus osoittaa jyrk\u00e4n, puoluekantojen mukaan vedetyn rajan suhtautumisessa ilmastonmuutokseen. Republikaaneista ainoastaan 38 prosenttia uskoo, ett\u00e4 ilmastonmuutoksesta on pit\u00e4vi\u00e4 todisteita. Demokraateista vastaava luku on 79 pro&hellip;\" \/>\n<meta property=\"og:url\" content=\"https:\/\/suomenkuvalehti.fi\/americana\/tieteellinen-maailmankuva-vs-poliittinen-epatodellisuus\/\" \/>\n<meta property=\"og:site_name\" content=\"Americana\" \/>\n<meta property=\"article:published_time\" content=\"2010-11-19T15:30:00+00:00\" \/>\n<meta property=\"article:modified_time\" content=\"2013-11-30T14:22:31+00:00\" \/>\n<meta property=\"og:image\" content=\"https:\/\/suomenkuvalehti.fi\/americana\/wp-content\/uploads\/sites\/10\/2022\/04\/americana_maunula-scaled.jpg\" \/>\n\t<meta property=\"og:image:width\" content=\"2560\" \/>\n\t<meta property=\"og:image:height\" content=\"1706\" \/>\n\t<meta property=\"og:image:type\" content=\"image\/jpeg\" \/>\n<meta name=\"author\" content=\"Marko Maunula\" \/>\n<meta name=\"twitter:card\" content=\"summary_large_image\" \/>\n<meta name=\"twitter:label1\" content=\"Written by\" \/>\n\t<meta name=\"twitter:data1\" content=\"Marko Maunula\" \/>\n\t<meta name=\"twitter:label2\" content=\"Est. reading time\" \/>\n\t<meta name=\"twitter:data2\" content=\"1 minuutti\" \/>\n<script type=\"application\/ld+json\" class=\"yoast-schema-graph\">{\"@context\":\"https:\/\/schema.org\",\"@graph\":[{\"@type\":\"WebPage\",\"@id\":\"https:\/\/suomenkuvalehti.fi\/americana\/tieteellinen-maailmankuva-vs-poliittinen-epatodellisuus\/\",\"url\":\"https:\/\/suomenkuvalehti.fi\/americana\/tieteellinen-maailmankuva-vs-poliittinen-epatodellisuus\/\",\"name\":\"Tieteellinen maailmankuva vs. poliittinen (ep\u00e4)todellisuus - Americana\",\"isPartOf\":{\"@id\":\"https:\/\/suomenkuvalehti.fi\/americana\/#website\"},\"datePublished\":\"2010-11-19T15:30:00+00:00\",\"dateModified\":\"2013-11-30T14:22:31+00:00\",\"author\":{\"@id\":\"https:\/\/suomenkuvalehti.fi\/americana\/#\/schema\/person\/12d514491cb37506bc39c8e10176c3ec\"},\"breadcrumb\":{\"@id\":\"https:\/\/suomenkuvalehti.fi\/americana\/tieteellinen-maailmankuva-vs-poliittinen-epatodellisuus\/#breadcrumb\"},\"inLanguage\":\"fi\",\"potentialAction\":[{\"@type\":\"ReadAction\",\"target\":[\"https:\/\/suomenkuvalehti.fi\/americana\/tieteellinen-maailmankuva-vs-poliittinen-epatodellisuus\/\"]}]},{\"@type\":\"BreadcrumbList\",\"@id\":\"https:\/\/suomenkuvalehti.fi\/americana\/tieteellinen-maailmankuva-vs-poliittinen-epatodellisuus\/#breadcrumb\",\"itemListElement\":[{\"@type\":\"ListItem\",\"position\":1,\"name\":\"Home\",\"item\":\"https:\/\/suomenkuvalehti.fi\/americana\/\"},{\"@type\":\"ListItem\",\"position\":2,\"name\":\"Tieteellinen maailmankuva vs. poliittinen (ep\u00e4)todellisuus\"}]},{\"@type\":\"WebSite\",\"@id\":\"https:\/\/suomenkuvalehti.fi\/americana\/#website\",\"url\":\"https:\/\/suomenkuvalehti.fi\/americana\/\",\"name\":\"Americana\",\"description\":\"Professori Marko Maunula seuraa USA:n politiikkaa ja populaarikulttuuria\",\"potentialAction\":[{\"@type\":\"SearchAction\",\"target\":{\"@type\":\"EntryPoint\",\"urlTemplate\":\"https:\/\/suomenkuvalehti.fi\/haku\/?q={search_term_string}\"},\"query-input\":{\"@type\":\"PropertyValueSpecification\",\"valueRequired\":true,\"valueName\":\"search_term_string\"}}],\"inLanguage\":\"fi\"},{\"@type\":\"Person\",\"@id\":\"https:\/\/suomenkuvalehti.fi\/americana\/#\/schema\/person\/12d514491cb37506bc39c8e10176c3ec\",\"name\":\"Marko Maunula\",\"image\":{\"@type\":\"ImageObject\",\"inLanguage\":\"fi\",\"@id\":\"https:\/\/suomenkuvalehti.fi\/americana\/#\/schema\/person\/image\/\",\"url\":\"https:\/\/suomenkuvalehti.fi\/americana\/wp-content\/uploads\/sites\/10\/2022\/04\/americana_maunula-150x150.jpg\",\"contentUrl\":\"https:\/\/suomenkuvalehti.fi\/americana\/wp-content\/uploads\/sites\/10\/2022\/04\/americana_maunula-150x150.jpg\",\"caption\":\"Marko Maunula\"},\"description\":\"Kirjoittaja on Yhdysvaltain historian professori Atlantassa.\"}]}<\/script>\n<!-- \/ Yoast SEO plugin. -->","yoast_head_json":{"title":"Tieteellinen maailmankuva vs. poliittinen (ep\u00e4)todellisuus - Americana","robots":{"index":"noindex","follow":"follow"},"og_locale":"fi_FI","og_type":"article","og_title":"Tieteellinen maailmankuva vs. poliittinen (ep\u00e4)todellisuus - Americana","og_description":"Pew-tutkimusinstituutin uusi mielipidetutkimus osoittaa jyrk\u00e4n, puoluekantojen mukaan vedetyn rajan suhtautumisessa ilmastonmuutokseen. Republikaaneista ainoastaan 38 prosenttia uskoo, ett\u00e4 ilmastonmuutoksesta on pit\u00e4vi\u00e4 todisteita. Demokraateista vastaava luku on 79 pro&hellip;","og_url":"https:\/\/suomenkuvalehti.fi\/americana\/tieteellinen-maailmankuva-vs-poliittinen-epatodellisuus\/","og_site_name":"Americana","article_published_time":"2010-11-19T15:30:00+00:00","article_modified_time":"2013-11-30T14:22:31+00:00","og_image":[{"width":2560,"height":1706,"url":"https:\/\/suomenkuvalehti.fi\/americana\/wp-content\/uploads\/sites\/10\/2022\/04\/americana_maunula-scaled.jpg","type":"image\/jpeg"}],"author":"Marko Maunula","twitter_card":"summary_large_image","twitter_misc":{"Written by":"Marko Maunula","Est. reading time":"1 minuutti"},"schema":{"@context":"https:\/\/schema.org","@graph":[{"@type":"WebPage","@id":"https:\/\/suomenkuvalehti.fi\/americana\/tieteellinen-maailmankuva-vs-poliittinen-epatodellisuus\/","url":"https:\/\/suomenkuvalehti.fi\/americana\/tieteellinen-maailmankuva-vs-poliittinen-epatodellisuus\/","name":"Tieteellinen maailmankuva vs. poliittinen (ep\u00e4)todellisuus - Americana","isPartOf":{"@id":"https:\/\/suomenkuvalehti.fi\/americana\/#website"},"datePublished":"2010-11-19T15:30:00+00:00","dateModified":"2013-11-30T14:22:31+00:00","author":{"@id":"https:\/\/suomenkuvalehti.fi\/americana\/#\/schema\/person\/12d514491cb37506bc39c8e10176c3ec"},"breadcrumb":{"@id":"https:\/\/suomenkuvalehti.fi\/americana\/tieteellinen-maailmankuva-vs-poliittinen-epatodellisuus\/#breadcrumb"},"inLanguage":"fi","potentialAction":[{"@type":"ReadAction","target":["https:\/\/suomenkuvalehti.fi\/americana\/tieteellinen-maailmankuva-vs-poliittinen-epatodellisuus\/"]}]},{"@type":"BreadcrumbList","@id":"https:\/\/suomenkuvalehti.fi\/americana\/tieteellinen-maailmankuva-vs-poliittinen-epatodellisuus\/#breadcrumb","itemListElement":[{"@type":"ListItem","position":1,"name":"Home","item":"https:\/\/suomenkuvalehti.fi\/americana\/"},{"@type":"ListItem","position":2,"name":"Tieteellinen maailmankuva vs. poliittinen (ep\u00e4)todellisuus"}]},{"@type":"WebSite","@id":"https:\/\/suomenkuvalehti.fi\/americana\/#website","url":"https:\/\/suomenkuvalehti.fi\/americana\/","name":"Americana","description":"Professori Marko Maunula seuraa USA:n politiikkaa ja populaarikulttuuria","potentialAction":[{"@type":"SearchAction","target":{"@type":"EntryPoint","urlTemplate":"https:\/\/suomenkuvalehti.fi\/haku\/?q={search_term_string}"},"query-input":{"@type":"PropertyValueSpecification","valueRequired":true,"valueName":"search_term_string"}}],"inLanguage":"fi"},{"@type":"Person","@id":"https:\/\/suomenkuvalehti.fi\/americana\/#\/schema\/person\/12d514491cb37506bc39c8e10176c3ec","name":"Marko Maunula","image":{"@type":"ImageObject","inLanguage":"fi","@id":"https:\/\/suomenkuvalehti.fi\/americana\/#\/schema\/person\/image\/","url":"https:\/\/suomenkuvalehti.fi\/americana\/wp-content\/uploads\/sites\/10\/2022\/04\/americana_maunula-150x150.jpg","contentUrl":"https:\/\/suomenkuvalehti.fi\/americana\/wp-content\/uploads\/sites\/10\/2022\/04\/americana_maunula-150x150.jpg","caption":"Marko Maunula"},"description":"Kirjoittaja on Yhdysvaltain historian professori Atlantassa."}]}},"_links":{"self":[{"href":"https:\/\/suomenkuvalehti.fi\/americana\/wp-json\/wp\/v2\/posts\/512","targetHints":{"allow":["GET"]}}],"collection":[{"href":"https:\/\/suomenkuvalehti.fi\/americana\/wp-json\/wp\/v2\/posts"}],"about":[{"href":"https:\/\/suomenkuvalehti.fi\/americana\/wp-json\/wp\/v2\/types\/post"}],"author":[{"embeddable":true,"href":"https:\/\/suomenkuvalehti.fi\/americana\/wp-json\/wp\/v2\/users\/158"}],"replies":[{"embeddable":true,"href":"https:\/\/suomenkuvalehti.fi\/americana\/wp-json\/wp\/v2\/comments?post=512"}],"version-history":[{"count":1,"href":"https:\/\/suomenkuvalehti.fi\/americana\/wp-json\/wp\/v2\/posts\/512\/revisions"}],"predecessor-version":[{"id":833,"href":"https:\/\/suomenkuvalehti.fi\/americana\/wp-json\/wp\/v2\/posts\/512\/revisions\/833"}],"wp:attachment":[{"href":"https:\/\/suomenkuvalehti.fi\/americana\/wp-json\/wp\/v2\/media?parent=512"}],"wp:term":[{"taxonomy":"category","embeddable":true,"href":"https:\/\/suomenkuvalehti.fi\/americana\/wp-json\/wp\/v2\/categories?post=512"},{"taxonomy":"post_tag","embeddable":true,"href":"https:\/\/suomenkuvalehti.fi\/americana\/wp-json\/wp\/v2\/tags?post=512"}],"curies":[{"name":"wp","href":"https:\/\/api.w.org\/{rel}","templated":true}]}}