{"id":51,"date":"2013-05-30T13:34:09","date_gmt":"2013-05-30T10:34:09","guid":{"rendered":"https:\/\/suomenkuvalehti.fi\/americana\/tervemenoa-michele-bachmann\/"},"modified":"2013-11-30T16:22:00","modified_gmt":"2013-11-30T14:22:00","slug":"tervemenoa-michele-bachmann","status":"publish","type":"post","link":"https:\/\/suomenkuvalehti.fi\/americana\/tervemenoa-michele-bachmann\/","title":{"rendered":"Tervemenoa, Michele Bachmann!"},"content":{"rendered":"\n<p>Minnesotalainen kongressiedustaja <strong>Michele Bachmann<\/strong> ilmoitti, ett\u00e4 k\u00e4ynniss\u00e4 oleva edustajakausi j\u00e4\u00e4 h\u00e4nen viimeisekseen. Hyv\u00e4 uutinen! Bachmann oli nykyisen poliittisen kulttuurin huonojen puolien ruumiillistuma.<\/p>\n\n\n\n<p>Paranoidi, hyperpuolueellinen ja ideologinen vaahtosuu Bachmann on kansallisesti tunnettu edustaja. H\u00e4nen p\u00f6yristytt\u00e4v\u00e4t lausuntonsa, yrityksens\u00e4 republikaanien presidenttiehdokkaaksi sek\u00e4 tarmokas itsens\u00e4 promootio nostivat h\u00e4net s\u00e4\u00e4nn\u00f6llisesti kansallisiin l\u00f6\u00f6ppeihin.<\/p>\n\n\n\n<p>Viime esivaaleissa Bachmann hetken aikaa jopa johti republikaanien kentt\u00e4\u00e4, kunnes jopa nykyinen, eritt\u00e4in konservatiivinen republikaanien \u00e4\u00e4nest\u00e4j\u00e4kunta p\u00e4\u00e4tti, ett\u00e4 Bachmann oli liian hihhuli jopa heille.<\/p>\n\n\n\n<p>Bachmann ei ole ainoastaan vahingoittanut republikaanista puoluetta ja vakavasti otettavan konservatismin aatetta. H\u00e4nen poliittinen uransa on my\u00f6s ruokkinut demokraattien ja liberaalien huonoimpia puolia.<\/p>\n\n\n\n<p>Harva edustaja on yht\u00e4 tunnettu kuin Bachmann, mutta h\u00e4nen lains\u00e4\u00e4d\u00e4nn\u00f6lliset saavutuksensa ovat olemattomat. Montako Bachmannin ajamaa lakialoitetta on mennyt l\u00e4pi? <a href=\"http:\/\/www.huffingtonpost.com\/2013\/05\/29\/michele-bachmann-legislative-accomplishments_n_3354476.html\">Tasan nolla<\/a>. En usko, ett\u00e4 Bachmann edes v\u00e4litti lains\u00e4\u00e4d\u00e4nn\u00f6st\u00e4. Kongressi ei ollut h\u00e4nelle rauhallisen ja kompromissihakuisen puurtamisen foorumi, vaan itsens\u00e4 markkinoinnin sek\u00e4 ideologisen uhoamisen ty\u00f6kalu. Teekutsu-liikkeen suosikki on, valitettavasti, inspiroinut kymmeni\u00e4 nuorempia republikaanien edustajia, jotka ovat omaksuneet Bachmannin toimintamallin saavuttuaan Washingtoniin.<\/p>\n\n\n\n<p>Bachmannin jatkuva virta valeita, v\u00e4\u00e4rink\u00e4sityksi\u00e4, paranoiaa, vastustajien demonisointia sek\u00e4 liki pakkomielteenomaista demokraattien ja presidentti Obaman vihaa tekiv\u00e4t h\u00e4nest\u00e4 <a href=\"http:\/\/thinkprogress.org\/politics\/2011\/06\/16\/246618\/bachmann-craziest-quotes\/?mobile=nc\">liberaalien perverssin lempiedustajan<\/a>. Minnesotan kongressiedustajan kuunteleminen vahvisti liberaalien elitistist\u00e4, rannikkokeskeist\u00e4 maailmankuvaa ja edesauttoi heit\u00e4 sivuuttamaan konservatiivien aidot huolenaiheet troglodyyttisten idioottien huuhaana.<\/p>\n\n\n\n<p>Miksi Bachmann luopuu? Itse arvelisin, ett\u00e4 h\u00e4n haluaa muuttaa pelimerkkins\u00e4 rahaksi. Huumorilehti <em>The Onion<\/em> on <a href=\"http:\/\/www.theonion.com\/articles\/michele-bachmann-god-wants-me-to-earn-7-figures-fo,32618\/\">todenn\u00e4k\u00f6isesti oikeassa<\/a>.<\/p>\n\n\n\n<p>Viime vaaleissa Bachmannin uudelleenvalinta meni tiukaksi. Kotipiirin \u00e4\u00e4nest\u00e4j\u00e4t olivat ilmeisesti v\u00e4syneet edustajaansa, ja h\u00e4n palasi Washingtoniin hiuksenhienolla marginaalilla. Seuraavat vaalit saattaisivat merkit\u00e4 Bachmannin tappiota. Koska presidenttihaaveet ovat lopullisesti menneet, Bachmann haluaa poistua keh\u00e4st\u00e4 omin ehdoin.<\/p>\n\n\n\n<p>Veikkaan, ett\u00e4 Bachmann siirtyy Kongressin kukkulalta K Streetin lobbausfirmojen palvelukseen. H\u00e4n pystyy rahastamaan maineellaan ja kontakteillaan viel\u00e4 vuosikausia. Liittovaltion julkinen vihaaminen ja hyper-puolueellinen hihhulointi-yhdistettyn\u00e4 kulissien takaiseen verkostoitumiseen-on kannattavaa bisnesta joissakin piireiss\u00e4.<\/p>\n\n\n\n<p><em>Soundtrack: Townes van Zandt, You Are Not Needed Now.<\/em><\/p>\n\n\n","protected":false},"excerpt":{"rendered":"<p>Minnesotalainen kongressiedustaja Michele Bachmann ilmoitti, ett\u00e4 k\u00e4ynniss\u00e4 oleva edustajakausi j\u00e4\u00e4 h\u00e4nen viimeisekseen. Hyv\u00e4 uutinen! Bachmann oli nykyisen poliittisen kulttuurin huonojen puolien ruumiillistuma. Paranoidi, hyperpuolueellinen ja ideologinen vaahtosuu Bachmann on kansallisesti<br \/>\ntunnet&hellip;<\/p>\n","protected":false},"author":158,"featured_media":0,"comment_status":"open","ping_status":"open","sticky":false,"template":"","format":"standard","meta":{"_acf_changed":false,"asauth_required_access_level":0,"asauth_cansharepaid":"","om_header_attributes":[],"footnotes":"","om_featured_image_focal_point":[],"om_primary_tag":0,"om_contributors":[],"om_co_authors":[],"beyondwords_generate_audio":"","beyondwords_project_id":"","beyondwords_content_id":"","beyondwords_preview_token":"","beyondwords_player_content":"","beyondwords_player_style":"","beyondwords_language_code":"","beyondwords_language_id":"","beyondwords_title_voice_id":"","beyondwords_body_voice_id":"","beyondwords_summary_voice_id":"","beyondwords_error_message":"","beyondwords_disabled":"","beyondwords_delete_content":"","beyondwords_podcast_id":"","beyondwords_hash":"","publish_post_to_speechkit":"","speechkit_hash":"","speechkit_generate_audio":"","speechkit_project_id":"","speechkit_podcast_id":"","speechkit_error_message":"","speechkit_disabled":"","speechkit_access_key":"","speechkit_error":"","speechkit_info":"","speechkit_response":"","speechkit_retries":"","speechkit_status":"","speechkit_updated_at":"","_speechkit_link":"","_speechkit_text":""},"categories":[1],"tags":[203,23,202,205,204],"class_list":["post-51","post","type-post","status-publish","format-standard","hentry","category-americana","tag-edustajainhuone","tag-kongressi","tag-michele-bachmann","tag-teekutsuliike","tag-vetaytyminen"],"om_views":null,"acf":{"tuuma_off":false,"tuuma_kysymys":"","tuuma_vastaus":""},"asauth":{"required_access_level":1,"share_token":"","is_paid":false},"yoast_head":"<!-- This site is optimized with the Yoast SEO plugin v26.4 - https:\/\/yoast.com\/wordpress\/plugins\/seo\/ -->\n<title>Tervemenoa, Michele Bachmann! - Americana<\/title>\n<meta name=\"robots\" content=\"noindex, follow\" \/>\n<meta property=\"og:locale\" content=\"fi_FI\" \/>\n<meta property=\"og:type\" content=\"article\" \/>\n<meta property=\"og:title\" content=\"Tervemenoa, Michele Bachmann! - Americana\" \/>\n<meta property=\"og:description\" content=\"Minnesotalainen kongressiedustaja Michele Bachmann ilmoitti, ett\u00e4 k\u00e4ynniss\u00e4 oleva edustajakausi j\u00e4\u00e4 h\u00e4nen viimeisekseen. Hyv\u00e4 uutinen! Bachmann oli nykyisen poliittisen kulttuurin huonojen puolien ruumiillistuma. Paranoidi, hyperpuolueellinen ja ideologinen vaahtosuu Bachmann on kansallisesti tunnet&hellip;\" \/>\n<meta property=\"og:url\" content=\"https:\/\/suomenkuvalehti.fi\/americana\/tervemenoa-michele-bachmann\/\" \/>\n<meta property=\"og:site_name\" content=\"Americana\" \/>\n<meta property=\"article:published_time\" content=\"2013-05-30T10:34:09+00:00\" \/>\n<meta property=\"article:modified_time\" content=\"2013-11-30T14:22:00+00:00\" \/>\n<meta property=\"og:image\" content=\"https:\/\/suomenkuvalehti.fi\/americana\/wp-content\/uploads\/sites\/10\/2022\/04\/americana_maunula-scaled.jpg\" \/>\n\t<meta property=\"og:image:width\" content=\"2560\" \/>\n\t<meta property=\"og:image:height\" content=\"1706\" \/>\n\t<meta property=\"og:image:type\" content=\"image\/jpeg\" \/>\n<meta name=\"author\" content=\"Marko Maunula\" \/>\n<meta name=\"twitter:card\" content=\"summary_large_image\" \/>\n<meta name=\"twitter:label1\" content=\"Written by\" \/>\n\t<meta name=\"twitter:data1\" content=\"Marko Maunula\" \/>\n\t<meta name=\"twitter:label2\" content=\"Est. reading time\" \/>\n\t<meta name=\"twitter:data2\" content=\"2 minuuttia\" \/>\n<script type=\"application\/ld+json\" class=\"yoast-schema-graph\">{\"@context\":\"https:\/\/schema.org\",\"@graph\":[{\"@type\":\"WebPage\",\"@id\":\"https:\/\/suomenkuvalehti.fi\/americana\/tervemenoa-michele-bachmann\/\",\"url\":\"https:\/\/suomenkuvalehti.fi\/americana\/tervemenoa-michele-bachmann\/\",\"name\":\"Tervemenoa, Michele Bachmann! - Americana\",\"isPartOf\":{\"@id\":\"https:\/\/suomenkuvalehti.fi\/americana\/#website\"},\"datePublished\":\"2013-05-30T10:34:09+00:00\",\"dateModified\":\"2013-11-30T14:22:00+00:00\",\"author\":{\"@id\":\"https:\/\/suomenkuvalehti.fi\/americana\/#\/schema\/person\/12d514491cb37506bc39c8e10176c3ec\"},\"breadcrumb\":{\"@id\":\"https:\/\/suomenkuvalehti.fi\/americana\/tervemenoa-michele-bachmann\/#breadcrumb\"},\"inLanguage\":\"fi\",\"potentialAction\":[{\"@type\":\"ReadAction\",\"target\":[\"https:\/\/suomenkuvalehti.fi\/americana\/tervemenoa-michele-bachmann\/\"]}]},{\"@type\":\"BreadcrumbList\",\"@id\":\"https:\/\/suomenkuvalehti.fi\/americana\/tervemenoa-michele-bachmann\/#breadcrumb\",\"itemListElement\":[{\"@type\":\"ListItem\",\"position\":1,\"name\":\"Home\",\"item\":\"https:\/\/suomenkuvalehti.fi\/americana\/\"},{\"@type\":\"ListItem\",\"position\":2,\"name\":\"Tervemenoa, Michele Bachmann!\"}]},{\"@type\":\"WebSite\",\"@id\":\"https:\/\/suomenkuvalehti.fi\/americana\/#website\",\"url\":\"https:\/\/suomenkuvalehti.fi\/americana\/\",\"name\":\"Americana\",\"description\":\"Professori Marko Maunula seuraa USA:n politiikkaa ja populaarikulttuuria\",\"potentialAction\":[{\"@type\":\"SearchAction\",\"target\":{\"@type\":\"EntryPoint\",\"urlTemplate\":\"https:\/\/suomenkuvalehti.fi\/haku\/?q={search_term_string}\"},\"query-input\":{\"@type\":\"PropertyValueSpecification\",\"valueRequired\":true,\"valueName\":\"search_term_string\"}}],\"inLanguage\":\"fi\"},{\"@type\":\"Person\",\"@id\":\"https:\/\/suomenkuvalehti.fi\/americana\/#\/schema\/person\/12d514491cb37506bc39c8e10176c3ec\",\"name\":\"Marko Maunula\",\"image\":{\"@type\":\"ImageObject\",\"inLanguage\":\"fi\",\"@id\":\"https:\/\/suomenkuvalehti.fi\/americana\/#\/schema\/person\/image\/\",\"url\":\"https:\/\/suomenkuvalehti.fi\/americana\/wp-content\/uploads\/sites\/10\/2022\/04\/americana_maunula-150x150.jpg\",\"contentUrl\":\"https:\/\/suomenkuvalehti.fi\/americana\/wp-content\/uploads\/sites\/10\/2022\/04\/americana_maunula-150x150.jpg\",\"caption\":\"Marko Maunula\"},\"description\":\"Kirjoittaja on Yhdysvaltain historian professori Atlantassa.\"}]}<\/script>\n<!-- \/ Yoast SEO plugin. -->","yoast_head_json":{"title":"Tervemenoa, Michele Bachmann! - Americana","robots":{"index":"noindex","follow":"follow"},"og_locale":"fi_FI","og_type":"article","og_title":"Tervemenoa, Michele Bachmann! - Americana","og_description":"Minnesotalainen kongressiedustaja Michele Bachmann ilmoitti, ett\u00e4 k\u00e4ynniss\u00e4 oleva edustajakausi j\u00e4\u00e4 h\u00e4nen viimeisekseen. Hyv\u00e4 uutinen! Bachmann oli nykyisen poliittisen kulttuurin huonojen puolien ruumiillistuma. Paranoidi, hyperpuolueellinen ja ideologinen vaahtosuu Bachmann on kansallisesti tunnet&hellip;","og_url":"https:\/\/suomenkuvalehti.fi\/americana\/tervemenoa-michele-bachmann\/","og_site_name":"Americana","article_published_time":"2013-05-30T10:34:09+00:00","article_modified_time":"2013-11-30T14:22:00+00:00","og_image":[{"width":2560,"height":1706,"url":"https:\/\/suomenkuvalehti.fi\/americana\/wp-content\/uploads\/sites\/10\/2022\/04\/americana_maunula-scaled.jpg","type":"image\/jpeg"}],"author":"Marko Maunula","twitter_card":"summary_large_image","twitter_misc":{"Written by":"Marko Maunula","Est. reading time":"2 minuuttia"},"schema":{"@context":"https:\/\/schema.org","@graph":[{"@type":"WebPage","@id":"https:\/\/suomenkuvalehti.fi\/americana\/tervemenoa-michele-bachmann\/","url":"https:\/\/suomenkuvalehti.fi\/americana\/tervemenoa-michele-bachmann\/","name":"Tervemenoa, Michele Bachmann! - Americana","isPartOf":{"@id":"https:\/\/suomenkuvalehti.fi\/americana\/#website"},"datePublished":"2013-05-30T10:34:09+00:00","dateModified":"2013-11-30T14:22:00+00:00","author":{"@id":"https:\/\/suomenkuvalehti.fi\/americana\/#\/schema\/person\/12d514491cb37506bc39c8e10176c3ec"},"breadcrumb":{"@id":"https:\/\/suomenkuvalehti.fi\/americana\/tervemenoa-michele-bachmann\/#breadcrumb"},"inLanguage":"fi","potentialAction":[{"@type":"ReadAction","target":["https:\/\/suomenkuvalehti.fi\/americana\/tervemenoa-michele-bachmann\/"]}]},{"@type":"BreadcrumbList","@id":"https:\/\/suomenkuvalehti.fi\/americana\/tervemenoa-michele-bachmann\/#breadcrumb","itemListElement":[{"@type":"ListItem","position":1,"name":"Home","item":"https:\/\/suomenkuvalehti.fi\/americana\/"},{"@type":"ListItem","position":2,"name":"Tervemenoa, Michele Bachmann!"}]},{"@type":"WebSite","@id":"https:\/\/suomenkuvalehti.fi\/americana\/#website","url":"https:\/\/suomenkuvalehti.fi\/americana\/","name":"Americana","description":"Professori Marko Maunula seuraa USA:n politiikkaa ja populaarikulttuuria","potentialAction":[{"@type":"SearchAction","target":{"@type":"EntryPoint","urlTemplate":"https:\/\/suomenkuvalehti.fi\/haku\/?q={search_term_string}"},"query-input":{"@type":"PropertyValueSpecification","valueRequired":true,"valueName":"search_term_string"}}],"inLanguage":"fi"},{"@type":"Person","@id":"https:\/\/suomenkuvalehti.fi\/americana\/#\/schema\/person\/12d514491cb37506bc39c8e10176c3ec","name":"Marko Maunula","image":{"@type":"ImageObject","inLanguage":"fi","@id":"https:\/\/suomenkuvalehti.fi\/americana\/#\/schema\/person\/image\/","url":"https:\/\/suomenkuvalehti.fi\/americana\/wp-content\/uploads\/sites\/10\/2022\/04\/americana_maunula-150x150.jpg","contentUrl":"https:\/\/suomenkuvalehti.fi\/americana\/wp-content\/uploads\/sites\/10\/2022\/04\/americana_maunula-150x150.jpg","caption":"Marko Maunula"},"description":"Kirjoittaja on Yhdysvaltain historian professori Atlantassa."}]}},"_links":{"self":[{"href":"https:\/\/suomenkuvalehti.fi\/americana\/wp-json\/wp\/v2\/posts\/51","targetHints":{"allow":["GET"]}}],"collection":[{"href":"https:\/\/suomenkuvalehti.fi\/americana\/wp-json\/wp\/v2\/posts"}],"about":[{"href":"https:\/\/suomenkuvalehti.fi\/americana\/wp-json\/wp\/v2\/types\/post"}],"author":[{"embeddable":true,"href":"https:\/\/suomenkuvalehti.fi\/americana\/wp-json\/wp\/v2\/users\/158"}],"replies":[{"embeddable":true,"href":"https:\/\/suomenkuvalehti.fi\/americana\/wp-json\/wp\/v2\/comments?post=51"}],"version-history":[{"count":1,"href":"https:\/\/suomenkuvalehti.fi\/americana\/wp-json\/wp\/v2\/posts\/51\/revisions"}],"predecessor-version":[{"id":183,"href":"https:\/\/suomenkuvalehti.fi\/americana\/wp-json\/wp\/v2\/posts\/51\/revisions\/183"}],"wp:attachment":[{"href":"https:\/\/suomenkuvalehti.fi\/americana\/wp-json\/wp\/v2\/media?parent=51"}],"wp:term":[{"taxonomy":"category","embeddable":true,"href":"https:\/\/suomenkuvalehti.fi\/americana\/wp-json\/wp\/v2\/categories?post=51"},{"taxonomy":"post_tag","embeddable":true,"href":"https:\/\/suomenkuvalehti.fi\/americana\/wp-json\/wp\/v2\/tags?post=51"}],"curies":[{"name":"wp","href":"https:\/\/api.w.org\/{rel}","templated":true}]}}