{"id":5043,"date":"2020-06-17T09:21:51","date_gmt":"2020-06-17T06:21:51","guid":{"rendered":"https:\/\/suomenkuvalehti.fi\/americana\/?p=5043"},"modified":"2020-06-17T09:21:51","modified_gmt":"2020-06-17T06:21:51","slug":"patsaat-eivat-opeta-historiaa-niiden-tehtava-on-vallan-ponkittaminen","status":"publish","type":"post","link":"https:\/\/suomenkuvalehti.fi\/americana\/patsaat-eivat-opeta-historiaa-niiden-tehtava-on-vallan-ponkittaminen\/","title":{"rendered":"Patsaat eiv\u00e4t opeta historiaa \u2013 niiden teht\u00e4v\u00e4 on vallan p\u00f6nkitt\u00e4minen"},"content":{"rendered":"\n<p><span class=\"capitalized\">Historian<\/span> arvostaminen, <a href=\"https:\/\/suomenkuvalehti.fi\/jutut\/ulkomaat\/maailmalla-patsaita-kaadetaan-ja-niiden-takia-mellakoidaan-suomessa-pystyssa-pysyy-jopa-lenin\/?shared=986545-40e77d34-999\" target=\"_blank\" rel=\"noopener\">rasististen muistomerkkien tuhoaminen<\/a> ja sananvapaus ovat kiehuneet julkisessa keskustelussa emotionaaliseksi sopaksi, jossa k\u00e4sitteet menev\u00e4t paikoitellen sekaisin.<\/p>\n\n\n\n<p>Niinsanottujen \u201dsuurmiesten\u201d patsaat ja niiden sijoituspaikat ovat usein pohjimmiltaan poliittisia valintoja. Ne ovat nousseet ja kaatuneet poliittisten valtarakenteiden ja\/tai yleisen mielipiteen my\u00f6t\u00e4.<\/p>\n\n\n\n<p>Viime vuosikymmenin\u00e4 jotkut kommunismin kokeneet valtiot ovat olleet innokkaita antamaan uusia nimi\u00e4 jopa kaupungeilleen \u2013 ja luopuneet nimist\u00e4 vallan taas vaihduttua.<\/p>\n\n\n\n<p>Tyranniasta vapautuneiden ihmisten hinku nimet\u00e4 Stalingrad, Leningrad ja Karl-Marx-Stadt uudelleen on ymm\u00e4rrett\u00e4v\u00e4. Berliinil\u00e4iset eiv\u00e4t en\u00e4\u00e4 vuoden 1945 j\u00e4lkeen halunneet k\u00e4vell\u00e4 Adolf Hitler Platzilla.<\/p>\n\n\n\n<p>&nbsp;<\/p>\n\n\n\n<p><span class=\"capitalized\">Viime<\/span> viikkojen levottomuuksien yhteydess\u00e4 mielenosoittajat ovat tahrineet ja jopa kaataneet tunnettujen rasistien ja rasismin puolustajien patsaita. T\u00e4m\u00e4 halu on aivan yht\u00e4 ymm\u00e4rrett\u00e4v\u00e4 kuin kommunismista vapautuneiden hy\u00f6kk\u00e4ykset torin laitojen Leninin pystej\u00e4 vastaan.<\/p>\n\n\n\n<p>Kyse ei ole historian tuhoamisesta. Politiikkoja kuvaavien patsaiden tarkoitus ei ole puolustaa kriittist\u00e4 ja rationaalista historian tuntemusta, vaan p\u00f6nkitt\u00e4\u00e4 symbolisesti olemassa olevia valtarakenteita ja kunnioittaa patsaiden kuvaamia ihmisi\u00e4.<\/p>\n\n\n\n<p>Saksassa ei ole yht\u00e4\u00e4n <strong>Adolf Hitlerin<\/strong> mukaan nimetty\u00e4 rakennusta tai miehen patsasta, mutta nykysaksalaiset tiet\u00e4v\u00e4t maansa historian. Natsismin symbolit on siirretty museoihin ja arkistoihin \u2013 juuri kuten pit\u00e4\u00e4kin.<\/p>\n\n\n\n<p>Yhdysvalloissa, ja erityisesti entisen Konfederaation osavaltioissa, orjuutta asein puolustaneiden kenraalien patsaiden tarkoitus oli muistuttaa afroamerikkalaisille kuka oli pomo. <strong>Robert E. Leen<\/strong> ja kumppaneiden patsaat olivat afroamerikkalaisille \u2013 ja monille valkoisille liberaaleille \u2013 kuin pystyyn nostettuja keskisormia. Ja se oli patsaiden pystytt\u00e4jien tarkoitus.<\/p>\n\n\n\n<p>&nbsp;<\/p>\n\n\n\n<p><span class=\"capitalized\">Kaikella<\/span> on silti rajansa. Emme voi marssia moukarit olkap\u00e4ill\u00e4 tuhoamaan Rooman muistomerkkej\u00e4, koska antiikin roomalaiset k\u00e4yttiv\u00e4t orjaty\u00f6voimaa. <strong>George Washingon<\/strong> ja <strong>Thomas Jefferson<\/strong> omistivat orjia ja uskoivat aikakautensa rasistisiin teorioihin. Silti, toisin kuin Konfederaation kenraalit, Washington ja Jefferson tekiv\u00e4t laajamittaiset el\u00e4m\u00e4nty\u00f6t jotka eiv\u00e4t huipentuneet valkoisen ylivallan puolustamiseen.<\/p>\n\n\n\n<p>Yhdysvalloissa k\u00e4yd\u00e4\u00e4n parhaillaan h\u00e4tk\u00e4hdytt\u00e4v\u00e4n voimakasta, rehellist\u00e4 ja kymmeni\u00e4 miljoonia koskettavaa keskustelua rodusta, virkavallasta, poliisista sek\u00e4 urbaanin Amerikan tulevaisuudesta. Kiista vallan symboleista ja historiallisista monumenteista on t\u00e4rke\u00e4 osa debattia.<\/p>\n\n\n\n<p>Patsaat nousivat poliittisten p\u00e4\u00e4t\u00f6sten seurauksena, ja ihanteellisesti niiden pit\u00e4isi tulla alas samanlaisen prosessin j\u00e4lkeen. Olisi hyv\u00e4 p\u00e4ivitt\u00e4\u00e4 kaupunkien julkiset monumentit heijastamaan 21. vuosisadan arvoja.<\/p>\n\n\n\n<p>&nbsp;<\/p>\n\n\n\n<p><em>Soundtrack: Kendrick Lamar, Alright.<\/em><\/p>\n\n\n<p><iframe loading=\"lazy\" width=\"630\" height=\"354\" src=\"https:\/\/www.youtube.com\/embed\/GGWA5yuXVrU?feature=oembed\" frameborder=\"0\" allow=\"accelerometer; autoplay; encrypted-media; gyroscope; picture-in-picture\" allowfullscreen><\/iframe><\/p>\n","protected":false},"excerpt":{"rendered":"<p>Saksassa ei ole yht\u00e4\u00e4n Adolf Hitlerin mukaan nimetty\u00e4 rakennusta tai miehen patsasta, mutta nykysaksalaiset tuntevat maansa historian.<\/p>\n","protected":false},"author":158,"featured_media":0,"comment_status":"open","ping_status":"open","sticky":false,"template":"","format":"standard","meta":{"_acf_changed":false,"asauth_required_access_level":3,"asauth_cansharepaid":"true","om_header_attributes":[],"footnotes":"","om_featured_image_focal_point":[],"om_primary_tag":0,"om_contributors":[],"om_co_authors":[],"beyondwords_generate_audio":"","beyondwords_project_id":"","beyondwords_content_id":"","beyondwords_preview_token":"","beyondwords_player_content":"","beyondwords_player_style":"","beyondwords_language_code":"","beyondwords_language_id":"","beyondwords_title_voice_id":"","beyondwords_body_voice_id":"","beyondwords_summary_voice_id":"","beyondwords_error_message":"","beyondwords_disabled":"","beyondwords_delete_content":"","beyondwords_podcast_id":"","beyondwords_hash":"","publish_post_to_speechkit":"","speechkit_hash":"","speechkit_generate_audio":"","speechkit_project_id":"","speechkit_podcast_id":"","speechkit_error_message":"","speechkit_disabled":"","speechkit_access_key":"","speechkit_error":"","speechkit_info":"","speechkit_response":"","speechkit_retries":"","speechkit_status":"","speechkit_updated_at":"","_speechkit_link":"","_speechkit_text":""},"categories":[1],"tags":[213,2215,1938,2216,259,24],"class_list":["post-5043","post","type-post","status-publish","format-standard","hentry","category-americana","tag-historia","tag-konfederaatio","tag-patsaat","tag-symbolit","tag-valta","tag-yhdysvallat"],"om_views":null,"acf":{"tuuma_off":false,"tuuma_kysymys":"","tuuma_vastaus":""},"asauth":{"required_access_level":1,"share_token":"","is_paid":false},"yoast_head":"<!-- This site is optimized with the Yoast SEO plugin v26.4 - https:\/\/yoast.com\/wordpress\/plugins\/seo\/ -->\n<title>Patsaat eiv\u00e4t opeta historiaa \u2013 niiden teht\u00e4v\u00e4 on vallan p\u00f6nkitt\u00e4minen - Americana<\/title>\n<meta name=\"description\" content=\"Saksassa ei ole yht\u00e4\u00e4n Adolf Hitlerin mukaan nimetty\u00e4 rakennusta tai miehen patsasta, mutta nykysaksalaiset tuntevat maansa historian.\" \/>\n<meta name=\"robots\" content=\"noindex, follow\" \/>\n<meta property=\"og:locale\" content=\"fi_FI\" \/>\n<meta property=\"og:type\" content=\"article\" \/>\n<meta property=\"og:title\" content=\"Patsaat eiv\u00e4t opeta historiaa \u2013 niiden teht\u00e4v\u00e4 on vallan p\u00f6nkitt\u00e4minen - Americana\" \/>\n<meta property=\"og:description\" content=\"Saksassa ei ole yht\u00e4\u00e4n Adolf Hitlerin mukaan nimetty\u00e4 rakennusta tai miehen patsasta, mutta nykysaksalaiset tuntevat maansa historian.\" \/>\n<meta property=\"og:url\" content=\"https:\/\/suomenkuvalehti.fi\/americana\/patsaat-eivat-opeta-historiaa-niiden-tehtava-on-vallan-ponkittaminen\/\" \/>\n<meta property=\"og:site_name\" content=\"Americana\" \/>\n<meta property=\"article:published_time\" content=\"2020-06-17T06:21:51+00:00\" \/>\n<meta property=\"og:image\" content=\"https:\/\/suomenkuvalehti.fi\/americana\/wp-content\/uploads\/sites\/10\/2022\/04\/americana_maunula-scaled.jpg\" \/>\n\t<meta property=\"og:image:width\" content=\"2560\" \/>\n\t<meta property=\"og:image:height\" content=\"1706\" \/>\n\t<meta property=\"og:image:type\" content=\"image\/jpeg\" \/>\n<meta name=\"author\" content=\"Marko Maunula\" \/>\n<meta name=\"twitter:card\" content=\"summary_large_image\" \/>\n<meta name=\"twitter:label1\" content=\"Written by\" \/>\n\t<meta name=\"twitter:data1\" content=\"Marko Maunula\" \/>\n\t<meta name=\"twitter:label2\" content=\"Est. reading time\" \/>\n\t<meta name=\"twitter:data2\" content=\"2 minuuttia\" \/>\n<script type=\"application\/ld+json\" class=\"yoast-schema-graph\">{\"@context\":\"https:\/\/schema.org\",\"@graph\":[{\"@type\":\"WebPage\",\"@id\":\"https:\/\/suomenkuvalehti.fi\/americana\/patsaat-eivat-opeta-historiaa-niiden-tehtava-on-vallan-ponkittaminen\/\",\"url\":\"https:\/\/suomenkuvalehti.fi\/americana\/patsaat-eivat-opeta-historiaa-niiden-tehtava-on-vallan-ponkittaminen\/\",\"name\":\"Patsaat eiv\u00e4t opeta historiaa \u2013 niiden teht\u00e4v\u00e4 on vallan p\u00f6nkitt\u00e4minen - Americana\",\"isPartOf\":{\"@id\":\"https:\/\/suomenkuvalehti.fi\/americana\/#website\"},\"datePublished\":\"2020-06-17T06:21:51+00:00\",\"author\":{\"@id\":\"https:\/\/suomenkuvalehti.fi\/americana\/#\/schema\/person\/12d514491cb37506bc39c8e10176c3ec\"},\"description\":\"Saksassa ei ole yht\u00e4\u00e4n Adolf Hitlerin mukaan nimetty\u00e4 rakennusta tai miehen patsasta, mutta nykysaksalaiset tuntevat maansa historian.\",\"breadcrumb\":{\"@id\":\"https:\/\/suomenkuvalehti.fi\/americana\/patsaat-eivat-opeta-historiaa-niiden-tehtava-on-vallan-ponkittaminen\/#breadcrumb\"},\"inLanguage\":\"fi\",\"potentialAction\":[{\"@type\":\"ReadAction\",\"target\":[\"https:\/\/suomenkuvalehti.fi\/americana\/patsaat-eivat-opeta-historiaa-niiden-tehtava-on-vallan-ponkittaminen\/\"]}]},{\"@type\":\"BreadcrumbList\",\"@id\":\"https:\/\/suomenkuvalehti.fi\/americana\/patsaat-eivat-opeta-historiaa-niiden-tehtava-on-vallan-ponkittaminen\/#breadcrumb\",\"itemListElement\":[{\"@type\":\"ListItem\",\"position\":1,\"name\":\"Home\",\"item\":\"https:\/\/suomenkuvalehti.fi\/americana\/\"},{\"@type\":\"ListItem\",\"position\":2,\"name\":\"Patsaat eiv\u00e4t opeta historiaa \u2013 niiden teht\u00e4v\u00e4 on vallan p\u00f6nkitt\u00e4minen\"}]},{\"@type\":\"WebSite\",\"@id\":\"https:\/\/suomenkuvalehti.fi\/americana\/#website\",\"url\":\"https:\/\/suomenkuvalehti.fi\/americana\/\",\"name\":\"Americana\",\"description\":\"Professori Marko Maunula seuraa USA:n politiikkaa ja populaarikulttuuria\",\"potentialAction\":[{\"@type\":\"SearchAction\",\"target\":{\"@type\":\"EntryPoint\",\"urlTemplate\":\"https:\/\/suomenkuvalehti.fi\/haku\/?q={search_term_string}\"},\"query-input\":{\"@type\":\"PropertyValueSpecification\",\"valueRequired\":true,\"valueName\":\"search_term_string\"}}],\"inLanguage\":\"fi\"},{\"@type\":\"Person\",\"@id\":\"https:\/\/suomenkuvalehti.fi\/americana\/#\/schema\/person\/12d514491cb37506bc39c8e10176c3ec\",\"name\":\"Marko Maunula\",\"image\":{\"@type\":\"ImageObject\",\"inLanguage\":\"fi\",\"@id\":\"https:\/\/suomenkuvalehti.fi\/americana\/#\/schema\/person\/image\/\",\"url\":\"https:\/\/suomenkuvalehti.fi\/americana\/wp-content\/uploads\/sites\/10\/2022\/04\/americana_maunula-150x150.jpg\",\"contentUrl\":\"https:\/\/suomenkuvalehti.fi\/americana\/wp-content\/uploads\/sites\/10\/2022\/04\/americana_maunula-150x150.jpg\",\"caption\":\"Marko Maunula\"},\"description\":\"Kirjoittaja on Yhdysvaltain historian professori Atlantassa.\"}]}<\/script>\n<!-- \/ Yoast SEO plugin. -->","yoast_head_json":{"title":"Patsaat eiv\u00e4t opeta historiaa \u2013 niiden teht\u00e4v\u00e4 on vallan p\u00f6nkitt\u00e4minen - Americana","description":"Saksassa ei ole yht\u00e4\u00e4n Adolf Hitlerin mukaan nimetty\u00e4 rakennusta tai miehen patsasta, mutta nykysaksalaiset tuntevat maansa historian.","robots":{"index":"noindex","follow":"follow"},"og_locale":"fi_FI","og_type":"article","og_title":"Patsaat eiv\u00e4t opeta historiaa \u2013 niiden teht\u00e4v\u00e4 on vallan p\u00f6nkitt\u00e4minen - Americana","og_description":"Saksassa ei ole yht\u00e4\u00e4n Adolf Hitlerin mukaan nimetty\u00e4 rakennusta tai miehen patsasta, mutta nykysaksalaiset tuntevat maansa historian.","og_url":"https:\/\/suomenkuvalehti.fi\/americana\/patsaat-eivat-opeta-historiaa-niiden-tehtava-on-vallan-ponkittaminen\/","og_site_name":"Americana","article_published_time":"2020-06-17T06:21:51+00:00","og_image":[{"width":2560,"height":1706,"url":"https:\/\/suomenkuvalehti.fi\/americana\/wp-content\/uploads\/sites\/10\/2022\/04\/americana_maunula-scaled.jpg","type":"image\/jpeg"}],"author":"Marko Maunula","twitter_card":"summary_large_image","twitter_misc":{"Written by":"Marko Maunula","Est. reading time":"2 minuuttia"},"schema":{"@context":"https:\/\/schema.org","@graph":[{"@type":"WebPage","@id":"https:\/\/suomenkuvalehti.fi\/americana\/patsaat-eivat-opeta-historiaa-niiden-tehtava-on-vallan-ponkittaminen\/","url":"https:\/\/suomenkuvalehti.fi\/americana\/patsaat-eivat-opeta-historiaa-niiden-tehtava-on-vallan-ponkittaminen\/","name":"Patsaat eiv\u00e4t opeta historiaa \u2013 niiden teht\u00e4v\u00e4 on vallan p\u00f6nkitt\u00e4minen - Americana","isPartOf":{"@id":"https:\/\/suomenkuvalehti.fi\/americana\/#website"},"datePublished":"2020-06-17T06:21:51+00:00","author":{"@id":"https:\/\/suomenkuvalehti.fi\/americana\/#\/schema\/person\/12d514491cb37506bc39c8e10176c3ec"},"description":"Saksassa ei ole yht\u00e4\u00e4n Adolf Hitlerin mukaan nimetty\u00e4 rakennusta tai miehen patsasta, mutta nykysaksalaiset tuntevat maansa historian.","breadcrumb":{"@id":"https:\/\/suomenkuvalehti.fi\/americana\/patsaat-eivat-opeta-historiaa-niiden-tehtava-on-vallan-ponkittaminen\/#breadcrumb"},"inLanguage":"fi","potentialAction":[{"@type":"ReadAction","target":["https:\/\/suomenkuvalehti.fi\/americana\/patsaat-eivat-opeta-historiaa-niiden-tehtava-on-vallan-ponkittaminen\/"]}]},{"@type":"BreadcrumbList","@id":"https:\/\/suomenkuvalehti.fi\/americana\/patsaat-eivat-opeta-historiaa-niiden-tehtava-on-vallan-ponkittaminen\/#breadcrumb","itemListElement":[{"@type":"ListItem","position":1,"name":"Home","item":"https:\/\/suomenkuvalehti.fi\/americana\/"},{"@type":"ListItem","position":2,"name":"Patsaat eiv\u00e4t opeta historiaa \u2013 niiden teht\u00e4v\u00e4 on vallan p\u00f6nkitt\u00e4minen"}]},{"@type":"WebSite","@id":"https:\/\/suomenkuvalehti.fi\/americana\/#website","url":"https:\/\/suomenkuvalehti.fi\/americana\/","name":"Americana","description":"Professori Marko Maunula seuraa USA:n politiikkaa ja populaarikulttuuria","potentialAction":[{"@type":"SearchAction","target":{"@type":"EntryPoint","urlTemplate":"https:\/\/suomenkuvalehti.fi\/haku\/?q={search_term_string}"},"query-input":{"@type":"PropertyValueSpecification","valueRequired":true,"valueName":"search_term_string"}}],"inLanguage":"fi"},{"@type":"Person","@id":"https:\/\/suomenkuvalehti.fi\/americana\/#\/schema\/person\/12d514491cb37506bc39c8e10176c3ec","name":"Marko Maunula","image":{"@type":"ImageObject","inLanguage":"fi","@id":"https:\/\/suomenkuvalehti.fi\/americana\/#\/schema\/person\/image\/","url":"https:\/\/suomenkuvalehti.fi\/americana\/wp-content\/uploads\/sites\/10\/2022\/04\/americana_maunula-150x150.jpg","contentUrl":"https:\/\/suomenkuvalehti.fi\/americana\/wp-content\/uploads\/sites\/10\/2022\/04\/americana_maunula-150x150.jpg","caption":"Marko Maunula"},"description":"Kirjoittaja on Yhdysvaltain historian professori Atlantassa."}]}},"_links":{"self":[{"href":"https:\/\/suomenkuvalehti.fi\/americana\/wp-json\/wp\/v2\/posts\/5043","targetHints":{"allow":["GET"]}}],"collection":[{"href":"https:\/\/suomenkuvalehti.fi\/americana\/wp-json\/wp\/v2\/posts"}],"about":[{"href":"https:\/\/suomenkuvalehti.fi\/americana\/wp-json\/wp\/v2\/types\/post"}],"author":[{"embeddable":true,"href":"https:\/\/suomenkuvalehti.fi\/americana\/wp-json\/wp\/v2\/users\/158"}],"replies":[{"embeddable":true,"href":"https:\/\/suomenkuvalehti.fi\/americana\/wp-json\/wp\/v2\/comments?post=5043"}],"version-history":[{"count":3,"href":"https:\/\/suomenkuvalehti.fi\/americana\/wp-json\/wp\/v2\/posts\/5043\/revisions"}],"predecessor-version":[{"id":5048,"href":"https:\/\/suomenkuvalehti.fi\/americana\/wp-json\/wp\/v2\/posts\/5043\/revisions\/5048"}],"wp:attachment":[{"href":"https:\/\/suomenkuvalehti.fi\/americana\/wp-json\/wp\/v2\/media?parent=5043"}],"wp:term":[{"taxonomy":"category","embeddable":true,"href":"https:\/\/suomenkuvalehti.fi\/americana\/wp-json\/wp\/v2\/categories?post=5043"},{"taxonomy":"post_tag","embeddable":true,"href":"https:\/\/suomenkuvalehti.fi\/americana\/wp-json\/wp\/v2\/tags?post=5043"}],"curies":[{"name":"wp","href":"https:\/\/api.w.org\/{rel}","templated":true}]}}