{"id":5,"date":"2013-10-26T18:40:09","date_gmt":"2013-11-22T16:40:09","guid":{"rendered":"https:\/\/suomenkuvalehti.fi\/americana\/globalisaation-vastustajien-havitty-taistelu\/"},"modified":"2013-11-30T16:21:59","modified_gmt":"2013-11-30T14:21:59","slug":"globalisaation-vastustajien-havitty-taistelu","status":"publish","type":"post","link":"https:\/\/suomenkuvalehti.fi\/americana\/globalisaation-vastustajien-havitty-taistelu\/","title":{"rendered":"Globalisaation vastustajien h\u00e4vitty taistelu"},"content":{"rendered":"\n<p><em>The New Republic<\/em> -lehden blogi kysyy, ett\u00e4 minne<a href=\"http:\/\/www.newrepublic.com\/article\/115360\/wto-protests-why-have-they-gotten-smaller\"> globalisaation vastainen liike on kadonnut<\/a>? Hyv\u00e4 kysymys.<\/p>\n\n\n\n<p>Jokainen globalisaatio-kysymyksist\u00e4 kiinnostunut muistaa Seattlen mellakat loppuvuodesta 1999. Yli 40 000 protestoijaa esti WTO:n kokouksen onnistumisen. Anarkisteista, ymp\u00e4rist\u00f6aktivisteista, vanhan kaartin ay-veteraaneista, uskonnollisista kehitysmaa-aktivisteista sek\u00e4 muista protestiliikkeist\u00e4 koostunut v\u00e4kijoukko tappeli poliisin kanssa Seattlen keskustan kontrollista noin vuorokauden.<\/p>\n\n\n\n<p>Seattlen mellakat olivat vahvan globalisaation vastaisen liikkeen huipentuma. Sen suosio ei rajoittunut pelk\u00e4st\u00e4\u00e4n radikaaleihin aktivisteihin. Seattlen mellakoiden aikana sek\u00e4 paleo-konservatiivi <strong>Pat Buchanan<\/strong> ett\u00e4 vihervasemmistolainen pitk\u00e4n linjan presidenttiehdokas <strong>Ralph Nader<\/strong> osoittivat ymm\u00e4rryst\u00e4 Seattlen aktivisteille. Marginaalisen oikeiston mukaan globalisaatio vahingoitti Yhdysvaltojen taloutta ja itsem\u00e4\u00e4r\u00e4\u00e4misoikeutta; vasemmiston mukaan kehitys tuhosi luontoa, sorti kehitysmaita ja vahvisti suuryrityksi\u00e4 demokratian kustannuksella.<\/p>\n\n\n\n<p>Vuosituhannen vaihteessa vaikutti, ett\u00e4 anti-globalisaatiosta saattaa kehitty\u00e4 varteenotettava poliittinen liike. Julkinen keskustelu oli t\u00e4ynn\u00e4 globalisaation syntej\u00e4 ja vaaroja painottavia kommentteja. Globalisaatio oli aktivistien m\u00f6rk\u00f6 <em>du jour<\/em>, jonka luonnetta pohdittiin niin akatemiassa kuin kaduillakin.<\/p>\n\n\n\n<p>Minne globalisaation vastustus on kadonnut? Itse en ole kuullut globalisaation vastaisia kommentteja vuosikausiin &#8211; en edes punavihreilt\u00e4 opiskelijoilta. Aktivistit ovat l\u00f6yt\u00e4neet uusia protestoinnin kohteita.<\/p>\n\n\n\n<p>Syit\u00e4 anti-globalisaation katoamiseen on lukuisia, mutta t\u00e4rkeimp\u00e4n\u00e4 nousee esiin se kiistaton tosiseikka, ett\u00e4 globalisaatio on auttanut nostamaan sadat miljoonat ihmiset yl\u00f6s musertavasta k\u00f6yhyydest\u00e4.<\/p>\n\n\n\n<p>Kansainv\u00e4lisen kaupan vapauttaminen sek\u00e4 p\u00e4\u00e4oman, yritysten ja ihmisten aikaisempaa helpompi liikkuvuus on ehk\u00e4 t\u00e4rkein tekij\u00e4 Kiinan, Intian ja nyt my\u00f6s Afrikan historiallisten talousbuumien takana. Hylk\u00e4\u00e4m\u00e4ll\u00e4 kontrollitalouden ja sopeutumalla nopeasti globalisaatioon, kehittyv\u00e4 maailma aloitti pikamarssin kohti vaurastumista. Edes paatuneimmat globalisaation ja kapitalismin vihaajat eiv\u00e4t voi kiist\u00e4\u00e4 viime vuosikymmenten positiivista kehityst\u00e4.<\/p>\n\n\n\n<p>Globalisaatio on satuttanut l\u00e4ntisen maailman perusteollisuuden duunareita, mutta heid\u00e4n h\u00e4t\u00e4ns\u00e4 ei yleens\u00e4 sytyt\u00e4 ymp\u00e4rist\u00f6-, sukupuoli-, seksuaalisuus- sek\u00e4 rotukysymyksiin keskittyneit\u00e4 New Left -aktivisteja. Ty\u00f6v\u00e4enluokan protesti on puolestaan suuntautunut konkreettisempiin, heid\u00e4n l\u00e4hiymp\u00e4rist\u00f6\u00f6ns\u00e4 suoraan vaikuttaviin tekij\u00f6ihin, kuten maahanmuuttoon sek\u00e4 siihen liittyviin (oikeisiin ja kuviteltuihin) ongelmiin.<\/p>\n\n\n\n<p>Globalisaatio-debatti on ohi, ja globalisaation puolustajat poistuivat keh\u00e4st\u00e4 voittajina. Kysymykset ymp\u00e4rist\u00f6spolitiikasta, korporaatioiden vallasta ja muista globalisaatioon v\u00e4lillisesti liittyvist\u00e4 ilmi\u00f6ist\u00e4 el\u00e4v\u00e4t, mutta taistelu k\u00e4yd\u00e4\u00e4n vastaisuudessa aihepiirin marginaaleissa.<\/p>\n\n\n\n<p><em>Soundtrack: Prince, Around the World in a Day.<\/em><\/p>\n\n\n","protected":false},"excerpt":{"rendered":"<p>The New Republic -lehden blogi kysyy, ett\u00e4 minne globalisaation vastainen liike on kadonnut? Hyv\u00e4 kysymys. Jokainen globalisaatio-kysymyksist\u00e4 kiinnostunut muistaa Seattlen mellakat loppuvuodesta 1999. Yli 40 000 protestoijaa esti WTO:n kokouksen onnistumisen. Anarkisteista,<br \/>\nym&hellip;<\/p>\n","protected":false},"author":158,"featured_media":0,"comment_status":"open","ping_status":"open","sticky":false,"template":"","format":"standard","meta":{"_acf_changed":false,"asauth_required_access_level":0,"asauth_cansharepaid":"","om_header_attributes":[],"footnotes":"","om_featured_image_focal_point":[],"om_primary_tag":0,"om_contributors":[],"om_co_authors":[],"beyondwords_generate_audio":"","beyondwords_project_id":"","beyondwords_content_id":"","beyondwords_preview_token":"","beyondwords_player_content":"","beyondwords_player_style":"","beyondwords_language_code":"","beyondwords_language_id":"","beyondwords_title_voice_id":"","beyondwords_body_voice_id":"","beyondwords_summary_voice_id":"","beyondwords_error_message":"","beyondwords_disabled":"","beyondwords_delete_content":"","beyondwords_podcast_id":"","beyondwords_hash":"","publish_post_to_speechkit":"","speechkit_hash":"","speechkit_generate_audio":"","speechkit_project_id":"","speechkit_podcast_id":"","speechkit_error_message":"","speechkit_disabled":"","speechkit_access_key":"","speechkit_error":"","speechkit_info":"","speechkit_response":"","speechkit_retries":"","speechkit_status":"","speechkit_updated_at":"","_speechkit_link":"","_speechkit_text":""},"categories":[1],"tags":[8,10,5,7,12,11,6,9],"class_list":["post-5","post","type-post","status-publish","format-standard","hentry","category-americana","tag-aktivismi","tag-debatti","tag-globalisaatio","tag-mellakat","tag-pat-buchanan","tag-ralph-nader","tag-seattle","tag-the-new-republic"],"om_views":null,"acf":{"tuuma_off":false,"tuuma_kysymys":"","tuuma_vastaus":""},"asauth":{"required_access_level":1,"share_token":"","is_paid":false},"yoast_head":"<!-- This site is optimized with the Yoast SEO plugin v26.4 - https:\/\/yoast.com\/wordpress\/plugins\/seo\/ -->\n<title>Globalisaation vastustajien h\u00e4vitty taistelu - Americana<\/title>\n<meta name=\"robots\" content=\"noindex, follow\" \/>\n<meta property=\"og:locale\" content=\"fi_FI\" \/>\n<meta property=\"og:type\" content=\"article\" \/>\n<meta property=\"og:title\" content=\"Globalisaation vastustajien h\u00e4vitty taistelu - Americana\" \/>\n<meta property=\"og:description\" content=\"The New Republic -lehden blogi kysyy, ett\u00e4 minne globalisaation vastainen liike on kadonnut? Hyv\u00e4 kysymys. Jokainen globalisaatio-kysymyksist\u00e4 kiinnostunut muistaa Seattlen mellakat loppuvuodesta 1999. Yli 40 000 protestoijaa esti WTO:n kokouksen onnistumisen. Anarkisteista, ym&hellip;\" \/>\n<meta property=\"og:url\" content=\"https:\/\/suomenkuvalehti.fi\/americana\/globalisaation-vastustajien-havitty-taistelu\/\" \/>\n<meta property=\"og:site_name\" content=\"Americana\" \/>\n<meta property=\"article:published_time\" content=\"2013-11-22T16:40:09+00:00\" \/>\n<meta property=\"article:modified_time\" content=\"2013-11-30T14:21:59+00:00\" \/>\n<meta property=\"og:image\" content=\"https:\/\/suomenkuvalehti.fi\/americana\/wp-content\/uploads\/sites\/10\/2022\/04\/americana_maunula-scaled.jpg\" \/>\n\t<meta property=\"og:image:width\" content=\"2560\" \/>\n\t<meta property=\"og:image:height\" content=\"1706\" \/>\n\t<meta property=\"og:image:type\" content=\"image\/jpeg\" \/>\n<meta name=\"author\" content=\"Marko Maunula\" \/>\n<meta name=\"twitter:card\" content=\"summary_large_image\" \/>\n<meta name=\"twitter:label1\" content=\"Written by\" \/>\n\t<meta name=\"twitter:data1\" content=\"Marko Maunula\" \/>\n\t<meta name=\"twitter:label2\" content=\"Est. reading time\" \/>\n\t<meta name=\"twitter:data2\" content=\"2 minuuttia\" \/>\n<script type=\"application\/ld+json\" class=\"yoast-schema-graph\">{\"@context\":\"https:\/\/schema.org\",\"@graph\":[{\"@type\":\"WebPage\",\"@id\":\"https:\/\/suomenkuvalehti.fi\/americana\/globalisaation-vastustajien-havitty-taistelu\/\",\"url\":\"https:\/\/suomenkuvalehti.fi\/americana\/globalisaation-vastustajien-havitty-taistelu\/\",\"name\":\"Globalisaation vastustajien h\u00e4vitty taistelu - Americana\",\"isPartOf\":{\"@id\":\"https:\/\/suomenkuvalehti.fi\/americana\/#website\"},\"datePublished\":\"2013-11-22T16:40:09+00:00\",\"dateModified\":\"2013-11-30T14:21:59+00:00\",\"author\":{\"@id\":\"https:\/\/suomenkuvalehti.fi\/americana\/#\/schema\/person\/12d514491cb37506bc39c8e10176c3ec\"},\"breadcrumb\":{\"@id\":\"https:\/\/suomenkuvalehti.fi\/americana\/globalisaation-vastustajien-havitty-taistelu\/#breadcrumb\"},\"inLanguage\":\"fi\",\"potentialAction\":[{\"@type\":\"ReadAction\",\"target\":[\"https:\/\/suomenkuvalehti.fi\/americana\/globalisaation-vastustajien-havitty-taistelu\/\"]}]},{\"@type\":\"BreadcrumbList\",\"@id\":\"https:\/\/suomenkuvalehti.fi\/americana\/globalisaation-vastustajien-havitty-taistelu\/#breadcrumb\",\"itemListElement\":[{\"@type\":\"ListItem\",\"position\":1,\"name\":\"Home\",\"item\":\"https:\/\/suomenkuvalehti.fi\/americana\/\"},{\"@type\":\"ListItem\",\"position\":2,\"name\":\"Globalisaation vastustajien h\u00e4vitty taistelu\"}]},{\"@type\":\"WebSite\",\"@id\":\"https:\/\/suomenkuvalehti.fi\/americana\/#website\",\"url\":\"https:\/\/suomenkuvalehti.fi\/americana\/\",\"name\":\"Americana\",\"description\":\"Professori Marko Maunula seuraa USA:n politiikkaa ja populaarikulttuuria\",\"potentialAction\":[{\"@type\":\"SearchAction\",\"target\":{\"@type\":\"EntryPoint\",\"urlTemplate\":\"https:\/\/suomenkuvalehti.fi\/haku\/?q={search_term_string}\"},\"query-input\":{\"@type\":\"PropertyValueSpecification\",\"valueRequired\":true,\"valueName\":\"search_term_string\"}}],\"inLanguage\":\"fi\"},{\"@type\":\"Person\",\"@id\":\"https:\/\/suomenkuvalehti.fi\/americana\/#\/schema\/person\/12d514491cb37506bc39c8e10176c3ec\",\"name\":\"Marko Maunula\",\"image\":{\"@type\":\"ImageObject\",\"inLanguage\":\"fi\",\"@id\":\"https:\/\/suomenkuvalehti.fi\/americana\/#\/schema\/person\/image\/\",\"url\":\"https:\/\/suomenkuvalehti.fi\/americana\/wp-content\/uploads\/sites\/10\/2022\/04\/americana_maunula-150x150.jpg\",\"contentUrl\":\"https:\/\/suomenkuvalehti.fi\/americana\/wp-content\/uploads\/sites\/10\/2022\/04\/americana_maunula-150x150.jpg\",\"caption\":\"Marko Maunula\"},\"description\":\"Kirjoittaja on Yhdysvaltain historian professori Atlantassa.\"}]}<\/script>\n<!-- \/ Yoast SEO plugin. -->","yoast_head_json":{"title":"Globalisaation vastustajien h\u00e4vitty taistelu - Americana","robots":{"index":"noindex","follow":"follow"},"og_locale":"fi_FI","og_type":"article","og_title":"Globalisaation vastustajien h\u00e4vitty taistelu - Americana","og_description":"The New Republic -lehden blogi kysyy, ett\u00e4 minne globalisaation vastainen liike on kadonnut? Hyv\u00e4 kysymys. Jokainen globalisaatio-kysymyksist\u00e4 kiinnostunut muistaa Seattlen mellakat loppuvuodesta 1999. Yli 40 000 protestoijaa esti WTO:n kokouksen onnistumisen. Anarkisteista, ym&hellip;","og_url":"https:\/\/suomenkuvalehti.fi\/americana\/globalisaation-vastustajien-havitty-taistelu\/","og_site_name":"Americana","article_published_time":"2013-11-22T16:40:09+00:00","article_modified_time":"2013-11-30T14:21:59+00:00","og_image":[{"width":2560,"height":1706,"url":"https:\/\/suomenkuvalehti.fi\/americana\/wp-content\/uploads\/sites\/10\/2022\/04\/americana_maunula-scaled.jpg","type":"image\/jpeg"}],"author":"Marko Maunula","twitter_card":"summary_large_image","twitter_misc":{"Written by":"Marko Maunula","Est. reading time":"2 minuuttia"},"schema":{"@context":"https:\/\/schema.org","@graph":[{"@type":"WebPage","@id":"https:\/\/suomenkuvalehti.fi\/americana\/globalisaation-vastustajien-havitty-taistelu\/","url":"https:\/\/suomenkuvalehti.fi\/americana\/globalisaation-vastustajien-havitty-taistelu\/","name":"Globalisaation vastustajien h\u00e4vitty taistelu - Americana","isPartOf":{"@id":"https:\/\/suomenkuvalehti.fi\/americana\/#website"},"datePublished":"2013-11-22T16:40:09+00:00","dateModified":"2013-11-30T14:21:59+00:00","author":{"@id":"https:\/\/suomenkuvalehti.fi\/americana\/#\/schema\/person\/12d514491cb37506bc39c8e10176c3ec"},"breadcrumb":{"@id":"https:\/\/suomenkuvalehti.fi\/americana\/globalisaation-vastustajien-havitty-taistelu\/#breadcrumb"},"inLanguage":"fi","potentialAction":[{"@type":"ReadAction","target":["https:\/\/suomenkuvalehti.fi\/americana\/globalisaation-vastustajien-havitty-taistelu\/"]}]},{"@type":"BreadcrumbList","@id":"https:\/\/suomenkuvalehti.fi\/americana\/globalisaation-vastustajien-havitty-taistelu\/#breadcrumb","itemListElement":[{"@type":"ListItem","position":1,"name":"Home","item":"https:\/\/suomenkuvalehti.fi\/americana\/"},{"@type":"ListItem","position":2,"name":"Globalisaation vastustajien h\u00e4vitty taistelu"}]},{"@type":"WebSite","@id":"https:\/\/suomenkuvalehti.fi\/americana\/#website","url":"https:\/\/suomenkuvalehti.fi\/americana\/","name":"Americana","description":"Professori Marko Maunula seuraa USA:n politiikkaa ja populaarikulttuuria","potentialAction":[{"@type":"SearchAction","target":{"@type":"EntryPoint","urlTemplate":"https:\/\/suomenkuvalehti.fi\/haku\/?q={search_term_string}"},"query-input":{"@type":"PropertyValueSpecification","valueRequired":true,"valueName":"search_term_string"}}],"inLanguage":"fi"},{"@type":"Person","@id":"https:\/\/suomenkuvalehti.fi\/americana\/#\/schema\/person\/12d514491cb37506bc39c8e10176c3ec","name":"Marko Maunula","image":{"@type":"ImageObject","inLanguage":"fi","@id":"https:\/\/suomenkuvalehti.fi\/americana\/#\/schema\/person\/image\/","url":"https:\/\/suomenkuvalehti.fi\/americana\/wp-content\/uploads\/sites\/10\/2022\/04\/americana_maunula-150x150.jpg","contentUrl":"https:\/\/suomenkuvalehti.fi\/americana\/wp-content\/uploads\/sites\/10\/2022\/04\/americana_maunula-150x150.jpg","caption":"Marko Maunula"},"description":"Kirjoittaja on Yhdysvaltain historian professori Atlantassa."}]}},"_links":{"self":[{"href":"https:\/\/suomenkuvalehti.fi\/americana\/wp-json\/wp\/v2\/posts\/5","targetHints":{"allow":["GET"]}}],"collection":[{"href":"https:\/\/suomenkuvalehti.fi\/americana\/wp-json\/wp\/v2\/posts"}],"about":[{"href":"https:\/\/suomenkuvalehti.fi\/americana\/wp-json\/wp\/v2\/types\/post"}],"author":[{"embeddable":true,"href":"https:\/\/suomenkuvalehti.fi\/americana\/wp-json\/wp\/v2\/users\/158"}],"replies":[{"embeddable":true,"href":"https:\/\/suomenkuvalehti.fi\/americana\/wp-json\/wp\/v2\/comments?post=5"}],"version-history":[{"count":5,"href":"https:\/\/suomenkuvalehti.fi\/americana\/wp-json\/wp\/v2\/posts\/5\/revisions"}],"predecessor-version":[{"id":142,"href":"https:\/\/suomenkuvalehti.fi\/americana\/wp-json\/wp\/v2\/posts\/5\/revisions\/142"}],"wp:attachment":[{"href":"https:\/\/suomenkuvalehti.fi\/americana\/wp-json\/wp\/v2\/media?parent=5"}],"wp:term":[{"taxonomy":"category","embeddable":true,"href":"https:\/\/suomenkuvalehti.fi\/americana\/wp-json\/wp\/v2\/categories?post=5"},{"taxonomy":"post_tag","embeddable":true,"href":"https:\/\/suomenkuvalehti.fi\/americana\/wp-json\/wp\/v2\/tags?post=5"}],"curies":[{"name":"wp","href":"https:\/\/api.w.org\/{rel}","templated":true}]}}