{"id":4973,"date":"2020-05-13T09:30:28","date_gmt":"2020-05-13T06:30:28","guid":{"rendered":"https:\/\/suomenkuvalehti.fi\/americana\/?p=4973"},"modified":"2020-05-13T09:30:28","modified_gmt":"2020-05-13T06:30:28","slug":"kun-agenda-ajaa-tieteen-edelle-new-york-timesin-ongelmallinen-1619-projekti","status":"publish","type":"post","link":"https:\/\/suomenkuvalehti.fi\/americana\/kun-agenda-ajaa-tieteen-edelle-new-york-timesin-ongelmallinen-1619-projekti\/","title":{"rendered":"Kun agenda ajaa tieteen edelle: New York Timesin ongelmallinen 1619-projekti"},"content":{"rendered":"\n<p><span class=\"capitalized\">The New York Times Magazinen<\/span> 1619-projekti <a href=\"https:\/\/pulitzercenter.org\/blog\/nikole-hannah-jones-wins-pulitzer-prize-1619-project\" target=\"_blank\" rel=\"noopener\">palkittiin toukokuun alussa Pulitzerilla<\/a>. Palkinto meni v\u00e4\u00e4r\u00e4\u00e4n osoitteeseen.<\/p>\n\n\n\n<p>1619-projekti on <a href=\"https:\/\/www.nytimes.com\/interactive\/2019\/08\/14\/magazine\/1619-america-slavery.html\" target=\"_blank\" rel=\"noopener\">journalistinen Iisakin kirkko<\/a>. Se k\u00e4ynnistyi elokuussa 2019, kun <em>The New York Times Magazine<\/em> julkaisi numeron muistaen nelj\u00e4n sadan vuoden takaista afrikkalaisten saapumista Jamestowniin, ensimm\u00e4iseen menestyksekk\u00e4\u00e4seen englantilaissiirtokuntaan Pohjois-Amerikassa.<\/p>\n\n\n\n<p>Projekti on mittava ja kunnianhimoinen, toteutettu NYT:n valtavin resurssein. Sen tarkoitus on tuoda esille afroamerikkalaisten orjien keskeist\u00e4 roolia amerikkalaisen talouden, politiikan ja kulttuurin synnyss\u00e4. Se asettaa orjat ja heid\u00e4n j\u00e4lkel\u00e4isens\u00e4 Yhdysvaltain tarinan keskipisteeseen ja k\u00e4sittelee ensimm\u00e4isten afrikkalaisten saapumisvuotta ik\u00e4\u00e4nkuin maan toisena syntym\u00e4p\u00e4iv\u00e4n\u00e4.<\/p>\n\n\n\n<p>Tekij\u00e4t ovat huippuluokan journalisteja ja muita median ammattilaisia. Vankka ammattitaito huokuu joka sanasta ja aukeamasta, ja projektin t\u00e4ht\u00e4in on selke\u00e4sti maineessa ja palkinnoissa.<\/p>\n\n\n\n<p>Valitettavasti heid\u00e4n l\u00e4ht\u00f6kohtansa on v\u00e4\u00e4r\u00e4. Osallistuva ja agendavetoinen historia ei ole tiedett\u00e4, vaan agitaatiota.<\/p>\n\n\n\n<p>&nbsp;<\/p>\n\n\n\n<p><span class=\"capitalized\">Viime<\/span> vuosina tutkimus orjuuden ja kapitalismin suhteesta on palannut taas muotiin. Nuorehko sukupolvi tutkijoita on korostanut orjuuden roolia maan vaurauden muodostumisessa. He ovat, aiheesta, hyl\u00e4nneet pohjoisosavaltiossa aikaisemmin suositun argumentin, joka teki orjuudesta ja rasismista etel\u00e4osavaltioiden poikkeamia kansallisesta normista.<\/p>\n\n\n\n<p>Uusi tutkimus on valottanut orjaty\u00f6voiman t\u00e4rke\u00e4\u00e4 roolia Yhdysvaltain teollistumisessa ja vaurastumisessa, osoittaen sen keskeisen roolin esimerkiksi raaka-aineiden tuottamisessa globaaleille tekstiilimarkkinoille. Orjuus oli amerikkalaista(kin) kapitalismia ja teollistumista ruokkinut ihanteiden komposti.<\/p>\n\n\n\n<p>Paikoitellen tieto on kasvanut k\u00e4si k\u00e4dess\u00e4 tietoisuuden kera. Viime vuosina olen historioitsijoiden konferensseissa t\u00f6rm\u00e4nnyt yh\u00e4 useammin tunnevetoisiin tulkintoihin, joissa viile\u00e4 data ja analyysi ovat saaneet tuekseen woke-retoriikan terminologian.<\/p>\n\n\n\n<p>&nbsp;<\/p>\n\n\n\n<p><span class=\"capitalized\">1619-projekti<\/span> laittaa k\u00e4rryt hevosten eteen. Projekti suhtautuu orjuuteen ja rasismiin Yhdysvaltain historian keskeisen\u00e4 dynamona, joka selitt\u00e4\u00e4 kaiken muun vallankumouksesta teollistumiseen.<\/p>\n\n\n\n<p>Jokainen tulkinta joka hakkaa tarmokkaasti samaa palikkaa jokaiseen reik\u00e4\u00e4n on l\u00e4ht\u00f6kohtaisesti ongelmallinen. Orjuuden laittaminen koko amerikkalaisen historian keski\u00f6\u00f6n joka asiassa vaatii luovaa tulkintaa, jota viile\u00e4 faktojen lukeminen ei tue.<\/p>\n\n\n\n<p>Ryhm\u00e4 johtavia amerikkalaisia historioitsijoita <a href=\"https:\/\/www.nytimes.com\/2019\/12\/20\/magazine\/we-respond-to-the-historians-who-critiqued-the-1619-project.html\" target=\"_blank\" rel=\"noopener\">kirjoitti NYT:lle vastineen<\/a>, jossa he kritisoivat projektin ongelmia tulkintojen ja jopa faktojen kanssa. My\u00f6s oma v\u00e4itoskirjani ohjaaja, professori <strong>Peter Coclanis<\/strong>, <a href=\"https:\/\/spectator.us\/1619-project-2019-project-2020-project\/\" target=\"_blank\" rel=\"noopener\">ruoti 1619-projektin ongelmia<\/a> k\u00e4rjekk\u00e4\u00e4sti <em>Spectatorin<\/em> sivuilla.<\/p>\n\n\n\n<p>&nbsp;<\/p>\n\n\n\n<p><span class=\"capitalized\">The New York Times Magazine<\/span> seisoo edelleen projektinsa takana. Sen omistautuminen ja kiinnostus aihepiiriin ovat kiitett\u00e4vi\u00e4, mutta lehden maine, resurssit ja 1619-projektin saama Pulitzer antavat huonolle historialle ansaitsematonta gloriaa.<\/p>\n\n\n\n<p>Nykyisen historianopetuksen konservatiiviset kriitikot saavat uutta vett\u00e4 myllyihins\u00e4. Syyt\u00f6kset agenda-vetoisesta historiankirjoituksesta saavat uutta pontta, ja t\u00e4ll\u00e4 kertaa ansaitusti.<\/p>\n\n\n\n<p>&nbsp;<\/p>\n\n\n\n<p><em>Soundtrack: Parchman Farm Prisoners, John Henry.<\/em><\/p>\n\n\n<p><iframe loading=\"lazy\" width=\"472\" height=\"354\" src=\"https:\/\/www.youtube.com\/embed\/FZ6GGrA7TdI?feature=oembed\" frameborder=\"0\" allow=\"accelerometer; autoplay; encrypted-media; gyroscope; picture-in-picture\" allowfullscreen><\/iframe><\/p>\n","protected":false},"excerpt":{"rendered":"<p>The New York Times Magazinen 1619-projekti palkittiin toukokuun alussa Pulitzerilla. Palkinto meni v\u00e4\u00e4r\u00e4\u00e4n osoitteeseen. 1619-projekti on journalistinen Iisakin kirkko. Se k\u00e4ynnistyi elokuussa 2019, kun The New York Times Magazine julkaisi numeron<br \/>\nmuis&hellip;<\/p>\n","protected":false},"author":158,"featured_media":0,"comment_status":"open","ping_status":"open","sticky":false,"template":"","format":"standard","meta":{"_acf_changed":false,"asauth_required_access_level":3,"asauth_cansharepaid":"true","om_header_attributes":[],"footnotes":"","om_featured_image_focal_point":[],"om_primary_tag":0,"om_contributors":[],"om_co_authors":[],"beyondwords_generate_audio":"","beyondwords_project_id":"","beyondwords_content_id":"","beyondwords_preview_token":"","beyondwords_player_content":"","beyondwords_player_style":"","beyondwords_language_code":"","beyondwords_language_id":"","beyondwords_title_voice_id":"","beyondwords_body_voice_id":"","beyondwords_summary_voice_id":"","beyondwords_error_message":"","beyondwords_disabled":"","beyondwords_delete_content":"","beyondwords_podcast_id":"","beyondwords_hash":"","publish_post_to_speechkit":"","speechkit_hash":"","speechkit_generate_audio":"","speechkit_project_id":"","speechkit_podcast_id":"","speechkit_error_message":"","speechkit_disabled":"","speechkit_access_key":"","speechkit_error":"","speechkit_info":"","speechkit_response":"","speechkit_retries":"","speechkit_status":"","speechkit_updated_at":"","_speechkit_link":"","_speechkit_text":""},"categories":[1],"tags":[2129,213,178,2204,2203,2202],"class_list":["post-4973","post","type-post","status-publish","format-standard","hentry","category-americana","tag-2129","tag-historia","tag-orjuus","tag-palkinto","tag-pulitzer","tag-the-new-york-times-magazine"],"om_views":null,"acf":{"tuuma_off":false,"tuuma_kysymys":"","tuuma_vastaus":""},"asauth":{"required_access_level":1,"share_token":"","is_paid":false},"yoast_head":"<!-- This site is optimized with the Yoast SEO plugin v26.4 - https:\/\/yoast.com\/wordpress\/plugins\/seo\/ -->\n<title>Kun agenda ajaa tieteen edelle: New York Timesin ongelmallinen 1619-projekti - Americana<\/title>\n<meta name=\"robots\" content=\"noindex, follow\" \/>\n<meta property=\"og:locale\" content=\"fi_FI\" \/>\n<meta property=\"og:type\" content=\"article\" \/>\n<meta property=\"og:title\" content=\"Kun agenda ajaa tieteen edelle: New York Timesin ongelmallinen 1619-projekti - Americana\" \/>\n<meta property=\"og:description\" content=\"The New York Times Magazinen 1619-projekti palkittiin toukokuun alussa Pulitzerilla. Palkinto meni v\u00e4\u00e4r\u00e4\u00e4n osoitteeseen. 1619-projekti on journalistinen Iisakin kirkko. Se k\u00e4ynnistyi elokuussa 2019, kun The New York Times Magazine julkaisi numeron muis&hellip;\" \/>\n<meta property=\"og:url\" content=\"https:\/\/suomenkuvalehti.fi\/americana\/kun-agenda-ajaa-tieteen-edelle-new-york-timesin-ongelmallinen-1619-projekti\/\" \/>\n<meta property=\"og:site_name\" content=\"Americana\" \/>\n<meta property=\"article:published_time\" content=\"2020-05-13T06:30:28+00:00\" \/>\n<meta property=\"og:image\" content=\"https:\/\/suomenkuvalehti.fi\/americana\/wp-content\/uploads\/sites\/10\/2022\/04\/americana_maunula-scaled.jpg\" \/>\n\t<meta property=\"og:image:width\" content=\"2560\" \/>\n\t<meta property=\"og:image:height\" content=\"1706\" \/>\n\t<meta property=\"og:image:type\" content=\"image\/jpeg\" \/>\n<meta name=\"author\" content=\"Marko Maunula\" \/>\n<meta name=\"twitter:card\" content=\"summary_large_image\" \/>\n<meta name=\"twitter:label1\" content=\"Written by\" \/>\n\t<meta name=\"twitter:data1\" content=\"Marko Maunula\" \/>\n\t<meta name=\"twitter:label2\" content=\"Est. reading time\" \/>\n\t<meta name=\"twitter:data2\" content=\"2 minuuttia\" \/>\n<script type=\"application\/ld+json\" class=\"yoast-schema-graph\">{\"@context\":\"https:\/\/schema.org\",\"@graph\":[{\"@type\":\"WebPage\",\"@id\":\"https:\/\/suomenkuvalehti.fi\/americana\/kun-agenda-ajaa-tieteen-edelle-new-york-timesin-ongelmallinen-1619-projekti\/\",\"url\":\"https:\/\/suomenkuvalehti.fi\/americana\/kun-agenda-ajaa-tieteen-edelle-new-york-timesin-ongelmallinen-1619-projekti\/\",\"name\":\"Kun agenda ajaa tieteen edelle: New York Timesin ongelmallinen 1619-projekti - Americana\",\"isPartOf\":{\"@id\":\"https:\/\/suomenkuvalehti.fi\/americana\/#website\"},\"datePublished\":\"2020-05-13T06:30:28+00:00\",\"author\":{\"@id\":\"https:\/\/suomenkuvalehti.fi\/americana\/#\/schema\/person\/12d514491cb37506bc39c8e10176c3ec\"},\"breadcrumb\":{\"@id\":\"https:\/\/suomenkuvalehti.fi\/americana\/kun-agenda-ajaa-tieteen-edelle-new-york-timesin-ongelmallinen-1619-projekti\/#breadcrumb\"},\"inLanguage\":\"fi\",\"potentialAction\":[{\"@type\":\"ReadAction\",\"target\":[\"https:\/\/suomenkuvalehti.fi\/americana\/kun-agenda-ajaa-tieteen-edelle-new-york-timesin-ongelmallinen-1619-projekti\/\"]}]},{\"@type\":\"BreadcrumbList\",\"@id\":\"https:\/\/suomenkuvalehti.fi\/americana\/kun-agenda-ajaa-tieteen-edelle-new-york-timesin-ongelmallinen-1619-projekti\/#breadcrumb\",\"itemListElement\":[{\"@type\":\"ListItem\",\"position\":1,\"name\":\"Home\",\"item\":\"https:\/\/suomenkuvalehti.fi\/americana\/\"},{\"@type\":\"ListItem\",\"position\":2,\"name\":\"Kun agenda ajaa tieteen edelle: New York Timesin ongelmallinen 1619-projekti\"}]},{\"@type\":\"WebSite\",\"@id\":\"https:\/\/suomenkuvalehti.fi\/americana\/#website\",\"url\":\"https:\/\/suomenkuvalehti.fi\/americana\/\",\"name\":\"Americana\",\"description\":\"Professori Marko Maunula seuraa USA:n politiikkaa ja populaarikulttuuria\",\"potentialAction\":[{\"@type\":\"SearchAction\",\"target\":{\"@type\":\"EntryPoint\",\"urlTemplate\":\"https:\/\/suomenkuvalehti.fi\/haku\/?q={search_term_string}\"},\"query-input\":{\"@type\":\"PropertyValueSpecification\",\"valueRequired\":true,\"valueName\":\"search_term_string\"}}],\"inLanguage\":\"fi\"},{\"@type\":\"Person\",\"@id\":\"https:\/\/suomenkuvalehti.fi\/americana\/#\/schema\/person\/12d514491cb37506bc39c8e10176c3ec\",\"name\":\"Marko Maunula\",\"image\":{\"@type\":\"ImageObject\",\"inLanguage\":\"fi\",\"@id\":\"https:\/\/suomenkuvalehti.fi\/americana\/#\/schema\/person\/image\/\",\"url\":\"https:\/\/suomenkuvalehti.fi\/americana\/wp-content\/uploads\/sites\/10\/2022\/04\/americana_maunula-150x150.jpg\",\"contentUrl\":\"https:\/\/suomenkuvalehti.fi\/americana\/wp-content\/uploads\/sites\/10\/2022\/04\/americana_maunula-150x150.jpg\",\"caption\":\"Marko Maunula\"},\"description\":\"Kirjoittaja on Yhdysvaltain historian professori Atlantassa.\"}]}<\/script>\n<!-- \/ Yoast SEO plugin. -->","yoast_head_json":{"title":"Kun agenda ajaa tieteen edelle: New York Timesin ongelmallinen 1619-projekti - Americana","robots":{"index":"noindex","follow":"follow"},"og_locale":"fi_FI","og_type":"article","og_title":"Kun agenda ajaa tieteen edelle: New York Timesin ongelmallinen 1619-projekti - Americana","og_description":"The New York Times Magazinen 1619-projekti palkittiin toukokuun alussa Pulitzerilla. Palkinto meni v\u00e4\u00e4r\u00e4\u00e4n osoitteeseen. 1619-projekti on journalistinen Iisakin kirkko. Se k\u00e4ynnistyi elokuussa 2019, kun The New York Times Magazine julkaisi numeron muis&hellip;","og_url":"https:\/\/suomenkuvalehti.fi\/americana\/kun-agenda-ajaa-tieteen-edelle-new-york-timesin-ongelmallinen-1619-projekti\/","og_site_name":"Americana","article_published_time":"2020-05-13T06:30:28+00:00","og_image":[{"width":2560,"height":1706,"url":"https:\/\/suomenkuvalehti.fi\/americana\/wp-content\/uploads\/sites\/10\/2022\/04\/americana_maunula-scaled.jpg","type":"image\/jpeg"}],"author":"Marko Maunula","twitter_card":"summary_large_image","twitter_misc":{"Written by":"Marko Maunula","Est. reading time":"2 minuuttia"},"schema":{"@context":"https:\/\/schema.org","@graph":[{"@type":"WebPage","@id":"https:\/\/suomenkuvalehti.fi\/americana\/kun-agenda-ajaa-tieteen-edelle-new-york-timesin-ongelmallinen-1619-projekti\/","url":"https:\/\/suomenkuvalehti.fi\/americana\/kun-agenda-ajaa-tieteen-edelle-new-york-timesin-ongelmallinen-1619-projekti\/","name":"Kun agenda ajaa tieteen edelle: New York Timesin ongelmallinen 1619-projekti - Americana","isPartOf":{"@id":"https:\/\/suomenkuvalehti.fi\/americana\/#website"},"datePublished":"2020-05-13T06:30:28+00:00","author":{"@id":"https:\/\/suomenkuvalehti.fi\/americana\/#\/schema\/person\/12d514491cb37506bc39c8e10176c3ec"},"breadcrumb":{"@id":"https:\/\/suomenkuvalehti.fi\/americana\/kun-agenda-ajaa-tieteen-edelle-new-york-timesin-ongelmallinen-1619-projekti\/#breadcrumb"},"inLanguage":"fi","potentialAction":[{"@type":"ReadAction","target":["https:\/\/suomenkuvalehti.fi\/americana\/kun-agenda-ajaa-tieteen-edelle-new-york-timesin-ongelmallinen-1619-projekti\/"]}]},{"@type":"BreadcrumbList","@id":"https:\/\/suomenkuvalehti.fi\/americana\/kun-agenda-ajaa-tieteen-edelle-new-york-timesin-ongelmallinen-1619-projekti\/#breadcrumb","itemListElement":[{"@type":"ListItem","position":1,"name":"Home","item":"https:\/\/suomenkuvalehti.fi\/americana\/"},{"@type":"ListItem","position":2,"name":"Kun agenda ajaa tieteen edelle: New York Timesin ongelmallinen 1619-projekti"}]},{"@type":"WebSite","@id":"https:\/\/suomenkuvalehti.fi\/americana\/#website","url":"https:\/\/suomenkuvalehti.fi\/americana\/","name":"Americana","description":"Professori Marko Maunula seuraa USA:n politiikkaa ja populaarikulttuuria","potentialAction":[{"@type":"SearchAction","target":{"@type":"EntryPoint","urlTemplate":"https:\/\/suomenkuvalehti.fi\/haku\/?q={search_term_string}"},"query-input":{"@type":"PropertyValueSpecification","valueRequired":true,"valueName":"search_term_string"}}],"inLanguage":"fi"},{"@type":"Person","@id":"https:\/\/suomenkuvalehti.fi\/americana\/#\/schema\/person\/12d514491cb37506bc39c8e10176c3ec","name":"Marko Maunula","image":{"@type":"ImageObject","inLanguage":"fi","@id":"https:\/\/suomenkuvalehti.fi\/americana\/#\/schema\/person\/image\/","url":"https:\/\/suomenkuvalehti.fi\/americana\/wp-content\/uploads\/sites\/10\/2022\/04\/americana_maunula-150x150.jpg","contentUrl":"https:\/\/suomenkuvalehti.fi\/americana\/wp-content\/uploads\/sites\/10\/2022\/04\/americana_maunula-150x150.jpg","caption":"Marko Maunula"},"description":"Kirjoittaja on Yhdysvaltain historian professori Atlantassa."}]}},"_links":{"self":[{"href":"https:\/\/suomenkuvalehti.fi\/americana\/wp-json\/wp\/v2\/posts\/4973","targetHints":{"allow":["GET"]}}],"collection":[{"href":"https:\/\/suomenkuvalehti.fi\/americana\/wp-json\/wp\/v2\/posts"}],"about":[{"href":"https:\/\/suomenkuvalehti.fi\/americana\/wp-json\/wp\/v2\/types\/post"}],"author":[{"embeddable":true,"href":"https:\/\/suomenkuvalehti.fi\/americana\/wp-json\/wp\/v2\/users\/158"}],"replies":[{"embeddable":true,"href":"https:\/\/suomenkuvalehti.fi\/americana\/wp-json\/wp\/v2\/comments?post=4973"}],"version-history":[{"count":5,"href":"https:\/\/suomenkuvalehti.fi\/americana\/wp-json\/wp\/v2\/posts\/4973\/revisions"}],"predecessor-version":[{"id":4980,"href":"https:\/\/suomenkuvalehti.fi\/americana\/wp-json\/wp\/v2\/posts\/4973\/revisions\/4980"}],"wp:attachment":[{"href":"https:\/\/suomenkuvalehti.fi\/americana\/wp-json\/wp\/v2\/media?parent=4973"}],"wp:term":[{"taxonomy":"category","embeddable":true,"href":"https:\/\/suomenkuvalehti.fi\/americana\/wp-json\/wp\/v2\/categories?post=4973"},{"taxonomy":"post_tag","embeddable":true,"href":"https:\/\/suomenkuvalehti.fi\/americana\/wp-json\/wp\/v2\/tags?post=4973"}],"curies":[{"name":"wp","href":"https:\/\/api.w.org\/{rel}","templated":true}]}}