{"id":4916,"date":"2020-04-02T09:06:00","date_gmt":"2020-04-02T06:06:00","guid":{"rendered":"https:\/\/suomenkuvalehti.fi\/americana\/?p=4916"},"modified":"2020-04-02T09:06:00","modified_gmt":"2020-04-02T06:06:00","slug":"koko-amerikan-kuvernoori-koronakriisi-nosti-andrew-cuomon-valokeilaan-ja-jopa-presidenttihuhujen-kohteeksi","status":"publish","type":"post","link":"https:\/\/suomenkuvalehti.fi\/americana\/koko-amerikan-kuvernoori-koronakriisi-nosti-andrew-cuomon-valokeilaan-ja-jopa-presidenttihuhujen-kohteeksi\/","title":{"rendered":"Koko Amerikan kuvern\u00f6\u00f6ri: koronakriisi nosti Andrew Cuomon valokeilaan ja jopa presidenttihuhujen kohteeksi"},"content":{"rendered":"\n<p><span class=\"capitalized\">Koronavirus<\/span> on j\u00e4lleen muistuttanut amerikkalaisia kuvern\u00f6\u00f6rien ja pormestarien t\u00e4rkeydest\u00e4. <a href=\"https:\/\/suomenkuvalehti.fi\/jutut\/ulkomaat\/amerikka\/hallinnon-tunarointi-laukaisi-yhdysvaltain-koronakatastrofin-nyt-tilannetta-synkentaa-maan-terveydenhuoltojarjestelma\/?shared=1121043-3230b350-999\" target=\"_blank\" rel=\"noopener\">Kun liittovaltio on<\/a> kompastellut kriisin hoidossa, kuvern\u00f6\u00f6rit ja pormestarit ovat nousseet avainasemaan taudin levi\u00e4misen vastaisessa taistelussa.<\/p>\n\n\n\n<p>Valkoisen talon reaktio virukseen on ollut <a href=\"https:\/\/www.businessinsider.com\/five-times-the-trump-administration-downplayed-the-coronavirus-2020-3\" target=\"_blank\" rel=\"noopener\">v\u00e4hint\u00e4\u00e4nkin tempoileva<\/a>. Tammi-helmikuussa presidentti <strong>Donald Trump<\/strong> vakuutti tilanteen olevan t\u00e4ysin hallinnassa, kutsuen koko tautia demokraattien \u201dhuijaukseksi\u201d ja yritykseksi vahingoittaa Trumpia poliittisesti.<\/p>\n\n\n\n<p>Kun tilanteen vakavuus on lopulta selvinnyt jopa Valkoiselle talolle, Trump on muuttanut viesti\u00e4\u00e4n. Maaliskuun lopussa h\u00e4n sanoi taudin tappavan mahdollisesti 100<span class=\"nbsp\">&nbsp;<\/span>000\u2013200<span class=\"nbsp\">&nbsp;<\/span>000 amerikkalaista.<\/p>\n\n\n\n<p>&nbsp;<\/p>\n\n\n\n<p><span class=\"capitalized\">Valkoisen<\/span> talon etsiess\u00e4 tehokasta tiedotus- ja toimintalinjaa, kuvern\u00f6\u00f6rit ja pormestarit ovat ottaneet ohjat k\u00e4siins\u00e4. Kuver\u00f6\u00f6rien puoluekanta ei ole vaikuttanut siihen, ovatko n\u00e4m\u00e4 j\u00e4\u00e4neet odottamaan Valkoisen talon toimia tai ohjastuksia.<\/p>\n\n\n\n<p>Esimerkiksi <a href=\"https:\/\/www.wsj.com\/articles\/ohio-governor-on-why-he-ordered-early-tough-coronavirus-lockdowns-11585501200\" target=\"_blank\" rel=\"noopener\">Ohion <strong>Mike DeWine<\/strong><\/a> (R), <a href=\"https:\/\/pittsburgh.cbslocal.com\/2020\/03\/30\/gov-tom-wolf-extends-stay-at-home-order-indefinitely-closes-schools-businesses-coronavirus\/\" target=\"_blank\" rel=\"noopener\">Pennsylvanian <strong>Tom Wolf<\/strong><\/a> (D), <a href=\"https:\/\/www.sfchronicle.com\/politics\/article\/California-and-coronavirus-Gavin-Newsom-will-be-15167624.php\" target=\"_blank\" rel=\"noopener\">Kalifornian <strong>Gavin Newsom<\/strong><\/a>&nbsp;(D) ja <a href=\"https:\/\/www.npr.org\/sections\/coronavirus-live-updates\/2020\/03\/31\/824587654\/maryland-gov-larry-hogan-is-still-not-satisfied-with-trump-administration-respon\" target=\"_blank\" rel=\"noopener\">Marylandin <strong>Larry Hogan<\/strong><\/a> (R) ovat ohjanneet osavaltioitaan m\u00e4\u00e4r\u00e4tietoisesti, nauttien asukkaidensa tukea ja arvostusta.<\/p>\n\n\n\n<p>Kuvern\u00f6\u00f6rien kirkkain t\u00e4hti on ollut New Yorkin osavaltion&nbsp;<strong>Andrew Cuomo<\/strong>. Suorapuheisen demokraatin kansansuosio ja kansallinen profiili ovat <a href=\"https:\/\/www.foxnews.com\/politics\/cuomos-approval-rating-surges-poll\" target=\"_blank\" rel=\"noopener\">nousseet kriisin my\u00f6t\u00e4<\/a>. Innokkaimmat petaavat Cuomosta jo mustaa hevosta demokraattien presidenttikisaan tilanteessa, jossa&nbsp;<strong>Joe Biden<\/strong> tai <strong>Bernie Sanders<\/strong> eiv\u00e4t syyst\u00e4 tai toisesta kykenisi ottamaan vastaan ehdokkuutta.<\/p>\n\n\n\n<p>&nbsp;<\/p>\n\n\n\n<p><span class=\"capitalized\">Cuomon<\/span> rooli on ollut poikkeuksellisen n\u00e4kyv\u00e4, sill\u00e4 New Yorkin metroppolialue on ollut koronaviruksen pahin keskittym\u00e4 Yhdysvalloissa. Lis\u00e4ksi New Yorkin pormestari <strong>Bill de Blasio<\/strong> on <a href=\"https:\/\/www.cityandstateny.com\/articles\/politics\/new-york-city\/all-de-blasios-covid-19-missteps.html\" target=\"_blank\" rel=\"noopener\">tyrinyt pahoin kriisinhallinnassa<\/a>, korostaen siten kuvern\u00f6\u00f6rin vastuuta l\u00e4ntisen maailman symbolisesta p\u00e4\u00e4kaupungista.<\/p>\n\n\n\n<p>Mielipidemittaukset osoittavat Cuomon suorapuheisen tyylin tehoavan newyorkilaisiin. Jopa republikaanit antavat Cuomon kriisinjohdolle aplodit, huolimatta kuvern\u00f6\u00f6rin toistuvasta kritiikist\u00e4 Trumpin kriisinhallinnalle.<\/p>\n\n\n\n<p>Cuomon asiavetoiset tiedotustilaisuudet ovat tarjonneet vastapainoa Valkoisen alon r\u00f6nsyileville ja fantasioita pursuaville kampanjatapahtumille. Trump selv\u00e4sti kaipaa massatapahtumiensa palvovia yleis\u00f6j\u00e4 ja kameroita, ja pyrkii nyt k\u00e4ytt\u00e4m\u00e4\u00e4n p\u00e4ivitt\u00e4isi\u00e4 koronavirus-briiffej\u00e4\u00e4n korvikkeena.<\/p>\n\n\n\n<p>Cuomosta on tullut koronanvastaisen taistelun kansallinen puhemies. H\u00e4nen linjansa on selke\u00e4sti vaikuttanut my\u00f6s Valkoiseen taloon, joka on joutunut tosiasioiden ja poliittisen paineen edess\u00e4 aktivoitumaan kriisin kanssa sek\u00e4 tuomaan realismia tiedottamiseensa.<\/p>\n\n\n\n<p>Kun kriisi v\u00e4istyy ja kansakunta tekee koronaviruksen tilinp\u00e4\u00e4t\u00f6ksen, Cuomon osakkeet nousevat liki varmasti. H\u00e4n on nyt kansallinen peluri ja presidenttispekulaatioiden vakikohde.<\/p>\n\n\n\n<p>&nbsp;<\/p>\n\n\n\n<p><em>Soundtrack: Frank Ocean, Swim Good.<\/em><\/p>\n\n\n<p><iframe loading=\"lazy\" width=\"472\" height=\"354\" src=\"https:\/\/www.youtube.com\/embed\/ic1nhvWBvIo?feature=oembed\" frameborder=\"0\" allow=\"accelerometer; autoplay; encrypted-media; gyroscope; picture-in-picture\" allowfullscreen><\/iframe><\/p>\n","protected":false},"excerpt":{"rendered":"<p>Cuomon asiavetoiset tiedotustilaisuudet ovat tarjonneet vastapainoa Valkoisen alon r\u00f6nsyileville ja fantasioita pursuaville kampanjatapahtumille. <\/p>\n","protected":false},"author":158,"featured_media":0,"comment_status":"open","ping_status":"open","sticky":false,"template":"","format":"standard","meta":{"_acf_changed":false,"asauth_required_access_level":3,"asauth_cansharepaid":"true","om_header_attributes":[],"footnotes":"","om_featured_image_focal_point":[],"om_primary_tag":0,"om_contributors":[],"om_co_authors":[],"beyondwords_generate_audio":"","beyondwords_project_id":"","beyondwords_content_id":"","beyondwords_preview_token":"","beyondwords_player_content":"","beyondwords_player_style":"","beyondwords_language_code":"","beyondwords_language_id":"","beyondwords_title_voice_id":"","beyondwords_body_voice_id":"","beyondwords_summary_voice_id":"","beyondwords_error_message":"","beyondwords_disabled":"","beyondwords_delete_content":"","beyondwords_podcast_id":"","beyondwords_hash":"","publish_post_to_speechkit":"","speechkit_hash":"","speechkit_generate_audio":"","speechkit_project_id":"","speechkit_podcast_id":"","speechkit_error_message":"","speechkit_disabled":"","speechkit_access_key":"","speechkit_error":"","speechkit_info":"","speechkit_response":"","speechkit_retries":"","speechkit_status":"","speechkit_updated_at":"","_speechkit_link":"","_speechkit_text":""},"categories":[1],"tags":[2194,2190,1009,118,774,1546,2195,24],"class_list":["post-4916","post","type-post","status-publish","format-standard","hentry","category-americana","tag-andrew-cuomo","tag-koronavirus","tag-kuvernoori","tag-new-york","tag-presidenttipeli","tag-suosio","tag-tiedotus","tag-yhdysvallat"],"om_views":null,"acf":{"tuuma_off":false,"tuuma_kysymys":"","tuuma_vastaus":""},"asauth":{"required_access_level":1,"share_token":"","is_paid":false},"yoast_head":"<!-- This site is optimized with the Yoast SEO plugin v26.4 - https:\/\/yoast.com\/wordpress\/plugins\/seo\/ -->\n<title>Koko Amerikan kuvern\u00f6\u00f6ri: koronakriisi nosti Andrew Cuomon valokeilaan ja jopa presidenttihuhujen kohteeksi - Americana<\/title>\n<meta name=\"description\" content=\"Cuomon asiavetoiset tiedotustilaisuudet ovat tarjonneet vastapainoa Valkoisen alon r\u00f6nsyileville ja fantasioita pursuaville kampanjatapahtumille.\" \/>\n<meta name=\"robots\" content=\"noindex, follow\" \/>\n<meta property=\"og:locale\" content=\"fi_FI\" \/>\n<meta property=\"og:type\" content=\"article\" \/>\n<meta property=\"og:title\" content=\"Koko Amerikan kuvern\u00f6\u00f6ri: koronakriisi nosti Andrew Cuomon valokeilaan ja jopa presidenttihuhujen kohteeksi - Americana\" \/>\n<meta property=\"og:description\" content=\"Cuomon asiavetoiset tiedotustilaisuudet ovat tarjonneet vastapainoa Valkoisen alon r\u00f6nsyileville ja fantasioita pursuaville kampanjatapahtumille.\" \/>\n<meta property=\"og:url\" content=\"https:\/\/suomenkuvalehti.fi\/americana\/koko-amerikan-kuvernoori-koronakriisi-nosti-andrew-cuomon-valokeilaan-ja-jopa-presidenttihuhujen-kohteeksi\/\" \/>\n<meta property=\"og:site_name\" content=\"Americana\" \/>\n<meta property=\"article:published_time\" content=\"2020-04-02T06:06:00+00:00\" \/>\n<meta property=\"og:image\" content=\"https:\/\/suomenkuvalehti.fi\/americana\/wp-content\/uploads\/sites\/10\/2022\/04\/americana_maunula-scaled.jpg\" \/>\n\t<meta property=\"og:image:width\" content=\"2560\" \/>\n\t<meta property=\"og:image:height\" content=\"1706\" \/>\n\t<meta property=\"og:image:type\" content=\"image\/jpeg\" \/>\n<meta name=\"author\" content=\"Marko Maunula\" \/>\n<meta name=\"twitter:card\" content=\"summary_large_image\" \/>\n<meta name=\"twitter:label1\" content=\"Written by\" \/>\n\t<meta name=\"twitter:data1\" content=\"Marko Maunula\" \/>\n\t<meta name=\"twitter:label2\" content=\"Est. reading time\" \/>\n\t<meta name=\"twitter:data2\" content=\"2 minuuttia\" \/>\n<script type=\"application\/ld+json\" class=\"yoast-schema-graph\">{\"@context\":\"https:\/\/schema.org\",\"@graph\":[{\"@type\":\"WebPage\",\"@id\":\"https:\/\/suomenkuvalehti.fi\/americana\/koko-amerikan-kuvernoori-koronakriisi-nosti-andrew-cuomon-valokeilaan-ja-jopa-presidenttihuhujen-kohteeksi\/\",\"url\":\"https:\/\/suomenkuvalehti.fi\/americana\/koko-amerikan-kuvernoori-koronakriisi-nosti-andrew-cuomon-valokeilaan-ja-jopa-presidenttihuhujen-kohteeksi\/\",\"name\":\"Koko Amerikan kuvern\u00f6\u00f6ri: koronakriisi nosti Andrew Cuomon valokeilaan ja jopa presidenttihuhujen kohteeksi - Americana\",\"isPartOf\":{\"@id\":\"https:\/\/suomenkuvalehti.fi\/americana\/#website\"},\"datePublished\":\"2020-04-02T06:06:00+00:00\",\"author\":{\"@id\":\"https:\/\/suomenkuvalehti.fi\/americana\/#\/schema\/person\/12d514491cb37506bc39c8e10176c3ec\"},\"description\":\"Cuomon asiavetoiset tiedotustilaisuudet ovat tarjonneet vastapainoa Valkoisen alon r\u00f6nsyileville ja fantasioita pursuaville kampanjatapahtumille.\",\"breadcrumb\":{\"@id\":\"https:\/\/suomenkuvalehti.fi\/americana\/koko-amerikan-kuvernoori-koronakriisi-nosti-andrew-cuomon-valokeilaan-ja-jopa-presidenttihuhujen-kohteeksi\/#breadcrumb\"},\"inLanguage\":\"fi\",\"potentialAction\":[{\"@type\":\"ReadAction\",\"target\":[\"https:\/\/suomenkuvalehti.fi\/americana\/koko-amerikan-kuvernoori-koronakriisi-nosti-andrew-cuomon-valokeilaan-ja-jopa-presidenttihuhujen-kohteeksi\/\"]}]},{\"@type\":\"BreadcrumbList\",\"@id\":\"https:\/\/suomenkuvalehti.fi\/americana\/koko-amerikan-kuvernoori-koronakriisi-nosti-andrew-cuomon-valokeilaan-ja-jopa-presidenttihuhujen-kohteeksi\/#breadcrumb\",\"itemListElement\":[{\"@type\":\"ListItem\",\"position\":1,\"name\":\"Home\",\"item\":\"https:\/\/suomenkuvalehti.fi\/americana\/\"},{\"@type\":\"ListItem\",\"position\":2,\"name\":\"Koko Amerikan kuvern\u00f6\u00f6ri: koronakriisi nosti Andrew Cuomon valokeilaan ja jopa presidenttihuhujen kohteeksi\"}]},{\"@type\":\"WebSite\",\"@id\":\"https:\/\/suomenkuvalehti.fi\/americana\/#website\",\"url\":\"https:\/\/suomenkuvalehti.fi\/americana\/\",\"name\":\"Americana\",\"description\":\"Professori Marko Maunula seuraa USA:n politiikkaa ja populaarikulttuuria\",\"potentialAction\":[{\"@type\":\"SearchAction\",\"target\":{\"@type\":\"EntryPoint\",\"urlTemplate\":\"https:\/\/suomenkuvalehti.fi\/haku\/?q={search_term_string}\"},\"query-input\":{\"@type\":\"PropertyValueSpecification\",\"valueRequired\":true,\"valueName\":\"search_term_string\"}}],\"inLanguage\":\"fi\"},{\"@type\":\"Person\",\"@id\":\"https:\/\/suomenkuvalehti.fi\/americana\/#\/schema\/person\/12d514491cb37506bc39c8e10176c3ec\",\"name\":\"Marko Maunula\",\"image\":{\"@type\":\"ImageObject\",\"inLanguage\":\"fi\",\"@id\":\"https:\/\/suomenkuvalehti.fi\/americana\/#\/schema\/person\/image\/\",\"url\":\"https:\/\/suomenkuvalehti.fi\/americana\/wp-content\/uploads\/sites\/10\/2022\/04\/americana_maunula-150x150.jpg\",\"contentUrl\":\"https:\/\/suomenkuvalehti.fi\/americana\/wp-content\/uploads\/sites\/10\/2022\/04\/americana_maunula-150x150.jpg\",\"caption\":\"Marko Maunula\"},\"description\":\"Kirjoittaja on Yhdysvaltain historian professori Atlantassa.\"}]}<\/script>\n<!-- \/ Yoast SEO plugin. -->","yoast_head_json":{"title":"Koko Amerikan kuvern\u00f6\u00f6ri: koronakriisi nosti Andrew Cuomon valokeilaan ja jopa presidenttihuhujen kohteeksi - Americana","description":"Cuomon asiavetoiset tiedotustilaisuudet ovat tarjonneet vastapainoa Valkoisen alon r\u00f6nsyileville ja fantasioita pursuaville kampanjatapahtumille.","robots":{"index":"noindex","follow":"follow"},"og_locale":"fi_FI","og_type":"article","og_title":"Koko Amerikan kuvern\u00f6\u00f6ri: koronakriisi nosti Andrew Cuomon valokeilaan ja jopa presidenttihuhujen kohteeksi - Americana","og_description":"Cuomon asiavetoiset tiedotustilaisuudet ovat tarjonneet vastapainoa Valkoisen alon r\u00f6nsyileville ja fantasioita pursuaville kampanjatapahtumille.","og_url":"https:\/\/suomenkuvalehti.fi\/americana\/koko-amerikan-kuvernoori-koronakriisi-nosti-andrew-cuomon-valokeilaan-ja-jopa-presidenttihuhujen-kohteeksi\/","og_site_name":"Americana","article_published_time":"2020-04-02T06:06:00+00:00","og_image":[{"width":2560,"height":1706,"url":"https:\/\/suomenkuvalehti.fi\/americana\/wp-content\/uploads\/sites\/10\/2022\/04\/americana_maunula-scaled.jpg","type":"image\/jpeg"}],"author":"Marko Maunula","twitter_card":"summary_large_image","twitter_misc":{"Written by":"Marko Maunula","Est. reading time":"2 minuuttia"},"schema":{"@context":"https:\/\/schema.org","@graph":[{"@type":"WebPage","@id":"https:\/\/suomenkuvalehti.fi\/americana\/koko-amerikan-kuvernoori-koronakriisi-nosti-andrew-cuomon-valokeilaan-ja-jopa-presidenttihuhujen-kohteeksi\/","url":"https:\/\/suomenkuvalehti.fi\/americana\/koko-amerikan-kuvernoori-koronakriisi-nosti-andrew-cuomon-valokeilaan-ja-jopa-presidenttihuhujen-kohteeksi\/","name":"Koko Amerikan kuvern\u00f6\u00f6ri: koronakriisi nosti Andrew Cuomon valokeilaan ja jopa presidenttihuhujen kohteeksi - Americana","isPartOf":{"@id":"https:\/\/suomenkuvalehti.fi\/americana\/#website"},"datePublished":"2020-04-02T06:06:00+00:00","author":{"@id":"https:\/\/suomenkuvalehti.fi\/americana\/#\/schema\/person\/12d514491cb37506bc39c8e10176c3ec"},"description":"Cuomon asiavetoiset tiedotustilaisuudet ovat tarjonneet vastapainoa Valkoisen alon r\u00f6nsyileville ja fantasioita pursuaville kampanjatapahtumille.","breadcrumb":{"@id":"https:\/\/suomenkuvalehti.fi\/americana\/koko-amerikan-kuvernoori-koronakriisi-nosti-andrew-cuomon-valokeilaan-ja-jopa-presidenttihuhujen-kohteeksi\/#breadcrumb"},"inLanguage":"fi","potentialAction":[{"@type":"ReadAction","target":["https:\/\/suomenkuvalehti.fi\/americana\/koko-amerikan-kuvernoori-koronakriisi-nosti-andrew-cuomon-valokeilaan-ja-jopa-presidenttihuhujen-kohteeksi\/"]}]},{"@type":"BreadcrumbList","@id":"https:\/\/suomenkuvalehti.fi\/americana\/koko-amerikan-kuvernoori-koronakriisi-nosti-andrew-cuomon-valokeilaan-ja-jopa-presidenttihuhujen-kohteeksi\/#breadcrumb","itemListElement":[{"@type":"ListItem","position":1,"name":"Home","item":"https:\/\/suomenkuvalehti.fi\/americana\/"},{"@type":"ListItem","position":2,"name":"Koko Amerikan kuvern\u00f6\u00f6ri: koronakriisi nosti Andrew Cuomon valokeilaan ja jopa presidenttihuhujen kohteeksi"}]},{"@type":"WebSite","@id":"https:\/\/suomenkuvalehti.fi\/americana\/#website","url":"https:\/\/suomenkuvalehti.fi\/americana\/","name":"Americana","description":"Professori Marko Maunula seuraa USA:n politiikkaa ja populaarikulttuuria","potentialAction":[{"@type":"SearchAction","target":{"@type":"EntryPoint","urlTemplate":"https:\/\/suomenkuvalehti.fi\/haku\/?q={search_term_string}"},"query-input":{"@type":"PropertyValueSpecification","valueRequired":true,"valueName":"search_term_string"}}],"inLanguage":"fi"},{"@type":"Person","@id":"https:\/\/suomenkuvalehti.fi\/americana\/#\/schema\/person\/12d514491cb37506bc39c8e10176c3ec","name":"Marko Maunula","image":{"@type":"ImageObject","inLanguage":"fi","@id":"https:\/\/suomenkuvalehti.fi\/americana\/#\/schema\/person\/image\/","url":"https:\/\/suomenkuvalehti.fi\/americana\/wp-content\/uploads\/sites\/10\/2022\/04\/americana_maunula-150x150.jpg","contentUrl":"https:\/\/suomenkuvalehti.fi\/americana\/wp-content\/uploads\/sites\/10\/2022\/04\/americana_maunula-150x150.jpg","caption":"Marko Maunula"},"description":"Kirjoittaja on Yhdysvaltain historian professori Atlantassa."}]}},"_links":{"self":[{"href":"https:\/\/suomenkuvalehti.fi\/americana\/wp-json\/wp\/v2\/posts\/4916","targetHints":{"allow":["GET"]}}],"collection":[{"href":"https:\/\/suomenkuvalehti.fi\/americana\/wp-json\/wp\/v2\/posts"}],"about":[{"href":"https:\/\/suomenkuvalehti.fi\/americana\/wp-json\/wp\/v2\/types\/post"}],"author":[{"embeddable":true,"href":"https:\/\/suomenkuvalehti.fi\/americana\/wp-json\/wp\/v2\/users\/158"}],"replies":[{"embeddable":true,"href":"https:\/\/suomenkuvalehti.fi\/americana\/wp-json\/wp\/v2\/comments?post=4916"}],"version-history":[{"count":5,"href":"https:\/\/suomenkuvalehti.fi\/americana\/wp-json\/wp\/v2\/posts\/4916\/revisions"}],"predecessor-version":[{"id":4923,"href":"https:\/\/suomenkuvalehti.fi\/americana\/wp-json\/wp\/v2\/posts\/4916\/revisions\/4923"}],"wp:attachment":[{"href":"https:\/\/suomenkuvalehti.fi\/americana\/wp-json\/wp\/v2\/media?parent=4916"}],"wp:term":[{"taxonomy":"category","embeddable":true,"href":"https:\/\/suomenkuvalehti.fi\/americana\/wp-json\/wp\/v2\/categories?post=4916"},{"taxonomy":"post_tag","embeddable":true,"href":"https:\/\/suomenkuvalehti.fi\/americana\/wp-json\/wp\/v2\/tags?post=4916"}],"curies":[{"name":"wp","href":"https:\/\/api.w.org\/{rel}","templated":true}]}}