{"id":4871,"date":"2020-03-04T08:29:59","date_gmt":"2020-03-04T06:29:59","guid":{"rendered":"https:\/\/suomenkuvalehti.fi\/americana\/?p=4871"},"modified":"2020-03-04T09:13:46","modified_gmt":"2020-03-04T07:13:46","slug":"bidenin-paluu-supertiistai-naytti-etta-nelja-paivaa-on-pitka-aika-amerikkalaisessa-politiikassa","status":"publish","type":"post","link":"https:\/\/suomenkuvalehti.fi\/americana\/bidenin-paluu-supertiistai-naytti-etta-nelja-paivaa-on-pitka-aika-amerikkalaisessa-politiikassa\/","title":{"rendered":"Bidenin paluu: Supertiistai n\u00e4ytti, ett\u00e4 nelj\u00e4 p\u00e4iv\u00e4\u00e4 on pitk\u00e4 aika amerikkalaisessa politiikassa"},"content":{"rendered":"\n<p><span class=\"capitalized\">Ennen<\/span> lauantaita <strong>Joe Biden<\/strong> n\u00e4ytti haavoittuvalta. H\u00e4n ei ollut voittanut yht\u00e4\u00e4n esivaalia el\u00e4m\u00e4ns\u00e4 aikana. Iowa, New Hampshire ja Nevada meniv\u00e4t pahasti alle Bidenin joukkueen odotusten.<\/p>\n\n\n\n<p>Kun <strong>Jim Clyburn,<\/strong> Etel\u00e4-Carolinan vaikutusvaltaisin demokraatti ja er\u00e4s kongressin johtohahmoja, ilmoitti tukevansa Bidenia, sadattuhannet aidalla istuneet afroamerikkalaiset \u00e4\u00e4nest\u00e4j\u00e4t siirtyiv\u00e4t vankasti Bidenin leiriin \u2013 ei pelk\u00e4st\u00e4\u00e4n Etel\u00e4-Carolinassa, mutta ymp\u00e4ri Yhdysvaltojen etel\u00e4osavaltioita.<\/p>\n\n\n\n<p>Biden marssi murskavoittoon Etel\u00e4-Carolinassa. Ep\u00e4onnistumiset osavaltiossa pakottivat <strong>Pete Buttigiegin<\/strong> ja <strong>Amy Klobucharin<\/strong> luopumaan kampanjoistaan. He ilmoittivat tukevansa Bidenia, ja maltillisten \u00e4\u00e4net meniv\u00e4t supertiistaina ex-varapresidentille.<\/p>\n\n\n\n<p>&nbsp;<\/p>\n\n\n\n<p><span class=\"capitalized\">Bidenin<\/span> comeback on pinnalta katsottuna yll\u00e4tys. H\u00e4n ei ole koskaan ollut kovin hyv\u00e4 kampanjoija, ja v\u00e4ittelyiss\u00e4 h\u00e4n on suorastaan surkea. Bidenin kampanjakoneisto ja vaalikassa kalpenevat <strong>Bernie Sandersin<\/strong> ja <strong>Elizabeth Warrenin<\/strong> resurssien rinnalla.<\/p>\n\n\n\n<p>Huolellisemmassa tarkastelussa Bidenin menestys Etel\u00e4-Carolinassa sek\u00e4 useimmissa supertiistain osavaltioissa osoittavat demokraattisen puolueen maltillisen siiven merkityksen, afroamerikkalaisten esivaali\u00e4\u00e4nest\u00e4jien voiman, sek\u00e4 demokraattien pakottavan halun l\u00f6yt\u00e4\u00e4 pidett\u00e4v\u00e4 ja kansan yhdist\u00e4v\u00e4 ehdokas, joka voi voittaa <strong>Donald Trumpin<\/strong>.<\/p>\n\n\n\n<p>&nbsp;<\/p>\n\n\n\n<p><span class=\"capitalized\">Iowa<\/span>, New Hampshire ja Nevada eiv\u00e4t tarjoa edustavaa otosta tyypillisest\u00e4 demokraattien \u00e4\u00e4nest\u00e4j\u00e4st\u00e4.<\/p>\n\n\n\n<p>Iowa ja Nevada k\u00e4ytt\u00e4v\u00e4t vaalikokousmetodia (caucus). Se suosii omistautuneita aktivisteja, jotka ovat valmiita k\u00e4ytt\u00e4m\u00e4\u00e4n ison osan p\u00e4iv\u00e4st\u00e4\u00e4n joukkotapaamiseen. New Hampshire on Yhdysvaltojen homogeenisimpi\u00e4 ja valkoisimpia osavaltioita, jonka v\u00e4est\u00f6 ei edusta demokraattisen puolueen tyypillist\u00e4 \u00e4\u00e4nest\u00e4j\u00e4kuntaa.<\/p>\n\n\n\n<p>Supertiistaina Biden menestyi erityisesti etel\u00e4valtioissa, joiden iso afroamerikkalainen demokraattinen \u00e4\u00e4nest\u00e4j\u00e4kunta saapui uurnille tukemaan <strong>Barack Obaman<\/strong> entist\u00e4 varapresidentti\u00e4. Varsinkin i\u00e4kk\u00e4\u00e4mm\u00e4t afroamerikkalaiset \u00e4\u00e4nest\u00e4j\u00e4t ovat my\u00f6s useimmiten maltillisten demokraattien leiriss\u00e4.<\/p>\n\n\n\n<p>Biden on my\u00f6s pidett\u00e4v\u00e4 ehdokas. H\u00e4n takeltelee sanoissaan ja h\u00e4nen k\u00e4yt\u00f6ksens\u00e4 paikoitellen paljastaa h\u00e4nen ik\u00e4ns\u00e4. Biden ei ole koskaan ollut korkealentoinen puhuja, ja mies satunnaisesti j\u00e4\u00e4 kiinni totuutta v\u00e4ritt\u00e4vist\u00e4 tarinoinnista.<\/p>\n\n\n\n<p>Puutteistaan huolimatta Biden vetoaa miljooniin demokraatteihin. Verrattuna hymytt\u00f6m\u00e4\u00e4n ja jatkuvassa hy\u00f6kk\u00e4ysmoodissa toimivaan Sandersiin, Bidenin halu etsi\u00e4 yhteist\u00e4 s\u00e4velt\u00e4 eri poliittisten leirien kanssa vetoaa maltillisiin demokraatteihin.<\/p>\n\n\n\n<p>He uskovat edelleen, ett\u00e4 vuoden 2020 vaalit ratkaistaan poliittisessa keskustassa, l\u00e4hi\u00f6iden liikkuvien \u00e4\u00e4nest\u00e4jien parissa.<\/p>\n\n\n\n<p>&nbsp;<\/p>\n\n\n\n<p><span class=\"capitalized\">Supertiistai<\/span> osoittaa demokraattien esivaalin olevan nyt kahden kauppa. Kaikki amerikkalaista politiikkaa puolella silm\u00e4ll\u00e4kin seuraavat osasivat ennustaa, ett\u00e4 esivaalien loppuv\u00e4\u00e4nt\u00f6 k\u00e4yd\u00e4\u00e4n puolueen vasemmiston ja sen maltillisen siiven ehdokkaiden v\u00e4lill\u00e4.<\/p>\n\n\n\n<p><strong>Mike Bloombergin<\/strong> miljoonat eiv\u00e4t taanneet h\u00e4nelle menestyst\u00e4. Loppusuoran ehdokkaat ovat nyt Bernie Sanders ja Joe Biden. Ilman skandaalia, yll\u00e4tt\u00e4v\u00e4\u00e4 sairastumista tai muuta force majeure \u2013luokan mullistusta, demokraattien esivaalit kisataan 78-vuotiaan Sandersin ja 77-vuotiaan Bidenin v\u00e4lill\u00e4.<\/p>\n\n\n\n<p>&nbsp;<\/p>\n\n\n\n<p><em>Soundtrack: Pointer Sisters, What a Surprise.<\/em><\/p>\n\n\n<p><iframe loading=\"lazy\" width=\"630\" height=\"354\" src=\"https:\/\/www.youtube.com\/embed\/hF4S1e9VYXg?feature=oembed\" frameborder=\"0\" allow=\"accelerometer; autoplay; encrypted-media; gyroscope; picture-in-picture\" allowfullscreen><\/iframe><\/p>\n","protected":false},"excerpt":{"rendered":"<p>Ennen lauantaita Joe Biden n\u00e4ytti haavoittuvalta. H\u00e4n ei ollut voittanut yht\u00e4\u00e4n esivaalia el\u00e4m\u00e4ns\u00e4 aikana. Iowa, New Hampshire ja Nevada meniv\u00e4t pahasti alle Bidenin joukkueen odotusten. Kun Jim Clyburn, Etel\u00e4-Carolinan<br \/>\nvaikutus&hellip;<\/p>\n","protected":false},"author":158,"featured_media":0,"comment_status":"open","ping_status":"open","sticky":false,"template":"","format":"standard","meta":{"_acf_changed":false,"asauth_required_access_level":3,"asauth_cansharepaid":"true","om_header_attributes":[],"footnotes":"","om_featured_image_focal_point":[],"om_primary_tag":0,"om_contributors":[],"om_co_authors":[],"beyondwords_generate_audio":"","beyondwords_project_id":"","beyondwords_content_id":"","beyondwords_preview_token":"","beyondwords_player_content":"","beyondwords_player_style":"","beyondwords_language_code":"","beyondwords_language_id":"","beyondwords_title_voice_id":"","beyondwords_body_voice_id":"","beyondwords_summary_voice_id":"","beyondwords_error_message":"","beyondwords_disabled":"","beyondwords_delete_content":"","beyondwords_podcast_id":"","beyondwords_hash":"","publish_post_to_speechkit":"","speechkit_hash":"","speechkit_generate_audio":"","speechkit_project_id":"","speechkit_podcast_id":"","speechkit_error_message":"","speechkit_disabled":"","speechkit_access_key":"","speechkit_error":"","speechkit_info":"","speechkit_response":"","speechkit_retries":"","speechkit_status":"","speechkit_updated_at":"","_speechkit_link":"","_speechkit_text":""},"categories":[1],"tags":[1276,31,648,350,661,24],"class_list":["post-4871","post","type-post","status-publish","format-standard","hentry","category-americana","tag-bernie-sanders","tag-demokraatit","tag-esivaalit","tag-joe-biden","tag-supertiistai","tag-yhdysvallat"],"om_views":null,"acf":{"tuuma_off":false,"tuuma_kysymys":"","tuuma_vastaus":""},"asauth":{"required_access_level":1,"share_token":"","is_paid":false},"yoast_head":"<!-- This site is optimized with the Yoast SEO plugin v26.4 - https:\/\/yoast.com\/wordpress\/plugins\/seo\/ -->\n<title>Bidenin paluu: Supertiistai n\u00e4ytti, ett\u00e4 nelj\u00e4 p\u00e4iv\u00e4\u00e4 on pitk\u00e4 aika amerikkalaisessa politiikassa - Americana<\/title>\n<meta name=\"robots\" content=\"noindex, follow\" \/>\n<meta property=\"og:locale\" content=\"fi_FI\" \/>\n<meta property=\"og:type\" content=\"article\" \/>\n<meta property=\"og:title\" content=\"Bidenin paluu: Supertiistai n\u00e4ytti, ett\u00e4 nelj\u00e4 p\u00e4iv\u00e4\u00e4 on pitk\u00e4 aika amerikkalaisessa politiikassa - Americana\" \/>\n<meta property=\"og:description\" content=\"Ennen lauantaita Joe Biden n\u00e4ytti haavoittuvalta. H\u00e4n ei ollut voittanut yht\u00e4\u00e4n esivaalia el\u00e4m\u00e4ns\u00e4 aikana. Iowa, New Hampshire ja Nevada meniv\u00e4t pahasti alle Bidenin joukkueen odotusten. Kun Jim Clyburn, Etel\u00e4-Carolinan vaikutus&hellip;\" \/>\n<meta property=\"og:url\" content=\"https:\/\/suomenkuvalehti.fi\/americana\/bidenin-paluu-supertiistai-naytti-etta-nelja-paivaa-on-pitka-aika-amerikkalaisessa-politiikassa\/\" \/>\n<meta property=\"og:site_name\" content=\"Americana\" \/>\n<meta property=\"article:published_time\" content=\"2020-03-04T06:29:59+00:00\" \/>\n<meta property=\"article:modified_time\" content=\"2020-03-04T07:13:46+00:00\" \/>\n<meta property=\"og:image\" content=\"https:\/\/suomenkuvalehti.fi\/americana\/wp-content\/uploads\/sites\/10\/2022\/04\/americana_maunula-scaled.jpg\" \/>\n\t<meta property=\"og:image:width\" content=\"2560\" \/>\n\t<meta property=\"og:image:height\" content=\"1706\" \/>\n\t<meta property=\"og:image:type\" content=\"image\/jpeg\" \/>\n<meta name=\"author\" content=\"Marko Maunula\" \/>\n<meta name=\"twitter:card\" content=\"summary_large_image\" \/>\n<meta name=\"twitter:label1\" content=\"Written by\" \/>\n\t<meta name=\"twitter:data1\" content=\"Marko Maunula\" \/>\n\t<meta name=\"twitter:label2\" content=\"Est. reading time\" \/>\n\t<meta name=\"twitter:data2\" content=\"2 minuuttia\" \/>\n<script type=\"application\/ld+json\" class=\"yoast-schema-graph\">{\"@context\":\"https:\/\/schema.org\",\"@graph\":[{\"@type\":\"WebPage\",\"@id\":\"https:\/\/suomenkuvalehti.fi\/americana\/bidenin-paluu-supertiistai-naytti-etta-nelja-paivaa-on-pitka-aika-amerikkalaisessa-politiikassa\/\",\"url\":\"https:\/\/suomenkuvalehti.fi\/americana\/bidenin-paluu-supertiistai-naytti-etta-nelja-paivaa-on-pitka-aika-amerikkalaisessa-politiikassa\/\",\"name\":\"Bidenin paluu: Supertiistai n\u00e4ytti, ett\u00e4 nelj\u00e4 p\u00e4iv\u00e4\u00e4 on pitk\u00e4 aika amerikkalaisessa politiikassa - Americana\",\"isPartOf\":{\"@id\":\"https:\/\/suomenkuvalehti.fi\/americana\/#website\"},\"datePublished\":\"2020-03-04T06:29:59+00:00\",\"dateModified\":\"2020-03-04T07:13:46+00:00\",\"author\":{\"@id\":\"https:\/\/suomenkuvalehti.fi\/americana\/#\/schema\/person\/12d514491cb37506bc39c8e10176c3ec\"},\"breadcrumb\":{\"@id\":\"https:\/\/suomenkuvalehti.fi\/americana\/bidenin-paluu-supertiistai-naytti-etta-nelja-paivaa-on-pitka-aika-amerikkalaisessa-politiikassa\/#breadcrumb\"},\"inLanguage\":\"fi\",\"potentialAction\":[{\"@type\":\"ReadAction\",\"target\":[\"https:\/\/suomenkuvalehti.fi\/americana\/bidenin-paluu-supertiistai-naytti-etta-nelja-paivaa-on-pitka-aika-amerikkalaisessa-politiikassa\/\"]}]},{\"@type\":\"BreadcrumbList\",\"@id\":\"https:\/\/suomenkuvalehti.fi\/americana\/bidenin-paluu-supertiistai-naytti-etta-nelja-paivaa-on-pitka-aika-amerikkalaisessa-politiikassa\/#breadcrumb\",\"itemListElement\":[{\"@type\":\"ListItem\",\"position\":1,\"name\":\"Home\",\"item\":\"https:\/\/suomenkuvalehti.fi\/americana\/\"},{\"@type\":\"ListItem\",\"position\":2,\"name\":\"Bidenin paluu: Supertiistai n\u00e4ytti, ett\u00e4 nelj\u00e4 p\u00e4iv\u00e4\u00e4 on pitk\u00e4 aika amerikkalaisessa politiikassa\"}]},{\"@type\":\"WebSite\",\"@id\":\"https:\/\/suomenkuvalehti.fi\/americana\/#website\",\"url\":\"https:\/\/suomenkuvalehti.fi\/americana\/\",\"name\":\"Americana\",\"description\":\"Professori Marko Maunula seuraa USA:n politiikkaa ja populaarikulttuuria\",\"potentialAction\":[{\"@type\":\"SearchAction\",\"target\":{\"@type\":\"EntryPoint\",\"urlTemplate\":\"https:\/\/suomenkuvalehti.fi\/haku\/?q={search_term_string}\"},\"query-input\":{\"@type\":\"PropertyValueSpecification\",\"valueRequired\":true,\"valueName\":\"search_term_string\"}}],\"inLanguage\":\"fi\"},{\"@type\":\"Person\",\"@id\":\"https:\/\/suomenkuvalehti.fi\/americana\/#\/schema\/person\/12d514491cb37506bc39c8e10176c3ec\",\"name\":\"Marko Maunula\",\"image\":{\"@type\":\"ImageObject\",\"inLanguage\":\"fi\",\"@id\":\"https:\/\/suomenkuvalehti.fi\/americana\/#\/schema\/person\/image\/\",\"url\":\"https:\/\/suomenkuvalehti.fi\/americana\/wp-content\/uploads\/sites\/10\/2022\/04\/americana_maunula-150x150.jpg\",\"contentUrl\":\"https:\/\/suomenkuvalehti.fi\/americana\/wp-content\/uploads\/sites\/10\/2022\/04\/americana_maunula-150x150.jpg\",\"caption\":\"Marko Maunula\"},\"description\":\"Kirjoittaja on Yhdysvaltain historian professori Atlantassa.\"}]}<\/script>\n<!-- \/ Yoast SEO plugin. -->","yoast_head_json":{"title":"Bidenin paluu: Supertiistai n\u00e4ytti, ett\u00e4 nelj\u00e4 p\u00e4iv\u00e4\u00e4 on pitk\u00e4 aika amerikkalaisessa politiikassa - Americana","robots":{"index":"noindex","follow":"follow"},"og_locale":"fi_FI","og_type":"article","og_title":"Bidenin paluu: Supertiistai n\u00e4ytti, ett\u00e4 nelj\u00e4 p\u00e4iv\u00e4\u00e4 on pitk\u00e4 aika amerikkalaisessa politiikassa - Americana","og_description":"Ennen lauantaita Joe Biden n\u00e4ytti haavoittuvalta. H\u00e4n ei ollut voittanut yht\u00e4\u00e4n esivaalia el\u00e4m\u00e4ns\u00e4 aikana. Iowa, New Hampshire ja Nevada meniv\u00e4t pahasti alle Bidenin joukkueen odotusten. Kun Jim Clyburn, Etel\u00e4-Carolinan vaikutus&hellip;","og_url":"https:\/\/suomenkuvalehti.fi\/americana\/bidenin-paluu-supertiistai-naytti-etta-nelja-paivaa-on-pitka-aika-amerikkalaisessa-politiikassa\/","og_site_name":"Americana","article_published_time":"2020-03-04T06:29:59+00:00","article_modified_time":"2020-03-04T07:13:46+00:00","og_image":[{"width":2560,"height":1706,"url":"https:\/\/suomenkuvalehti.fi\/americana\/wp-content\/uploads\/sites\/10\/2022\/04\/americana_maunula-scaled.jpg","type":"image\/jpeg"}],"author":"Marko Maunula","twitter_card":"summary_large_image","twitter_misc":{"Written by":"Marko Maunula","Est. reading time":"2 minuuttia"},"schema":{"@context":"https:\/\/schema.org","@graph":[{"@type":"WebPage","@id":"https:\/\/suomenkuvalehti.fi\/americana\/bidenin-paluu-supertiistai-naytti-etta-nelja-paivaa-on-pitka-aika-amerikkalaisessa-politiikassa\/","url":"https:\/\/suomenkuvalehti.fi\/americana\/bidenin-paluu-supertiistai-naytti-etta-nelja-paivaa-on-pitka-aika-amerikkalaisessa-politiikassa\/","name":"Bidenin paluu: Supertiistai n\u00e4ytti, ett\u00e4 nelj\u00e4 p\u00e4iv\u00e4\u00e4 on pitk\u00e4 aika amerikkalaisessa politiikassa - Americana","isPartOf":{"@id":"https:\/\/suomenkuvalehti.fi\/americana\/#website"},"datePublished":"2020-03-04T06:29:59+00:00","dateModified":"2020-03-04T07:13:46+00:00","author":{"@id":"https:\/\/suomenkuvalehti.fi\/americana\/#\/schema\/person\/12d514491cb37506bc39c8e10176c3ec"},"breadcrumb":{"@id":"https:\/\/suomenkuvalehti.fi\/americana\/bidenin-paluu-supertiistai-naytti-etta-nelja-paivaa-on-pitka-aika-amerikkalaisessa-politiikassa\/#breadcrumb"},"inLanguage":"fi","potentialAction":[{"@type":"ReadAction","target":["https:\/\/suomenkuvalehti.fi\/americana\/bidenin-paluu-supertiistai-naytti-etta-nelja-paivaa-on-pitka-aika-amerikkalaisessa-politiikassa\/"]}]},{"@type":"BreadcrumbList","@id":"https:\/\/suomenkuvalehti.fi\/americana\/bidenin-paluu-supertiistai-naytti-etta-nelja-paivaa-on-pitka-aika-amerikkalaisessa-politiikassa\/#breadcrumb","itemListElement":[{"@type":"ListItem","position":1,"name":"Home","item":"https:\/\/suomenkuvalehti.fi\/americana\/"},{"@type":"ListItem","position":2,"name":"Bidenin paluu: Supertiistai n\u00e4ytti, ett\u00e4 nelj\u00e4 p\u00e4iv\u00e4\u00e4 on pitk\u00e4 aika amerikkalaisessa politiikassa"}]},{"@type":"WebSite","@id":"https:\/\/suomenkuvalehti.fi\/americana\/#website","url":"https:\/\/suomenkuvalehti.fi\/americana\/","name":"Americana","description":"Professori Marko Maunula seuraa USA:n politiikkaa ja populaarikulttuuria","potentialAction":[{"@type":"SearchAction","target":{"@type":"EntryPoint","urlTemplate":"https:\/\/suomenkuvalehti.fi\/haku\/?q={search_term_string}"},"query-input":{"@type":"PropertyValueSpecification","valueRequired":true,"valueName":"search_term_string"}}],"inLanguage":"fi"},{"@type":"Person","@id":"https:\/\/suomenkuvalehti.fi\/americana\/#\/schema\/person\/12d514491cb37506bc39c8e10176c3ec","name":"Marko Maunula","image":{"@type":"ImageObject","inLanguage":"fi","@id":"https:\/\/suomenkuvalehti.fi\/americana\/#\/schema\/person\/image\/","url":"https:\/\/suomenkuvalehti.fi\/americana\/wp-content\/uploads\/sites\/10\/2022\/04\/americana_maunula-150x150.jpg","contentUrl":"https:\/\/suomenkuvalehti.fi\/americana\/wp-content\/uploads\/sites\/10\/2022\/04\/americana_maunula-150x150.jpg","caption":"Marko Maunula"},"description":"Kirjoittaja on Yhdysvaltain historian professori Atlantassa."}]}},"_links":{"self":[{"href":"https:\/\/suomenkuvalehti.fi\/americana\/wp-json\/wp\/v2\/posts\/4871","targetHints":{"allow":["GET"]}}],"collection":[{"href":"https:\/\/suomenkuvalehti.fi\/americana\/wp-json\/wp\/v2\/posts"}],"about":[{"href":"https:\/\/suomenkuvalehti.fi\/americana\/wp-json\/wp\/v2\/types\/post"}],"author":[{"embeddable":true,"href":"https:\/\/suomenkuvalehti.fi\/americana\/wp-json\/wp\/v2\/users\/158"}],"replies":[{"embeddable":true,"href":"https:\/\/suomenkuvalehti.fi\/americana\/wp-json\/wp\/v2\/comments?post=4871"}],"version-history":[{"count":4,"href":"https:\/\/suomenkuvalehti.fi\/americana\/wp-json\/wp\/v2\/posts\/4871\/revisions"}],"predecessor-version":[{"id":4876,"href":"https:\/\/suomenkuvalehti.fi\/americana\/wp-json\/wp\/v2\/posts\/4871\/revisions\/4876"}],"wp:attachment":[{"href":"https:\/\/suomenkuvalehti.fi\/americana\/wp-json\/wp\/v2\/media?parent=4871"}],"wp:term":[{"taxonomy":"category","embeddable":true,"href":"https:\/\/suomenkuvalehti.fi\/americana\/wp-json\/wp\/v2\/categories?post=4871"},{"taxonomy":"post_tag","embeddable":true,"href":"https:\/\/suomenkuvalehti.fi\/americana\/wp-json\/wp\/v2\/tags?post=4871"}],"curies":[{"name":"wp","href":"https:\/\/api.w.org\/{rel}","templated":true}]}}