{"id":487,"date":"2011-01-08T21:57:39","date_gmt":"2011-01-08T19:57:39","guid":{"rendered":"https:\/\/suomenkuvalehti.fi\/americana\/poliittisen-nykykulttuurin-vaaroista\/"},"modified":"2013-11-30T16:22:31","modified_gmt":"2013-11-30T14:22:31","slug":"poliittisen-nykykulttuurin-vaaroista","status":"publish","type":"post","link":"https:\/\/suomenkuvalehti.fi\/americana\/poliittisen-nykykulttuurin-vaaroista\/","title":{"rendered":"Poliittisen nykykulttuurin vaaroista"},"content":{"rendered":"\n<p>Joukkomurhaaja avasi tulen kongressiedustaja <strong>Gabrielle Giffordsin<\/strong> (D-Arizona) \u00e4\u00e4nest\u00e4j\u00e4tapaamisessa. <a href=\"http:\/\/www.cnn.com\/2011\/CRIME\/01\/08\/arizona.shooting\/index.html?hpt=T1&amp;iref=BN1\">T\u00e4m\u00e4nhetkisten tietojen mukaan<\/a> 18 ammutusta henkil\u00f6st\u00e4 viisi on kuollut, ja Giffords taistelee hengest\u00e4\u00e4n sairaalassa.<\/p>\n\n\n\n<p>Silminn\u00e4kij\u00e4havaintojen mukaan ampuja oli kaksi-kolmikymppinen valkoinen mies, joka ampui Giffordsia l\u00e4hiet\u00e4isyydelt\u00e4 p\u00e4\u00e4h\u00e4n ja avasi sitten tulen yleis\u00f6\u00f6n.<\/p>\n\n\n\n<p>Ampuja on ilmeisesti pid\u00e4tetty, eik\u00e4 h\u00e4nen motiiveistaan ole toistaiseksi mit\u00e4\u00e4n tietoa. Emme tied\u00e4 josko t\u00e4m\u00e4 h\u00e4iriintynyt yksil\u00f6 oli poliittisesti aktiivinen, enk\u00e4 halua spekuloida mill\u00e4\u00e4n muotoa h\u00e4nen &#8221;motiiveistaan,&#8221; mutta laajemmalla, yleisell\u00e4 tasolla en ole yll\u00e4ttynyt demokraattien vastaisesta v\u00e4kivallasta.<\/p>\n\n\n\n<p>Modernin oikeistolaisen liikkeen \u00e4\u00e4rimm\u00e4isiss\u00e4 hihhuli-marginaaleissa el\u00e4\u00e4 irrationaalinen, raivokas, ja paikoitellen jopa v\u00e4kivaltainen viha liberaaleja kohtaan,&nbsp;jota jotkut edesvastuuttomimmat republikaanit paikoitellen yritt\u00e4v\u00e4t hy\u00f6dynt\u00e4\u00e4.<\/p>\n\n\n\n<p>Viime kongressivaalien aikaan <strong>Sharron Angle<\/strong>, Nevadan republikaanien senaattoriehdokas, jupisi pelottavan pahaenteisi\u00e4 lausuntoja <a href=\"http:\/\/voices.washingtonpost.com\/plum-line\/2010\/06\/sharron_angle_floated_possibil.html\">v\u00e4kivaltaisen vallankumouksen tarpeesta<\/a>. <strong>Sarah Palin<\/strong> puolestaan kehoitti puskemaan demokraatit pois kongressista n\u00e4in hienovaraisella julisteella:<\/p>\n\n\n\n<img loading=\"lazy\" decoding=\"async\" src=\"http:\/\/big.assets.huffingtonpost.com\/sarahpac_0.jpg\" alt width=\"442\" height=\"720\">\n\n\n\n<p>Monien oikeistolaisten raivoajien (<strong>Glenn Beck<\/strong>, <strong>Rush Limbaugh<\/strong>, jne.) radio-ohjelmat, sek\u00e4 niihin soittavat hihhulit, ovat suorastaan pelottavia. Useimmille liberaalien solvaaminen on vain oikeistolainen versio vanhojen kommunistien silmitt\u00f6m\u00e4st\u00e4 porvari-vihasta, mutta raivon politiikan ilmapiiri ja -kulttuuri satunnaisesti puskevat aikaisemmin <a href=\"http:\/\/www.foxnews.com\/story\/0,2933,392081,00.html\">tasapainottomia yksil\u00f6it\u00e4 jopa suoraan v\u00e4kivaltaan<\/a>.<\/p>\n\n\n\n<p>Teekutsujen ja jopa viel\u00e4 radikaalimpien liikkeiden energia on kiistatonta, ja jotkut republikaanit tuntevat kiusausta sen hy\u00f6dynt\u00e4miseksi. Silti, tulen kanssa leikkiminen on vaarallista.<\/p>\n\n\n\n<p>Jossain v\u00e4liss\u00e4 republikaanisen puolueen tasap\u00e4isen, \u00e4lykk\u00e4\u00e4n, sek\u00e4 eettisen enemmist\u00f6n on pakko vet\u00e4\u00e4 selke\u00e4 ero pahimpiin hihhuleihin. Sit\u00e4 vaativat sek\u00e4 republikaanisen puolueen oma etu, poliittisen keskustelun taso, amerikkalaisen yhteiskunnan ilmapiiri, ett\u00e4 eettiset perusarvot.<\/p>\n\n\n\n<p><em>Soundtrack: Thomas Jeffersonin <a href=\"http:\/\/www.bartleby.com\/124\/pres16.html\">virkaanastujaispuhe<\/a>.<\/em><\/p>\n\n\n\n<p>PS. Ensimm\u00e4isten, toistaiseksi vahvistamattomien tietojen mukaan ampuja oli ainakin osittain poliittisesti motivoitunut. Pist\u00e4n lis\u00e4tietoja tulemaan vahvistusten my\u00f6t\u00e4.<\/p>\n\n\n\n<p>&nbsp;<\/p>\n\n\n","protected":false},"excerpt":{"rendered":"<p>Joukkomurhaaja avasi tulen kongressiedustaja Gabrielle Giffordsin (D-Arizona) \u00e4\u00e4nest\u00e4j\u00e4tapaamisessa. T\u00e4m\u00e4nhetkisten tietojen mukaan 18 ammutusta henkil\u00f6st\u00e4 viisi on kuollut, ja Giffords taistelee hengest\u00e4\u00e4n sairaalassa. Silminn\u00e4kij\u00e4havaintojen mukaan ampuja oli kaksi-kolmikymppinen<br \/>\nvalkoinen m&hellip;<\/p>\n","protected":false},"author":158,"featured_media":0,"comment_status":"open","ping_status":"open","sticky":false,"template":"","format":"standard","meta":{"_acf_changed":false,"asauth_required_access_level":0,"asauth_cansharepaid":"","om_header_attributes":[],"footnotes":"","om_featured_image_focal_point":[],"om_primary_tag":0,"om_contributors":[],"om_co_authors":[],"beyondwords_generate_audio":"","beyondwords_project_id":"","beyondwords_content_id":"","beyondwords_preview_token":"","beyondwords_player_content":"","beyondwords_player_style":"","beyondwords_language_code":"","beyondwords_language_id":"","beyondwords_title_voice_id":"","beyondwords_body_voice_id":"","beyondwords_summary_voice_id":"","beyondwords_error_message":"","beyondwords_disabled":"","beyondwords_delete_content":"","beyondwords_podcast_id":"","beyondwords_hash":"","publish_post_to_speechkit":"","speechkit_hash":"","speechkit_generate_audio":"","speechkit_project_id":"","speechkit_podcast_id":"","speechkit_error_message":"","speechkit_disabled":"","speechkit_access_key":"","speechkit_error":"","speechkit_info":"","speechkit_response":"","speechkit_retries":"","speechkit_status":"","speechkit_updated_at":"","_speechkit_link":"","_speechkit_text":""},"categories":[1],"tags":[637,944,947,949,24],"class_list":["post-487","post","type-post","status-publish","format-standard","hentry","category-americana","tag-ampuminen","tag-arizona","tag-gabrielle-giffords","tag-poliittinen-kulttuuri","tag-yhdysvallat"],"om_views":null,"acf":{"tuuma_off":false,"tuuma_kysymys":"","tuuma_vastaus":""},"asauth":{"required_access_level":1,"share_token":"","is_paid":false},"yoast_head":"<!-- This site is optimized with the Yoast SEO plugin v26.4 - https:\/\/yoast.com\/wordpress\/plugins\/seo\/ -->\n<title>Poliittisen nykykulttuurin vaaroista - Americana<\/title>\n<meta name=\"robots\" content=\"noindex, follow\" \/>\n<meta property=\"og:locale\" content=\"fi_FI\" \/>\n<meta property=\"og:type\" content=\"article\" \/>\n<meta property=\"og:title\" content=\"Poliittisen nykykulttuurin vaaroista - Americana\" \/>\n<meta property=\"og:description\" content=\"Joukkomurhaaja avasi tulen kongressiedustaja Gabrielle Giffordsin (D-Arizona) \u00e4\u00e4nest\u00e4j\u00e4tapaamisessa. T\u00e4m\u00e4nhetkisten tietojen mukaan 18 ammutusta henkil\u00f6st\u00e4 viisi on kuollut, ja Giffords taistelee hengest\u00e4\u00e4n sairaalassa. Silminn\u00e4kij\u00e4havaintojen mukaan ampuja oli kaksi-kolmikymppinen valkoinen m&hellip;\" \/>\n<meta property=\"og:url\" content=\"https:\/\/suomenkuvalehti.fi\/americana\/poliittisen-nykykulttuurin-vaaroista\/\" \/>\n<meta property=\"og:site_name\" content=\"Americana\" \/>\n<meta property=\"article:published_time\" content=\"2011-01-08T19:57:39+00:00\" \/>\n<meta property=\"article:modified_time\" content=\"2013-11-30T14:22:31+00:00\" \/>\n<meta property=\"og:image\" content=\"http:\/\/big.assets.huffingtonpost.com\/sarahpac_0.jpg\" \/>\n<meta name=\"author\" content=\"Marko Maunula\" \/>\n<meta name=\"twitter:card\" content=\"summary_large_image\" \/>\n<meta name=\"twitter:label1\" content=\"Written by\" \/>\n\t<meta name=\"twitter:data1\" content=\"Marko Maunula\" \/>\n\t<meta name=\"twitter:label2\" content=\"Est. reading time\" \/>\n\t<meta name=\"twitter:data2\" content=\"1 minuutti\" \/>\n<script type=\"application\/ld+json\" class=\"yoast-schema-graph\">{\"@context\":\"https:\/\/schema.org\",\"@graph\":[{\"@type\":\"WebPage\",\"@id\":\"https:\/\/suomenkuvalehti.fi\/americana\/poliittisen-nykykulttuurin-vaaroista\/\",\"url\":\"https:\/\/suomenkuvalehti.fi\/americana\/poliittisen-nykykulttuurin-vaaroista\/\",\"name\":\"Poliittisen nykykulttuurin vaaroista - Americana\",\"isPartOf\":{\"@id\":\"https:\/\/suomenkuvalehti.fi\/americana\/#website\"},\"primaryImageOfPage\":{\"@id\":\"https:\/\/suomenkuvalehti.fi\/americana\/poliittisen-nykykulttuurin-vaaroista\/#primaryimage\"},\"image\":{\"@id\":\"https:\/\/suomenkuvalehti.fi\/americana\/poliittisen-nykykulttuurin-vaaroista\/#primaryimage\"},\"thumbnailUrl\":\"http:\/\/big.assets.huffingtonpost.com\/sarahpac_0.jpg\",\"datePublished\":\"2011-01-08T19:57:39+00:00\",\"dateModified\":\"2013-11-30T14:22:31+00:00\",\"author\":{\"@id\":\"https:\/\/suomenkuvalehti.fi\/americana\/#\/schema\/person\/12d514491cb37506bc39c8e10176c3ec\"},\"breadcrumb\":{\"@id\":\"https:\/\/suomenkuvalehti.fi\/americana\/poliittisen-nykykulttuurin-vaaroista\/#breadcrumb\"},\"inLanguage\":\"fi\",\"potentialAction\":[{\"@type\":\"ReadAction\",\"target\":[\"https:\/\/suomenkuvalehti.fi\/americana\/poliittisen-nykykulttuurin-vaaroista\/\"]}]},{\"@type\":\"ImageObject\",\"inLanguage\":\"fi\",\"@id\":\"https:\/\/suomenkuvalehti.fi\/americana\/poliittisen-nykykulttuurin-vaaroista\/#primaryimage\",\"url\":\"http:\/\/big.assets.huffingtonpost.com\/sarahpac_0.jpg\",\"contentUrl\":\"http:\/\/big.assets.huffingtonpost.com\/sarahpac_0.jpg\"},{\"@type\":\"BreadcrumbList\",\"@id\":\"https:\/\/suomenkuvalehti.fi\/americana\/poliittisen-nykykulttuurin-vaaroista\/#breadcrumb\",\"itemListElement\":[{\"@type\":\"ListItem\",\"position\":1,\"name\":\"Home\",\"item\":\"https:\/\/suomenkuvalehti.fi\/americana\/\"},{\"@type\":\"ListItem\",\"position\":2,\"name\":\"Poliittisen nykykulttuurin vaaroista\"}]},{\"@type\":\"WebSite\",\"@id\":\"https:\/\/suomenkuvalehti.fi\/americana\/#website\",\"url\":\"https:\/\/suomenkuvalehti.fi\/americana\/\",\"name\":\"Americana\",\"description\":\"Professori Marko Maunula seuraa USA:n politiikkaa ja populaarikulttuuria\",\"potentialAction\":[{\"@type\":\"SearchAction\",\"target\":{\"@type\":\"EntryPoint\",\"urlTemplate\":\"https:\/\/suomenkuvalehti.fi\/haku\/?q={search_term_string}\"},\"query-input\":{\"@type\":\"PropertyValueSpecification\",\"valueRequired\":true,\"valueName\":\"search_term_string\"}}],\"inLanguage\":\"fi\"},{\"@type\":\"Person\",\"@id\":\"https:\/\/suomenkuvalehti.fi\/americana\/#\/schema\/person\/12d514491cb37506bc39c8e10176c3ec\",\"name\":\"Marko Maunula\",\"image\":{\"@type\":\"ImageObject\",\"inLanguage\":\"fi\",\"@id\":\"https:\/\/suomenkuvalehti.fi\/americana\/#\/schema\/person\/image\/\",\"url\":\"https:\/\/suomenkuvalehti.fi\/americana\/wp-content\/uploads\/sites\/10\/2022\/04\/americana_maunula-150x150.jpg\",\"contentUrl\":\"https:\/\/suomenkuvalehti.fi\/americana\/wp-content\/uploads\/sites\/10\/2022\/04\/americana_maunula-150x150.jpg\",\"caption\":\"Marko Maunula\"},\"description\":\"Kirjoittaja on Yhdysvaltain historian professori Atlantassa.\"}]}<\/script>\n<!-- \/ Yoast SEO plugin. -->","yoast_head_json":{"title":"Poliittisen nykykulttuurin vaaroista - Americana","robots":{"index":"noindex","follow":"follow"},"og_locale":"fi_FI","og_type":"article","og_title":"Poliittisen nykykulttuurin vaaroista - Americana","og_description":"Joukkomurhaaja avasi tulen kongressiedustaja Gabrielle Giffordsin (D-Arizona) \u00e4\u00e4nest\u00e4j\u00e4tapaamisessa. T\u00e4m\u00e4nhetkisten tietojen mukaan 18 ammutusta henkil\u00f6st\u00e4 viisi on kuollut, ja Giffords taistelee hengest\u00e4\u00e4n sairaalassa. Silminn\u00e4kij\u00e4havaintojen mukaan ampuja oli kaksi-kolmikymppinen valkoinen m&hellip;","og_url":"https:\/\/suomenkuvalehti.fi\/americana\/poliittisen-nykykulttuurin-vaaroista\/","og_site_name":"Americana","article_published_time":"2011-01-08T19:57:39+00:00","article_modified_time":"2013-11-30T14:22:31+00:00","og_image":[{"url":"http:\/\/big.assets.huffingtonpost.com\/sarahpac_0.jpg","type":"","width":"","height":""}],"author":"Marko Maunula","twitter_card":"summary_large_image","twitter_misc":{"Written by":"Marko Maunula","Est. reading time":"1 minuutti"},"schema":{"@context":"https:\/\/schema.org","@graph":[{"@type":"WebPage","@id":"https:\/\/suomenkuvalehti.fi\/americana\/poliittisen-nykykulttuurin-vaaroista\/","url":"https:\/\/suomenkuvalehti.fi\/americana\/poliittisen-nykykulttuurin-vaaroista\/","name":"Poliittisen nykykulttuurin vaaroista - Americana","isPartOf":{"@id":"https:\/\/suomenkuvalehti.fi\/americana\/#website"},"primaryImageOfPage":{"@id":"https:\/\/suomenkuvalehti.fi\/americana\/poliittisen-nykykulttuurin-vaaroista\/#primaryimage"},"image":{"@id":"https:\/\/suomenkuvalehti.fi\/americana\/poliittisen-nykykulttuurin-vaaroista\/#primaryimage"},"thumbnailUrl":"http:\/\/big.assets.huffingtonpost.com\/sarahpac_0.jpg","datePublished":"2011-01-08T19:57:39+00:00","dateModified":"2013-11-30T14:22:31+00:00","author":{"@id":"https:\/\/suomenkuvalehti.fi\/americana\/#\/schema\/person\/12d514491cb37506bc39c8e10176c3ec"},"breadcrumb":{"@id":"https:\/\/suomenkuvalehti.fi\/americana\/poliittisen-nykykulttuurin-vaaroista\/#breadcrumb"},"inLanguage":"fi","potentialAction":[{"@type":"ReadAction","target":["https:\/\/suomenkuvalehti.fi\/americana\/poliittisen-nykykulttuurin-vaaroista\/"]}]},{"@type":"ImageObject","inLanguage":"fi","@id":"https:\/\/suomenkuvalehti.fi\/americana\/poliittisen-nykykulttuurin-vaaroista\/#primaryimage","url":"http:\/\/big.assets.huffingtonpost.com\/sarahpac_0.jpg","contentUrl":"http:\/\/big.assets.huffingtonpost.com\/sarahpac_0.jpg"},{"@type":"BreadcrumbList","@id":"https:\/\/suomenkuvalehti.fi\/americana\/poliittisen-nykykulttuurin-vaaroista\/#breadcrumb","itemListElement":[{"@type":"ListItem","position":1,"name":"Home","item":"https:\/\/suomenkuvalehti.fi\/americana\/"},{"@type":"ListItem","position":2,"name":"Poliittisen nykykulttuurin vaaroista"}]},{"@type":"WebSite","@id":"https:\/\/suomenkuvalehti.fi\/americana\/#website","url":"https:\/\/suomenkuvalehti.fi\/americana\/","name":"Americana","description":"Professori Marko Maunula seuraa USA:n politiikkaa ja populaarikulttuuria","potentialAction":[{"@type":"SearchAction","target":{"@type":"EntryPoint","urlTemplate":"https:\/\/suomenkuvalehti.fi\/haku\/?q={search_term_string}"},"query-input":{"@type":"PropertyValueSpecification","valueRequired":true,"valueName":"search_term_string"}}],"inLanguage":"fi"},{"@type":"Person","@id":"https:\/\/suomenkuvalehti.fi\/americana\/#\/schema\/person\/12d514491cb37506bc39c8e10176c3ec","name":"Marko Maunula","image":{"@type":"ImageObject","inLanguage":"fi","@id":"https:\/\/suomenkuvalehti.fi\/americana\/#\/schema\/person\/image\/","url":"https:\/\/suomenkuvalehti.fi\/americana\/wp-content\/uploads\/sites\/10\/2022\/04\/americana_maunula-150x150.jpg","contentUrl":"https:\/\/suomenkuvalehti.fi\/americana\/wp-content\/uploads\/sites\/10\/2022\/04\/americana_maunula-150x150.jpg","caption":"Marko Maunula"},"description":"Kirjoittaja on Yhdysvaltain historian professori Atlantassa."}]}},"_links":{"self":[{"href":"https:\/\/suomenkuvalehti.fi\/americana\/wp-json\/wp\/v2\/posts\/487","targetHints":{"allow":["GET"]}}],"collection":[{"href":"https:\/\/suomenkuvalehti.fi\/americana\/wp-json\/wp\/v2\/posts"}],"about":[{"href":"https:\/\/suomenkuvalehti.fi\/americana\/wp-json\/wp\/v2\/types\/post"}],"author":[{"embeddable":true,"href":"https:\/\/suomenkuvalehti.fi\/americana\/wp-json\/wp\/v2\/users\/158"}],"replies":[{"embeddable":true,"href":"https:\/\/suomenkuvalehti.fi\/americana\/wp-json\/wp\/v2\/comments?post=487"}],"version-history":[{"count":1,"href":"https:\/\/suomenkuvalehti.fi\/americana\/wp-json\/wp\/v2\/posts\/487\/revisions"}],"predecessor-version":[{"id":1103,"href":"https:\/\/suomenkuvalehti.fi\/americana\/wp-json\/wp\/v2\/posts\/487\/revisions\/1103"}],"wp:attachment":[{"href":"https:\/\/suomenkuvalehti.fi\/americana\/wp-json\/wp\/v2\/media?parent=487"}],"wp:term":[{"taxonomy":"category","embeddable":true,"href":"https:\/\/suomenkuvalehti.fi\/americana\/wp-json\/wp\/v2\/categories?post=487"},{"taxonomy":"post_tag","embeddable":true,"href":"https:\/\/suomenkuvalehti.fi\/americana\/wp-json\/wp\/v2\/tags?post=487"}],"curies":[{"name":"wp","href":"https:\/\/api.w.org\/{rel}","templated":true}]}}