{"id":483,"date":"2011-01-17T15:02:25","date_gmt":"2011-01-17T13:02:25","guid":{"rendered":"https:\/\/suomenkuvalehti.fi\/americana\/hyvaa-martin-luther-king-jrn-paivaa\/"},"modified":"2013-11-30T16:22:31","modified_gmt":"2013-11-30T14:22:31","slug":"hyvaa-martin-luther-king-jrn-paivaa","status":"publish","type":"post","link":"https:\/\/suomenkuvalehti.fi\/americana\/hyvaa-martin-luther-king-jrn-paivaa\/","title":{"rendered":"Hyv\u00e4\u00e4 Martin Luther King, Jr.:n p\u00e4iv\u00e4\u00e4!"},"content":{"rendered":"\n<p>Tohtori Kingin vuosip\u00e4iv\u00e4 on Yhdysvalloissa kansallinen vapaap\u00e4iv\u00e4. Se osuu joka vuosi Kingin syntym\u00e4p\u00e4iv\u00e4n, 15.1., l\u00e4heiselle maanantaille. Jos King olisi saanut el\u00e4\u00e4, h\u00e4n olisi t\u00e4ytt\u00e4nyt lauantaina 82 vuotta.<\/p>\n\n\n\n<p>King oli marttyyri, humanismin suurmies, ja er\u00e4s parhaista puhujista koskaan. <a href=\"https:\/\/www.youtube.com\/watch?v=PbUtL_0vAJk\">I have a dream<\/a> -sek\u00e4 miehen murhaa edelt\u00e4v\u00e4n\u00e4 iltana pit\u00e4m\u00e4 <a href=\"https:\/\/www.youtube.com\/watch?v=x1L8y-MX3pg&amp;feature=related\">I have seen the promised land<\/a> -puheet nostattavat ihon kananlihalle edelleen, kymmenien kuulemiskertojen j\u00e4lkeenkin.<\/p>\n\n\n\n<p>King-revisionismi on ollut jo vuosia muodissa historioitsijoiden, sosiologien, sek\u00e4 muiden rotukysymyksi\u00e4 ty\u00f6kseen pohtivien tutkijoiden parissa. Jotkut syytt\u00e4v\u00e4t kansalaisoikeusliikett\u00e4 laiskuudesta ja teht\u00e4v\u00e4n j\u00e4tt\u00e4misest\u00e4 puolitiehen. Rotuerottelu on poistunut ja esteet afroamerikkalaiselle menestykselle on raivattu tielt\u00e4, mutta musta k\u00f6yhyys on edelleen monin paikoin ik\u00e4v\u00e4 tosiasia, he muistuttavat. Jotkut radikaalit jopa tuntevat rotuerottelu-nostalgiaa, muistellen turvallisia, naapureistaan huolehtivia, ja kulturaalisesti l\u00e4mpimi\u00e4 rotuerottelun aikaisia mustia yhteis\u00f6j\u00e4.<\/p>\n\n\n\n<p>Valittaminen ja ep\u00e4kohtien etsiminen on tarpeellista ja kaiken edistyksen \u00e4iti, mutta joskus olisi hyv\u00e4 muistuttaa ammattivalittajia my\u00f6s tosiseikoista. Valkoisessa talossa asuu t\u00e4n\u00e4\u00e4n afroamerikkalainen mies afroamerikkalaisine perheineen. Kingin kotikaupunki Atlantaa is\u00e4nn\u00f6i afroamerikkalainen pormestari. Maan suosituin televisiopersoona on keski-ik\u00e4inen afroamerikkalainen nainen.<\/p>\n\n\n\n<p>Mustan keskiluokan kasvu sek\u00e4 sosioekonominen edistys on ollut viime vuosikymmenin\u00e4 r\u00e4j\u00e4hdysm\u00e4ist\u00e4. Nelj\u00e4 vuosikymment\u00e4 sitten afroamerikkalaiset olisivat kelvanneet ty\u00f6paikallani tai naapurustossani talonmiehiksi tai puutarhureiksi. T\u00e4n\u00e4\u00e4n he ovat yliopistolla kollegoitani ja katuni varrella naapureitani.<\/p>\n\n\n\n<p>Kuten King sanoi, h\u00e4n unelmoi maasta, jossa ihmiset arvioidaan heid\u00e4n luonteensa ja persoonansa, ei heid\u00e4n ihonv\u00e4rins\u00e4, mukaan. H\u00e4n halusi Amerikan, jossa jokaisella on mahdollisuus menestykseen kykyjen ja ahkeruuden mukaan. Kiitos Kingin ja kumppaneiden el\u00e4m\u00e4nty\u00f6n, miljoonat ovat saaneet t\u00e4m\u00e4n mahdollisuuden ja tarttuneet siihen. Valitettavan monet ovat j\u00e4\u00e4neet vikitimologian sek\u00e4 huonojen valintojen vangeiksi, mutta se ei ole Kingin syy.<\/p>\n\n\n\n<p>Kulttuuri muuttuu hitaammin kuin laki. Lains\u00e4\u00e4d\u00e4nn\u00f6lliset esteet afroamerikkalaiselle menestykselle ovat kadonneet, mutta k\u00f6yhyyden valitettava kulttuuriperim\u00e4 el\u00e4\u00e4 viel\u00e4 monissa ghetoissa &#8211; kuten my\u00f6s valkoisissa asuntoauto-yhteis\u00f6iss\u00e4kin.<\/p>\n\n\n\n<p>King teki oman ty\u00f6ns\u00e4 komeasti. T\u00e4m\u00e4n ja tulevien sukupolvien teht\u00e4v\u00e4 on painia kulttuurin kanssa. Ja siin\u00e4 riitt\u00e4\u00e4 ty\u00f6sarkaa viel\u00e4 vuosikymmeniksi.<\/p>\n\n\n\n<p><em>Soundtrack: Curtis Mayfield, People Get Ready.<\/em><\/p>\n\n\n","protected":false},"excerpt":{"rendered":"<p>Tohtori Kingin vuosip\u00e4iv\u00e4 on Yhdysvalloissa kansallinen vapaap\u00e4iv\u00e4. Se osuu joka vuosi Kingin syntym\u00e4p\u00e4iv\u00e4n, 15.1., l\u00e4heiselle maanantaille. Jos King olisi saanut el\u00e4\u00e4, h\u00e4n olisi t\u00e4ytt\u00e4nyt lauantaina 82 vuotta. King oli marttyyri, humanismin suurmies, ja er\u00e4s parhaista<br \/>\npuhujista kos&hellip;<\/p>\n","protected":false},"author":158,"featured_media":0,"comment_status":"open","ping_status":"open","sticky":false,"template":"","format":"standard","meta":{"_acf_changed":false,"asauth_required_access_level":0,"asauth_cansharepaid":"","om_header_attributes":[],"footnotes":"","om_featured_image_focal_point":[],"om_primary_tag":0,"om_contributors":[],"om_co_authors":[],"beyondwords_generate_audio":"","beyondwords_project_id":"","beyondwords_content_id":"","beyondwords_preview_token":"","beyondwords_player_content":"","beyondwords_player_style":"","beyondwords_language_code":"","beyondwords_language_id":"","beyondwords_title_voice_id":"","beyondwords_body_voice_id":"","beyondwords_summary_voice_id":"","beyondwords_error_message":"","beyondwords_disabled":"","beyondwords_delete_content":"","beyondwords_podcast_id":"","beyondwords_hash":"","publish_post_to_speechkit":"","speechkit_hash":"","speechkit_generate_audio":"","speechkit_project_id":"","speechkit_podcast_id":"","speechkit_error_message":"","speechkit_disabled":"","speechkit_access_key":"","speechkit_error":"","speechkit_info":"","speechkit_response":"","speechkit_retries":"","speechkit_status":"","speechkit_updated_at":"","_speechkit_link":"","_speechkit_text":""},"categories":[1],"tags":[92,263,292,247,291,105],"class_list":["post-483","post","type-post","status-publish","format-standard","hentry","category-americana","tag-afroamerikkalaiset","tag-atlanta","tag-jr","tag-kansalaisoikeudet","tag-martin-luther-king","tag-tasa-arvo"],"om_views":null,"acf":{"tuuma_off":false,"tuuma_kysymys":"","tuuma_vastaus":""},"asauth":{"required_access_level":1,"share_token":"","is_paid":false},"yoast_head":"<!-- This site is optimized with the Yoast SEO plugin v26.4 - https:\/\/yoast.com\/wordpress\/plugins\/seo\/ -->\n<title>Hyv\u00e4\u00e4 Martin Luther King, Jr.:n p\u00e4iv\u00e4\u00e4! - Americana<\/title>\n<meta name=\"robots\" content=\"noindex, follow\" \/>\n<meta property=\"og:locale\" content=\"fi_FI\" \/>\n<meta property=\"og:type\" content=\"article\" \/>\n<meta property=\"og:title\" content=\"Hyv\u00e4\u00e4 Martin Luther King, Jr.:n p\u00e4iv\u00e4\u00e4! - Americana\" \/>\n<meta property=\"og:description\" content=\"Tohtori Kingin vuosip\u00e4iv\u00e4 on Yhdysvalloissa kansallinen vapaap\u00e4iv\u00e4. Se osuu joka vuosi Kingin syntym\u00e4p\u00e4iv\u00e4n, 15.1., l\u00e4heiselle maanantaille. Jos King olisi saanut el\u00e4\u00e4, h\u00e4n olisi t\u00e4ytt\u00e4nyt lauantaina 82 vuotta. King oli marttyyri, humanismin suurmies, ja er\u00e4s parhaista puhujista kos&hellip;\" \/>\n<meta property=\"og:url\" content=\"https:\/\/suomenkuvalehti.fi\/americana\/hyvaa-martin-luther-king-jrn-paivaa\/\" \/>\n<meta property=\"og:site_name\" content=\"Americana\" \/>\n<meta property=\"article:published_time\" content=\"2011-01-17T13:02:25+00:00\" \/>\n<meta property=\"article:modified_time\" content=\"2013-11-30T14:22:31+00:00\" \/>\n<meta property=\"og:image\" content=\"https:\/\/suomenkuvalehti.fi\/americana\/wp-content\/uploads\/sites\/10\/2022\/04\/americana_maunula-scaled.jpg\" \/>\n\t<meta property=\"og:image:width\" content=\"2560\" \/>\n\t<meta property=\"og:image:height\" content=\"1706\" \/>\n\t<meta property=\"og:image:type\" content=\"image\/jpeg\" \/>\n<meta name=\"author\" content=\"Marko Maunula\" \/>\n<meta name=\"twitter:card\" content=\"summary_large_image\" \/>\n<meta name=\"twitter:label1\" content=\"Written by\" \/>\n\t<meta name=\"twitter:data1\" content=\"Marko Maunula\" \/>\n\t<meta name=\"twitter:label2\" content=\"Est. reading time\" \/>\n\t<meta name=\"twitter:data2\" content=\"2 minuuttia\" \/>\n<script type=\"application\/ld+json\" class=\"yoast-schema-graph\">{\"@context\":\"https:\/\/schema.org\",\"@graph\":[{\"@type\":\"WebPage\",\"@id\":\"https:\/\/suomenkuvalehti.fi\/americana\/hyvaa-martin-luther-king-jrn-paivaa\/\",\"url\":\"https:\/\/suomenkuvalehti.fi\/americana\/hyvaa-martin-luther-king-jrn-paivaa\/\",\"name\":\"Hyv\u00e4\u00e4 Martin Luther King, Jr.:n p\u00e4iv\u00e4\u00e4! - Americana\",\"isPartOf\":{\"@id\":\"https:\/\/suomenkuvalehti.fi\/americana\/#website\"},\"datePublished\":\"2011-01-17T13:02:25+00:00\",\"dateModified\":\"2013-11-30T14:22:31+00:00\",\"author\":{\"@id\":\"https:\/\/suomenkuvalehti.fi\/americana\/#\/schema\/person\/12d514491cb37506bc39c8e10176c3ec\"},\"breadcrumb\":{\"@id\":\"https:\/\/suomenkuvalehti.fi\/americana\/hyvaa-martin-luther-king-jrn-paivaa\/#breadcrumb\"},\"inLanguage\":\"fi\",\"potentialAction\":[{\"@type\":\"ReadAction\",\"target\":[\"https:\/\/suomenkuvalehti.fi\/americana\/hyvaa-martin-luther-king-jrn-paivaa\/\"]}]},{\"@type\":\"BreadcrumbList\",\"@id\":\"https:\/\/suomenkuvalehti.fi\/americana\/hyvaa-martin-luther-king-jrn-paivaa\/#breadcrumb\",\"itemListElement\":[{\"@type\":\"ListItem\",\"position\":1,\"name\":\"Home\",\"item\":\"https:\/\/suomenkuvalehti.fi\/americana\/\"},{\"@type\":\"ListItem\",\"position\":2,\"name\":\"Hyv\u00e4\u00e4 Martin Luther King, Jr.:n p\u00e4iv\u00e4\u00e4!\"}]},{\"@type\":\"WebSite\",\"@id\":\"https:\/\/suomenkuvalehti.fi\/americana\/#website\",\"url\":\"https:\/\/suomenkuvalehti.fi\/americana\/\",\"name\":\"Americana\",\"description\":\"Professori Marko Maunula seuraa USA:n politiikkaa ja populaarikulttuuria\",\"potentialAction\":[{\"@type\":\"SearchAction\",\"target\":{\"@type\":\"EntryPoint\",\"urlTemplate\":\"https:\/\/suomenkuvalehti.fi\/haku\/?q={search_term_string}\"},\"query-input\":{\"@type\":\"PropertyValueSpecification\",\"valueRequired\":true,\"valueName\":\"search_term_string\"}}],\"inLanguage\":\"fi\"},{\"@type\":\"Person\",\"@id\":\"https:\/\/suomenkuvalehti.fi\/americana\/#\/schema\/person\/12d514491cb37506bc39c8e10176c3ec\",\"name\":\"Marko Maunula\",\"image\":{\"@type\":\"ImageObject\",\"inLanguage\":\"fi\",\"@id\":\"https:\/\/suomenkuvalehti.fi\/americana\/#\/schema\/person\/image\/\",\"url\":\"https:\/\/suomenkuvalehti.fi\/americana\/wp-content\/uploads\/sites\/10\/2022\/04\/americana_maunula-150x150.jpg\",\"contentUrl\":\"https:\/\/suomenkuvalehti.fi\/americana\/wp-content\/uploads\/sites\/10\/2022\/04\/americana_maunula-150x150.jpg\",\"caption\":\"Marko Maunula\"},\"description\":\"Kirjoittaja on Yhdysvaltain historian professori Atlantassa.\"}]}<\/script>\n<!-- \/ Yoast SEO plugin. -->","yoast_head_json":{"title":"Hyv\u00e4\u00e4 Martin Luther King, Jr.:n p\u00e4iv\u00e4\u00e4! - Americana","robots":{"index":"noindex","follow":"follow"},"og_locale":"fi_FI","og_type":"article","og_title":"Hyv\u00e4\u00e4 Martin Luther King, Jr.:n p\u00e4iv\u00e4\u00e4! - Americana","og_description":"Tohtori Kingin vuosip\u00e4iv\u00e4 on Yhdysvalloissa kansallinen vapaap\u00e4iv\u00e4. Se osuu joka vuosi Kingin syntym\u00e4p\u00e4iv\u00e4n, 15.1., l\u00e4heiselle maanantaille. Jos King olisi saanut el\u00e4\u00e4, h\u00e4n olisi t\u00e4ytt\u00e4nyt lauantaina 82 vuotta. King oli marttyyri, humanismin suurmies, ja er\u00e4s parhaista puhujista kos&hellip;","og_url":"https:\/\/suomenkuvalehti.fi\/americana\/hyvaa-martin-luther-king-jrn-paivaa\/","og_site_name":"Americana","article_published_time":"2011-01-17T13:02:25+00:00","article_modified_time":"2013-11-30T14:22:31+00:00","og_image":[{"width":2560,"height":1706,"url":"https:\/\/suomenkuvalehti.fi\/americana\/wp-content\/uploads\/sites\/10\/2022\/04\/americana_maunula-scaled.jpg","type":"image\/jpeg"}],"author":"Marko Maunula","twitter_card":"summary_large_image","twitter_misc":{"Written by":"Marko Maunula","Est. reading time":"2 minuuttia"},"schema":{"@context":"https:\/\/schema.org","@graph":[{"@type":"WebPage","@id":"https:\/\/suomenkuvalehti.fi\/americana\/hyvaa-martin-luther-king-jrn-paivaa\/","url":"https:\/\/suomenkuvalehti.fi\/americana\/hyvaa-martin-luther-king-jrn-paivaa\/","name":"Hyv\u00e4\u00e4 Martin Luther King, Jr.:n p\u00e4iv\u00e4\u00e4! - Americana","isPartOf":{"@id":"https:\/\/suomenkuvalehti.fi\/americana\/#website"},"datePublished":"2011-01-17T13:02:25+00:00","dateModified":"2013-11-30T14:22:31+00:00","author":{"@id":"https:\/\/suomenkuvalehti.fi\/americana\/#\/schema\/person\/12d514491cb37506bc39c8e10176c3ec"},"breadcrumb":{"@id":"https:\/\/suomenkuvalehti.fi\/americana\/hyvaa-martin-luther-king-jrn-paivaa\/#breadcrumb"},"inLanguage":"fi","potentialAction":[{"@type":"ReadAction","target":["https:\/\/suomenkuvalehti.fi\/americana\/hyvaa-martin-luther-king-jrn-paivaa\/"]}]},{"@type":"BreadcrumbList","@id":"https:\/\/suomenkuvalehti.fi\/americana\/hyvaa-martin-luther-king-jrn-paivaa\/#breadcrumb","itemListElement":[{"@type":"ListItem","position":1,"name":"Home","item":"https:\/\/suomenkuvalehti.fi\/americana\/"},{"@type":"ListItem","position":2,"name":"Hyv\u00e4\u00e4 Martin Luther King, Jr.:n p\u00e4iv\u00e4\u00e4!"}]},{"@type":"WebSite","@id":"https:\/\/suomenkuvalehti.fi\/americana\/#website","url":"https:\/\/suomenkuvalehti.fi\/americana\/","name":"Americana","description":"Professori Marko Maunula seuraa USA:n politiikkaa ja populaarikulttuuria","potentialAction":[{"@type":"SearchAction","target":{"@type":"EntryPoint","urlTemplate":"https:\/\/suomenkuvalehti.fi\/haku\/?q={search_term_string}"},"query-input":{"@type":"PropertyValueSpecification","valueRequired":true,"valueName":"search_term_string"}}],"inLanguage":"fi"},{"@type":"Person","@id":"https:\/\/suomenkuvalehti.fi\/americana\/#\/schema\/person\/12d514491cb37506bc39c8e10176c3ec","name":"Marko Maunula","image":{"@type":"ImageObject","inLanguage":"fi","@id":"https:\/\/suomenkuvalehti.fi\/americana\/#\/schema\/person\/image\/","url":"https:\/\/suomenkuvalehti.fi\/americana\/wp-content\/uploads\/sites\/10\/2022\/04\/americana_maunula-150x150.jpg","contentUrl":"https:\/\/suomenkuvalehti.fi\/americana\/wp-content\/uploads\/sites\/10\/2022\/04\/americana_maunula-150x150.jpg","caption":"Marko Maunula"},"description":"Kirjoittaja on Yhdysvaltain historian professori Atlantassa."}]}},"_links":{"self":[{"href":"https:\/\/suomenkuvalehti.fi\/americana\/wp-json\/wp\/v2\/posts\/483","targetHints":{"allow":["GET"]}}],"collection":[{"href":"https:\/\/suomenkuvalehti.fi\/americana\/wp-json\/wp\/v2\/posts"}],"about":[{"href":"https:\/\/suomenkuvalehti.fi\/americana\/wp-json\/wp\/v2\/types\/post"}],"author":[{"embeddable":true,"href":"https:\/\/suomenkuvalehti.fi\/americana\/wp-json\/wp\/v2\/users\/158"}],"replies":[{"embeddable":true,"href":"https:\/\/suomenkuvalehti.fi\/americana\/wp-json\/wp\/v2\/comments?post=483"}],"version-history":[{"count":1,"href":"https:\/\/suomenkuvalehti.fi\/americana\/wp-json\/wp\/v2\/posts\/483\/revisions"}],"predecessor-version":[{"id":1099,"href":"https:\/\/suomenkuvalehti.fi\/americana\/wp-json\/wp\/v2\/posts\/483\/revisions\/1099"}],"wp:attachment":[{"href":"https:\/\/suomenkuvalehti.fi\/americana\/wp-json\/wp\/v2\/media?parent=483"}],"wp:term":[{"taxonomy":"category","embeddable":true,"href":"https:\/\/suomenkuvalehti.fi\/americana\/wp-json\/wp\/v2\/categories?post=483"},{"taxonomy":"post_tag","embeddable":true,"href":"https:\/\/suomenkuvalehti.fi\/americana\/wp-json\/wp\/v2\/tags?post=483"}],"curies":[{"name":"wp","href":"https:\/\/api.w.org\/{rel}","templated":true}]}}