{"id":482,"date":"2011-01-19T16:25:56","date_gmt":"2011-01-19T14:25:56","guid":{"rendered":"https:\/\/suomenkuvalehti.fi\/americana\/sarah-palin-arizonan-tragedian-poliittinen-uhri\/"},"modified":"2013-11-30T16:22:31","modified_gmt":"2013-11-30T14:22:31","slug":"sarah-palin-arizonan-tragedian-poliittinen-uhri","status":"publish","type":"post","link":"https:\/\/suomenkuvalehti.fi\/americana\/sarah-palin-arizonan-tragedian-poliittinen-uhri\/","title":{"rendered":"Sarah Palin &#8211; Arizonan tragedian poliittinen uhri"},"content":{"rendered":"\n<p>Tucsonin ampumatapauksen traagisimmat uhrit koostuvat kuolleista, haavoittuneista, sek\u00e4 heid\u00e4n omaisistaan. Tragedialla on my\u00f6s yksi merkitt\u00e4v\u00e4 poliittinen uhri: <strong>Sarah Palin<\/strong>.<\/p>\n\n\n\n<p>Miltei heti toissalauantaisen ampumistapauksen j\u00e4lkeen Daily Kos, vaikutusvaltainen liberaali blogi, pisti sivulleen Palinin surullisenkuuluisan <a href=\"http:\/\/www.dailykos.com\/story\/2011\/1\/8\/934345\/-Flashback:-Giffords-on-being-on-Palins-crosshairs-target-list\">politiikot kiikarit\u00e4ht\u00e4imess\u00e4 -kuvan<\/a>. T\u00e4\u00e4lt\u00e4 tiedosto levisi ymp\u00e4ri nettiyhteis\u00f6\u00e4 ja mediaa, ja keskustelu tapahtuneesta siirtyi v\u00e4litt\u00f6m\u00e4sti koskemaan my\u00f6s palopuheiden ja rappeutuneen poliittisen kulttuurin roolia tragediassa.<\/p>\n\n\n\n<p>Tragedian j\u00e4lkimainingeissa Palin teki uransa pahimman strategisen k\u00f6mm\u00e4hdyksen: h\u00e4n haukkasi liberaalien sy\u00f6tin ja ryhtyi <a href=\"http:\/\/abcnews.go.com\/Politics\/sarah-palin-gabrielle-giffords-tucson-shooting-admonishes-journalists-pundits-blood-libel\/story?id=12582457\">tinkaamaan vasemmistolaisten kommentaattorien kanssa<\/a>.<\/p>\n\n\n\n<p>Amerikkalaiset ovat kovia riitelem\u00e4\u00e4n ja amerikkalainen politiikka on kontaktilaji, mutta tragedioiden iskiess\u00e4 he <a href=\"https:\/\/www.youtube.com\/watch?v=Izb459vJ-8Q\">tarttuvat toisiaan k\u00e4dest\u00e4<\/a>. Kokeneempien poliitikkojen kielt\u00e4ydytty\u00e4 puhumasta politiikkaa kriisin hetkell\u00e4, Palin k\u00e4\u00e4nsi keskustelun itseens\u00e4 ja syytti mediaa ajojahdista.<\/p>\n\n\n\n<p>Ampujan uhrien maatessa ruumispusseissa tai verisiss\u00e4 sairaalavuoteissa, Palinin hy\u00f6kk\u00e4ykset ja selittelyt kuulostivat pahasti perspektiivins\u00e4 menett\u00e4neen narsistin ja poliittisen noviisin jupinoilta. Todellisuuspohjaiset ja taitavammat poliitikot ja strategistit, my\u00f6s republikaanien sis\u00e4ll\u00e4, <a href=\"http:\/\/motherjones.com\/mojo\/2011\/01\/palin-blood-libel-republicans-response\">vetiv\u00e4t vahvaa pes\u00e4eroa Palinin lausuntoihin<\/a> sek\u00e4 tarjosivat h\u00e4nelle <a href=\"http:\/\/www.frumforum.com\/what-palin-needed-to-say-after-giffords-shooting\">parempia pr-vinkkej\u00e4<\/a>.<\/p>\n\n\n\n<p>Vahinko on tapahtunut. Palin oli testannut poliittisen agressiivisuuden rajoja, ja vahingokseen l\u00f6ysi ne, sill\u00e4 kuten <strong>Hunter S. Thompson<\/strong> sanoi, ainoastaan he jotka meniv\u00e4t liian pitk\u00e4lle tiet\u00e4v\u00e4t miss\u00e4 raja sijaitsee.<\/p>\n\n\n\n<p>Palinin viimeisetkin <a href=\"http:\/\/politicalticker.blogs.cnn.com\/2011\/01\/19\/cnn-poll-palin-unfavorable-rating-at-all-time-high\/\">presidenttiehdokkuus-toiveet ovat menneet<\/a>. Poliittiselle toimittajalle ja hyv\u00e4n komedian yst\u00e4v\u00e4lle t\u00e4m\u00e4 on vahinko, sill\u00e4 <strong>Barack Obama<\/strong> &#8211; Sarah Palin v\u00e4ittelyt olisivat olleet poliittisen l\u00e4hihistorian nautittavinta tv-viihdett\u00e4.<\/p>\n\n\n\n<p><em>Soundtrack: Smokey Robinson, <a href=\"https:\/\/www.youtube.com\/watch?v=E2E_RSJAhYU\">The Tears of a Clown<\/a>.<\/em><\/p>\n\n\n","protected":false},"excerpt":{"rendered":"<p>Tucsonin ampumatapauksen traagisimmat uhrit koostuvat kuolleista, haavoittuneista, sek\u00e4 heid\u00e4n omaisistaan. Tragedialla on my\u00f6s yksi merkitt\u00e4v\u00e4 poliittinen uhri: Sarah Palin. Miltei heti toissalauantaisen ampumistapauksen j\u00e4lkeen Daily Kos, vaikutusvaltainen liberaali<br \/>\nblogi&hellip;<\/p>\n","protected":false},"author":158,"featured_media":0,"comment_status":"open","ping_status":"open","sticky":false,"template":"","format":"standard","meta":{"_acf_changed":false,"asauth_required_access_level":0,"asauth_cansharepaid":"","om_header_attributes":[],"footnotes":"","om_featured_image_focal_point":[],"om_primary_tag":0,"om_contributors":[],"om_co_authors":[],"beyondwords_generate_audio":"","beyondwords_project_id":"","beyondwords_content_id":"","beyondwords_preview_token":"","beyondwords_player_content":"","beyondwords_player_style":"","beyondwords_language_code":"","beyondwords_language_id":"","beyondwords_title_voice_id":"","beyondwords_body_voice_id":"","beyondwords_summary_voice_id":"","beyondwords_error_message":"","beyondwords_disabled":"","beyondwords_delete_content":"","beyondwords_podcast_id":"","beyondwords_hash":"","publish_post_to_speechkit":"","speechkit_hash":"","speechkit_generate_audio":"","speechkit_project_id":"","speechkit_podcast_id":"","speechkit_error_message":"","speechkit_disabled":"","speechkit_access_key":"","speechkit_error":"","speechkit_info":"","speechkit_response":"","speechkit_retries":"","speechkit_status":"","speechkit_updated_at":"","_speechkit_link":"","_speechkit_text":""},"categories":[1],"tags":[943,944,63,595,24],"class_list":["post-482","post","type-post","status-publish","format-standard","hentry","category-americana","tag-ampumistapaus","tag-arizona","tag-media","tag-sarah-palin","tag-yhdysvallat"],"om_views":null,"acf":{"tuuma_off":false,"tuuma_kysymys":"","tuuma_vastaus":""},"asauth":{"required_access_level":1,"share_token":"","is_paid":false},"yoast_head":"<!-- This site is optimized with the Yoast SEO plugin v26.4 - https:\/\/yoast.com\/wordpress\/plugins\/seo\/ -->\n<title>Sarah Palin - Arizonan tragedian poliittinen uhri - Americana<\/title>\n<meta name=\"robots\" content=\"noindex, follow\" \/>\n<meta property=\"og:locale\" content=\"fi_FI\" \/>\n<meta property=\"og:type\" content=\"article\" \/>\n<meta property=\"og:title\" content=\"Sarah Palin - Arizonan tragedian poliittinen uhri - Americana\" \/>\n<meta property=\"og:description\" content=\"Tucsonin ampumatapauksen traagisimmat uhrit koostuvat kuolleista, haavoittuneista, sek\u00e4 heid\u00e4n omaisistaan. Tragedialla on my\u00f6s yksi merkitt\u00e4v\u00e4 poliittinen uhri: Sarah Palin. Miltei heti toissalauantaisen ampumistapauksen j\u00e4lkeen Daily Kos, vaikutusvaltainen liberaali blogi&hellip;\" \/>\n<meta property=\"og:url\" content=\"https:\/\/suomenkuvalehti.fi\/americana\/sarah-palin-arizonan-tragedian-poliittinen-uhri\/\" \/>\n<meta property=\"og:site_name\" content=\"Americana\" \/>\n<meta property=\"article:published_time\" content=\"2011-01-19T14:25:56+00:00\" \/>\n<meta property=\"article:modified_time\" content=\"2013-11-30T14:22:31+00:00\" \/>\n<meta property=\"og:image\" content=\"https:\/\/suomenkuvalehti.fi\/americana\/wp-content\/uploads\/sites\/10\/2022\/04\/americana_maunula-scaled.jpg\" \/>\n\t<meta property=\"og:image:width\" content=\"2560\" \/>\n\t<meta property=\"og:image:height\" content=\"1706\" \/>\n\t<meta property=\"og:image:type\" content=\"image\/jpeg\" \/>\n<meta name=\"author\" content=\"Marko Maunula\" \/>\n<meta name=\"twitter:card\" content=\"summary_large_image\" \/>\n<meta name=\"twitter:label1\" content=\"Written by\" \/>\n\t<meta name=\"twitter:data1\" content=\"Marko Maunula\" \/>\n\t<meta name=\"twitter:label2\" content=\"Est. reading time\" \/>\n\t<meta name=\"twitter:data2\" content=\"1 minuutti\" \/>\n<script type=\"application\/ld+json\" class=\"yoast-schema-graph\">{\"@context\":\"https:\/\/schema.org\",\"@graph\":[{\"@type\":\"WebPage\",\"@id\":\"https:\/\/suomenkuvalehti.fi\/americana\/sarah-palin-arizonan-tragedian-poliittinen-uhri\/\",\"url\":\"https:\/\/suomenkuvalehti.fi\/americana\/sarah-palin-arizonan-tragedian-poliittinen-uhri\/\",\"name\":\"Sarah Palin - Arizonan tragedian poliittinen uhri - Americana\",\"isPartOf\":{\"@id\":\"https:\/\/suomenkuvalehti.fi\/americana\/#website\"},\"datePublished\":\"2011-01-19T14:25:56+00:00\",\"dateModified\":\"2013-11-30T14:22:31+00:00\",\"author\":{\"@id\":\"https:\/\/suomenkuvalehti.fi\/americana\/#\/schema\/person\/12d514491cb37506bc39c8e10176c3ec\"},\"breadcrumb\":{\"@id\":\"https:\/\/suomenkuvalehti.fi\/americana\/sarah-palin-arizonan-tragedian-poliittinen-uhri\/#breadcrumb\"},\"inLanguage\":\"fi\",\"potentialAction\":[{\"@type\":\"ReadAction\",\"target\":[\"https:\/\/suomenkuvalehti.fi\/americana\/sarah-palin-arizonan-tragedian-poliittinen-uhri\/\"]}]},{\"@type\":\"BreadcrumbList\",\"@id\":\"https:\/\/suomenkuvalehti.fi\/americana\/sarah-palin-arizonan-tragedian-poliittinen-uhri\/#breadcrumb\",\"itemListElement\":[{\"@type\":\"ListItem\",\"position\":1,\"name\":\"Home\",\"item\":\"https:\/\/suomenkuvalehti.fi\/americana\/\"},{\"@type\":\"ListItem\",\"position\":2,\"name\":\"Sarah Palin &#8211; Arizonan tragedian poliittinen uhri\"}]},{\"@type\":\"WebSite\",\"@id\":\"https:\/\/suomenkuvalehti.fi\/americana\/#website\",\"url\":\"https:\/\/suomenkuvalehti.fi\/americana\/\",\"name\":\"Americana\",\"description\":\"Professori Marko Maunula seuraa USA:n politiikkaa ja populaarikulttuuria\",\"potentialAction\":[{\"@type\":\"SearchAction\",\"target\":{\"@type\":\"EntryPoint\",\"urlTemplate\":\"https:\/\/suomenkuvalehti.fi\/haku\/?q={search_term_string}\"},\"query-input\":{\"@type\":\"PropertyValueSpecification\",\"valueRequired\":true,\"valueName\":\"search_term_string\"}}],\"inLanguage\":\"fi\"},{\"@type\":\"Person\",\"@id\":\"https:\/\/suomenkuvalehti.fi\/americana\/#\/schema\/person\/12d514491cb37506bc39c8e10176c3ec\",\"name\":\"Marko Maunula\",\"image\":{\"@type\":\"ImageObject\",\"inLanguage\":\"fi\",\"@id\":\"https:\/\/suomenkuvalehti.fi\/americana\/#\/schema\/person\/image\/\",\"url\":\"https:\/\/suomenkuvalehti.fi\/americana\/wp-content\/uploads\/sites\/10\/2022\/04\/americana_maunula-150x150.jpg\",\"contentUrl\":\"https:\/\/suomenkuvalehti.fi\/americana\/wp-content\/uploads\/sites\/10\/2022\/04\/americana_maunula-150x150.jpg\",\"caption\":\"Marko Maunula\"},\"description\":\"Kirjoittaja on Yhdysvaltain historian professori Atlantassa.\"}]}<\/script>\n<!-- \/ Yoast SEO plugin. -->","yoast_head_json":{"title":"Sarah Palin - Arizonan tragedian poliittinen uhri - Americana","robots":{"index":"noindex","follow":"follow"},"og_locale":"fi_FI","og_type":"article","og_title":"Sarah Palin - Arizonan tragedian poliittinen uhri - Americana","og_description":"Tucsonin ampumatapauksen traagisimmat uhrit koostuvat kuolleista, haavoittuneista, sek\u00e4 heid\u00e4n omaisistaan. Tragedialla on my\u00f6s yksi merkitt\u00e4v\u00e4 poliittinen uhri: Sarah Palin. Miltei heti toissalauantaisen ampumistapauksen j\u00e4lkeen Daily Kos, vaikutusvaltainen liberaali blogi&hellip;","og_url":"https:\/\/suomenkuvalehti.fi\/americana\/sarah-palin-arizonan-tragedian-poliittinen-uhri\/","og_site_name":"Americana","article_published_time":"2011-01-19T14:25:56+00:00","article_modified_time":"2013-11-30T14:22:31+00:00","og_image":[{"width":2560,"height":1706,"url":"https:\/\/suomenkuvalehti.fi\/americana\/wp-content\/uploads\/sites\/10\/2022\/04\/americana_maunula-scaled.jpg","type":"image\/jpeg"}],"author":"Marko Maunula","twitter_card":"summary_large_image","twitter_misc":{"Written by":"Marko Maunula","Est. reading time":"1 minuutti"},"schema":{"@context":"https:\/\/schema.org","@graph":[{"@type":"WebPage","@id":"https:\/\/suomenkuvalehti.fi\/americana\/sarah-palin-arizonan-tragedian-poliittinen-uhri\/","url":"https:\/\/suomenkuvalehti.fi\/americana\/sarah-palin-arizonan-tragedian-poliittinen-uhri\/","name":"Sarah Palin - Arizonan tragedian poliittinen uhri - Americana","isPartOf":{"@id":"https:\/\/suomenkuvalehti.fi\/americana\/#website"},"datePublished":"2011-01-19T14:25:56+00:00","dateModified":"2013-11-30T14:22:31+00:00","author":{"@id":"https:\/\/suomenkuvalehti.fi\/americana\/#\/schema\/person\/12d514491cb37506bc39c8e10176c3ec"},"breadcrumb":{"@id":"https:\/\/suomenkuvalehti.fi\/americana\/sarah-palin-arizonan-tragedian-poliittinen-uhri\/#breadcrumb"},"inLanguage":"fi","potentialAction":[{"@type":"ReadAction","target":["https:\/\/suomenkuvalehti.fi\/americana\/sarah-palin-arizonan-tragedian-poliittinen-uhri\/"]}]},{"@type":"BreadcrumbList","@id":"https:\/\/suomenkuvalehti.fi\/americana\/sarah-palin-arizonan-tragedian-poliittinen-uhri\/#breadcrumb","itemListElement":[{"@type":"ListItem","position":1,"name":"Home","item":"https:\/\/suomenkuvalehti.fi\/americana\/"},{"@type":"ListItem","position":2,"name":"Sarah Palin &#8211; Arizonan tragedian poliittinen uhri"}]},{"@type":"WebSite","@id":"https:\/\/suomenkuvalehti.fi\/americana\/#website","url":"https:\/\/suomenkuvalehti.fi\/americana\/","name":"Americana","description":"Professori Marko Maunula seuraa USA:n politiikkaa ja populaarikulttuuria","potentialAction":[{"@type":"SearchAction","target":{"@type":"EntryPoint","urlTemplate":"https:\/\/suomenkuvalehti.fi\/haku\/?q={search_term_string}"},"query-input":{"@type":"PropertyValueSpecification","valueRequired":true,"valueName":"search_term_string"}}],"inLanguage":"fi"},{"@type":"Person","@id":"https:\/\/suomenkuvalehti.fi\/americana\/#\/schema\/person\/12d514491cb37506bc39c8e10176c3ec","name":"Marko Maunula","image":{"@type":"ImageObject","inLanguage":"fi","@id":"https:\/\/suomenkuvalehti.fi\/americana\/#\/schema\/person\/image\/","url":"https:\/\/suomenkuvalehti.fi\/americana\/wp-content\/uploads\/sites\/10\/2022\/04\/americana_maunula-150x150.jpg","contentUrl":"https:\/\/suomenkuvalehti.fi\/americana\/wp-content\/uploads\/sites\/10\/2022\/04\/americana_maunula-150x150.jpg","caption":"Marko Maunula"},"description":"Kirjoittaja on Yhdysvaltain historian professori Atlantassa."}]}},"_links":{"self":[{"href":"https:\/\/suomenkuvalehti.fi\/americana\/wp-json\/wp\/v2\/posts\/482","targetHints":{"allow":["GET"]}}],"collection":[{"href":"https:\/\/suomenkuvalehti.fi\/americana\/wp-json\/wp\/v2\/posts"}],"about":[{"href":"https:\/\/suomenkuvalehti.fi\/americana\/wp-json\/wp\/v2\/types\/post"}],"author":[{"embeddable":true,"href":"https:\/\/suomenkuvalehti.fi\/americana\/wp-json\/wp\/v2\/users\/158"}],"replies":[{"embeddable":true,"href":"https:\/\/suomenkuvalehti.fi\/americana\/wp-json\/wp\/v2\/comments?post=482"}],"version-history":[{"count":1,"href":"https:\/\/suomenkuvalehti.fi\/americana\/wp-json\/wp\/v2\/posts\/482\/revisions"}],"predecessor-version":[{"id":1098,"href":"https:\/\/suomenkuvalehti.fi\/americana\/wp-json\/wp\/v2\/posts\/482\/revisions\/1098"}],"wp:attachment":[{"href":"https:\/\/suomenkuvalehti.fi\/americana\/wp-json\/wp\/v2\/media?parent=482"}],"wp:term":[{"taxonomy":"category","embeddable":true,"href":"https:\/\/suomenkuvalehti.fi\/americana\/wp-json\/wp\/v2\/categories?post=482"},{"taxonomy":"post_tag","embeddable":true,"href":"https:\/\/suomenkuvalehti.fi\/americana\/wp-json\/wp\/v2\/tags?post=482"}],"curies":[{"name":"wp","href":"https:\/\/api.w.org\/{rel}","templated":true}]}}