{"id":481,"date":"2011-01-23T18:36:40","date_gmt":"2011-01-23T16:36:40","guid":{"rendered":"https:\/\/suomenkuvalehti.fi\/americana\/barack-obama-republikaanien-lemppari\/"},"modified":"2013-11-30T16:22:31","modified_gmt":"2013-11-30T14:22:31","slug":"barack-obama-republikaanien-lemppari","status":"publish","type":"post","link":"https:\/\/suomenkuvalehti.fi\/americana\/barack-obama-republikaanien-lemppari\/","title":{"rendered":"Barack Obama, republikaanien lemppari?"},"content":{"rendered":"\n<p>Presidentti <strong>Barack Obaman<\/strong> ihailijakerho kasvaa. Jotkut maltilliset ja \u00e4lykk\u00e4\u00e4t republikaanit ovat my\u00f6nt\u00e4neet pit\u00e4v\u00e4ns\u00e4 presidentist\u00e4.<\/p>\n\n\n\n<p>Vaalikampanjan aikana sek\u00e4 liberaalien Obama-mania ett\u00e4 konservatiivien j\u00e4rjenvastainen vakaumus, ett\u00e4 Obama on kenialainen muslimi-kommunisti olivat tosiasioiden valossa h\u00e4mment\u00e4vi\u00e4 uskomuksia. Obama oli, ja on, maltillinen liberaali, l\u00e4hemp\u00e4n\u00e4 suomalaista kokoomukselaista tai Lippos-linjan sosiaalidemokraattia kuin vasemmistoliiton \u00e4\u00e4nest\u00e4j\u00e4\u00e4.<\/p>\n\n\n\n<p>Jopa monet j\u00e4rkev\u00e4t republikaanit olivat alunperin suunniltaan Obaman kauden alkutaipaleesta, mutta se selittyy ennemmin puolueen perinteisell\u00e4 hysterialla: joka kerta kun demokraatti nousee Valkoiseen taloon, republikaanit n\u00e4ytt\u00e4v\u00e4t menett\u00e4v\u00e4n tilap\u00e4isesti j\u00e4rkens\u00e4. Palattuaan taas maan pinnalle, todellisuuspohjaiset republikaanit ovat hiljalleen havaitsemassa istuvan presidentin olevan maltillinen ja tasapainoinen keskitien kulkija.<\/p>\n\n\n\n<p>Presidentti <strong>George W. Bushin<\/strong> ajama ja Obaman jatkama pankkien pelastuspaketti pohjautui markkinavetoiseen, yksityisomistusta kunnioittavaan ratkaisuun. Terveydenhoidon uudistus perustui my\u00f6s yksityiseen sairasvakuutusj\u00e4rjestelm\u00e4\u00e4n. Uusi pankkilaki on perinjuurin maltillinen paketti. Hallinnon suurimpia saavutuksia on vaikea pist\u00e4\u00e4 ideologisesti kovinkaan kauas vasemmalle.<\/p>\n\n\n\n<p>Republikaanit ovat havaitsemassa, ett\u00e4 istuva presidentti on j\u00e4rkev\u00e4 mies. Jotkut heist\u00e4 ovat menneet viel\u00e4 pidemm\u00e4lle. <strong>Ben Stein<\/strong>, <strong>Richard Nixonin<\/strong> ja <strong>Gerald Fordin<\/strong> puheenkirjoittaja ja konservatiivinen kommentaattori, <a href=\"http:\/\/www.cbsnews.com\/video\/watch\/?id=7274877n&amp;tag=related;photovideo\">ehdotti puolivakavissaan t\u00e4m\u00e4n aamun Sunday Morning -ohjelmassa<\/a>, ett\u00e4 republikaanien seuraavan presidenttiehdokkaan pit\u00e4isi olla&#8230; Barack Obama.<\/p>\n\n\n\n<p>Soundtrack: Grateful Dead, <a href=\"https:\/\/www.youtube.com\/watch?v=pmT6udys8Tc\">Touch of Grey<\/a>.<\/p>\n\n\n","protected":false},"excerpt":{"rendered":"<p>Presidentti Barack Obaman ihailijakerho kasvaa. Jotkut maltilliset ja \u00e4lykk\u00e4\u00e4t republikaanit ovat my\u00f6nt\u00e4neet pit\u00e4v\u00e4ns\u00e4 presidentist\u00e4. Vaalikampanjan aikana sek\u00e4 liberaalien Obama-mania ett\u00e4 konservatiivien j\u00e4rjenvastainen vakaumus, ett\u00e4 Obama on kenialainen muslimi-kommunisti<br \/>\nolivat tosia&hellip;<\/p>\n","protected":false},"author":158,"featured_media":0,"comment_status":"open","ping_status":"open","sticky":false,"template":"","format":"standard","meta":{"_acf_changed":false,"asauth_required_access_level":0,"asauth_cansharepaid":"","om_header_attributes":[],"footnotes":"","om_featured_image_focal_point":[],"om_primary_tag":0,"om_contributors":[],"om_co_authors":[],"beyondwords_generate_audio":"","beyondwords_project_id":"","beyondwords_content_id":"","beyondwords_preview_token":"","beyondwords_player_content":"","beyondwords_player_style":"","beyondwords_language_code":"","beyondwords_language_id":"","beyondwords_title_voice_id":"","beyondwords_body_voice_id":"","beyondwords_summary_voice_id":"","beyondwords_error_message":"","beyondwords_disabled":"","beyondwords_delete_content":"","beyondwords_podcast_id":"","beyondwords_hash":"","publish_post_to_speechkit":"","speechkit_hash":"","speechkit_generate_audio":"","speechkit_project_id":"","speechkit_podcast_id":"","speechkit_error_message":"","speechkit_disabled":"","speechkit_access_key":"","speechkit_error":"","speechkit_info":"","speechkit_response":"","speechkit_retries":"","speechkit_status":"","speechkit_updated_at":"","_speechkit_link":"","_speechkit_text":""},"categories":[1],"tags":[36,942,30,24],"class_list":["post-481","post","type-post","status-publish","format-standard","hentry","category-americana","tag-barack-obama","tag-ben-stein","tag-republikaanit","tag-yhdysvallat"],"om_views":null,"acf":{"tuuma_off":false,"tuuma_kysymys":"","tuuma_vastaus":""},"asauth":{"required_access_level":1,"share_token":"","is_paid":false},"yoast_head":"<!-- This site is optimized with the Yoast SEO plugin v26.4 - https:\/\/yoast.com\/wordpress\/plugins\/seo\/ -->\n<title>Barack Obama, republikaanien lemppari? - Americana<\/title>\n<meta name=\"robots\" content=\"noindex, follow\" \/>\n<meta property=\"og:locale\" content=\"fi_FI\" \/>\n<meta property=\"og:type\" content=\"article\" \/>\n<meta property=\"og:title\" content=\"Barack Obama, republikaanien lemppari? - Americana\" \/>\n<meta property=\"og:description\" content=\"Presidentti Barack Obaman ihailijakerho kasvaa. Jotkut maltilliset ja \u00e4lykk\u00e4\u00e4t republikaanit ovat my\u00f6nt\u00e4neet pit\u00e4v\u00e4ns\u00e4 presidentist\u00e4. Vaalikampanjan aikana sek\u00e4 liberaalien Obama-mania ett\u00e4 konservatiivien j\u00e4rjenvastainen vakaumus, ett\u00e4 Obama on kenialainen muslimi-kommunisti olivat tosia&hellip;\" \/>\n<meta property=\"og:url\" content=\"https:\/\/suomenkuvalehti.fi\/americana\/barack-obama-republikaanien-lemppari\/\" \/>\n<meta property=\"og:site_name\" content=\"Americana\" \/>\n<meta property=\"article:published_time\" content=\"2011-01-23T16:36:40+00:00\" \/>\n<meta property=\"article:modified_time\" content=\"2013-11-30T14:22:31+00:00\" \/>\n<meta property=\"og:image\" content=\"https:\/\/suomenkuvalehti.fi\/americana\/wp-content\/uploads\/sites\/10\/2022\/04\/americana_maunula-scaled.jpg\" \/>\n\t<meta property=\"og:image:width\" content=\"2560\" \/>\n\t<meta property=\"og:image:height\" content=\"1706\" \/>\n\t<meta property=\"og:image:type\" content=\"image\/jpeg\" \/>\n<meta name=\"author\" content=\"Marko Maunula\" \/>\n<meta name=\"twitter:card\" content=\"summary_large_image\" \/>\n<meta name=\"twitter:label1\" content=\"Written by\" \/>\n\t<meta name=\"twitter:data1\" content=\"Marko Maunula\" \/>\n\t<meta name=\"twitter:label2\" content=\"Est. reading time\" \/>\n\t<meta name=\"twitter:data2\" content=\"1 minuutti\" \/>\n<script type=\"application\/ld+json\" class=\"yoast-schema-graph\">{\"@context\":\"https:\/\/schema.org\",\"@graph\":[{\"@type\":\"WebPage\",\"@id\":\"https:\/\/suomenkuvalehti.fi\/americana\/barack-obama-republikaanien-lemppari\/\",\"url\":\"https:\/\/suomenkuvalehti.fi\/americana\/barack-obama-republikaanien-lemppari\/\",\"name\":\"Barack Obama, republikaanien lemppari? - Americana\",\"isPartOf\":{\"@id\":\"https:\/\/suomenkuvalehti.fi\/americana\/#website\"},\"datePublished\":\"2011-01-23T16:36:40+00:00\",\"dateModified\":\"2013-11-30T14:22:31+00:00\",\"author\":{\"@id\":\"https:\/\/suomenkuvalehti.fi\/americana\/#\/schema\/person\/12d514491cb37506bc39c8e10176c3ec\"},\"breadcrumb\":{\"@id\":\"https:\/\/suomenkuvalehti.fi\/americana\/barack-obama-republikaanien-lemppari\/#breadcrumb\"},\"inLanguage\":\"fi\",\"potentialAction\":[{\"@type\":\"ReadAction\",\"target\":[\"https:\/\/suomenkuvalehti.fi\/americana\/barack-obama-republikaanien-lemppari\/\"]}]},{\"@type\":\"BreadcrumbList\",\"@id\":\"https:\/\/suomenkuvalehti.fi\/americana\/barack-obama-republikaanien-lemppari\/#breadcrumb\",\"itemListElement\":[{\"@type\":\"ListItem\",\"position\":1,\"name\":\"Home\",\"item\":\"https:\/\/suomenkuvalehti.fi\/americana\/\"},{\"@type\":\"ListItem\",\"position\":2,\"name\":\"Barack Obama, republikaanien lemppari?\"}]},{\"@type\":\"WebSite\",\"@id\":\"https:\/\/suomenkuvalehti.fi\/americana\/#website\",\"url\":\"https:\/\/suomenkuvalehti.fi\/americana\/\",\"name\":\"Americana\",\"description\":\"Professori Marko Maunula seuraa USA:n politiikkaa ja populaarikulttuuria\",\"potentialAction\":[{\"@type\":\"SearchAction\",\"target\":{\"@type\":\"EntryPoint\",\"urlTemplate\":\"https:\/\/suomenkuvalehti.fi\/haku\/?q={search_term_string}\"},\"query-input\":{\"@type\":\"PropertyValueSpecification\",\"valueRequired\":true,\"valueName\":\"search_term_string\"}}],\"inLanguage\":\"fi\"},{\"@type\":\"Person\",\"@id\":\"https:\/\/suomenkuvalehti.fi\/americana\/#\/schema\/person\/12d514491cb37506bc39c8e10176c3ec\",\"name\":\"Marko Maunula\",\"image\":{\"@type\":\"ImageObject\",\"inLanguage\":\"fi\",\"@id\":\"https:\/\/suomenkuvalehti.fi\/americana\/#\/schema\/person\/image\/\",\"url\":\"https:\/\/suomenkuvalehti.fi\/americana\/wp-content\/uploads\/sites\/10\/2022\/04\/americana_maunula-150x150.jpg\",\"contentUrl\":\"https:\/\/suomenkuvalehti.fi\/americana\/wp-content\/uploads\/sites\/10\/2022\/04\/americana_maunula-150x150.jpg\",\"caption\":\"Marko Maunula\"},\"description\":\"Kirjoittaja on Yhdysvaltain historian professori Atlantassa.\"}]}<\/script>\n<!-- \/ Yoast SEO plugin. -->","yoast_head_json":{"title":"Barack Obama, republikaanien lemppari? - Americana","robots":{"index":"noindex","follow":"follow"},"og_locale":"fi_FI","og_type":"article","og_title":"Barack Obama, republikaanien lemppari? - Americana","og_description":"Presidentti Barack Obaman ihailijakerho kasvaa. Jotkut maltilliset ja \u00e4lykk\u00e4\u00e4t republikaanit ovat my\u00f6nt\u00e4neet pit\u00e4v\u00e4ns\u00e4 presidentist\u00e4. Vaalikampanjan aikana sek\u00e4 liberaalien Obama-mania ett\u00e4 konservatiivien j\u00e4rjenvastainen vakaumus, ett\u00e4 Obama on kenialainen muslimi-kommunisti olivat tosia&hellip;","og_url":"https:\/\/suomenkuvalehti.fi\/americana\/barack-obama-republikaanien-lemppari\/","og_site_name":"Americana","article_published_time":"2011-01-23T16:36:40+00:00","article_modified_time":"2013-11-30T14:22:31+00:00","og_image":[{"width":2560,"height":1706,"url":"https:\/\/suomenkuvalehti.fi\/americana\/wp-content\/uploads\/sites\/10\/2022\/04\/americana_maunula-scaled.jpg","type":"image\/jpeg"}],"author":"Marko Maunula","twitter_card":"summary_large_image","twitter_misc":{"Written by":"Marko Maunula","Est. reading time":"1 minuutti"},"schema":{"@context":"https:\/\/schema.org","@graph":[{"@type":"WebPage","@id":"https:\/\/suomenkuvalehti.fi\/americana\/barack-obama-republikaanien-lemppari\/","url":"https:\/\/suomenkuvalehti.fi\/americana\/barack-obama-republikaanien-lemppari\/","name":"Barack Obama, republikaanien lemppari? - Americana","isPartOf":{"@id":"https:\/\/suomenkuvalehti.fi\/americana\/#website"},"datePublished":"2011-01-23T16:36:40+00:00","dateModified":"2013-11-30T14:22:31+00:00","author":{"@id":"https:\/\/suomenkuvalehti.fi\/americana\/#\/schema\/person\/12d514491cb37506bc39c8e10176c3ec"},"breadcrumb":{"@id":"https:\/\/suomenkuvalehti.fi\/americana\/barack-obama-republikaanien-lemppari\/#breadcrumb"},"inLanguage":"fi","potentialAction":[{"@type":"ReadAction","target":["https:\/\/suomenkuvalehti.fi\/americana\/barack-obama-republikaanien-lemppari\/"]}]},{"@type":"BreadcrumbList","@id":"https:\/\/suomenkuvalehti.fi\/americana\/barack-obama-republikaanien-lemppari\/#breadcrumb","itemListElement":[{"@type":"ListItem","position":1,"name":"Home","item":"https:\/\/suomenkuvalehti.fi\/americana\/"},{"@type":"ListItem","position":2,"name":"Barack Obama, republikaanien lemppari?"}]},{"@type":"WebSite","@id":"https:\/\/suomenkuvalehti.fi\/americana\/#website","url":"https:\/\/suomenkuvalehti.fi\/americana\/","name":"Americana","description":"Professori Marko Maunula seuraa USA:n politiikkaa ja populaarikulttuuria","potentialAction":[{"@type":"SearchAction","target":{"@type":"EntryPoint","urlTemplate":"https:\/\/suomenkuvalehti.fi\/haku\/?q={search_term_string}"},"query-input":{"@type":"PropertyValueSpecification","valueRequired":true,"valueName":"search_term_string"}}],"inLanguage":"fi"},{"@type":"Person","@id":"https:\/\/suomenkuvalehti.fi\/americana\/#\/schema\/person\/12d514491cb37506bc39c8e10176c3ec","name":"Marko Maunula","image":{"@type":"ImageObject","inLanguage":"fi","@id":"https:\/\/suomenkuvalehti.fi\/americana\/#\/schema\/person\/image\/","url":"https:\/\/suomenkuvalehti.fi\/americana\/wp-content\/uploads\/sites\/10\/2022\/04\/americana_maunula-150x150.jpg","contentUrl":"https:\/\/suomenkuvalehti.fi\/americana\/wp-content\/uploads\/sites\/10\/2022\/04\/americana_maunula-150x150.jpg","caption":"Marko Maunula"},"description":"Kirjoittaja on Yhdysvaltain historian professori Atlantassa."}]}},"_links":{"self":[{"href":"https:\/\/suomenkuvalehti.fi\/americana\/wp-json\/wp\/v2\/posts\/481","targetHints":{"allow":["GET"]}}],"collection":[{"href":"https:\/\/suomenkuvalehti.fi\/americana\/wp-json\/wp\/v2\/posts"}],"about":[{"href":"https:\/\/suomenkuvalehti.fi\/americana\/wp-json\/wp\/v2\/types\/post"}],"author":[{"embeddable":true,"href":"https:\/\/suomenkuvalehti.fi\/americana\/wp-json\/wp\/v2\/users\/158"}],"replies":[{"embeddable":true,"href":"https:\/\/suomenkuvalehti.fi\/americana\/wp-json\/wp\/v2\/comments?post=481"}],"version-history":[{"count":1,"href":"https:\/\/suomenkuvalehti.fi\/americana\/wp-json\/wp\/v2\/posts\/481\/revisions"}],"predecessor-version":[{"id":1097,"href":"https:\/\/suomenkuvalehti.fi\/americana\/wp-json\/wp\/v2\/posts\/481\/revisions\/1097"}],"wp:attachment":[{"href":"https:\/\/suomenkuvalehti.fi\/americana\/wp-json\/wp\/v2\/media?parent=481"}],"wp:term":[{"taxonomy":"category","embeddable":true,"href":"https:\/\/suomenkuvalehti.fi\/americana\/wp-json\/wp\/v2\/categories?post=481"},{"taxonomy":"post_tag","embeddable":true,"href":"https:\/\/suomenkuvalehti.fi\/americana\/wp-json\/wp\/v2\/tags?post=481"}],"curies":[{"name":"wp","href":"https:\/\/api.w.org\/{rel}","templated":true}]}}