{"id":4806,"date":"2020-01-26T19:34:06","date_gmt":"2020-01-26T17:34:06","guid":{"rendered":"https:\/\/suomenkuvalehti.fi\/americana\/?p=4806"},"modified":"2020-01-26T19:34:06","modified_gmt":"2020-01-26T17:34:06","slug":"trumpin-valtakunnanoikeus-synnytti-tahden-demokraattien-paasyyttaja-on-vaatimaton-tyomyyra","status":"publish","type":"post","link":"https:\/\/suomenkuvalehti.fi\/americana\/trumpin-valtakunnanoikeus-synnytti-tahden-demokraattien-paasyyttaja-on-vaatimaton-tyomyyra\/","title":{"rendered":"Trumpin valtakunnanoikeus synnytti t\u00e4hden: demokraattien p\u00e4\u00e4syytt\u00e4j\u00e4 on vaatimaton ty\u00f6myyr\u00e4"},"content":{"rendered":"\n<p><span class=\"capitalized\">Presidentti<\/span> <strong>Donald J. Trumpin<\/strong> valtakunnanoikeus on synnytt\u00e4nyt yhden poliittisen t\u00e4hden. Demokraattien p\u00e4\u00e4syytt\u00e4j\u00e4 <strong>Adam Schiff<\/strong> on ansainnut jopa joidenkin <a href=\"https:\/\/www.thehour.com\/news\/article\/Face-of-impeachment-Schiff-sets-tone-with-14999715.php\" target=\"_blank\" rel=\"noopener\">republikaanien vastentahtoisen kunnioituksen<\/a> \u00e4lykk\u00e4\u00e4ll\u00e4, huolellisesti rakennetulla ja taitavasti esitetyll\u00e4 syytekirjelm\u00e4ll\u00e4.<\/p>\n\n\n\n<p>Schiff on teht\u00e4v\u00e4\u00e4n kokenut mies. Harvard-koulutettu kalifornialainen toimi aikaisemmin liittovaltion syytt\u00e4j\u00e4n\u00e4. 1990-luvulla h\u00e4n siirtyi politiikkaan ja kongressiedustajana h\u00e4n on palvellut vuodesta 2001. Schiffin vaalipiiri koostuu vankan liberaalista pohjoisesta suur-Los Angelesin alueesta.<\/p>\n\n\n\n<p>Edustaja Schiff on vaatimaton ty\u00f6myyr\u00e4, joka on noussut puolueensa hierarkiassa hitaasti, mutta varmasti. H\u00e4n ei etsi valokeilaa, mutta ei my\u00f6sk\u00e4\u00e4n v\u00e4ist\u00e4 sit\u00e4. Puoluetoverit kunnioittavat Schiffin vankkaa ty\u00f6etiikkaa ja rauhallista suhtautumista politiikkaan.<\/p>\n\n\n\n<p>&nbsp;<\/p>\n\n\n\n<p><span class=\"capitalized\">Valtakunnanoikeus<\/span> on nostanut Schiffin laajempaan kansalliseen tietoisuuteen. H\u00e4nen ty\u00f6ns\u00e4 demokraattien keskeisen\u00e4 syytt\u00e4j\u00e4n\u00e4 <a href=\"https:\/\/www.washingtonpost.com\/opinions\/2020\/01\/22\/adam-schiffs-brilliant-presentation-is-knocking-down-excuses-acquit\/\" target=\"_blank\" rel=\"noopener\">on ollut ensiluokkaista<\/a>.<\/p>\n\n\n\n<p>Silti edes Schiffin ja muun demokraattisen tiimin vankka ty\u00f6 ja vakuuttava syytekirjelm\u00e4 eiv\u00e4t riit\u00e4 k\u00e4\u00e4nt\u00e4m\u00e4\u00e4n kyllin monen republikaanin p\u00e4\u00e4t\u00e4. Ilman ihmett\u00e4 Trump pysyy virassaan. Valtakunnanoikeus j\u00e4\u00e4 historiaan virstanpylv\u00e4\u00e4n\u00e4 republikaanien moraalisesti ja perustuslaillisesti korruptoituneessa marssissa kohti yh\u00e4 vankempaa trumpismia.<\/p>\n\n\n\n<p>&nbsp;<\/p>\n\n\n\n<p><span class=\"capitalized\">Schiff<\/span> ei ole presidenttiainesta. H\u00e4n on kiistattoman ammattitaitoinen ja demokraattien t\u00e4hti <em>de jour<\/em>, mutta miehen karisman puute on ilmeinen. Liberaalista kaliforniasta ponnistava juutalais\u00e4lykk\u00f6 tuskin sytytt\u00e4\u00e4 keskil\u00e4nnen tai etel\u00e4n \u00e4\u00e4nest\u00e4ji\u00e4 liekkehin.<\/p>\n\n\n\n<p>Joka tapauksessa Schiff astui nyt vankasti demokraattien eturiviin. H\u00e4n on nyt selke\u00e4sti puolueen johtohahmoja, vain askeleen <strong>Nancy Pelosin<\/strong> ja <strong>Chuck Schumerin<\/strong> takana.<\/p>\n\n\n\n<p>&nbsp;<\/p>\n\n\n\n<p><em>Soundtrack: Beastie Boys, Sounds of Science.<\/em><\/p>\n\n\n<p><iframe loading=\"lazy\" width=\"472\" height=\"354\" src=\"https:\/\/www.youtube.com\/embed\/XtdKvEpl-Uo?feature=oembed\" frameborder=\"0\" allow=\"accelerometer; autoplay; encrypted-media; gyroscope; picture-in-picture\" allowfullscreen><\/iframe><\/p>\n","protected":false},"excerpt":{"rendered":"<p>Presidentti Donald J. Trumpin valtakunnanoikeus on synnytt\u00e4nyt yhden poliittisen t\u00e4hden. Demokraattien p\u00e4\u00e4syytt\u00e4j\u00e4 Adam Schiff on ansainnut jopa joidenkin republikaanien vastentahtoisen kunnioituksen \u00e4lykk\u00e4\u00e4ll\u00e4, huolellisesti<br \/>\nrakennetu&hellip;<\/p>\n","protected":false},"author":158,"featured_media":0,"comment_status":"open","ping_status":"open","sticky":false,"template":"","format":"standard","meta":{"_acf_changed":false,"asauth_required_access_level":3,"asauth_cansharepaid":"true","om_header_attributes":[],"footnotes":"","om_featured_image_focal_point":[],"om_primary_tag":0,"om_contributors":[],"om_co_authors":[],"beyondwords_generate_audio":"","beyondwords_project_id":"","beyondwords_content_id":"","beyondwords_preview_token":"","beyondwords_player_content":"","beyondwords_player_style":"","beyondwords_language_code":"","beyondwords_language_id":"","beyondwords_title_voice_id":"","beyondwords_body_voice_id":"","beyondwords_summary_voice_id":"","beyondwords_error_message":"","beyondwords_disabled":"","beyondwords_delete_content":"","beyondwords_podcast_id":"","beyondwords_hash":"","publish_post_to_speechkit":"","speechkit_hash":"","speechkit_generate_audio":"","speechkit_project_id":"","speechkit_podcast_id":"","speechkit_error_message":"","speechkit_disabled":"","speechkit_access_key":"","speechkit_error":"","speechkit_info":"","speechkit_response":"","speechkit_retries":"","speechkit_status":"","speechkit_updated_at":"","_speechkit_link":"","_speechkit_text":""},"categories":[1],"tags":[2169,1669,586,2170,2167],"class_list":["post-4806","post","type-post","status-publish","format-standard","hentry","category-americana","tag-adam-schiff","tag-demokraatti","tag-donald-trump","tag-syyttaja","tag-valtakunnaoikeus"],"om_views":null,"acf":{"tuuma_off":false,"tuuma_kysymys":"","tuuma_vastaus":""},"asauth":{"required_access_level":1,"share_token":"","is_paid":false},"yoast_head":"<!-- This site is optimized with the Yoast SEO plugin v26.4 - https:\/\/yoast.com\/wordpress\/plugins\/seo\/ -->\n<title>Trumpin valtakunnanoikeus synnytti t\u00e4hden: demokraattien p\u00e4\u00e4syytt\u00e4j\u00e4 on vaatimaton ty\u00f6myyr\u00e4 - Americana<\/title>\n<meta name=\"robots\" content=\"noindex, follow\" \/>\n<meta property=\"og:locale\" content=\"fi_FI\" \/>\n<meta property=\"og:type\" content=\"article\" \/>\n<meta property=\"og:title\" content=\"Trumpin valtakunnanoikeus synnytti t\u00e4hden: demokraattien p\u00e4\u00e4syytt\u00e4j\u00e4 on vaatimaton ty\u00f6myyr\u00e4 - Americana\" \/>\n<meta property=\"og:description\" content=\"Presidentti Donald J. Trumpin valtakunnanoikeus on synnytt\u00e4nyt yhden poliittisen t\u00e4hden. Demokraattien p\u00e4\u00e4syytt\u00e4j\u00e4 Adam Schiff on ansainnut jopa joidenkin republikaanien vastentahtoisen kunnioituksen \u00e4lykk\u00e4\u00e4ll\u00e4, huolellisesti rakennetu&hellip;\" \/>\n<meta property=\"og:url\" content=\"https:\/\/suomenkuvalehti.fi\/americana\/trumpin-valtakunnanoikeus-synnytti-tahden-demokraattien-paasyyttaja-on-vaatimaton-tyomyyra\/\" \/>\n<meta property=\"og:site_name\" content=\"Americana\" \/>\n<meta property=\"article:published_time\" content=\"2020-01-26T17:34:06+00:00\" \/>\n<meta property=\"og:image\" content=\"https:\/\/suomenkuvalehti.fi\/americana\/wp-content\/uploads\/sites\/10\/2022\/04\/americana_maunula-scaled.jpg\" \/>\n\t<meta property=\"og:image:width\" content=\"2560\" \/>\n\t<meta property=\"og:image:height\" content=\"1706\" \/>\n\t<meta property=\"og:image:type\" content=\"image\/jpeg\" \/>\n<meta name=\"author\" content=\"Marko Maunula\" \/>\n<meta name=\"twitter:card\" content=\"summary_large_image\" \/>\n<meta name=\"twitter:label1\" content=\"Written by\" \/>\n\t<meta name=\"twitter:data1\" content=\"Marko Maunula\" \/>\n\t<meta name=\"twitter:label2\" content=\"Est. reading time\" \/>\n\t<meta name=\"twitter:data2\" content=\"1 minuutti\" \/>\n<script type=\"application\/ld+json\" class=\"yoast-schema-graph\">{\"@context\":\"https:\/\/schema.org\",\"@graph\":[{\"@type\":\"WebPage\",\"@id\":\"https:\/\/suomenkuvalehti.fi\/americana\/trumpin-valtakunnanoikeus-synnytti-tahden-demokraattien-paasyyttaja-on-vaatimaton-tyomyyra\/\",\"url\":\"https:\/\/suomenkuvalehti.fi\/americana\/trumpin-valtakunnanoikeus-synnytti-tahden-demokraattien-paasyyttaja-on-vaatimaton-tyomyyra\/\",\"name\":\"Trumpin valtakunnanoikeus synnytti t\u00e4hden: demokraattien p\u00e4\u00e4syytt\u00e4j\u00e4 on vaatimaton ty\u00f6myyr\u00e4 - Americana\",\"isPartOf\":{\"@id\":\"https:\/\/suomenkuvalehti.fi\/americana\/#website\"},\"datePublished\":\"2020-01-26T17:34:06+00:00\",\"author\":{\"@id\":\"https:\/\/suomenkuvalehti.fi\/americana\/#\/schema\/person\/12d514491cb37506bc39c8e10176c3ec\"},\"breadcrumb\":{\"@id\":\"https:\/\/suomenkuvalehti.fi\/americana\/trumpin-valtakunnanoikeus-synnytti-tahden-demokraattien-paasyyttaja-on-vaatimaton-tyomyyra\/#breadcrumb\"},\"inLanguage\":\"fi\",\"potentialAction\":[{\"@type\":\"ReadAction\",\"target\":[\"https:\/\/suomenkuvalehti.fi\/americana\/trumpin-valtakunnanoikeus-synnytti-tahden-demokraattien-paasyyttaja-on-vaatimaton-tyomyyra\/\"]}]},{\"@type\":\"BreadcrumbList\",\"@id\":\"https:\/\/suomenkuvalehti.fi\/americana\/trumpin-valtakunnanoikeus-synnytti-tahden-demokraattien-paasyyttaja-on-vaatimaton-tyomyyra\/#breadcrumb\",\"itemListElement\":[{\"@type\":\"ListItem\",\"position\":1,\"name\":\"Home\",\"item\":\"https:\/\/suomenkuvalehti.fi\/americana\/\"},{\"@type\":\"ListItem\",\"position\":2,\"name\":\"Trumpin valtakunnanoikeus synnytti t\u00e4hden: demokraattien p\u00e4\u00e4syytt\u00e4j\u00e4 on vaatimaton ty\u00f6myyr\u00e4\"}]},{\"@type\":\"WebSite\",\"@id\":\"https:\/\/suomenkuvalehti.fi\/americana\/#website\",\"url\":\"https:\/\/suomenkuvalehti.fi\/americana\/\",\"name\":\"Americana\",\"description\":\"Professori Marko Maunula seuraa USA:n politiikkaa ja populaarikulttuuria\",\"potentialAction\":[{\"@type\":\"SearchAction\",\"target\":{\"@type\":\"EntryPoint\",\"urlTemplate\":\"https:\/\/suomenkuvalehti.fi\/haku\/?q={search_term_string}\"},\"query-input\":{\"@type\":\"PropertyValueSpecification\",\"valueRequired\":true,\"valueName\":\"search_term_string\"}}],\"inLanguage\":\"fi\"},{\"@type\":\"Person\",\"@id\":\"https:\/\/suomenkuvalehti.fi\/americana\/#\/schema\/person\/12d514491cb37506bc39c8e10176c3ec\",\"name\":\"Marko Maunula\",\"image\":{\"@type\":\"ImageObject\",\"inLanguage\":\"fi\",\"@id\":\"https:\/\/suomenkuvalehti.fi\/americana\/#\/schema\/person\/image\/\",\"url\":\"https:\/\/suomenkuvalehti.fi\/americana\/wp-content\/uploads\/sites\/10\/2022\/04\/americana_maunula-150x150.jpg\",\"contentUrl\":\"https:\/\/suomenkuvalehti.fi\/americana\/wp-content\/uploads\/sites\/10\/2022\/04\/americana_maunula-150x150.jpg\",\"caption\":\"Marko Maunula\"},\"description\":\"Kirjoittaja on Yhdysvaltain historian professori Atlantassa.\"}]}<\/script>\n<!-- \/ Yoast SEO plugin. -->","yoast_head_json":{"title":"Trumpin valtakunnanoikeus synnytti t\u00e4hden: demokraattien p\u00e4\u00e4syytt\u00e4j\u00e4 on vaatimaton ty\u00f6myyr\u00e4 - Americana","robots":{"index":"noindex","follow":"follow"},"og_locale":"fi_FI","og_type":"article","og_title":"Trumpin valtakunnanoikeus synnytti t\u00e4hden: demokraattien p\u00e4\u00e4syytt\u00e4j\u00e4 on vaatimaton ty\u00f6myyr\u00e4 - Americana","og_description":"Presidentti Donald J. Trumpin valtakunnanoikeus on synnytt\u00e4nyt yhden poliittisen t\u00e4hden. Demokraattien p\u00e4\u00e4syytt\u00e4j\u00e4 Adam Schiff on ansainnut jopa joidenkin republikaanien vastentahtoisen kunnioituksen \u00e4lykk\u00e4\u00e4ll\u00e4, huolellisesti rakennetu&hellip;","og_url":"https:\/\/suomenkuvalehti.fi\/americana\/trumpin-valtakunnanoikeus-synnytti-tahden-demokraattien-paasyyttaja-on-vaatimaton-tyomyyra\/","og_site_name":"Americana","article_published_time":"2020-01-26T17:34:06+00:00","og_image":[{"width":2560,"height":1706,"url":"https:\/\/suomenkuvalehti.fi\/americana\/wp-content\/uploads\/sites\/10\/2022\/04\/americana_maunula-scaled.jpg","type":"image\/jpeg"}],"author":"Marko Maunula","twitter_card":"summary_large_image","twitter_misc":{"Written by":"Marko Maunula","Est. reading time":"1 minuutti"},"schema":{"@context":"https:\/\/schema.org","@graph":[{"@type":"WebPage","@id":"https:\/\/suomenkuvalehti.fi\/americana\/trumpin-valtakunnanoikeus-synnytti-tahden-demokraattien-paasyyttaja-on-vaatimaton-tyomyyra\/","url":"https:\/\/suomenkuvalehti.fi\/americana\/trumpin-valtakunnanoikeus-synnytti-tahden-demokraattien-paasyyttaja-on-vaatimaton-tyomyyra\/","name":"Trumpin valtakunnanoikeus synnytti t\u00e4hden: demokraattien p\u00e4\u00e4syytt\u00e4j\u00e4 on vaatimaton ty\u00f6myyr\u00e4 - Americana","isPartOf":{"@id":"https:\/\/suomenkuvalehti.fi\/americana\/#website"},"datePublished":"2020-01-26T17:34:06+00:00","author":{"@id":"https:\/\/suomenkuvalehti.fi\/americana\/#\/schema\/person\/12d514491cb37506bc39c8e10176c3ec"},"breadcrumb":{"@id":"https:\/\/suomenkuvalehti.fi\/americana\/trumpin-valtakunnanoikeus-synnytti-tahden-demokraattien-paasyyttaja-on-vaatimaton-tyomyyra\/#breadcrumb"},"inLanguage":"fi","potentialAction":[{"@type":"ReadAction","target":["https:\/\/suomenkuvalehti.fi\/americana\/trumpin-valtakunnanoikeus-synnytti-tahden-demokraattien-paasyyttaja-on-vaatimaton-tyomyyra\/"]}]},{"@type":"BreadcrumbList","@id":"https:\/\/suomenkuvalehti.fi\/americana\/trumpin-valtakunnanoikeus-synnytti-tahden-demokraattien-paasyyttaja-on-vaatimaton-tyomyyra\/#breadcrumb","itemListElement":[{"@type":"ListItem","position":1,"name":"Home","item":"https:\/\/suomenkuvalehti.fi\/americana\/"},{"@type":"ListItem","position":2,"name":"Trumpin valtakunnanoikeus synnytti t\u00e4hden: demokraattien p\u00e4\u00e4syytt\u00e4j\u00e4 on vaatimaton ty\u00f6myyr\u00e4"}]},{"@type":"WebSite","@id":"https:\/\/suomenkuvalehti.fi\/americana\/#website","url":"https:\/\/suomenkuvalehti.fi\/americana\/","name":"Americana","description":"Professori Marko Maunula seuraa USA:n politiikkaa ja populaarikulttuuria","potentialAction":[{"@type":"SearchAction","target":{"@type":"EntryPoint","urlTemplate":"https:\/\/suomenkuvalehti.fi\/haku\/?q={search_term_string}"},"query-input":{"@type":"PropertyValueSpecification","valueRequired":true,"valueName":"search_term_string"}}],"inLanguage":"fi"},{"@type":"Person","@id":"https:\/\/suomenkuvalehti.fi\/americana\/#\/schema\/person\/12d514491cb37506bc39c8e10176c3ec","name":"Marko Maunula","image":{"@type":"ImageObject","inLanguage":"fi","@id":"https:\/\/suomenkuvalehti.fi\/americana\/#\/schema\/person\/image\/","url":"https:\/\/suomenkuvalehti.fi\/americana\/wp-content\/uploads\/sites\/10\/2022\/04\/americana_maunula-150x150.jpg","contentUrl":"https:\/\/suomenkuvalehti.fi\/americana\/wp-content\/uploads\/sites\/10\/2022\/04\/americana_maunula-150x150.jpg","caption":"Marko Maunula"},"description":"Kirjoittaja on Yhdysvaltain historian professori Atlantassa."}]}},"_links":{"self":[{"href":"https:\/\/suomenkuvalehti.fi\/americana\/wp-json\/wp\/v2\/posts\/4806","targetHints":{"allow":["GET"]}}],"collection":[{"href":"https:\/\/suomenkuvalehti.fi\/americana\/wp-json\/wp\/v2\/posts"}],"about":[{"href":"https:\/\/suomenkuvalehti.fi\/americana\/wp-json\/wp\/v2\/types\/post"}],"author":[{"embeddable":true,"href":"https:\/\/suomenkuvalehti.fi\/americana\/wp-json\/wp\/v2\/users\/158"}],"replies":[{"embeddable":true,"href":"https:\/\/suomenkuvalehti.fi\/americana\/wp-json\/wp\/v2\/comments?post=4806"}],"version-history":[{"count":5,"href":"https:\/\/suomenkuvalehti.fi\/americana\/wp-json\/wp\/v2\/posts\/4806\/revisions"}],"predecessor-version":[{"id":4813,"href":"https:\/\/suomenkuvalehti.fi\/americana\/wp-json\/wp\/v2\/posts\/4806\/revisions\/4813"}],"wp:attachment":[{"href":"https:\/\/suomenkuvalehti.fi\/americana\/wp-json\/wp\/v2\/media?parent=4806"}],"wp:term":[{"taxonomy":"category","embeddable":true,"href":"https:\/\/suomenkuvalehti.fi\/americana\/wp-json\/wp\/v2\/categories?post=4806"},{"taxonomy":"post_tag","embeddable":true,"href":"https:\/\/suomenkuvalehti.fi\/americana\/wp-json\/wp\/v2\/tags?post=4806"}],"curies":[{"name":"wp","href":"https:\/\/api.w.org\/{rel}","templated":true}]}}