{"id":48,"date":"2013-06-07T14:53:06","date_gmt":"2013-06-07T11:53:06","guid":{"rendered":"https:\/\/suomenkuvalehti.fi\/americana\/george-w-obama\/"},"modified":"2013-11-30T16:22:00","modified_gmt":"2013-11-30T14:22:00","slug":"george-w-obama","status":"publish","type":"post","link":"https:\/\/suomenkuvalehti.fi\/americana\/george-w-obama\/","title":{"rendered":"George W. Obama?"},"content":{"rendered":"\n<p>Kongressi on vihdoinkin l\u00f6yt\u00e4nyt aiheen, joka on rikkonut puoluerajat. Se koskee yksityisyytemme rajoittamista.<\/p>\n\n\n\n<p><em>The Guardian<\/em> raportoi eilen <strong>Obaman<\/strong> hallinnon harrastamasta laajamittaisesta kansalaisten <a href=\"http:\/\/www.guardian.co.uk\/world\/2013\/jun\/06\/us-tech-giants-nsa-data\">keskustelujen ja s\u00e4hk\u00f6postien seuraamisesta<\/a>. Hallinto on ker\u00e4nnyt tietoa miljoonien amerikkalaisten internet-k\u00e4ytt\u00e4ytymisest\u00e4, s\u00e4hk\u00f6posteista sek\u00e4 puhelinkeskusteluista. Toistaiseksi hallinto ei ole, tiet\u00e4\u00e4ksemme, kurkkinut s\u00e4hk\u00f6posteihin tai kuunnellut puheluja, mutta se on ker\u00e4nnyt <a href=\"http:\/\/www.washingtonpost.com\/investigations\/us-intelligence-mining-data-from-nine-us-internet-companies-in-broad-secret-program\/2013\/06\/06\/3a0c0da8-cebf-11e2-8845-d970ccb04497_story.html\">valtavat m\u00e4\u00e4r\u00e4t dataa<\/a> amerikkalaisten kommunikoinnista.<\/p>\n\n\n\n<p>Hallinto nojaa laillisesti <em>Patriot Actiin<\/em>, joka, vuoden 2001 terrori-iskujen j\u00e4lkeisess\u00e4 hysteerisess\u00e4 ilmapiiriss\u00e4, kavensi kansalaisten yksityisyytta sek\u00e4 laajensi hallituksen valtaoikeuksia datan ker\u00e4\u00e4misess\u00e4. Operaation tarkoitus on, hallinnon mukaan, maan turvallisuuden parantaminen sek\u00e4 mahdollisten terroristien toiminnan kartoitus.<\/p>\n\n\n\n<p>Median reaktio tapahtumaan on sekoittanut perinteisi\u00e4 poliittisia rajoja. Liberaali media on <a href=\"http:\/\/www.newrepublic.com\/article\/113401\/verizon-phone-records-obama-should-release-legal-memo\">kyseenalaistanut presidentin toimet<\/a> k\u00e4rkevin sanank\u00e4\u00e4ntein; Huffington Post jopa nimesi h\u00e4net <a href=\"http:\/\/www.businessinsider.com\/huffington-post-george-w-obama-front-page-2013-6\">George W. Obamaksi<\/a>. Konservatiivinen&nbsp;<em>Wall Street Journal<\/em> puolestaan <a href=\"http:\/\/online.wsj.com\/article\/SB10001424127887324299104578529373994191586.html?mod=WSJ_Opinion_LEADTop\">ylisti presidentin toimia<\/a>. Kongressissa sek\u00e4 kehut ett\u00e4 kritiikki ovat ylitt\u00e4neet puoluerajat.<\/p>\n\n\n\n<p>Poliittisesti presidentti Obaman suurin ongelma t\u00e4ss\u00e4 tapauksessa on h\u00e4nen kiistaton tekopyhyytens\u00e4. H\u00e4n perusti ison osan kampanjaansa avoimuuden sek\u00e4 anti-Bush imagonsa varaan. Liberaalit ovat kiristelleet hampaitaan Obaman laajentaman predator-kampanjan johdosta sek\u00e4 valittaneet Guantanamon vankilan toiminnan jatkamista. Uutiset datan ker\u00e4\u00e4misest\u00e4 ovat <a href=\"http:\/\/www.huffingtonpost.com\/2013\/06\/07\/nsa-prism-program_n_3401695.html\">monelle liberaalille liikaa<\/a>.<\/p>\n\n\n\n<p>Konservatiivit kommentaattorit ovat tulkinneet Obaman toimet <strong>George W. Bushin<\/strong> tiedustelupolitiikan sek\u00e4 Patriot Actin kunnianpalautukseksi. He taputtavat presidentille, joka on, heid\u00e4n mukaansa, oppinut Valkoisessa talossa ymm\u00e4rt\u00e4m\u00e4\u00e4n edelt\u00e4j\u00e4ns\u00e4 motiiveja sek\u00e4 arvostamaan h\u00e4nen toimintamallejaan.<\/p>\n\n\n\n<p>Toistaiseksi debatti on pitk\u00e4lti keskittynyt &#8221;onko t\u00e4m\u00e4 oikein\/v\u00e4\u00e4rin&#8221; -tinkaamiseen. Viel\u00e4 t\u00e4rke\u00e4mpi kysymys on mielestani &#8221;miksi?&#8221;<\/p>\n\n\n\n<p>Yhdysvallat on ollut tehokas operaatioissaan al-Qaidaa vastaan. Predator-iskut, pid\u00e4tykset ja tiedustelu ovat toimineet; terroriorganisaatio on nykyisell\u00e4\u00e4n vain varjo entisest\u00e4\u00e4n. Toisaalta, keskitetyn organisaation rapautuminen on johtanut pienten, itse itsens\u00e4 radikalisoineiden yksikk\u00f6jen nousuun.<\/p>\n\n\n\n<p>Malliesimerkki t\u00e4st\u00e4 ovat Bostonin maratonin pommituksesta ep\u00e4illyt <strong>Tsarnaevin<\/strong> veljekset. He radikalisoivat itsens\u00e4 sek\u00e4 l\u00f6ysiv\u00e4t toimintamallinsa pitk\u00e4kti internetist\u00e4, ilman kansainv\u00e4lisen terroristisen katto-organisaation apua.<\/p>\n\n\n\n<p>Poliisille sek\u00e4 muille turvallisuusviranomaisille t\u00e4m\u00e4n kaltaisten pienten solujen paikallistaminen sek\u00e4 pys\u00e4ytt\u00e4minen on eritt\u00e4in vaikeaa. Se vaatii huomattavasti mittavampia ja kattavampia tiedusteluoperaatioita sek\u00e4 pienisilm\u00e4isemp\u00e4\u00e4 verkkoa.<\/p>\n\n\n\n<p>Onko turvallisuus t\u00e4m\u00e4n luokan yksityisyyden loukkauksien arvoista? Kumpi on t\u00e4rke\u00e4mp\u00e4\u00e4: kansalaisten yksityisyys vai parin mahdollisen pommi-iskun pys\u00e4ytt\u00e4minen? Olemmeko valmiita antamaan hallitukselle luvan tarkkailla puhelin- ja internet-kontaktejamme turvallisuuden nimiss\u00e4? N\u00e4m\u00e4 ovat debatin t\u00e4rkeimm\u00e4t kysymykset. Toistaiseksi vastaukset ovat ylitt\u00e4neet puoluerajat.<\/p>\n\n\n\n<p><em>Soundtrack: David Bowie and Pat Metheny,<a href=\"https:\/\/www.youtube.com\/watch?v=MJRF8xGzvj4\"> This is Not America<\/a>.<\/em><\/p>\n\n\n","protected":false},"excerpt":{"rendered":"<p>Kongressi on vihdoinkin l\u00f6yt\u00e4nyt aiheen, joka on rikkonut puoluerajat. Se koskee yksityisyytemme rajoittamista. The Guardian raportoi eilen Obaman hallinnon harrastamasta laajamittaisesta kansalaisten keskustelujen ja s\u00e4hk\u00f6postien seuraamisesta. Hallinto on ker\u00e4nnyt tietoa miljoonien amerikkalaisten<br \/>\ninte&hellip;<\/p>\n","protected":false},"author":158,"featured_media":0,"comment_status":"open","ping_status":"open","sticky":false,"template":"","format":"standard","meta":{"_acf_changed":false,"asauth_required_access_level":0,"asauth_cansharepaid":"","om_header_attributes":[],"footnotes":"","om_featured_image_focal_point":[],"om_primary_tag":0,"om_contributors":[],"om_co_authors":[],"beyondwords_generate_audio":"","beyondwords_project_id":"","beyondwords_content_id":"","beyondwords_preview_token":"","beyondwords_player_content":"","beyondwords_player_style":"","beyondwords_language_code":"","beyondwords_language_id":"","beyondwords_title_voice_id":"","beyondwords_body_voice_id":"","beyondwords_summary_voice_id":"","beyondwords_error_message":"","beyondwords_disabled":"","beyondwords_delete_content":"","beyondwords_podcast_id":"","beyondwords_hash":"","publish_post_to_speechkit":"","speechkit_hash":"","speechkit_generate_audio":"","speechkit_project_id":"","speechkit_podcast_id":"","speechkit_error_message":"","speechkit_disabled":"","speechkit_access_key":"","speechkit_error":"","speechkit_info":"","speechkit_response":"","speechkit_retries":"","speechkit_status":"","speechkit_updated_at":"","_speechkit_link":"","_speechkit_text":""},"categories":[1],"tags":[194,192,189,193,191,190],"class_list":["post-48","post","type-post","status-publish","format-standard","hentry","category-americana","tag-datan-kerays","tag-george-w-bush","tag-obaman-hallinto","tag-terrorismi","tag-the-guardian","tag-tiedustelu"],"om_views":null,"acf":{"tuuma_off":false,"tuuma_kysymys":"","tuuma_vastaus":""},"asauth":{"required_access_level":1,"share_token":"","is_paid":false},"yoast_head":"<!-- This site is optimized with the Yoast SEO plugin v26.4 - https:\/\/yoast.com\/wordpress\/plugins\/seo\/ -->\n<title>George W. Obama? - Americana<\/title>\n<meta name=\"robots\" content=\"noindex, follow\" \/>\n<meta property=\"og:locale\" content=\"fi_FI\" \/>\n<meta property=\"og:type\" content=\"article\" \/>\n<meta property=\"og:title\" content=\"George W. Obama? - Americana\" \/>\n<meta property=\"og:description\" content=\"Kongressi on vihdoinkin l\u00f6yt\u00e4nyt aiheen, joka on rikkonut puoluerajat. Se koskee yksityisyytemme rajoittamista. The Guardian raportoi eilen Obaman hallinnon harrastamasta laajamittaisesta kansalaisten keskustelujen ja s\u00e4hk\u00f6postien seuraamisesta. Hallinto on ker\u00e4nnyt tietoa miljoonien amerikkalaisten inte&hellip;\" \/>\n<meta property=\"og:url\" content=\"https:\/\/suomenkuvalehti.fi\/americana\/george-w-obama\/\" \/>\n<meta property=\"og:site_name\" content=\"Americana\" \/>\n<meta property=\"article:published_time\" content=\"2013-06-07T11:53:06+00:00\" \/>\n<meta property=\"article:modified_time\" content=\"2013-11-30T14:22:00+00:00\" \/>\n<meta property=\"og:image\" content=\"https:\/\/suomenkuvalehti.fi\/americana\/wp-content\/uploads\/sites\/10\/2022\/04\/americana_maunula-scaled.jpg\" \/>\n\t<meta property=\"og:image:width\" content=\"2560\" \/>\n\t<meta property=\"og:image:height\" content=\"1706\" \/>\n\t<meta property=\"og:image:type\" content=\"image\/jpeg\" \/>\n<meta name=\"author\" content=\"Marko Maunula\" \/>\n<meta name=\"twitter:card\" content=\"summary_large_image\" \/>\n<meta name=\"twitter:label1\" content=\"Written by\" \/>\n\t<meta name=\"twitter:data1\" content=\"Marko Maunula\" \/>\n\t<meta name=\"twitter:label2\" content=\"Est. reading time\" \/>\n\t<meta name=\"twitter:data2\" content=\"2 minuuttia\" \/>\n<script type=\"application\/ld+json\" class=\"yoast-schema-graph\">{\"@context\":\"https:\/\/schema.org\",\"@graph\":[{\"@type\":\"WebPage\",\"@id\":\"https:\/\/suomenkuvalehti.fi\/americana\/george-w-obama\/\",\"url\":\"https:\/\/suomenkuvalehti.fi\/americana\/george-w-obama\/\",\"name\":\"George W. Obama? - Americana\",\"isPartOf\":{\"@id\":\"https:\/\/suomenkuvalehti.fi\/americana\/#website\"},\"datePublished\":\"2013-06-07T11:53:06+00:00\",\"dateModified\":\"2013-11-30T14:22:00+00:00\",\"author\":{\"@id\":\"https:\/\/suomenkuvalehti.fi\/americana\/#\/schema\/person\/12d514491cb37506bc39c8e10176c3ec\"},\"breadcrumb\":{\"@id\":\"https:\/\/suomenkuvalehti.fi\/americana\/george-w-obama\/#breadcrumb\"},\"inLanguage\":\"fi\",\"potentialAction\":[{\"@type\":\"ReadAction\",\"target\":[\"https:\/\/suomenkuvalehti.fi\/americana\/george-w-obama\/\"]}]},{\"@type\":\"BreadcrumbList\",\"@id\":\"https:\/\/suomenkuvalehti.fi\/americana\/george-w-obama\/#breadcrumb\",\"itemListElement\":[{\"@type\":\"ListItem\",\"position\":1,\"name\":\"Home\",\"item\":\"https:\/\/suomenkuvalehti.fi\/americana\/\"},{\"@type\":\"ListItem\",\"position\":2,\"name\":\"George W. Obama?\"}]},{\"@type\":\"WebSite\",\"@id\":\"https:\/\/suomenkuvalehti.fi\/americana\/#website\",\"url\":\"https:\/\/suomenkuvalehti.fi\/americana\/\",\"name\":\"Americana\",\"description\":\"Professori Marko Maunula seuraa USA:n politiikkaa ja populaarikulttuuria\",\"potentialAction\":[{\"@type\":\"SearchAction\",\"target\":{\"@type\":\"EntryPoint\",\"urlTemplate\":\"https:\/\/suomenkuvalehti.fi\/haku\/?q={search_term_string}\"},\"query-input\":{\"@type\":\"PropertyValueSpecification\",\"valueRequired\":true,\"valueName\":\"search_term_string\"}}],\"inLanguage\":\"fi\"},{\"@type\":\"Person\",\"@id\":\"https:\/\/suomenkuvalehti.fi\/americana\/#\/schema\/person\/12d514491cb37506bc39c8e10176c3ec\",\"name\":\"Marko Maunula\",\"image\":{\"@type\":\"ImageObject\",\"inLanguage\":\"fi\",\"@id\":\"https:\/\/suomenkuvalehti.fi\/americana\/#\/schema\/person\/image\/\",\"url\":\"https:\/\/suomenkuvalehti.fi\/americana\/wp-content\/uploads\/sites\/10\/2022\/04\/americana_maunula-150x150.jpg\",\"contentUrl\":\"https:\/\/suomenkuvalehti.fi\/americana\/wp-content\/uploads\/sites\/10\/2022\/04\/americana_maunula-150x150.jpg\",\"caption\":\"Marko Maunula\"},\"description\":\"Kirjoittaja on Yhdysvaltain historian professori Atlantassa.\"}]}<\/script>\n<!-- \/ Yoast SEO plugin. -->","yoast_head_json":{"title":"George W. Obama? - Americana","robots":{"index":"noindex","follow":"follow"},"og_locale":"fi_FI","og_type":"article","og_title":"George W. Obama? - Americana","og_description":"Kongressi on vihdoinkin l\u00f6yt\u00e4nyt aiheen, joka on rikkonut puoluerajat. Se koskee yksityisyytemme rajoittamista. The Guardian raportoi eilen Obaman hallinnon harrastamasta laajamittaisesta kansalaisten keskustelujen ja s\u00e4hk\u00f6postien seuraamisesta. Hallinto on ker\u00e4nnyt tietoa miljoonien amerikkalaisten inte&hellip;","og_url":"https:\/\/suomenkuvalehti.fi\/americana\/george-w-obama\/","og_site_name":"Americana","article_published_time":"2013-06-07T11:53:06+00:00","article_modified_time":"2013-11-30T14:22:00+00:00","og_image":[{"width":2560,"height":1706,"url":"https:\/\/suomenkuvalehti.fi\/americana\/wp-content\/uploads\/sites\/10\/2022\/04\/americana_maunula-scaled.jpg","type":"image\/jpeg"}],"author":"Marko Maunula","twitter_card":"summary_large_image","twitter_misc":{"Written by":"Marko Maunula","Est. reading time":"2 minuuttia"},"schema":{"@context":"https:\/\/schema.org","@graph":[{"@type":"WebPage","@id":"https:\/\/suomenkuvalehti.fi\/americana\/george-w-obama\/","url":"https:\/\/suomenkuvalehti.fi\/americana\/george-w-obama\/","name":"George W. Obama? - Americana","isPartOf":{"@id":"https:\/\/suomenkuvalehti.fi\/americana\/#website"},"datePublished":"2013-06-07T11:53:06+00:00","dateModified":"2013-11-30T14:22:00+00:00","author":{"@id":"https:\/\/suomenkuvalehti.fi\/americana\/#\/schema\/person\/12d514491cb37506bc39c8e10176c3ec"},"breadcrumb":{"@id":"https:\/\/suomenkuvalehti.fi\/americana\/george-w-obama\/#breadcrumb"},"inLanguage":"fi","potentialAction":[{"@type":"ReadAction","target":["https:\/\/suomenkuvalehti.fi\/americana\/george-w-obama\/"]}]},{"@type":"BreadcrumbList","@id":"https:\/\/suomenkuvalehti.fi\/americana\/george-w-obama\/#breadcrumb","itemListElement":[{"@type":"ListItem","position":1,"name":"Home","item":"https:\/\/suomenkuvalehti.fi\/americana\/"},{"@type":"ListItem","position":2,"name":"George W. Obama?"}]},{"@type":"WebSite","@id":"https:\/\/suomenkuvalehti.fi\/americana\/#website","url":"https:\/\/suomenkuvalehti.fi\/americana\/","name":"Americana","description":"Professori Marko Maunula seuraa USA:n politiikkaa ja populaarikulttuuria","potentialAction":[{"@type":"SearchAction","target":{"@type":"EntryPoint","urlTemplate":"https:\/\/suomenkuvalehti.fi\/haku\/?q={search_term_string}"},"query-input":{"@type":"PropertyValueSpecification","valueRequired":true,"valueName":"search_term_string"}}],"inLanguage":"fi"},{"@type":"Person","@id":"https:\/\/suomenkuvalehti.fi\/americana\/#\/schema\/person\/12d514491cb37506bc39c8e10176c3ec","name":"Marko Maunula","image":{"@type":"ImageObject","inLanguage":"fi","@id":"https:\/\/suomenkuvalehti.fi\/americana\/#\/schema\/person\/image\/","url":"https:\/\/suomenkuvalehti.fi\/americana\/wp-content\/uploads\/sites\/10\/2022\/04\/americana_maunula-150x150.jpg","contentUrl":"https:\/\/suomenkuvalehti.fi\/americana\/wp-content\/uploads\/sites\/10\/2022\/04\/americana_maunula-150x150.jpg","caption":"Marko Maunula"},"description":"Kirjoittaja on Yhdysvaltain historian professori Atlantassa."}]}},"_links":{"self":[{"href":"https:\/\/suomenkuvalehti.fi\/americana\/wp-json\/wp\/v2\/posts\/48","targetHints":{"allow":["GET"]}}],"collection":[{"href":"https:\/\/suomenkuvalehti.fi\/americana\/wp-json\/wp\/v2\/posts"}],"about":[{"href":"https:\/\/suomenkuvalehti.fi\/americana\/wp-json\/wp\/v2\/types\/post"}],"author":[{"embeddable":true,"href":"https:\/\/suomenkuvalehti.fi\/americana\/wp-json\/wp\/v2\/users\/158"}],"replies":[{"embeddable":true,"href":"https:\/\/suomenkuvalehti.fi\/americana\/wp-json\/wp\/v2\/comments?post=48"}],"version-history":[{"count":1,"href":"https:\/\/suomenkuvalehti.fi\/americana\/wp-json\/wp\/v2\/posts\/48\/revisions"}],"predecessor-version":[{"id":180,"href":"https:\/\/suomenkuvalehti.fi\/americana\/wp-json\/wp\/v2\/posts\/48\/revisions\/180"}],"wp:attachment":[{"href":"https:\/\/suomenkuvalehti.fi\/americana\/wp-json\/wp\/v2\/media?parent=48"}],"wp:term":[{"taxonomy":"category","embeddable":true,"href":"https:\/\/suomenkuvalehti.fi\/americana\/wp-json\/wp\/v2\/categories?post=48"},{"taxonomy":"post_tag","embeddable":true,"href":"https:\/\/suomenkuvalehti.fi\/americana\/wp-json\/wp\/v2\/tags?post=48"}],"curies":[{"name":"wp","href":"https:\/\/api.w.org\/{rel}","templated":true}]}}