{"id":476,"date":"2011-02-04T15:21:52","date_gmt":"2011-02-04T13:21:52","guid":{"rendered":"https:\/\/suomenkuvalehti.fi\/americana\/yhdysvaltain-muotokuva-ku-klux-klan-oli-oikeassa\/"},"modified":"2013-11-30T16:22:30","modified_gmt":"2013-11-30T14:22:30","slug":"yhdysvaltain-muotokuva-ku-klux-klan-oli-oikeassa","status":"publish","type":"post","link":"https:\/\/suomenkuvalehti.fi\/americana\/yhdysvaltain-muotokuva-ku-klux-klan-oli-oikeassa\/","title":{"rendered":"Yhdysvaltain muotokuva: Ku Klux Klan oli oikeassa"},"content":{"rendered":"\n<p>Yhdysvaltain viimevuotisen v\u00e4est\u00f6laskennan tuloksia alkaa hiljalleen valumaan mediaan. Viime vuosikymmenien trendi jatkuu: Yhdysvallat <a href=\"http:\/\/www.ajc.com\/news\/nation-world\/census-estimates-show-big-825922.html\">ruskettuu sek\u00e4 sekoittuu rodullisesti<\/a>.<\/p>\n\n\n\n<p>Uusimman v\u00e4est\u00f6laskennan mukaan valkoisten osuus Yhdysvaltojen v\u00e4est\u00f6st\u00e4 on tippunut 65 prosenttiin. Valtaosa muutoksesta johtuu latinojen lukum\u00e4\u00e4r\u00e4n nopeasta kasvusta. Latinot syrj\u00e4yttiv\u00e4t afroamerikkalaiset maan suurimpana v\u00e4hemmist\u00f6n\u00e4 jo viime v\u00e4est\u00f6nlaskennassa, ja latinov\u00e4est\u00f6n kasvu jatkuu voimakkaana. V\u00e4hemmist\u00f6t edustavat jopa 81-89 prosenttia Yhdysvaltojen uudesta v\u00e4est\u00f6st\u00e4 viimeisen kymmenen vuoden aikana.<\/p>\n\n\n\n<p>Ns. monirotuiset muodostavat prosentuaalisesti maan nopeimmin kasvavan ryhm\u00e4n. Heid\u00e4n lukum\u00e4\u00e4r\u00e4ns\u00e4 on kasvanut 20 prosentilla sitten vuoden 2000 v\u00e4est\u00f6laskennan. Noin viisi miljoonaa amerikkalaista luokittelee itsens\u00e4 monirotuiseksi.<\/p>\n\n\n\n<p>Kun Etel\u00e4 ryhtyi purkamaan rotuerottelua, Ku Klux Klan varoitteli, ett\u00e4 tasa-arvo johtaa lopulta rotujen sekoittumiseen sek\u00e4 lopulta sek\u00e4 valkoisten ett\u00e4 mustien rotujen katoamiseen. Pid\u00e4mme sormia ristiss\u00e4!<\/p>\n\n\n\n<p>Viel\u00e4 pari vuosikymment\u00e4 sitten monirotuiset parit olivat harvinaisia televisiossa. Varsinkin mainoksissa, jotka luonnollisesti v\u00e4ltt\u00e4v\u00e4t kiisteltyj\u00e4 aiheita ja \u00e4rsytt\u00e4mist\u00e4, ei koskaan n\u00e4kynyt monirotuisia pariskuntia.<\/p>\n\n\n\n<p>Vanhoina huonoina p\u00e4ivin\u00e4 musta mies ja valkoinen nainen seisomassa k\u00e4si k\u00e4dess\u00e4 televisiossa olisi synnytt\u00e4nyt liki mellakoita. T\u00e4n\u00e4\u00e4n mainoksetkin esittelev\u00e4t kirjavan moniv\u00e4risi\u00e4 perheit\u00e4, eik\u00e4 kukaan yh\u00e4 marginalisoituvimpia rasisteja lukuunottamatta kohota edes kulmakarvojaan.<\/p>\n\n\n\n<p>T\u00e4m\u00e4 on erinomainen esimerkki amerikkalaisen yhteiskunnan pohjimmaisesta suvaitsevaisuudesta sek\u00e4 rodullisen tasa-arvon lopullisesta toteutumisesta. KKK:n visio mustista ja valkoisista jakamassa paitsi luokkahuoneet ja kahvilat, mutta my\u00f6s olo- ja makuuhuoneet, on toteutumassa.<\/p>\n\n\n\n<p>Todellinen tasa-arvo on saapunut, kun seurusteluparin pigmentti ei merkitse kansalaiselle yht\u00e4\u00e4n mit\u00e4\u00e4n. Klaanin pelottavaksi tarkoittama visio on nyt lupaus yh\u00e4 paremmasta maailmasta.<\/p>\n\n\n\n<p><em>Soundtrack: Sly and the Family Stone, <a href=\"https:\/\/www.youtube.com\/watch?v=5RmKBFND9SY\">Family Affair<\/a>.<\/em><\/p>\n\n\n","protected":false},"excerpt":{"rendered":"<p>Yhdysvaltain viimevuotisen v\u00e4est\u00f6laskennan tuloksia alkaa hiljalleen valumaan mediaan. Viime vuosikymmenien trendi jatkuu: Yhdysvallat ruskettuu sek\u00e4 sekoittuu rodullisesti. Uusimman v\u00e4est\u00f6laskennan mukaan valkoisten osuus Yhdysvaltojen v\u00e4est\u00f6st\u00e4 on tippunut 65<br \/>\nprosent&hellip;<\/p>\n","protected":false},"author":158,"featured_media":0,"comment_status":"open","ping_status":"open","sticky":false,"template":"","format":"standard","meta":{"_acf_changed":false,"asauth_required_access_level":0,"asauth_cansharepaid":"","om_header_attributes":[],"footnotes":"","om_featured_image_focal_point":[],"om_primary_tag":0,"om_contributors":[],"om_co_authors":[],"beyondwords_generate_audio":"","beyondwords_project_id":"","beyondwords_content_id":"","beyondwords_preview_token":"","beyondwords_player_content":"","beyondwords_player_style":"","beyondwords_language_code":"","beyondwords_language_id":"","beyondwords_title_voice_id":"","beyondwords_body_voice_id":"","beyondwords_summary_voice_id":"","beyondwords_error_message":"","beyondwords_disabled":"","beyondwords_delete_content":"","beyondwords_podcast_id":"","beyondwords_hash":"","publish_post_to_speechkit":"","speechkit_hash":"","speechkit_generate_audio":"","speechkit_project_id":"","speechkit_podcast_id":"","speechkit_error_message":"","speechkit_disabled":"","speechkit_access_key":"","speechkit_error":"","speechkit_info":"","speechkit_response":"","speechkit_retries":"","speechkit_status":"","speechkit_updated_at":"","_speechkit_link":"","_speechkit_text":""},"categories":[1],"tags":[933,934,894,24],"class_list":["post-476","post","type-post","status-publish","format-standard","hentry","category-americana","tag-ku-klux-klan","tag-monirotuiset","tag-vaestonlaskenta","tag-yhdysvallat"],"om_views":null,"acf":{"tuuma_off":false,"tuuma_kysymys":"","tuuma_vastaus":""},"asauth":{"required_access_level":1,"share_token":"","is_paid":false},"yoast_head":"<!-- This site is optimized with the Yoast SEO plugin v26.4 - https:\/\/yoast.com\/wordpress\/plugins\/seo\/ -->\n<title>Yhdysvaltain muotokuva: Ku Klux Klan oli oikeassa - Americana<\/title>\n<meta name=\"robots\" content=\"noindex, follow\" \/>\n<meta property=\"og:locale\" content=\"fi_FI\" \/>\n<meta property=\"og:type\" content=\"article\" \/>\n<meta property=\"og:title\" content=\"Yhdysvaltain muotokuva: Ku Klux Klan oli oikeassa - Americana\" \/>\n<meta property=\"og:description\" content=\"Yhdysvaltain viimevuotisen v\u00e4est\u00f6laskennan tuloksia alkaa hiljalleen valumaan mediaan. Viime vuosikymmenien trendi jatkuu: Yhdysvallat ruskettuu sek\u00e4 sekoittuu rodullisesti. Uusimman v\u00e4est\u00f6laskennan mukaan valkoisten osuus Yhdysvaltojen v\u00e4est\u00f6st\u00e4 on tippunut 65 prosent&hellip;\" \/>\n<meta property=\"og:url\" content=\"https:\/\/suomenkuvalehti.fi\/americana\/yhdysvaltain-muotokuva-ku-klux-klan-oli-oikeassa\/\" \/>\n<meta property=\"og:site_name\" content=\"Americana\" \/>\n<meta property=\"article:published_time\" content=\"2011-02-04T13:21:52+00:00\" \/>\n<meta property=\"article:modified_time\" content=\"2013-11-30T14:22:30+00:00\" \/>\n<meta property=\"og:image\" content=\"https:\/\/suomenkuvalehti.fi\/americana\/wp-content\/uploads\/sites\/10\/2022\/04\/americana_maunula-scaled.jpg\" \/>\n\t<meta property=\"og:image:width\" content=\"2560\" \/>\n\t<meta property=\"og:image:height\" content=\"1706\" \/>\n\t<meta property=\"og:image:type\" content=\"image\/jpeg\" \/>\n<meta name=\"author\" content=\"Marko Maunula\" \/>\n<meta name=\"twitter:card\" content=\"summary_large_image\" \/>\n<meta name=\"twitter:label1\" content=\"Written by\" \/>\n\t<meta name=\"twitter:data1\" content=\"Marko Maunula\" \/>\n\t<meta name=\"twitter:label2\" content=\"Est. reading time\" \/>\n\t<meta name=\"twitter:data2\" content=\"1 minuutti\" \/>\n<script type=\"application\/ld+json\" class=\"yoast-schema-graph\">{\"@context\":\"https:\/\/schema.org\",\"@graph\":[{\"@type\":\"WebPage\",\"@id\":\"https:\/\/suomenkuvalehti.fi\/americana\/yhdysvaltain-muotokuva-ku-klux-klan-oli-oikeassa\/\",\"url\":\"https:\/\/suomenkuvalehti.fi\/americana\/yhdysvaltain-muotokuva-ku-klux-klan-oli-oikeassa\/\",\"name\":\"Yhdysvaltain muotokuva: Ku Klux Klan oli oikeassa - Americana\",\"isPartOf\":{\"@id\":\"https:\/\/suomenkuvalehti.fi\/americana\/#website\"},\"datePublished\":\"2011-02-04T13:21:52+00:00\",\"dateModified\":\"2013-11-30T14:22:30+00:00\",\"author\":{\"@id\":\"https:\/\/suomenkuvalehti.fi\/americana\/#\/schema\/person\/12d514491cb37506bc39c8e10176c3ec\"},\"breadcrumb\":{\"@id\":\"https:\/\/suomenkuvalehti.fi\/americana\/yhdysvaltain-muotokuva-ku-klux-klan-oli-oikeassa\/#breadcrumb\"},\"inLanguage\":\"fi\",\"potentialAction\":[{\"@type\":\"ReadAction\",\"target\":[\"https:\/\/suomenkuvalehti.fi\/americana\/yhdysvaltain-muotokuva-ku-klux-klan-oli-oikeassa\/\"]}]},{\"@type\":\"BreadcrumbList\",\"@id\":\"https:\/\/suomenkuvalehti.fi\/americana\/yhdysvaltain-muotokuva-ku-klux-klan-oli-oikeassa\/#breadcrumb\",\"itemListElement\":[{\"@type\":\"ListItem\",\"position\":1,\"name\":\"Home\",\"item\":\"https:\/\/suomenkuvalehti.fi\/americana\/\"},{\"@type\":\"ListItem\",\"position\":2,\"name\":\"Yhdysvaltain muotokuva: Ku Klux Klan oli oikeassa\"}]},{\"@type\":\"WebSite\",\"@id\":\"https:\/\/suomenkuvalehti.fi\/americana\/#website\",\"url\":\"https:\/\/suomenkuvalehti.fi\/americana\/\",\"name\":\"Americana\",\"description\":\"Professori Marko Maunula seuraa USA:n politiikkaa ja populaarikulttuuria\",\"potentialAction\":[{\"@type\":\"SearchAction\",\"target\":{\"@type\":\"EntryPoint\",\"urlTemplate\":\"https:\/\/suomenkuvalehti.fi\/haku\/?q={search_term_string}\"},\"query-input\":{\"@type\":\"PropertyValueSpecification\",\"valueRequired\":true,\"valueName\":\"search_term_string\"}}],\"inLanguage\":\"fi\"},{\"@type\":\"Person\",\"@id\":\"https:\/\/suomenkuvalehti.fi\/americana\/#\/schema\/person\/12d514491cb37506bc39c8e10176c3ec\",\"name\":\"Marko Maunula\",\"image\":{\"@type\":\"ImageObject\",\"inLanguage\":\"fi\",\"@id\":\"https:\/\/suomenkuvalehti.fi\/americana\/#\/schema\/person\/image\/\",\"url\":\"https:\/\/suomenkuvalehti.fi\/americana\/wp-content\/uploads\/sites\/10\/2022\/04\/americana_maunula-150x150.jpg\",\"contentUrl\":\"https:\/\/suomenkuvalehti.fi\/americana\/wp-content\/uploads\/sites\/10\/2022\/04\/americana_maunula-150x150.jpg\",\"caption\":\"Marko Maunula\"},\"description\":\"Kirjoittaja on Yhdysvaltain historian professori Atlantassa.\"}]}<\/script>\n<!-- \/ Yoast SEO plugin. -->","yoast_head_json":{"title":"Yhdysvaltain muotokuva: Ku Klux Klan oli oikeassa - Americana","robots":{"index":"noindex","follow":"follow"},"og_locale":"fi_FI","og_type":"article","og_title":"Yhdysvaltain muotokuva: Ku Klux Klan oli oikeassa - Americana","og_description":"Yhdysvaltain viimevuotisen v\u00e4est\u00f6laskennan tuloksia alkaa hiljalleen valumaan mediaan. Viime vuosikymmenien trendi jatkuu: Yhdysvallat ruskettuu sek\u00e4 sekoittuu rodullisesti. Uusimman v\u00e4est\u00f6laskennan mukaan valkoisten osuus Yhdysvaltojen v\u00e4est\u00f6st\u00e4 on tippunut 65 prosent&hellip;","og_url":"https:\/\/suomenkuvalehti.fi\/americana\/yhdysvaltain-muotokuva-ku-klux-klan-oli-oikeassa\/","og_site_name":"Americana","article_published_time":"2011-02-04T13:21:52+00:00","article_modified_time":"2013-11-30T14:22:30+00:00","og_image":[{"width":2560,"height":1706,"url":"https:\/\/suomenkuvalehti.fi\/americana\/wp-content\/uploads\/sites\/10\/2022\/04\/americana_maunula-scaled.jpg","type":"image\/jpeg"}],"author":"Marko Maunula","twitter_card":"summary_large_image","twitter_misc":{"Written by":"Marko Maunula","Est. reading time":"1 minuutti"},"schema":{"@context":"https:\/\/schema.org","@graph":[{"@type":"WebPage","@id":"https:\/\/suomenkuvalehti.fi\/americana\/yhdysvaltain-muotokuva-ku-klux-klan-oli-oikeassa\/","url":"https:\/\/suomenkuvalehti.fi\/americana\/yhdysvaltain-muotokuva-ku-klux-klan-oli-oikeassa\/","name":"Yhdysvaltain muotokuva: Ku Klux Klan oli oikeassa - Americana","isPartOf":{"@id":"https:\/\/suomenkuvalehti.fi\/americana\/#website"},"datePublished":"2011-02-04T13:21:52+00:00","dateModified":"2013-11-30T14:22:30+00:00","author":{"@id":"https:\/\/suomenkuvalehti.fi\/americana\/#\/schema\/person\/12d514491cb37506bc39c8e10176c3ec"},"breadcrumb":{"@id":"https:\/\/suomenkuvalehti.fi\/americana\/yhdysvaltain-muotokuva-ku-klux-klan-oli-oikeassa\/#breadcrumb"},"inLanguage":"fi","potentialAction":[{"@type":"ReadAction","target":["https:\/\/suomenkuvalehti.fi\/americana\/yhdysvaltain-muotokuva-ku-klux-klan-oli-oikeassa\/"]}]},{"@type":"BreadcrumbList","@id":"https:\/\/suomenkuvalehti.fi\/americana\/yhdysvaltain-muotokuva-ku-klux-klan-oli-oikeassa\/#breadcrumb","itemListElement":[{"@type":"ListItem","position":1,"name":"Home","item":"https:\/\/suomenkuvalehti.fi\/americana\/"},{"@type":"ListItem","position":2,"name":"Yhdysvaltain muotokuva: Ku Klux Klan oli oikeassa"}]},{"@type":"WebSite","@id":"https:\/\/suomenkuvalehti.fi\/americana\/#website","url":"https:\/\/suomenkuvalehti.fi\/americana\/","name":"Americana","description":"Professori Marko Maunula seuraa USA:n politiikkaa ja populaarikulttuuria","potentialAction":[{"@type":"SearchAction","target":{"@type":"EntryPoint","urlTemplate":"https:\/\/suomenkuvalehti.fi\/haku\/?q={search_term_string}"},"query-input":{"@type":"PropertyValueSpecification","valueRequired":true,"valueName":"search_term_string"}}],"inLanguage":"fi"},{"@type":"Person","@id":"https:\/\/suomenkuvalehti.fi\/americana\/#\/schema\/person\/12d514491cb37506bc39c8e10176c3ec","name":"Marko Maunula","image":{"@type":"ImageObject","inLanguage":"fi","@id":"https:\/\/suomenkuvalehti.fi\/americana\/#\/schema\/person\/image\/","url":"https:\/\/suomenkuvalehti.fi\/americana\/wp-content\/uploads\/sites\/10\/2022\/04\/americana_maunula-150x150.jpg","contentUrl":"https:\/\/suomenkuvalehti.fi\/americana\/wp-content\/uploads\/sites\/10\/2022\/04\/americana_maunula-150x150.jpg","caption":"Marko Maunula"},"description":"Kirjoittaja on Yhdysvaltain historian professori Atlantassa."}]}},"_links":{"self":[{"href":"https:\/\/suomenkuvalehti.fi\/americana\/wp-json\/wp\/v2\/posts\/476","targetHints":{"allow":["GET"]}}],"collection":[{"href":"https:\/\/suomenkuvalehti.fi\/americana\/wp-json\/wp\/v2\/posts"}],"about":[{"href":"https:\/\/suomenkuvalehti.fi\/americana\/wp-json\/wp\/v2\/types\/post"}],"author":[{"embeddable":true,"href":"https:\/\/suomenkuvalehti.fi\/americana\/wp-json\/wp\/v2\/users\/158"}],"replies":[{"embeddable":true,"href":"https:\/\/suomenkuvalehti.fi\/americana\/wp-json\/wp\/v2\/comments?post=476"}],"version-history":[{"count":1,"href":"https:\/\/suomenkuvalehti.fi\/americana\/wp-json\/wp\/v2\/posts\/476\/revisions"}],"predecessor-version":[{"id":1092,"href":"https:\/\/suomenkuvalehti.fi\/americana\/wp-json\/wp\/v2\/posts\/476\/revisions\/1092"}],"wp:attachment":[{"href":"https:\/\/suomenkuvalehti.fi\/americana\/wp-json\/wp\/v2\/media?parent=476"}],"wp:term":[{"taxonomy":"category","embeddable":true,"href":"https:\/\/suomenkuvalehti.fi\/americana\/wp-json\/wp\/v2\/categories?post=476"},{"taxonomy":"post_tag","embeddable":true,"href":"https:\/\/suomenkuvalehti.fi\/americana\/wp-json\/wp\/v2\/tags?post=476"}],"curies":[{"name":"wp","href":"https:\/\/api.w.org\/{rel}","templated":true}]}}