{"id":470,"date":"2011-02-11T10:49:39","date_gmt":"2011-02-11T08:49:39","guid":{"rendered":"https:\/\/suomenkuvalehti.fi\/americana\/kadonnutta-jarkea-etsimassa\/"},"modified":"2013-11-30T16:22:30","modified_gmt":"2013-11-30T14:22:30","slug":"kadonnutta-jarkea-etsimassa","status":"publish","type":"post","link":"https:\/\/suomenkuvalehti.fi\/americana\/kadonnutta-jarkea-etsimassa\/","title":{"rendered":"Kadonnutta j\u00e4rke\u00e4 etsim\u00e4ss\u00e4"},"content":{"rendered":"\n<p>Parhaillaan k\u00e4ynniss\u00e4 oleva <a href=\"http:\/\/www.conservative.org\/cpac\/\">Conservative Political Action Conference<\/a> (CPAC) -tapaaminen Washingtonissa&nbsp;tarjoaa hupaisan l\u00e4pileikkauksen huurup\u00e4isyydest\u00e4, joka on ottanut vallan &#8221;konservatiivisesta&#8221; liikkeest\u00e4.<\/p>\n\n\n\n<p>Viime vuonna tapahtuman p\u00e4\u00e4puhuja oli <strong>Rush Limbaugh<\/strong>. T\u00e4m\u00e4 oli suurinpiirtein yht\u00e4 j\u00e4rkev\u00e4 veto kuin jos Keskusta hakisi puoluekokouksensa puhujaksi Vimpelin Esson pahimman kaikkitiet\u00e4v\u00e4n kaffefilosofin. Limbaugh ei pett\u00e4nyt: h\u00e4n tiesi tarkkaan miten helposti maailma olisi teht\u00e4viss\u00e4 t\u00e4ydelliseksi: eliminoimalla liberalismi aina ja kaikkialla.<\/p>\n\n\n\n<p>T\u00e4m\u00e4n vuoden t\u00e4h\u00e4nastiset <a href=\"http:\/\/politicalticker.blogs.cnn.com\/2011\/02\/10\/nra-leader-government-policies-are-getting-us-killed\/\">CPAC-pohjat vet\u00e4isi <strong>Wayne LaPierre<\/strong><\/a>, aseharrastajien ja -teollisuuden etuj\u00e4rjest\u00f6 NRA:n pomo. H\u00e4nen mukaansa syyllinen Arizonan ampumatragediaan oli&#8230; Yhdysvaltain hallitus! Miehen logiikkaa on melko hankala seurata, mutta h\u00e4nen pointtinsa kaiketi oli, ett\u00e4 ellei lains\u00e4\u00e4d\u00e4nt\u00f6 olisi kielt\u00e4nyt automaattiaseita, joku yleis\u00f6st\u00e4 olisi voinut roiskauttaa rynn\u00e4kk\u00f6kiv\u00e4\u00e4rill\u00e4\u00e4n sarjan ampuja <strong>Jared Loughnerin<\/strong> suuntaan ja est\u00e4\u00e4 lis\u00e4uhrit.<\/p>\n\n\n\n<p>LaPierrelt\u00e4 vahva esitys, mutta luvassa on viel\u00e4 monet hyv\u00e4t naurut. Itse uskon, ett\u00e4 <strong>Michele Bachmann<\/strong> r\u00e4j\u00e4ytt\u00e4\u00e4 viel\u00e4 potin. Minnesotan kongressiedustaja on aina luotettava <a href=\"http:\/\/politicalhumor.about.com\/od\/republicans\/a\/michele-bachmann-quotes.htm\">tahattoman poliittisen komiikan suihkul\u00e4hde<\/a>.<\/p>\n\n\n\n<p>Tapahtumassa puhuu my\u00f6s vakavasti otettavia politiikkoja, mutta heit\u00e4 seuratessa tulee surku. <strong>Tim Pawlenty<\/strong> on selv\u00e4stikin \u00e4lyk\u00e4s ja todellisuudessa operoiva republikaani, mutta presidenttihaaveiden el\u00e4ttely pakottaa h\u00e4net opettelemaan hengitt\u00e4mist\u00e4 suun kautta sek\u00e4 puhumaan yksitavuisin sanoin.<\/p>\n\n\n\n<p>Viimeiset kolme demokraattista presidentti\u00e4 nousivat maineeseen haastamalla puolueensa fanaatikot asialliseen keskusteluun. <strong>Carter<\/strong>, <strong>Clinton<\/strong>, ja <strong>Obama<\/strong> argumentoivat tehokkaasti puolueensa hihhulivasemmiston nurin, painottamalla pragmatiaa yli ideologian ja muokaten demokraateista vastuullisen, maltillisen keskitien puolueen.<\/p>\n\n\n\n<p>Toistaiseksi republikaanit ovat valinneet p\u00e4invastaisen strategian. Valkoisesta talosta unelmoivat politiikot saapuvat CPAC:n kaltaisiin tapahtumiin kilpailemaan verisesti poliittisten troglodyyttien suosiosta. Miss\u00e4 viipyy republikaaninen Carter-Clinton-Obama? Republikaanit, Yhdysvallat, ja jopa koko maailma tarvitsevat h\u00e4nt\u00e4.<\/p>\n\n\n\n<p><em>Soundtrack: Judy Collins, Send in the Clowns.<\/em><\/p>\n\n\n","protected":false},"excerpt":{"rendered":"<p>Parhaillaan k\u00e4ynniss\u00e4 oleva Conservative Political Action Conference (CPAC) -tapaaminen Washingtonissa&nbsp;tarjoaa hupaisan l\u00e4pileikkauksen huurup\u00e4isyydest\u00e4, joka on ottanut vallan &#8221;konservatiivisesta&#8221; liikkeest\u00e4. Viime vuonna tapahtuman p\u00e4\u00e4puhuja oli Rush Limbaugh. T\u00e4m\u00e4 oli<br \/>\nsuurinpii&hellip;<\/p>\n","protected":false},"author":158,"featured_media":0,"comment_status":"open","ping_status":"open","sticky":false,"template":"","format":"standard","meta":{"_acf_changed":false,"asauth_required_access_level":0,"asauth_cansharepaid":"","om_header_attributes":[],"footnotes":"","om_featured_image_focal_point":[],"om_primary_tag":0,"om_contributors":[],"om_co_authors":[],"beyondwords_generate_audio":"","beyondwords_project_id":"","beyondwords_content_id":"","beyondwords_preview_token":"","beyondwords_player_content":"","beyondwords_player_style":"","beyondwords_language_code":"","beyondwords_language_id":"","beyondwords_title_voice_id":"","beyondwords_body_voice_id":"","beyondwords_summary_voice_id":"","beyondwords_error_message":"","beyondwords_disabled":"","beyondwords_delete_content":"","beyondwords_podcast_id":"","beyondwords_hash":"","publish_post_to_speechkit":"","speechkit_hash":"","speechkit_generate_audio":"","speechkit_project_id":"","speechkit_podcast_id":"","speechkit_error_message":"","speechkit_disabled":"","speechkit_access_key":"","speechkit_error":"","speechkit_info":"","speechkit_response":"","speechkit_retries":"","speechkit_status":"","speechkit_updated_at":"","_speechkit_link":"","_speechkit_text":""},"categories":[1],"tags":[279,284,360,44],"class_list":["post-470","post","type-post","status-publish","format-standard","hentry","category-americana","tag-cpac","tag-konservatiivit","tag-nra","tag-washington"],"om_views":null,"acf":{"tuuma_off":false,"tuuma_kysymys":"","tuuma_vastaus":""},"asauth":{"required_access_level":1,"share_token":"","is_paid":false},"yoast_head":"<!-- This site is optimized with the Yoast SEO plugin v26.4 - https:\/\/yoast.com\/wordpress\/plugins\/seo\/ -->\n<title>Kadonnutta j\u00e4rke\u00e4 etsim\u00e4ss\u00e4 - Americana<\/title>\n<meta name=\"robots\" content=\"noindex, follow\" \/>\n<meta property=\"og:locale\" content=\"fi_FI\" \/>\n<meta property=\"og:type\" content=\"article\" \/>\n<meta property=\"og:title\" content=\"Kadonnutta j\u00e4rke\u00e4 etsim\u00e4ss\u00e4 - Americana\" \/>\n<meta property=\"og:description\" content=\"Parhaillaan k\u00e4ynniss\u00e4 oleva Conservative Political Action Conference (CPAC) -tapaaminen Washingtonissa&nbsp;tarjoaa hupaisan l\u00e4pileikkauksen huurup\u00e4isyydest\u00e4, joka on ottanut vallan &#8221;konservatiivisesta&#8221; liikkeest\u00e4. Viime vuonna tapahtuman p\u00e4\u00e4puhuja oli Rush Limbaugh. T\u00e4m\u00e4 oli suurinpii&hellip;\" \/>\n<meta property=\"og:url\" content=\"https:\/\/suomenkuvalehti.fi\/americana\/kadonnutta-jarkea-etsimassa\/\" \/>\n<meta property=\"og:site_name\" content=\"Americana\" \/>\n<meta property=\"article:published_time\" content=\"2011-02-11T08:49:39+00:00\" \/>\n<meta property=\"article:modified_time\" content=\"2013-11-30T14:22:30+00:00\" \/>\n<meta property=\"og:image\" content=\"https:\/\/suomenkuvalehti.fi\/americana\/wp-content\/uploads\/sites\/10\/2022\/04\/americana_maunula-scaled.jpg\" \/>\n\t<meta property=\"og:image:width\" content=\"2560\" \/>\n\t<meta property=\"og:image:height\" content=\"1706\" \/>\n\t<meta property=\"og:image:type\" content=\"image\/jpeg\" \/>\n<meta name=\"author\" content=\"Marko Maunula\" \/>\n<meta name=\"twitter:card\" content=\"summary_large_image\" \/>\n<meta name=\"twitter:label1\" content=\"Written by\" \/>\n\t<meta name=\"twitter:data1\" content=\"Marko Maunula\" \/>\n\t<meta name=\"twitter:label2\" content=\"Est. reading time\" \/>\n\t<meta name=\"twitter:data2\" content=\"1 minuutti\" \/>\n<script type=\"application\/ld+json\" class=\"yoast-schema-graph\">{\"@context\":\"https:\/\/schema.org\",\"@graph\":[{\"@type\":\"WebPage\",\"@id\":\"https:\/\/suomenkuvalehti.fi\/americana\/kadonnutta-jarkea-etsimassa\/\",\"url\":\"https:\/\/suomenkuvalehti.fi\/americana\/kadonnutta-jarkea-etsimassa\/\",\"name\":\"Kadonnutta j\u00e4rke\u00e4 etsim\u00e4ss\u00e4 - Americana\",\"isPartOf\":{\"@id\":\"https:\/\/suomenkuvalehti.fi\/americana\/#website\"},\"datePublished\":\"2011-02-11T08:49:39+00:00\",\"dateModified\":\"2013-11-30T14:22:30+00:00\",\"author\":{\"@id\":\"https:\/\/suomenkuvalehti.fi\/americana\/#\/schema\/person\/12d514491cb37506bc39c8e10176c3ec\"},\"breadcrumb\":{\"@id\":\"https:\/\/suomenkuvalehti.fi\/americana\/kadonnutta-jarkea-etsimassa\/#breadcrumb\"},\"inLanguage\":\"fi\",\"potentialAction\":[{\"@type\":\"ReadAction\",\"target\":[\"https:\/\/suomenkuvalehti.fi\/americana\/kadonnutta-jarkea-etsimassa\/\"]}]},{\"@type\":\"BreadcrumbList\",\"@id\":\"https:\/\/suomenkuvalehti.fi\/americana\/kadonnutta-jarkea-etsimassa\/#breadcrumb\",\"itemListElement\":[{\"@type\":\"ListItem\",\"position\":1,\"name\":\"Home\",\"item\":\"https:\/\/suomenkuvalehti.fi\/americana\/\"},{\"@type\":\"ListItem\",\"position\":2,\"name\":\"Kadonnutta j\u00e4rke\u00e4 etsim\u00e4ss\u00e4\"}]},{\"@type\":\"WebSite\",\"@id\":\"https:\/\/suomenkuvalehti.fi\/americana\/#website\",\"url\":\"https:\/\/suomenkuvalehti.fi\/americana\/\",\"name\":\"Americana\",\"description\":\"Professori Marko Maunula seuraa USA:n politiikkaa ja populaarikulttuuria\",\"potentialAction\":[{\"@type\":\"SearchAction\",\"target\":{\"@type\":\"EntryPoint\",\"urlTemplate\":\"https:\/\/suomenkuvalehti.fi\/haku\/?q={search_term_string}\"},\"query-input\":{\"@type\":\"PropertyValueSpecification\",\"valueRequired\":true,\"valueName\":\"search_term_string\"}}],\"inLanguage\":\"fi\"},{\"@type\":\"Person\",\"@id\":\"https:\/\/suomenkuvalehti.fi\/americana\/#\/schema\/person\/12d514491cb37506bc39c8e10176c3ec\",\"name\":\"Marko Maunula\",\"image\":{\"@type\":\"ImageObject\",\"inLanguage\":\"fi\",\"@id\":\"https:\/\/suomenkuvalehti.fi\/americana\/#\/schema\/person\/image\/\",\"url\":\"https:\/\/suomenkuvalehti.fi\/americana\/wp-content\/uploads\/sites\/10\/2022\/04\/americana_maunula-150x150.jpg\",\"contentUrl\":\"https:\/\/suomenkuvalehti.fi\/americana\/wp-content\/uploads\/sites\/10\/2022\/04\/americana_maunula-150x150.jpg\",\"caption\":\"Marko Maunula\"},\"description\":\"Kirjoittaja on Yhdysvaltain historian professori Atlantassa.\"}]}<\/script>\n<!-- \/ Yoast SEO plugin. -->","yoast_head_json":{"title":"Kadonnutta j\u00e4rke\u00e4 etsim\u00e4ss\u00e4 - Americana","robots":{"index":"noindex","follow":"follow"},"og_locale":"fi_FI","og_type":"article","og_title":"Kadonnutta j\u00e4rke\u00e4 etsim\u00e4ss\u00e4 - Americana","og_description":"Parhaillaan k\u00e4ynniss\u00e4 oleva Conservative Political Action Conference (CPAC) -tapaaminen Washingtonissa&nbsp;tarjoaa hupaisan l\u00e4pileikkauksen huurup\u00e4isyydest\u00e4, joka on ottanut vallan &#8221;konservatiivisesta&#8221; liikkeest\u00e4. Viime vuonna tapahtuman p\u00e4\u00e4puhuja oli Rush Limbaugh. T\u00e4m\u00e4 oli suurinpii&hellip;","og_url":"https:\/\/suomenkuvalehti.fi\/americana\/kadonnutta-jarkea-etsimassa\/","og_site_name":"Americana","article_published_time":"2011-02-11T08:49:39+00:00","article_modified_time":"2013-11-30T14:22:30+00:00","og_image":[{"width":2560,"height":1706,"url":"https:\/\/suomenkuvalehti.fi\/americana\/wp-content\/uploads\/sites\/10\/2022\/04\/americana_maunula-scaled.jpg","type":"image\/jpeg"}],"author":"Marko Maunula","twitter_card":"summary_large_image","twitter_misc":{"Written by":"Marko Maunula","Est. reading time":"1 minuutti"},"schema":{"@context":"https:\/\/schema.org","@graph":[{"@type":"WebPage","@id":"https:\/\/suomenkuvalehti.fi\/americana\/kadonnutta-jarkea-etsimassa\/","url":"https:\/\/suomenkuvalehti.fi\/americana\/kadonnutta-jarkea-etsimassa\/","name":"Kadonnutta j\u00e4rke\u00e4 etsim\u00e4ss\u00e4 - Americana","isPartOf":{"@id":"https:\/\/suomenkuvalehti.fi\/americana\/#website"},"datePublished":"2011-02-11T08:49:39+00:00","dateModified":"2013-11-30T14:22:30+00:00","author":{"@id":"https:\/\/suomenkuvalehti.fi\/americana\/#\/schema\/person\/12d514491cb37506bc39c8e10176c3ec"},"breadcrumb":{"@id":"https:\/\/suomenkuvalehti.fi\/americana\/kadonnutta-jarkea-etsimassa\/#breadcrumb"},"inLanguage":"fi","potentialAction":[{"@type":"ReadAction","target":["https:\/\/suomenkuvalehti.fi\/americana\/kadonnutta-jarkea-etsimassa\/"]}]},{"@type":"BreadcrumbList","@id":"https:\/\/suomenkuvalehti.fi\/americana\/kadonnutta-jarkea-etsimassa\/#breadcrumb","itemListElement":[{"@type":"ListItem","position":1,"name":"Home","item":"https:\/\/suomenkuvalehti.fi\/americana\/"},{"@type":"ListItem","position":2,"name":"Kadonnutta j\u00e4rke\u00e4 etsim\u00e4ss\u00e4"}]},{"@type":"WebSite","@id":"https:\/\/suomenkuvalehti.fi\/americana\/#website","url":"https:\/\/suomenkuvalehti.fi\/americana\/","name":"Americana","description":"Professori Marko Maunula seuraa USA:n politiikkaa ja populaarikulttuuria","potentialAction":[{"@type":"SearchAction","target":{"@type":"EntryPoint","urlTemplate":"https:\/\/suomenkuvalehti.fi\/haku\/?q={search_term_string}"},"query-input":{"@type":"PropertyValueSpecification","valueRequired":true,"valueName":"search_term_string"}}],"inLanguage":"fi"},{"@type":"Person","@id":"https:\/\/suomenkuvalehti.fi\/americana\/#\/schema\/person\/12d514491cb37506bc39c8e10176c3ec","name":"Marko Maunula","image":{"@type":"ImageObject","inLanguage":"fi","@id":"https:\/\/suomenkuvalehti.fi\/americana\/#\/schema\/person\/image\/","url":"https:\/\/suomenkuvalehti.fi\/americana\/wp-content\/uploads\/sites\/10\/2022\/04\/americana_maunula-150x150.jpg","contentUrl":"https:\/\/suomenkuvalehti.fi\/americana\/wp-content\/uploads\/sites\/10\/2022\/04\/americana_maunula-150x150.jpg","caption":"Marko Maunula"},"description":"Kirjoittaja on Yhdysvaltain historian professori Atlantassa."}]}},"_links":{"self":[{"href":"https:\/\/suomenkuvalehti.fi\/americana\/wp-json\/wp\/v2\/posts\/470","targetHints":{"allow":["GET"]}}],"collection":[{"href":"https:\/\/suomenkuvalehti.fi\/americana\/wp-json\/wp\/v2\/posts"}],"about":[{"href":"https:\/\/suomenkuvalehti.fi\/americana\/wp-json\/wp\/v2\/types\/post"}],"author":[{"embeddable":true,"href":"https:\/\/suomenkuvalehti.fi\/americana\/wp-json\/wp\/v2\/users\/158"}],"replies":[{"embeddable":true,"href":"https:\/\/suomenkuvalehti.fi\/americana\/wp-json\/wp\/v2\/comments?post=470"}],"version-history":[{"count":1,"href":"https:\/\/suomenkuvalehti.fi\/americana\/wp-json\/wp\/v2\/posts\/470\/revisions"}],"predecessor-version":[{"id":1086,"href":"https:\/\/suomenkuvalehti.fi\/americana\/wp-json\/wp\/v2\/posts\/470\/revisions\/1086"}],"wp:attachment":[{"href":"https:\/\/suomenkuvalehti.fi\/americana\/wp-json\/wp\/v2\/media?parent=470"}],"wp:term":[{"taxonomy":"category","embeddable":true,"href":"https:\/\/suomenkuvalehti.fi\/americana\/wp-json\/wp\/v2\/categories?post=470"},{"taxonomy":"post_tag","embeddable":true,"href":"https:\/\/suomenkuvalehti.fi\/americana\/wp-json\/wp\/v2\/tags?post=470"}],"curies":[{"name":"wp","href":"https:\/\/api.w.org\/{rel}","templated":true}]}}